{"id":12109,"date":"2015-04-30T11:42:15","date_gmt":"2015-04-30T11:42:15","guid":{"rendered":"http:\/\/ddigital.webs.ull.es\/?p=12109"},"modified":"2015-04-30T11:42:15","modified_gmt":"2015-04-30T11:42:15","slug":"la-fundacion-mapfre-guanarteme-financiara-becas-erasmus-para-alumnos-de-la-universidad-de-la-laguna","status":"publish","type":"post","link":"https:\/\/www.ull.es\/portal\/noticias\/2015\/la-fundacion-mapfre-guanarteme-financiara-becas-erasmus-para-alumnos-de-la-universidad-de-la-laguna\/","title":{"rendered":"La Fundaci\u00f3n Mapfre Guanarteme financiar\u00e1 becas Erasmus+ para alumnos de la Universidad de La Laguna"},"content":{"rendered":"<p>El rector de la Universidad de La Laguna, Eduardo Dom\u00e9nech, y el presidente del patronato y de la comisi\u00f3n directiva de la Fundaci\u00f3n Mapfre Guanarteme, Jos\u00e9 Barbosa, suscribieron hoy jueves 30 de abril un convenio de colaboraci\u00f3n en virtud del cual la citada fundaci\u00f3n colaborar\u00e1 en la financiaci\u00f3n de las becas Erasmus+ del pr\u00f3ximo curso acad\u00e9mico 2015\/16 para sufragar las estancias de los alumnos de la instituci\u00f3n universitaria en diferentes pa\u00edses.<\/p>\n<p>As\u00ed, y siguiendo con lo estipulado en el acuerdo, la fundaci\u00f3n destinar\u00e1 cincuenta mil euros para los beneficiarios del programa Erasmus+, para lo cual la Universidad de La Laguna habr\u00e1 de hacer una baremaci\u00f3n entre los peticionarios y entregar a la entidad una propuesta de seleccionados antes del 30 de junio.<\/p>\n<p>El importe de la ayuda para los estudiantes depender\u00e1 del grupo de pa\u00edses de destino, de acuerdo con sus respectivos niveles de vida. As\u00ed, queda fijado que para estancias en Austria, Dinamarca, Finlandia, Francia, Irlanda, Italia, Liechtenstein, Noruega, Reino Unido, Suecia y Suiza se otorgar\u00e1 una ayuda de 750 euros mensuales.<\/p>\n<p>Esta cuant\u00eda descender\u00e1 hasta los 700 euros mensuales si el estudiante realiza una estancia en Alemania, B\u00e9lgica, Chipre, Croacia, Eslovenia, Grecia, Holanda, Islandia, Luxemburgo, Portugal, Rep\u00fablica Checa y Turqu\u00eda. Y, finalmente, hay un tercer grupo de pa\u00edses, que b\u00e1sicamente abarca las naciones de la antigua Europa del Este en las que la cuota de ayuda se reduce a los 600 euros mensuales.<\/p>\n<p>El acuerdo a\u00f1ade que los alumnos recibir\u00e1n una cantidad de apoyo para cubrir gastos de viaje, dependiendo de la distancia entre la instituci\u00f3n de origen y la de destino. As\u00ed, se ha acordado que entre 100 y 499 kil\u00f3metros la ayuda sea de 180 euros por estudiante; de 500 a 1999 kil\u00f3metros, de 275 euros; de 2000 a 2999 kil\u00f3metros, de 360 euros; de 3000 a 3999 kil\u00f3metros, de 530 euros; de 4000 a 7999 kil\u00f3metros, de 820 euros y, finalmente, de 8000 kil\u00f3metros o m\u00e1s, la ayuda se elevar\u00e1 a 1.100 euros por participante.<\/p>\n<p>El convenio, que expira el 30 de septiembre de 2016, deja expl\u00edcito que no supone para la Fundaci\u00f3n Mapfre Guanarteme obligaciones de ning\u00fan tipo, ni presentes ni futuras, y que los gastos derivados de este acuerdo correr\u00e1n a cago de la Universidad de La Laguna.<\/p>\n","protected":false},"excerpt":{"rendered":"<p>El rector de la Universidad de La Laguna, Eduardo Dom\u00e9nech, y el presidente del patronato y de la comisi\u00f3n directiva&#8230;<\/p>\n","protected":false},"author":23,"featured_media":12110,"comment_status":"open","ping_status":"open","sticky":false,"template":"","format":"image","meta":{"inline_featured_image":false,"footnotes":""},"categories":[343,1],"tags":[630,913,1149,2527,2560],"acf":[],"yoast_head":"<!-- This site is optimized with the Yoast SEO plugin v21.3 - https:\/\/yoast.com\/wordpress\/plugins\/seo\/ -->\n<title>La Fundaci\u00f3n Mapfre Guanarteme financiar\u00e1 becas Erasmus+ para alumnos de la Universidad de La Laguna - ULL - Noticias<\/title>\n<meta name=\"robots\" content=\"index, follow, max-snippet:-1, max-image-preview:large, max-video-preview:-1\" \/>\n<link rel=\"canonical\" href=\"https:\/\/www.ull.es\/portal\/noticias\/2015\/la-fundacion-mapfre-guanarteme-financiara-becas-erasmus-para-alumnos-de-la-universidad-de-la-laguna\/\" \/>\n<meta property=\"og:locale\" content=\"es_ES\" \/>\n<meta property=\"og:type\" content=\"article\" \/>\n<meta property=\"og:title\" content=\"La Fundaci\u00f3n Mapfre Guanarteme financiar\u00e1 becas Erasmus+ para alumnos de la Universidad de La Laguna - ULL - Noticias\" \/>\n<meta property=\"og:description\" content=\"El rector de la Universidad de La Laguna, Eduardo Dom\u00e9nech, y el presidente del patronato y de la comisi\u00f3n directiva...\" \/>\n<meta property=\"og:url\" content=\"https:\/\/www.ull.es\/portal\/noticias\/2015\/la-fundacion-mapfre-guanarteme-financiara-becas-erasmus-para-alumnos-de-la-universidad-de-la-laguna\/\" \/>\n<meta property=\"og:site_name\" content=\"ULL - Noticias\" \/>\n<meta property=\"article:publisher\" content=\"https:\/\/www.facebook.com\/universidaddelalaguna\/\" \/>\n<meta property=\"article:published_time\" content=\"2015-04-30T11:42:15+00:00\" \/>\n<meta property=\"og:image\" content=\"https:\/\/www.ull.es\/portal\/noticias\/wp-content\/uploads\/sites\/13\/2015\/05\/convenio-fundacion-mapfre-guanarteme.jpg\" \/>\n\t<meta property=\"og:image:width\" content=\"1034\" \/>\n\t<meta property=\"og:image:height\" content=\"708\" \/>\n\t<meta property=\"og:image:type\" content=\"image\/jpeg\" \/>\n<meta name=\"author\" content=\"gaprsa\" \/>\n<meta name=\"twitter:card\" content=\"summary_large_image\" \/>\n<meta name=\"twitter:creator\" content=\"@CanalULL\" \/>\n<meta name=\"twitter:site\" content=\"@CanalULL\" \/>\n<meta name=\"twitter:label1\" content=\"Escrito por\" \/>\n\t<meta name=\"twitter:data1\" content=\"gaprsa\" \/>\n\t<meta name=\"twitter:label2\" content=\"Tiempo de lectura\" \/>\n\t<meta name=\"twitter:data2\" content=\"2 minutos\" \/>\n<script type=\"application\/ld+json\" class=\"yoast-schema-graph\">{\"@context\":\"https:\/\/schema.org\",\"@graph\":[{\"@type\":\"WebPage\",\"@id\":\"https:\/\/www.ull.es\/portal\/noticias\/2015\/la-fundacion-mapfre-guanarteme-financiara-becas-erasmus-para-alumnos-de-la-universidad-de-la-laguna\/\",\"url\":\"https:\/\/www.ull.es\/portal\/noticias\/2015\/la-fundacion-mapfre-guanarteme-financiara-becas-erasmus-para-alumnos-de-la-universidad-de-la-laguna\/\",\"name\":\"La Fundaci\u00f3n Mapfre Guanarteme financiar\u00e1 becas Erasmus+ para alumnos de la Universidad de La Laguna - ULL - Noticias\",\"isPartOf\":{\"@id\":\"https:\/\/www.ull.es\/portal\/noticias\/#website\"},\"datePublished\":\"2015-04-30T11:42:15+00:00\",\"dateModified\":\"2015-04-30T11:42:15+00:00\",\"author\":{\"@id\":\"https:\/\/www.ull.es\/portal\/noticias\/#\/schema\/person\/b2b1a89d43ffa609e591f7df8ef3e817\"},\"breadcrumb\":{\"@id\":\"https:\/\/www.ull.es\/portal\/noticias\/2015\/la-fundacion-mapfre-guanarteme-financiara-becas-erasmus-para-alumnos-de-la-universidad-de-la-laguna\/#breadcrumb\"},\"inLanguage\":\"es\",\"potentialAction\":[{\"@type\":\"ReadAction\",\"target\":[\"https:\/\/www.ull.es\/portal\/noticias\/2015\/la-fundacion-mapfre-guanarteme-financiara-becas-erasmus-para-alumnos-de-la-universidad-de-la-laguna\/\"]}]},{\"@type\":\"BreadcrumbList\",\"@id\":\"https:\/\/www.ull.es\/portal\/noticias\/2015\/la-fundacion-mapfre-guanarteme-financiara-becas-erasmus-para-alumnos-de-la-universidad-de-la-laguna\/#breadcrumb\",\"itemListElement\":[{\"@type\":\"ListItem\",\"position\":1,\"name\":\"Portada\",\"item\":\"https:\/\/www.ull.es\/portal\/noticias\/\"},{\"@type\":\"ListItem\",\"position\":2,\"name\":\"La Fundaci\u00f3n Mapfre Guanarteme financiar\u00e1 becas Erasmus+ para alumnos de la Universidad de La Laguna\"}]},{\"@type\":\"WebSite\",\"@id\":\"https:\/\/www.ull.es\/portal\/noticias\/#website\",\"url\":\"https:\/\/www.ull.es\/portal\/noticias\/\",\"name\":\"ULL - Noticias\",\"description\":\"\",\"potentialAction\":[{\"@type\":\"SearchAction\",\"target\":{\"@type\":\"EntryPoint\",\"urlTemplate\":\"https:\/\/www.ull.es\/portal\/noticias\/?s={search_term_string}\"},\"query-input\":\"required name=search_term_string\"}],\"inLanguage\":\"es\"},{\"@type\":\"Person\",\"@id\":\"https:\/\/www.ull.es\/portal\/noticias\/#\/schema\/person\/b2b1a89d43ffa609e591f7df8ef3e817\",\"name\":\"gaprsa\",\"image\":{\"@type\":\"ImageObject\",\"inLanguage\":\"es\",\"@id\":\"https:\/\/www.ull.es\/portal\/noticias\/#\/schema\/person\/image\/\",\"url\":\"https:\/\/secure.gravatar.com\/avatar\/443820550921091458b4823867723b3d?s=96&d=mm&r=g\",\"contentUrl\":\"https:\/\/secure.gravatar.com\/avatar\/443820550921091458b4823867723b3d?s=96&d=mm&r=g\",\"caption\":\"gaprsa\"},\"url\":\"https:\/\/www.ull.es\/portal\/noticias\/author\/gaprsa\/\"}]}<\/script>\n<!-- \/ Yoast SEO plugin. -->","yoast_head_json":{"title":"La Fundaci\u00f3n Mapfre Guanarteme financiar\u00e1 becas Erasmus+ para alumnos de la Universidad de La Laguna - ULL - Noticias","robots":{"index":"index","follow":"follow","max-snippet":"max-snippet:-1","max-image-preview":"max-image-preview:large","max-video-preview":"max-video-preview:-1"},"canonical":"https:\/\/www.ull.es\/portal\/noticias\/2015\/la-fundacion-mapfre-guanarteme-financiara-becas-erasmus-para-alumnos-de-la-universidad-de-la-laguna\/","og_locale":"es_ES","og_type":"article","og_title":"La Fundaci\u00f3n Mapfre Guanarteme financiar\u00e1 becas Erasmus+ para alumnos de la Universidad de La Laguna - ULL - Noticias","og_description":"El rector de la Universidad de La Laguna, Eduardo Dom\u00e9nech, y el presidente del patronato y de la comisi\u00f3n directiva...","og_url":"https:\/\/www.ull.es\/portal\/noticias\/2015\/la-fundacion-mapfre-guanarteme-financiara-becas-erasmus-para-alumnos-de-la-universidad-de-la-laguna\/","og_site_name":"ULL - Noticias","article_publisher":"https:\/\/www.facebook.com\/universidaddelalaguna\/","article_published_time":"2015-04-30T11:42:15+00:00","og_image":[{"width":1034,"height":708,"url":"https:\/\/www.ull.es\/portal\/noticias\/wp-content\/uploads\/sites\/13\/2015\/05\/convenio-fundacion-mapfre-guanarteme.jpg","type":"image\/jpeg"}],"author":"gaprsa","twitter_card":"summary_large_image","twitter_creator":"@CanalULL","twitter_site":"@CanalULL","twitter_misc":{"Escrito por":"gaprsa","Tiempo de lectura":"2 minutos"},"schema":{"@context":"https:\/\/schema.org","@graph":[{"@type":"WebPage","@id":"https:\/\/www.ull.es\/portal\/noticias\/2015\/la-fundacion-mapfre-guanarteme-financiara-becas-erasmus-para-alumnos-de-la-universidad-de-la-laguna\/","url":"https:\/\/www.ull.es\/portal\/noticias\/2015\/la-fundacion-mapfre-guanarteme-financiara-becas-erasmus-para-alumnos-de-la-universidad-de-la-laguna\/","name":"La Fundaci\u00f3n Mapfre Guanarteme financiar\u00e1 becas Erasmus+ para alumnos de la Universidad de La Laguna - ULL - Noticias","isPartOf":{"@id":"https:\/\/www.ull.es\/portal\/noticias\/#website"},"datePublished":"2015-04-30T11:42:15+00:00","dateModified":"2015-04-30T11:42:15+00:00","author":{"@id":"https:\/\/www.ull.es\/portal\/noticias\/#\/schema\/person\/b2b1a89d43ffa609e591f7df8ef3e817"},"breadcrumb":{"@id":"https:\/\/www.ull.es\/portal\/noticias\/2015\/la-fundacion-mapfre-guanarteme-financiara-becas-erasmus-para-alumnos-de-la-universidad-de-la-laguna\/#breadcrumb"},"inLanguage":"es","potentialAction":[{"@type":"ReadAction","target":["https:\/\/www.ull.es\/portal\/noticias\/2015\/la-fundacion-mapfre-guanarteme-financiara-becas-erasmus-para-alumnos-de-la-universidad-de-la-laguna\/"]}]},{"@type":"BreadcrumbList","@id":"https:\/\/www.ull.es\/portal\/noticias\/2015\/la-fundacion-mapfre-guanarteme-financiara-becas-erasmus-para-alumnos-de-la-universidad-de-la-laguna\/#breadcrumb","itemListElement":[{"@type":"ListItem","position":1,"name":"Portada","item":"https:\/\/www.ull.es\/portal\/noticias\/"},{"@type":"ListItem","position":2,"name":"La Fundaci\u00f3n Mapfre Guanarteme financiar\u00e1 becas Erasmus+ para alumnos de la Universidad de La Laguna"}]},{"@type":"WebSite","@id":"https:\/\/www.ull.es\/portal\/noticias\/#website","url":"https:\/\/www.ull.es\/portal\/noticias\/","name":"ULL - Noticias","description":"","potentialAction":[{"@type":"SearchAction","target":{"@type":"EntryPoint","urlTemplate":"https:\/\/www.ull.es\/portal\/noticias\/?s={search_term_string}"},"query-input":"required name=search_term_string"}],"inLanguage":"es"},{"@type":"Person","@id":"https:\/\/www.ull.es\/portal\/noticias\/#\/schema\/person\/b2b1a89d43ffa609e591f7df8ef3e817","name":"gaprsa","image":{"@type":"ImageObject","inLanguage":"es","@id":"https:\/\/www.ull.es\/portal\/noticias\/#\/schema\/person\/image\/","url":"https:\/\/secure.gravatar.com\/avatar\/443820550921091458b4823867723b3d?s=96&d=mm&r=g","contentUrl":"https:\/\/secure.gravatar.com\/avatar\/443820550921091458b4823867723b3d?s=96&d=mm&r=g","caption":"gaprsa"},"url":"https:\/\/www.ull.es\/portal\/noticias\/author\/gaprsa\/"}]}},"primary_category":null,"featured_image_thumbnail_url":"https:\/\/www.ull.es\/portal\/noticias\/wp-content\/uploads\/sites\/13\/2015\/05\/convenio-fundacion-mapfre-guanarteme-300x205.jpg","_links":{"self":[{"href":"https:\/\/www.ull.es\/portal\/noticias\/wp-json\/wp\/v2\/posts\/12109"}],"collection":[{"href":"https:\/\/www.ull.es\/portal\/noticias\/wp-json\/wp\/v2\/posts"}],"about":[{"href":"https:\/\/www.ull.es\/portal\/noticias\/wp-json\/wp\/v2\/types\/post"}],"author":[{"embeddable":true,"href":"https:\/\/www.ull.es\/portal\/noticias\/wp-json\/wp\/v2\/users\/23"}],"replies":[{"embeddable":true,"href":"https:\/\/www.ull.es\/portal\/noticias\/wp-json\/wp\/v2\/comments?post=12109"}],"version-history":[{"count":0,"href":"https:\/\/www.ull.es\/portal\/noticias\/wp-json\/wp\/v2\/posts\/12109\/revisions"}],"wp:featuredmedia":[{"embeddable":true,"href":"https:\/\/www.ull.es\/portal\/noticias\/wp-json\/wp\/v2\/media\/12110"}],"wp:attachment":[{"href":"https:\/\/www.ull.es\/portal\/noticias\/wp-json\/wp\/v2\/media?parent=12109"}],"wp:term":[{"taxonomy":"category","embeddable":true,"href":"https:\/\/www.ull.es\/portal\/noticias\/wp-json\/wp\/v2\/categories?post=12109"},{"taxonomy":"post_tag","embeddable":true,"href":"https:\/\/www.ull.es\/portal\/noticias\/wp-json\/wp\/v2\/tags?post=12109"}],"curies":[{"name":"wp","href":"https:\/\/api.w.org\/{rel}","templated":true}]}}