{"id":12128,"date":"2015-04-16T12:36:03","date_gmt":"2015-04-16T12:36:03","guid":{"rendered":"http:\/\/ddigital.webs.ull.es\/?p=12128"},"modified":"2015-04-16T12:36:03","modified_gmt":"2015-04-16T12:36:03","slug":"ana-guerra-y-david-minguillon-versionan-canciones-pop-en-el-paraninfo-de-la-ull","status":"publish","type":"post","link":"https:\/\/www.ull.es\/portal\/noticias\/2015\/ana-guerra-y-david-minguillon-versionan-canciones-pop-en-el-paraninfo-de-la-ull\/","title":{"rendered":"Ana Guerra y David Minguill\u00f3n versionan canciones pop en el Paraninfo de la ULL"},"content":{"rendered":"<p>La cantante Ana Guerra y el guitarrista David Minguill\u00f3n ofrecen ma\u00f1ana, viernes 16 de abril a las 21\u00a0 horas, un concierto en el que versionar\u00e1n temas pop, boleros o tango con un toque personal e innovador.<\/p>\n<p>Ana Guerra, natural de La Laguna, empieza a cantar a muy temprana edad impulsada por su padre (gran amante de los boleros). Gracias a \u00e9l, Ana recorre el territorio nacional asistiendo a concursos de televisi\u00f3n como \u201cLluvia de estrellas\u201d o \u201cA tu lado\u201d. A su vez estudia en el Conservatorio de M\u00fasica de Tenerife, donde estudia flauta travesera durante ocho a\u00f1os. Actualmente forma parte de diversos grupos de boleros como cantante y flautista.<\/p>\n<p>David Minguill\u00f3n, original del Puerto de la Cruz, es licenciado en guitarra cl\u00e1sica por el Conservatorio de M\u00fasica de Canarias y ha realizado recientemente\u00a0 estudios de M\u00e1ster de Jazz en Holanda. Asimismo se interesa por el flamenco en estos \u00faltimos a\u00f1os y pasa a tomar clases con guitarristas de la talla de Jer\u00f3nimo Maya o Rezar Dom\u00ednguez. Entre los proyectos actuales se encuentra su cuarteto, con el que ha grabado su segundo disco \u201cPuerto del Mar\u201d, con colaboraciones de Jorge Pardo y Kike Perdomo, y el Festival de M\u00fasica de Cine de Tenerife (FIMUCITE), en el que participa como guitarrista solista cada a\u00f1o.<\/p>\n<p>Las entradas se pueden adquirir al precio de cinco euros en el Vicerrectorado de Relaciones Universidad y Sociedad (C\/Viana, 50. La Laguna) de 9 a 15 horas, en la cafeter\u00eda del Edificio Central de 8 a 20 horas y en la plataforma <a href=\"http:\/\/www.tomaticket.es\/paraninfoull\" target=\"_blank\" target=\"_blank\" rel=\"noopener\">www.tomaticket.es\/paraninfoull<\/a><\/p>\n<p>Los asistentes disponen de estacionamiento gratuito en el aparcamiento del Edificio Central de la Universidad de La Laguna<\/p>\n","protected":false},"excerpt":{"rendered":"<p>La cantante Ana Guerra y el guitarrista David Minguill\u00f3n ofrecen ma\u00f1ana, viernes 16 de abril a las 21\u00a0 horas, un&#8230;<\/p>\n","protected":false},"author":23,"featured_media":12129,"comment_status":"open","ping_status":"open","sticky":false,"template":"","format":"standard","meta":{"inline_featured_image":false,"footnotes":""},"categories":[344,1],"tags":[876,1942,2047,2527,2560],"acf":[],"yoast_head":"<!-- This site is optimized with the Yoast SEO plugin v21.3 - https:\/\/yoast.com\/wordpress\/plugins\/seo\/ -->\n<title>Ana Guerra y David Minguill\u00f3n versionan canciones pop en el Paraninfo de la ULL - ULL - Noticias<\/title>\n<meta name=\"robots\" content=\"index, follow, max-snippet:-1, max-image-preview:large, max-video-preview:-1\" \/>\n<link rel=\"canonical\" href=\"https:\/\/www.ull.es\/portal\/noticias\/2015\/ana-guerra-y-david-minguillon-versionan-canciones-pop-en-el-paraninfo-de-la-ull\/\" \/>\n<meta property=\"og:locale\" content=\"es_ES\" \/>\n<meta property=\"og:type\" content=\"article\" \/>\n<meta property=\"og:title\" content=\"Ana Guerra y David Minguill\u00f3n versionan canciones pop en el Paraninfo de la ULL - ULL - Noticias\" \/>\n<meta property=\"og:description\" content=\"La cantante Ana Guerra y el guitarrista David Minguill\u00f3n ofrecen ma\u00f1ana, viernes 16 de abril a las 21\u00a0 horas, un...\" \/>\n<meta property=\"og:url\" content=\"https:\/\/www.ull.es\/portal\/noticias\/2015\/ana-guerra-y-david-minguillon-versionan-canciones-pop-en-el-paraninfo-de-la-ull\/\" \/>\n<meta property=\"og:site_name\" content=\"ULL - Noticias\" \/>\n<meta property=\"article:publisher\" content=\"https:\/\/www.facebook.com\/universidaddelalaguna\/\" \/>\n<meta property=\"article:published_time\" content=\"2015-04-16T12:36:03+00:00\" \/>\n<meta property=\"og:image\" content=\"https:\/\/www.ull.es\/portal\/noticias\/wp-content\/uploads\/sites\/13\/2015\/05\/Cartel_anaguerra_davidminguillon.jpg\" \/>\n\t<meta property=\"og:image:width\" content=\"1273\" \/>\n\t<meta property=\"og:image:height\" content=\"1800\" \/>\n\t<meta property=\"og:image:type\" content=\"image\/jpeg\" \/>\n<meta name=\"author\" content=\"gaprsa\" \/>\n<meta name=\"twitter:card\" content=\"summary_large_image\" \/>\n<meta name=\"twitter:creator\" content=\"@CanalULL\" \/>\n<meta name=\"twitter:site\" content=\"@CanalULL\" \/>\n<meta name=\"twitter:label1\" content=\"Escrito por\" \/>\n\t<meta name=\"twitter:data1\" content=\"gaprsa\" \/>\n\t<meta name=\"twitter:label2\" content=\"Tiempo de lectura\" \/>\n\t<meta name=\"twitter:data2\" content=\"1 minuto\" \/>\n<script type=\"application\/ld+json\" class=\"yoast-schema-graph\">{\"@context\":\"https:\/\/schema.org\",\"@graph\":[{\"@type\":\"WebPage\",\"@id\":\"https:\/\/www.ull.es\/portal\/noticias\/2015\/ana-guerra-y-david-minguillon-versionan-canciones-pop-en-el-paraninfo-de-la-ull\/\",\"url\":\"https:\/\/www.ull.es\/portal\/noticias\/2015\/ana-guerra-y-david-minguillon-versionan-canciones-pop-en-el-paraninfo-de-la-ull\/\",\"name\":\"Ana Guerra y David Minguill\u00f3n versionan canciones pop en el Paraninfo de la ULL - ULL - Noticias\",\"isPartOf\":{\"@id\":\"https:\/\/www.ull.es\/portal\/noticias\/#website\"},\"datePublished\":\"2015-04-16T12:36:03+00:00\",\"dateModified\":\"2015-04-16T12:36:03+00:00\",\"author\":{\"@id\":\"https:\/\/www.ull.es\/portal\/noticias\/#\/schema\/person\/b2b1a89d43ffa609e591f7df8ef3e817\"},\"breadcrumb\":{\"@id\":\"https:\/\/www.ull.es\/portal\/noticias\/2015\/ana-guerra-y-david-minguillon-versionan-canciones-pop-en-el-paraninfo-de-la-ull\/#breadcrumb\"},\"inLanguage\":\"es\",\"potentialAction\":[{\"@type\":\"ReadAction\",\"target\":[\"https:\/\/www.ull.es\/portal\/noticias\/2015\/ana-guerra-y-david-minguillon-versionan-canciones-pop-en-el-paraninfo-de-la-ull\/\"]}]},{\"@type\":\"BreadcrumbList\",\"@id\":\"https:\/\/www.ull.es\/portal\/noticias\/2015\/ana-guerra-y-david-minguillon-versionan-canciones-pop-en-el-paraninfo-de-la-ull\/#breadcrumb\",\"itemListElement\":[{\"@type\":\"ListItem\",\"position\":1,\"name\":\"Portada\",\"item\":\"https:\/\/www.ull.es\/portal\/noticias\/\"},{\"@type\":\"ListItem\",\"position\":2,\"name\":\"Ana Guerra y David Minguill\u00f3n versionan canciones pop en el Paraninfo de la ULL\"}]},{\"@type\":\"WebSite\",\"@id\":\"https:\/\/www.ull.es\/portal\/noticias\/#website\",\"url\":\"https:\/\/www.ull.es\/portal\/noticias\/\",\"name\":\"ULL - Noticias\",\"description\":\"\",\"potentialAction\":[{\"@type\":\"SearchAction\",\"target\":{\"@type\":\"EntryPoint\",\"urlTemplate\":\"https:\/\/www.ull.es\/portal\/noticias\/?s={search_term_string}\"},\"query-input\":\"required name=search_term_string\"}],\"inLanguage\":\"es\"},{\"@type\":\"Person\",\"@id\":\"https:\/\/www.ull.es\/portal\/noticias\/#\/schema\/person\/b2b1a89d43ffa609e591f7df8ef3e817\",\"name\":\"gaprsa\",\"image\":{\"@type\":\"ImageObject\",\"inLanguage\":\"es\",\"@id\":\"https:\/\/www.ull.es\/portal\/noticias\/#\/schema\/person\/image\/\",\"url\":\"https:\/\/secure.gravatar.com\/avatar\/443820550921091458b4823867723b3d?s=96&d=mm&r=g\",\"contentUrl\":\"https:\/\/secure.gravatar.com\/avatar\/443820550921091458b4823867723b3d?s=96&d=mm&r=g\",\"caption\":\"gaprsa\"},\"url\":\"https:\/\/www.ull.es\/portal\/noticias\/author\/gaprsa\/\"}]}<\/script>\n<!-- \/ Yoast SEO plugin. -->","yoast_head_json":{"title":"Ana Guerra y David Minguill\u00f3n versionan canciones pop en el Paraninfo de la ULL - ULL - Noticias","robots":{"index":"index","follow":"follow","max-snippet":"max-snippet:-1","max-image-preview":"max-image-preview:large","max-video-preview":"max-video-preview:-1"},"canonical":"https:\/\/www.ull.es\/portal\/noticias\/2015\/ana-guerra-y-david-minguillon-versionan-canciones-pop-en-el-paraninfo-de-la-ull\/","og_locale":"es_ES","og_type":"article","og_title":"Ana Guerra y David Minguill\u00f3n versionan canciones pop en el Paraninfo de la ULL - ULL - Noticias","og_description":"La cantante Ana Guerra y el guitarrista David Minguill\u00f3n ofrecen ma\u00f1ana, viernes 16 de abril a las 21\u00a0 horas, un...","og_url":"https:\/\/www.ull.es\/portal\/noticias\/2015\/ana-guerra-y-david-minguillon-versionan-canciones-pop-en-el-paraninfo-de-la-ull\/","og_site_name":"ULL - Noticias","article_publisher":"https:\/\/www.facebook.com\/universidaddelalaguna\/","article_published_time":"2015-04-16T12:36:03+00:00","og_image":[{"width":1273,"height":1800,"url":"https:\/\/www.ull.es\/portal\/noticias\/wp-content\/uploads\/sites\/13\/2015\/05\/Cartel_anaguerra_davidminguillon.jpg","type":"image\/jpeg"}],"author":"gaprsa","twitter_card":"summary_large_image","twitter_creator":"@CanalULL","twitter_site":"@CanalULL","twitter_misc":{"Escrito por":"gaprsa","Tiempo de lectura":"1 minuto"},"schema":{"@context":"https:\/\/schema.org","@graph":[{"@type":"WebPage","@id":"https:\/\/www.ull.es\/portal\/noticias\/2015\/ana-guerra-y-david-minguillon-versionan-canciones-pop-en-el-paraninfo-de-la-ull\/","url":"https:\/\/www.ull.es\/portal\/noticias\/2015\/ana-guerra-y-david-minguillon-versionan-canciones-pop-en-el-paraninfo-de-la-ull\/","name":"Ana Guerra y David Minguill\u00f3n versionan canciones pop en el Paraninfo de la ULL - ULL - Noticias","isPartOf":{"@id":"https:\/\/www.ull.es\/portal\/noticias\/#website"},"datePublished":"2015-04-16T12:36:03+00:00","dateModified":"2015-04-16T12:36:03+00:00","author":{"@id":"https:\/\/www.ull.es\/portal\/noticias\/#\/schema\/person\/b2b1a89d43ffa609e591f7df8ef3e817"},"breadcrumb":{"@id":"https:\/\/www.ull.es\/portal\/noticias\/2015\/ana-guerra-y-david-minguillon-versionan-canciones-pop-en-el-paraninfo-de-la-ull\/#breadcrumb"},"inLanguage":"es","potentialAction":[{"@type":"ReadAction","target":["https:\/\/www.ull.es\/portal\/noticias\/2015\/ana-guerra-y-david-minguillon-versionan-canciones-pop-en-el-paraninfo-de-la-ull\/"]}]},{"@type":"BreadcrumbList","@id":"https:\/\/www.ull.es\/portal\/noticias\/2015\/ana-guerra-y-david-minguillon-versionan-canciones-pop-en-el-paraninfo-de-la-ull\/#breadcrumb","itemListElement":[{"@type":"ListItem","position":1,"name":"Portada","item":"https:\/\/www.ull.es\/portal\/noticias\/"},{"@type":"ListItem","position":2,"name":"Ana Guerra y David Minguill\u00f3n versionan canciones pop en el Paraninfo de la ULL"}]},{"@type":"WebSite","@id":"https:\/\/www.ull.es\/portal\/noticias\/#website","url":"https:\/\/www.ull.es\/portal\/noticias\/","name":"ULL - Noticias","description":"","potentialAction":[{"@type":"SearchAction","target":{"@type":"EntryPoint","urlTemplate":"https:\/\/www.ull.es\/portal\/noticias\/?s={search_term_string}"},"query-input":"required name=search_term_string"}],"inLanguage":"es"},{"@type":"Person","@id":"https:\/\/www.ull.es\/portal\/noticias\/#\/schema\/person\/b2b1a89d43ffa609e591f7df8ef3e817","name":"gaprsa","image":{"@type":"ImageObject","inLanguage":"es","@id":"https:\/\/www.ull.es\/portal\/noticias\/#\/schema\/person\/image\/","url":"https:\/\/secure.gravatar.com\/avatar\/443820550921091458b4823867723b3d?s=96&d=mm&r=g","contentUrl":"https:\/\/secure.gravatar.com\/avatar\/443820550921091458b4823867723b3d?s=96&d=mm&r=g","caption":"gaprsa"},"url":"https:\/\/www.ull.es\/portal\/noticias\/author\/gaprsa\/"}]}},"primary_category":null,"featured_image_thumbnail_url":"https:\/\/www.ull.es\/portal\/noticias\/wp-content\/uploads\/sites\/13\/2015\/05\/Cartel_anaguerra_davidminguillon-212x300.jpg","_links":{"self":[{"href":"https:\/\/www.ull.es\/portal\/noticias\/wp-json\/wp\/v2\/posts\/12128"}],"collection":[{"href":"https:\/\/www.ull.es\/portal\/noticias\/wp-json\/wp\/v2\/posts"}],"about":[{"href":"https:\/\/www.ull.es\/portal\/noticias\/wp-json\/wp\/v2\/types\/post"}],"author":[{"embeddable":true,"href":"https:\/\/www.ull.es\/portal\/noticias\/wp-json\/wp\/v2\/users\/23"}],"replies":[{"embeddable":true,"href":"https:\/\/www.ull.es\/portal\/noticias\/wp-json\/wp\/v2\/comments?post=12128"}],"version-history":[{"count":0,"href":"https:\/\/www.ull.es\/portal\/noticias\/wp-json\/wp\/v2\/posts\/12128\/revisions"}],"wp:featuredmedia":[{"embeddable":true,"href":"https:\/\/www.ull.es\/portal\/noticias\/wp-json\/wp\/v2\/media\/12129"}],"wp:attachment":[{"href":"https:\/\/www.ull.es\/portal\/noticias\/wp-json\/wp\/v2\/media?parent=12128"}],"wp:term":[{"taxonomy":"category","embeddable":true,"href":"https:\/\/www.ull.es\/portal\/noticias\/wp-json\/wp\/v2\/categories?post=12128"},{"taxonomy":"post_tag","embeddable":true,"href":"https:\/\/www.ull.es\/portal\/noticias\/wp-json\/wp\/v2\/tags?post=12128"}],"curies":[{"name":"wp","href":"https:\/\/api.w.org\/{rel}","templated":true}]}}