{"id":12202,"date":"2015-05-12T08:49:37","date_gmt":"2015-05-12T08:49:37","guid":{"rendered":"http:\/\/ddigital.webs.ull.es\/?p=12202"},"modified":"2015-05-12T08:49:37","modified_gmt":"2015-05-12T08:49:37","slug":"la-ull-inaugura-un-laboratorio-de-seguridad-biologica-de-nivel-2-en-la-seccion-de-medicina","status":"publish","type":"post","link":"https:\/\/www.ull.es\/portal\/noticias\/2015\/la-ull-inaugura-un-laboratorio-de-seguridad-biologica-de-nivel-2-en-la-seccion-de-medicina\/","title":{"rendered":"La ULL inaugura un Laboratorio de Seguridad Biol\u00f3gica de Nivel 2 en la Secci\u00f3n de Medicina"},"content":{"rendered":"<p>El rector de la Universidad de La Laguna, Eduardo Dom\u00e9nech, y la directora general de la Fundaci\u00f3n CajaCanarias, Natalia Azn\u00e1rez, han inaugurado hoy martes 12 de mayo el Laboratorio de Seguridad Biol\u00f3gica de Nivel 2 (Lab P2) del centro acad\u00e9mico. Se trata de una infraestructura adjudicada en concurso nacional competitivo de infraestructuras cient\u00edfico-tecnol\u00f3gicas, con la ayuda y de la citada Fundaci\u00f3n y cuyo investigador principal es Agust\u00edn Valenzuela Fern\u00e1ndez.<\/p>\n<p>Este Laboratorio de Seguridad Biol\u00f3gica es el primero de esta \u00edndole en el campus de Ciencias de la Salud de la ULL, y permite la manipulaci\u00f3n e investigaci\u00f3n con muestras infecciosas (VIH\/SIDA, virus hepatitis C (VHC), VHC-trasplante renal, entre otros), as\u00ed como el uso de vectores v\u00edricos\/bacterianos infectivos para estudios gen\u00f3micos con aplicaci\u00f3n directa en enfermedades infecciosas, neurodegenerativas, c\u00e1ncer, enfermedades cr\u00f3nicas y envejecimiento, y en otras ramas de la salud relacionadas con las l\u00edneas y proyectos de investigaci\u00f3n de los distintos grupos de investigaci\u00f3n del Campus de la Salud de la ULL.<\/p>\n<p>En este sentido, la creaci\u00f3n de un Laboratorio de Bioseguridad P2 est\u00e1 en sinton\u00eda con las necesidades cient\u00edfico-t\u00e9cnicas de la investigaci\u00f3n b\u00e1sica, cl\u00ednica y traslacional actual, sostiene Valenzuela. Adem\u00e1s, este tipo de laboratorios contribuir\u00e1 a crear un repositorio de muestras biol\u00f3gicas infecciosas que facilitar\u00e1 la labor cient\u00edfica de los grupos de investigaci\u00f3n biom\u00e9dica y cl\u00ednica, procedentes de pacientes portadores de enfermedades infecciosas, favoreciendo la interacci\u00f3n cl\u00ednico-b\u00e1sica y traslacional en biomedicina-salud.<\/p>\n<p>\u201cCanarias puede representar una puerta de f\u00e1cil acceso a Europa para ciertos microorganismos y enfermedades, pero, sobre todo, es un lugar estrat\u00e9gico, por su situaci\u00f3n geogr\u00e1fica y proximidad a \u00c1frica y Am\u00e9rica, para la instalaci\u00f3n de equipos de investigaci\u00f3n de m\u00e1xima tecnolog\u00eda y bioseguridad para el estudio de toda una serie de enfermedades infecciosas, como es el SIDA, entre otras\u201d. En este punto, el investigador recalca que el Laboratorio de Bioseguridad P2 es de \u201cvital importancia\u201d para consolidar la investigaci\u00f3n biom\u00e9dica en Canarias en enfermedades infecciosas y otras ramas de la la salud y de la biomedicina en concreto.<\/p>\n<p>Valenzuela agradeci\u00f3 a los dos \u00faltimos vicerrectores de Investigaci\u00f3n, Rodrigo Trujillo y Catalina Ruiz, y a la vicerrectora de Relaciones Universidad y Sociedad, N\u00e9lida Rancel, el apoyo a esta iniciativa, que tambi\u00e9n ha sido impulsada desde la Gerencia, la Oficina T\u00e9cnica, el Servicio de Investigaci\u00f3n\u00a0 y el Servicio de Contrataci\u00f3n. La financiaci\u00f3n de este laboratorio ha corrido de la mano de los Fondos Europeos de Desarrollo Regional, MINECO y Fundaci\u00f3n CajaCanarias.<\/p>\n","protected":false},"excerpt":{"rendered":"<p>El rector de la Universidad de La Laguna, Eduardo Dom\u00e9nech, y la directora general de la Fundaci\u00f3n CajaCanarias, Natalia Azn\u00e1rez,&#8230;<\/p>\n","protected":false},"author":23,"featured_media":0,"comment_status":"open","ping_status":"open","sticky":false,"template":"","format":"gallery","meta":{"inline_featured_image":false,"footnotes":""},"categories":[350,1],"tags":[426,1094,1118,1734,1954,1963,2030,2527,2560],"acf":[],"yoast_head":"<!-- This site is optimized with the Yoast SEO plugin v21.3 - https:\/\/yoast.com\/wordpress\/plugins\/seo\/ -->\n<title>La ULL inaugura un Laboratorio de Seguridad Biol\u00f3gica de Nivel 2 en la Secci\u00f3n de Medicina - ULL - Noticias<\/title>\n<meta name=\"robots\" content=\"index, follow, max-snippet:-1, max-image-preview:large, max-video-preview:-1\" \/>\n<link rel=\"canonical\" href=\"https:\/\/www.ull.es\/portal\/noticias\/2015\/la-ull-inaugura-un-laboratorio-de-seguridad-biologica-de-nivel-2-en-la-seccion-de-medicina\/\" \/>\n<meta property=\"og:locale\" content=\"es_ES\" \/>\n<meta property=\"og:type\" content=\"article\" \/>\n<meta property=\"og:title\" content=\"La ULL inaugura un Laboratorio de Seguridad Biol\u00f3gica de Nivel 2 en la Secci\u00f3n de Medicina - ULL - Noticias\" \/>\n<meta property=\"og:description\" content=\"El rector de la Universidad de La Laguna, Eduardo Dom\u00e9nech, y la directora general de la Fundaci\u00f3n CajaCanarias, Natalia Azn\u00e1rez,...\" \/>\n<meta property=\"og:url\" content=\"https:\/\/www.ull.es\/portal\/noticias\/2015\/la-ull-inaugura-un-laboratorio-de-seguridad-biologica-de-nivel-2-en-la-seccion-de-medicina\/\" \/>\n<meta property=\"og:site_name\" content=\"ULL - Noticias\" \/>\n<meta property=\"article:publisher\" content=\"https:\/\/www.facebook.com\/universidaddelalaguna\/\" \/>\n<meta property=\"article:published_time\" content=\"2015-05-12T08:49:37+00:00\" \/>\n<meta property=\"og:image\" content=\"https:\/\/www.ull.es\/portal\/noticias\/wp-content\/uploads\/sites\/13\/2023\/06\/logo-redimensionado.png\" \/>\n\t<meta property=\"og:image:width\" content=\"1200\" \/>\n\t<meta property=\"og:image:height\" content=\"630\" \/>\n\t<meta property=\"og:image:type\" content=\"image\/png\" \/>\n<meta name=\"author\" content=\"gaprsa\" \/>\n<meta name=\"twitter:card\" content=\"summary_large_image\" \/>\n<meta name=\"twitter:creator\" content=\"@CanalULL\" \/>\n<meta name=\"twitter:site\" content=\"@CanalULL\" \/>\n<meta name=\"twitter:label1\" content=\"Escrito por\" \/>\n\t<meta name=\"twitter:data1\" content=\"gaprsa\" \/>\n\t<meta name=\"twitter:label2\" content=\"Tiempo de lectura\" \/>\n\t<meta name=\"twitter:data2\" content=\"2 minutos\" \/>\n<script type=\"application\/ld+json\" class=\"yoast-schema-graph\">{\"@context\":\"https:\/\/schema.org\",\"@graph\":[{\"@type\":\"WebPage\",\"@id\":\"https:\/\/www.ull.es\/portal\/noticias\/2015\/la-ull-inaugura-un-laboratorio-de-seguridad-biologica-de-nivel-2-en-la-seccion-de-medicina\/\",\"url\":\"https:\/\/www.ull.es\/portal\/noticias\/2015\/la-ull-inaugura-un-laboratorio-de-seguridad-biologica-de-nivel-2-en-la-seccion-de-medicina\/\",\"name\":\"La ULL inaugura un Laboratorio de Seguridad Biol\u00f3gica de Nivel 2 en la Secci\u00f3n de Medicina - ULL - Noticias\",\"isPartOf\":{\"@id\":\"https:\/\/www.ull.es\/portal\/noticias\/#website\"},\"datePublished\":\"2015-05-12T08:49:37+00:00\",\"dateModified\":\"2015-05-12T08:49:37+00:00\",\"author\":{\"@id\":\"https:\/\/www.ull.es\/portal\/noticias\/#\/schema\/person\/b2b1a89d43ffa609e591f7df8ef3e817\"},\"breadcrumb\":{\"@id\":\"https:\/\/www.ull.es\/portal\/noticias\/2015\/la-ull-inaugura-un-laboratorio-de-seguridad-biologica-de-nivel-2-en-la-seccion-de-medicina\/#breadcrumb\"},\"inLanguage\":\"es\",\"potentialAction\":[{\"@type\":\"ReadAction\",\"target\":[\"https:\/\/www.ull.es\/portal\/noticias\/2015\/la-ull-inaugura-un-laboratorio-de-seguridad-biologica-de-nivel-2-en-la-seccion-de-medicina\/\"]}]},{\"@type\":\"BreadcrumbList\",\"@id\":\"https:\/\/www.ull.es\/portal\/noticias\/2015\/la-ull-inaugura-un-laboratorio-de-seguridad-biologica-de-nivel-2-en-la-seccion-de-medicina\/#breadcrumb\",\"itemListElement\":[{\"@type\":\"ListItem\",\"position\":1,\"name\":\"Portada\",\"item\":\"https:\/\/www.ull.es\/portal\/noticias\/\"},{\"@type\":\"ListItem\",\"position\":2,\"name\":\"La ULL inaugura un Laboratorio de Seguridad Biol\u00f3gica de Nivel 2 en la Secci\u00f3n de Medicina\"}]},{\"@type\":\"WebSite\",\"@id\":\"https:\/\/www.ull.es\/portal\/noticias\/#website\",\"url\":\"https:\/\/www.ull.es\/portal\/noticias\/\",\"name\":\"ULL - Noticias\",\"description\":\"\",\"potentialAction\":[{\"@type\":\"SearchAction\",\"target\":{\"@type\":\"EntryPoint\",\"urlTemplate\":\"https:\/\/www.ull.es\/portal\/noticias\/?s={search_term_string}\"},\"query-input\":\"required name=search_term_string\"}],\"inLanguage\":\"es\"},{\"@type\":\"Person\",\"@id\":\"https:\/\/www.ull.es\/portal\/noticias\/#\/schema\/person\/b2b1a89d43ffa609e591f7df8ef3e817\",\"name\":\"gaprsa\",\"image\":{\"@type\":\"ImageObject\",\"inLanguage\":\"es\",\"@id\":\"https:\/\/www.ull.es\/portal\/noticias\/#\/schema\/person\/image\/\",\"url\":\"https:\/\/secure.gravatar.com\/avatar\/443820550921091458b4823867723b3d?s=96&d=mm&r=g\",\"contentUrl\":\"https:\/\/secure.gravatar.com\/avatar\/443820550921091458b4823867723b3d?s=96&d=mm&r=g\",\"caption\":\"gaprsa\"},\"url\":\"https:\/\/www.ull.es\/portal\/noticias\/author\/gaprsa\/\"}]}<\/script>\n<!-- \/ Yoast SEO plugin. -->","yoast_head_json":{"title":"La ULL inaugura un Laboratorio de Seguridad Biol\u00f3gica de Nivel 2 en la Secci\u00f3n de Medicina - ULL - Noticias","robots":{"index":"index","follow":"follow","max-snippet":"max-snippet:-1","max-image-preview":"max-image-preview:large","max-video-preview":"max-video-preview:-1"},"canonical":"https:\/\/www.ull.es\/portal\/noticias\/2015\/la-ull-inaugura-un-laboratorio-de-seguridad-biologica-de-nivel-2-en-la-seccion-de-medicina\/","og_locale":"es_ES","og_type":"article","og_title":"La ULL inaugura un Laboratorio de Seguridad Biol\u00f3gica de Nivel 2 en la Secci\u00f3n de Medicina - ULL - Noticias","og_description":"El rector de la Universidad de La Laguna, Eduardo Dom\u00e9nech, y la directora general de la Fundaci\u00f3n CajaCanarias, Natalia Azn\u00e1rez,...","og_url":"https:\/\/www.ull.es\/portal\/noticias\/2015\/la-ull-inaugura-un-laboratorio-de-seguridad-biologica-de-nivel-2-en-la-seccion-de-medicina\/","og_site_name":"ULL - Noticias","article_publisher":"https:\/\/www.facebook.com\/universidaddelalaguna\/","article_published_time":"2015-05-12T08:49:37+00:00","og_image":[{"width":1200,"height":630,"url":"https:\/\/www.ull.es\/portal\/noticias\/wp-content\/uploads\/sites\/13\/2023\/06\/logo-redimensionado.png","type":"image\/png"}],"author":"gaprsa","twitter_card":"summary_large_image","twitter_creator":"@CanalULL","twitter_site":"@CanalULL","twitter_misc":{"Escrito por":"gaprsa","Tiempo de lectura":"2 minutos"},"schema":{"@context":"https:\/\/schema.org","@graph":[{"@type":"WebPage","@id":"https:\/\/www.ull.es\/portal\/noticias\/2015\/la-ull-inaugura-un-laboratorio-de-seguridad-biologica-de-nivel-2-en-la-seccion-de-medicina\/","url":"https:\/\/www.ull.es\/portal\/noticias\/2015\/la-ull-inaugura-un-laboratorio-de-seguridad-biologica-de-nivel-2-en-la-seccion-de-medicina\/","name":"La ULL inaugura un Laboratorio de Seguridad Biol\u00f3gica de Nivel 2 en la Secci\u00f3n de Medicina - ULL - Noticias","isPartOf":{"@id":"https:\/\/www.ull.es\/portal\/noticias\/#website"},"datePublished":"2015-05-12T08:49:37+00:00","dateModified":"2015-05-12T08:49:37+00:00","author":{"@id":"https:\/\/www.ull.es\/portal\/noticias\/#\/schema\/person\/b2b1a89d43ffa609e591f7df8ef3e817"},"breadcrumb":{"@id":"https:\/\/www.ull.es\/portal\/noticias\/2015\/la-ull-inaugura-un-laboratorio-de-seguridad-biologica-de-nivel-2-en-la-seccion-de-medicina\/#breadcrumb"},"inLanguage":"es","potentialAction":[{"@type":"ReadAction","target":["https:\/\/www.ull.es\/portal\/noticias\/2015\/la-ull-inaugura-un-laboratorio-de-seguridad-biologica-de-nivel-2-en-la-seccion-de-medicina\/"]}]},{"@type":"BreadcrumbList","@id":"https:\/\/www.ull.es\/portal\/noticias\/2015\/la-ull-inaugura-un-laboratorio-de-seguridad-biologica-de-nivel-2-en-la-seccion-de-medicina\/#breadcrumb","itemListElement":[{"@type":"ListItem","position":1,"name":"Portada","item":"https:\/\/www.ull.es\/portal\/noticias\/"},{"@type":"ListItem","position":2,"name":"La ULL inaugura un Laboratorio de Seguridad Biol\u00f3gica de Nivel 2 en la Secci\u00f3n de Medicina"}]},{"@type":"WebSite","@id":"https:\/\/www.ull.es\/portal\/noticias\/#website","url":"https:\/\/www.ull.es\/portal\/noticias\/","name":"ULL - Noticias","description":"","potentialAction":[{"@type":"SearchAction","target":{"@type":"EntryPoint","urlTemplate":"https:\/\/www.ull.es\/portal\/noticias\/?s={search_term_string}"},"query-input":"required name=search_term_string"}],"inLanguage":"es"},{"@type":"Person","@id":"https:\/\/www.ull.es\/portal\/noticias\/#\/schema\/person\/b2b1a89d43ffa609e591f7df8ef3e817","name":"gaprsa","image":{"@type":"ImageObject","inLanguage":"es","@id":"https:\/\/www.ull.es\/portal\/noticias\/#\/schema\/person\/image\/","url":"https:\/\/secure.gravatar.com\/avatar\/443820550921091458b4823867723b3d?s=96&d=mm&r=g","contentUrl":"https:\/\/secure.gravatar.com\/avatar\/443820550921091458b4823867723b3d?s=96&d=mm&r=g","caption":"gaprsa"},"url":"https:\/\/www.ull.es\/portal\/noticias\/author\/gaprsa\/"}]}},"primary_category":null,"featured_image_thumbnail_url":null,"_links":{"self":[{"href":"https:\/\/www.ull.es\/portal\/noticias\/wp-json\/wp\/v2\/posts\/12202"}],"collection":[{"href":"https:\/\/www.ull.es\/portal\/noticias\/wp-json\/wp\/v2\/posts"}],"about":[{"href":"https:\/\/www.ull.es\/portal\/noticias\/wp-json\/wp\/v2\/types\/post"}],"author":[{"embeddable":true,"href":"https:\/\/www.ull.es\/portal\/noticias\/wp-json\/wp\/v2\/users\/23"}],"replies":[{"embeddable":true,"href":"https:\/\/www.ull.es\/portal\/noticias\/wp-json\/wp\/v2\/comments?post=12202"}],"version-history":[{"count":0,"href":"https:\/\/www.ull.es\/portal\/noticias\/wp-json\/wp\/v2\/posts\/12202\/revisions"}],"wp:attachment":[{"href":"https:\/\/www.ull.es\/portal\/noticias\/wp-json\/wp\/v2\/media?parent=12202"}],"wp:term":[{"taxonomy":"category","embeddable":true,"href":"https:\/\/www.ull.es\/portal\/noticias\/wp-json\/wp\/v2\/categories?post=12202"},{"taxonomy":"post_tag","embeddable":true,"href":"https:\/\/www.ull.es\/portal\/noticias\/wp-json\/wp\/v2\/tags?post=12202"}],"curies":[{"name":"wp","href":"https:\/\/api.w.org\/{rel}","templated":true}]}}