{"id":12228,"date":"2015-05-14T12:42:37","date_gmt":"2015-05-14T12:42:37","guid":{"rendered":"http:\/\/ddigital.webs.ull.es\/?p=12228"},"modified":"2015-05-14T12:42:37","modified_gmt":"2015-05-14T12:42:37","slug":"unas-jornadas-de-la-ull-denuncian-el-sesgo-de-genero-en-el-mundo-de-la-ciencia-y-busca-captar-nuevas-vocaciones","status":"publish","type":"post","link":"https:\/\/www.ull.es\/portal\/noticias\/2015\/unas-jornadas-de-la-ull-denuncian-el-sesgo-de-genero-en-el-mundo-de-la-ciencia-y-busca-captar-nuevas-vocaciones\/","title":{"rendered":"Unas jornadas de la ULL denuncian el sesgo de g\u00e9nero en el mundo de la ciencia y busca captar nuevas vocaciones"},"content":{"rendered":"<p>El Aula Magna del edificio de las secciones de F\u00edsica y Matem\u00e1ticas de la Facultad de Ciencias de la Universidad de La Laguna congreg\u00f3 hoy, jueves 14 de mayo, una audiencia inusual: estudiantes de 1\u00ba de Bachillerato procedentes del IES Tegueste, que acudieron como p\u00fablico a las \u201cJornadas sobre cient\u00edficas y tecn\u00f3logas: promoviendo nuevas vocaciones cient\u00edficas\u201d. Este encentro tiene el doble objetivo de reivindicar el papel de las mujeres en el mundo de la investigaci\u00f3n, denunciando a la vez su sesgo de g\u00e9nero, y tambi\u00e9n despertar el inter\u00e9s por el mundo de la investigaci\u00f3n entre el alumnado m\u00e1s joven.<\/p>\n<p>El encuentro, que se prolongar\u00e1 hasta ma\u00f1ana d\u00eda 15, est\u00e1 organizado conjuntamente por el Instituto Universitario de las Mujeres (IUEM) y la Unidad de Igualdad de G\u00e9nero del centro acad\u00e9mico, y en la inauguraci\u00f3n estuvieron sus directoras respectivas, Inmaculada Perdomo y Sara Garc\u00eda, respectivamente. Las acompa\u00f1aron en la mesa el vicerrector de Investigaci\u00f3n e Internacionalizaci\u00f3n, Rodrigo Trujillo, y el decano de la Facultad de Ciencias, N\u00e9stor Torres.<\/p>\n<p>Perdomo enfatiz\u00f3 que el objetivo de estas jornadas es el de \u201cformar, sensibilizar y difundir\u201d la actividad de las mujeres en el \u00e1mbito cient\u00edfico y tecnol\u00f3gico. Tambi\u00e9n es el de reflexionar sobre los datos existentes al respecto, e intentar explicar las razones que hay tras ellos y qu\u00e9 hacer para aumentar la presencia femenina en esos campos.<\/p>\n<p>\u201cNo se trata de que haya m\u00e1s mujeres porque s\u00ed, por una cuesti\u00f3n de cuotas, sino porque, aparte de ser una cuesti\u00f3n de justicia, ser\u00eda enormemente enriquecedor para la ciencia, puesto que a la visi\u00f3n masculina se a\u00f1adir\u00eda la femenina, y la multiplicidad de puntos de vista siempre es beneficiosa para el progreso\u201d, explic\u00f3 Perdomo.<\/p>\n<p>El vicerrector de Investigaci\u00f3n e Internacionalizaci\u00f3n incidi\u00f3 en ese aspecto afirmando que en los \u00faltimos tiempos se ha comprobado la eficacia de los equipos de investigaci\u00f3n multidisciplinares, a lo que \u00e9l a\u00f1adir\u00eda tambi\u00e9n el t\u00e9rmino \u201cmixtos\u201d, algo que \u00e9l mismo ha potenciado cuando le ha tocado coordinar alg\u00fan proyecto.<\/p>\n<p>Trujillo destac\u00f3 el inter\u00e9s de las jornadas para despertar vocaciones entre el alumnado joven, por lo que pidi\u00f3 a las ponentes que tuvieran en cuenta esa audiencia tan peculiar. \u201cLa universidad tiene que ofrecer modelos de desarrollo social y profesional\u201d, reflexion\u00f3 en referencia a las tecn\u00f3logas que iban a participar en el encuentro.<\/p>\n<p>Por su parte, el decano de la Facultad de Ciencias reflexion\u00f3 sobre la discriminaci\u00f3n sexual en el mundo de la ciencia de elite, y puso el ejemplo de un estudio en el que dos investigadoras demostraban que en cierto periodo de tiempo hab\u00eda aumentado el n\u00famero de doctoras en Bilog\u00eda mientras que el de de proyectos postdoctorales para investigadoras femeninas hab\u00eda disminuido, lo cual indicaba un claro sesgo. Como es habitual en las publicaciones cient\u00edficas, el estudio fue revisado por un evaluador an\u00f3nimo que lo rechaz\u00f3 al considerar que conten\u00eda \u201csesgos ideol\u00f3gicos\u201d y recomendaba incorporar al proyecto una visi\u00f3n masculina.<\/p>\n<p>El hecho caus\u00f3 mucho revuelo y se sald\u00f3 con la revista prescindiendo de los servicios de ese evaluador, difundiendo el estudio y revisando su pol\u00edtica de correcciones. Pero para N\u00e9stor Torres, este es s\u00f3lo un ejemplo de las resistencias a la visi\u00f3n femenina que a\u00fan persisten y que es necesario superar.<\/p>\n<p>La directora de la Unidad de Igualdad de G\u00e9nero de la ULL proclam\u00f3 su intenci\u00f3n de seguir colaborando con el Instituto Universitario de Estudios de las Mujeres en proyectos come este, en el que se enfatiza el \u201ctono emp\u00e1tico\u201d gracias a los testimonios de las investigadoras.<\/p>\n","protected":false},"excerpt":{"rendered":"<p>El Aula Magna del edificio de las secciones de F\u00edsica y Matem\u00e1ticas de la Facultad de Ciencias de la Universidad&#8230;<\/p>\n","protected":false},"author":23,"featured_media":12229,"comment_status":"open","ping_status":"open","sticky":false,"template":"","format":"image","meta":{"inline_featured_image":false,"footnotes":""},"categories":[345,350,1],"tags":[815,1357,1502,1932,1967,2286,2330,2527,2560],"acf":[],"yoast_head":"<!-- This site is optimized with the Yoast SEO plugin v21.3 - https:\/\/yoast.com\/wordpress\/plugins\/seo\/ -->\n<title>Unas jornadas de la ULL denuncian el sesgo de g\u00e9nero en el mundo de la ciencia y busca captar nuevas vocaciones - ULL - Noticias<\/title>\n<meta name=\"robots\" content=\"index, follow, max-snippet:-1, max-image-preview:large, max-video-preview:-1\" \/>\n<link rel=\"canonical\" href=\"https:\/\/www.ull.es\/portal\/noticias\/2015\/unas-jornadas-de-la-ull-denuncian-el-sesgo-de-genero-en-el-mundo-de-la-ciencia-y-busca-captar-nuevas-vocaciones\/\" \/>\n<meta property=\"og:locale\" content=\"es_ES\" \/>\n<meta property=\"og:type\" content=\"article\" \/>\n<meta property=\"og:title\" content=\"Unas jornadas de la ULL denuncian el sesgo de g\u00e9nero en el mundo de la ciencia y busca captar nuevas vocaciones - ULL - Noticias\" \/>\n<meta property=\"og:description\" content=\"El Aula Magna del edificio de las secciones de F\u00edsica y Matem\u00e1ticas de la Facultad de Ciencias de la Universidad...\" \/>\n<meta property=\"og:url\" content=\"https:\/\/www.ull.es\/portal\/noticias\/2015\/unas-jornadas-de-la-ull-denuncian-el-sesgo-de-genero-en-el-mundo-de-la-ciencia-y-busca-captar-nuevas-vocaciones\/\" \/>\n<meta property=\"og:site_name\" content=\"ULL - Noticias\" \/>\n<meta property=\"article:publisher\" content=\"https:\/\/www.facebook.com\/universidaddelalaguna\/\" \/>\n<meta property=\"article:published_time\" content=\"2015-05-14T12:42:37+00:00\" \/>\n<meta property=\"og:image\" content=\"https:\/\/www.ull.es\/portal\/noticias\/wp-content\/uploads\/sites\/13\/2015\/05\/jornadas-tecnologas.jpg\" \/>\n\t<meta property=\"og:image:width\" content=\"1034\" \/>\n\t<meta property=\"og:image:height\" content=\"708\" \/>\n\t<meta property=\"og:image:type\" content=\"image\/jpeg\" \/>\n<meta name=\"author\" content=\"gaprsa\" \/>\n<meta name=\"twitter:card\" content=\"summary_large_image\" \/>\n<meta name=\"twitter:creator\" content=\"@CanalULL\" \/>\n<meta name=\"twitter:site\" content=\"@CanalULL\" \/>\n<meta name=\"twitter:label1\" content=\"Escrito por\" \/>\n\t<meta name=\"twitter:data1\" content=\"gaprsa\" \/>\n\t<meta name=\"twitter:label2\" content=\"Tiempo de lectura\" \/>\n\t<meta name=\"twitter:data2\" content=\"3 minutos\" \/>\n<script type=\"application\/ld+json\" class=\"yoast-schema-graph\">{\"@context\":\"https:\/\/schema.org\",\"@graph\":[{\"@type\":\"WebPage\",\"@id\":\"https:\/\/www.ull.es\/portal\/noticias\/2015\/unas-jornadas-de-la-ull-denuncian-el-sesgo-de-genero-en-el-mundo-de-la-ciencia-y-busca-captar-nuevas-vocaciones\/\",\"url\":\"https:\/\/www.ull.es\/portal\/noticias\/2015\/unas-jornadas-de-la-ull-denuncian-el-sesgo-de-genero-en-el-mundo-de-la-ciencia-y-busca-captar-nuevas-vocaciones\/\",\"name\":\"Unas jornadas de la ULL denuncian el sesgo de g\u00e9nero en el mundo de la ciencia y busca captar nuevas vocaciones - ULL - Noticias\",\"isPartOf\":{\"@id\":\"https:\/\/www.ull.es\/portal\/noticias\/#website\"},\"datePublished\":\"2015-05-14T12:42:37+00:00\",\"dateModified\":\"2015-05-14T12:42:37+00:00\",\"author\":{\"@id\":\"https:\/\/www.ull.es\/portal\/noticias\/#\/schema\/person\/b2b1a89d43ffa609e591f7df8ef3e817\"},\"breadcrumb\":{\"@id\":\"https:\/\/www.ull.es\/portal\/noticias\/2015\/unas-jornadas-de-la-ull-denuncian-el-sesgo-de-genero-en-el-mundo-de-la-ciencia-y-busca-captar-nuevas-vocaciones\/#breadcrumb\"},\"inLanguage\":\"es\",\"potentialAction\":[{\"@type\":\"ReadAction\",\"target\":[\"https:\/\/www.ull.es\/portal\/noticias\/2015\/unas-jornadas-de-la-ull-denuncian-el-sesgo-de-genero-en-el-mundo-de-la-ciencia-y-busca-captar-nuevas-vocaciones\/\"]}]},{\"@type\":\"BreadcrumbList\",\"@id\":\"https:\/\/www.ull.es\/portal\/noticias\/2015\/unas-jornadas-de-la-ull-denuncian-el-sesgo-de-genero-en-el-mundo-de-la-ciencia-y-busca-captar-nuevas-vocaciones\/#breadcrumb\",\"itemListElement\":[{\"@type\":\"ListItem\",\"position\":1,\"name\":\"Portada\",\"item\":\"https:\/\/www.ull.es\/portal\/noticias\/\"},{\"@type\":\"ListItem\",\"position\":2,\"name\":\"Unas jornadas de la ULL denuncian el sesgo de g\u00e9nero en el mundo de la ciencia y busca captar nuevas vocaciones\"}]},{\"@type\":\"WebSite\",\"@id\":\"https:\/\/www.ull.es\/portal\/noticias\/#website\",\"url\":\"https:\/\/www.ull.es\/portal\/noticias\/\",\"name\":\"ULL - Noticias\",\"description\":\"\",\"potentialAction\":[{\"@type\":\"SearchAction\",\"target\":{\"@type\":\"EntryPoint\",\"urlTemplate\":\"https:\/\/www.ull.es\/portal\/noticias\/?s={search_term_string}\"},\"query-input\":\"required name=search_term_string\"}],\"inLanguage\":\"es\"},{\"@type\":\"Person\",\"@id\":\"https:\/\/www.ull.es\/portal\/noticias\/#\/schema\/person\/b2b1a89d43ffa609e591f7df8ef3e817\",\"name\":\"gaprsa\",\"image\":{\"@type\":\"ImageObject\",\"inLanguage\":\"es\",\"@id\":\"https:\/\/www.ull.es\/portal\/noticias\/#\/schema\/person\/image\/\",\"url\":\"https:\/\/secure.gravatar.com\/avatar\/443820550921091458b4823867723b3d?s=96&d=mm&r=g\",\"contentUrl\":\"https:\/\/secure.gravatar.com\/avatar\/443820550921091458b4823867723b3d?s=96&d=mm&r=g\",\"caption\":\"gaprsa\"},\"url\":\"https:\/\/www.ull.es\/portal\/noticias\/author\/gaprsa\/\"}]}<\/script>\n<!-- \/ Yoast SEO plugin. -->","yoast_head_json":{"title":"Unas jornadas de la ULL denuncian el sesgo de g\u00e9nero en el mundo de la ciencia y busca captar nuevas vocaciones - ULL - Noticias","robots":{"index":"index","follow":"follow","max-snippet":"max-snippet:-1","max-image-preview":"max-image-preview:large","max-video-preview":"max-video-preview:-1"},"canonical":"https:\/\/www.ull.es\/portal\/noticias\/2015\/unas-jornadas-de-la-ull-denuncian-el-sesgo-de-genero-en-el-mundo-de-la-ciencia-y-busca-captar-nuevas-vocaciones\/","og_locale":"es_ES","og_type":"article","og_title":"Unas jornadas de la ULL denuncian el sesgo de g\u00e9nero en el mundo de la ciencia y busca captar nuevas vocaciones - ULL - Noticias","og_description":"El Aula Magna del edificio de las secciones de F\u00edsica y Matem\u00e1ticas de la Facultad de Ciencias de la Universidad...","og_url":"https:\/\/www.ull.es\/portal\/noticias\/2015\/unas-jornadas-de-la-ull-denuncian-el-sesgo-de-genero-en-el-mundo-de-la-ciencia-y-busca-captar-nuevas-vocaciones\/","og_site_name":"ULL - Noticias","article_publisher":"https:\/\/www.facebook.com\/universidaddelalaguna\/","article_published_time":"2015-05-14T12:42:37+00:00","og_image":[{"width":1034,"height":708,"url":"https:\/\/www.ull.es\/portal\/noticias\/wp-content\/uploads\/sites\/13\/2015\/05\/jornadas-tecnologas.jpg","type":"image\/jpeg"}],"author":"gaprsa","twitter_card":"summary_large_image","twitter_creator":"@CanalULL","twitter_site":"@CanalULL","twitter_misc":{"Escrito por":"gaprsa","Tiempo de lectura":"3 minutos"},"schema":{"@context":"https:\/\/schema.org","@graph":[{"@type":"WebPage","@id":"https:\/\/www.ull.es\/portal\/noticias\/2015\/unas-jornadas-de-la-ull-denuncian-el-sesgo-de-genero-en-el-mundo-de-la-ciencia-y-busca-captar-nuevas-vocaciones\/","url":"https:\/\/www.ull.es\/portal\/noticias\/2015\/unas-jornadas-de-la-ull-denuncian-el-sesgo-de-genero-en-el-mundo-de-la-ciencia-y-busca-captar-nuevas-vocaciones\/","name":"Unas jornadas de la ULL denuncian el sesgo de g\u00e9nero en el mundo de la ciencia y busca captar nuevas vocaciones - ULL - Noticias","isPartOf":{"@id":"https:\/\/www.ull.es\/portal\/noticias\/#website"},"datePublished":"2015-05-14T12:42:37+00:00","dateModified":"2015-05-14T12:42:37+00:00","author":{"@id":"https:\/\/www.ull.es\/portal\/noticias\/#\/schema\/person\/b2b1a89d43ffa609e591f7df8ef3e817"},"breadcrumb":{"@id":"https:\/\/www.ull.es\/portal\/noticias\/2015\/unas-jornadas-de-la-ull-denuncian-el-sesgo-de-genero-en-el-mundo-de-la-ciencia-y-busca-captar-nuevas-vocaciones\/#breadcrumb"},"inLanguage":"es","potentialAction":[{"@type":"ReadAction","target":["https:\/\/www.ull.es\/portal\/noticias\/2015\/unas-jornadas-de-la-ull-denuncian-el-sesgo-de-genero-en-el-mundo-de-la-ciencia-y-busca-captar-nuevas-vocaciones\/"]}]},{"@type":"BreadcrumbList","@id":"https:\/\/www.ull.es\/portal\/noticias\/2015\/unas-jornadas-de-la-ull-denuncian-el-sesgo-de-genero-en-el-mundo-de-la-ciencia-y-busca-captar-nuevas-vocaciones\/#breadcrumb","itemListElement":[{"@type":"ListItem","position":1,"name":"Portada","item":"https:\/\/www.ull.es\/portal\/noticias\/"},{"@type":"ListItem","position":2,"name":"Unas jornadas de la ULL denuncian el sesgo de g\u00e9nero en el mundo de la ciencia y busca captar nuevas vocaciones"}]},{"@type":"WebSite","@id":"https:\/\/www.ull.es\/portal\/noticias\/#website","url":"https:\/\/www.ull.es\/portal\/noticias\/","name":"ULL - Noticias","description":"","potentialAction":[{"@type":"SearchAction","target":{"@type":"EntryPoint","urlTemplate":"https:\/\/www.ull.es\/portal\/noticias\/?s={search_term_string}"},"query-input":"required name=search_term_string"}],"inLanguage":"es"},{"@type":"Person","@id":"https:\/\/www.ull.es\/portal\/noticias\/#\/schema\/person\/b2b1a89d43ffa609e591f7df8ef3e817","name":"gaprsa","image":{"@type":"ImageObject","inLanguage":"es","@id":"https:\/\/www.ull.es\/portal\/noticias\/#\/schema\/person\/image\/","url":"https:\/\/secure.gravatar.com\/avatar\/443820550921091458b4823867723b3d?s=96&d=mm&r=g","contentUrl":"https:\/\/secure.gravatar.com\/avatar\/443820550921091458b4823867723b3d?s=96&d=mm&r=g","caption":"gaprsa"},"url":"https:\/\/www.ull.es\/portal\/noticias\/author\/gaprsa\/"}]}},"primary_category":null,"featured_image_thumbnail_url":"https:\/\/www.ull.es\/portal\/noticias\/wp-content\/uploads\/sites\/13\/2015\/05\/jornadas-tecnologas-300x205.jpg","_links":{"self":[{"href":"https:\/\/www.ull.es\/portal\/noticias\/wp-json\/wp\/v2\/posts\/12228"}],"collection":[{"href":"https:\/\/www.ull.es\/portal\/noticias\/wp-json\/wp\/v2\/posts"}],"about":[{"href":"https:\/\/www.ull.es\/portal\/noticias\/wp-json\/wp\/v2\/types\/post"}],"author":[{"embeddable":true,"href":"https:\/\/www.ull.es\/portal\/noticias\/wp-json\/wp\/v2\/users\/23"}],"replies":[{"embeddable":true,"href":"https:\/\/www.ull.es\/portal\/noticias\/wp-json\/wp\/v2\/comments?post=12228"}],"version-history":[{"count":0,"href":"https:\/\/www.ull.es\/portal\/noticias\/wp-json\/wp\/v2\/posts\/12228\/revisions"}],"wp:featuredmedia":[{"embeddable":true,"href":"https:\/\/www.ull.es\/portal\/noticias\/wp-json\/wp\/v2\/media\/12229"}],"wp:attachment":[{"href":"https:\/\/www.ull.es\/portal\/noticias\/wp-json\/wp\/v2\/media?parent=12228"}],"wp:term":[{"taxonomy":"category","embeddable":true,"href":"https:\/\/www.ull.es\/portal\/noticias\/wp-json\/wp\/v2\/categories?post=12228"},{"taxonomy":"post_tag","embeddable":true,"href":"https:\/\/www.ull.es\/portal\/noticias\/wp-json\/wp\/v2\/tags?post=12228"}],"curies":[{"name":"wp","href":"https:\/\/api.w.org\/{rel}","templated":true}]}}