{"id":12289,"date":"2015-05-19T14:05:09","date_gmt":"2015-05-19T14:05:09","guid":{"rendered":"http:\/\/ddigital.webs.ull.es\/?p=12289"},"modified":"2015-05-19T14:05:09","modified_gmt":"2015-05-19T14:05:09","slug":"la-universidad-de-la-laguna-premia-a-los-autores-de-los-primeros-cursos-mooc-en-la-plataforma-miriada-x","status":"publish","type":"post","link":"https:\/\/www.ull.es\/portal\/noticias\/2015\/la-universidad-de-la-laguna-premia-a-los-autores-de-los-primeros-cursos-mooc-en-la-plataforma-miriada-x\/","title":{"rendered":"La Universidad de La Laguna premia a los autores de los primeros cursos MOOC en la plataforma Mir\u00edada X"},"content":{"rendered":"<p>El Vicerrectorado de Tecnolog\u00edas de la Informaci\u00f3n y Servicios Universitarios de la Universidad de La Laguna ha resuelto premiar a dos de los primeros cinco cursos MOOC (Massive Open Online Course) que el centro acad\u00e9mico ha desarrollado durante el curso 2014\/15 adscritos a la plataforma Mir\u00edada X y bajo la supervisi\u00f3n de la Unidad para la Docencia Virtual.<\/p>\n<p>As\u00ed, el curso \u2018Geometr\u00eda diferencial y mec\u00e1nica: una introducci\u00f3n\u2019 ha recibido hoy martes 19 de mayo el primer premio, dotado con 1.500 euros y diploma. Ha sido coordinado por la profesora Edith Padr\u00f3n Hern\u00e1ndez, y ha contado con la colaboraci\u00f3n de Juan Carlos Marrero, David Iglesias y Diana Sosa. El jurado ha valorado el dinamismo, el dise\u00f1o y la estructura de esta propuesta para concederle este galard\u00f3n.<\/p>\n<p>Tambi\u00e9n ha sido distinguido el curso MOOC \u2018Electricidad: conceptos b\u00e1sicos y aplicaciones\u2019, a cargo de M\u00aa de la Pe\u00f1a Fabi\u00e1n y que ha obtenido un premio de mil euros m\u00e1s diploma. En su trabajo tambi\u00e9n han participado Jos\u00e9 Francisco G\u00f3mez, Benjam\u00edn Jes\u00fas Gonz\u00e1lez, Carlos Efr\u00e9n Mora y Ernesto Pereda. En este caso, el comit\u00e9 de valoraci\u00f3n ha observado su claridad comunicativa, su dise\u00f1o pedag\u00f3gico y la calidad de los materiales audiovisuales creados para el desarrollo del curso.<\/p>\n<p>En el acto de hoy, celebrado en la sala de juntas del Rectorado, tambi\u00e9n se otorg\u00f3 una menci\u00f3n especial a la propuesta \u2018Instrucci\u00f3n gramatical y virtual ELE\u2019, desarrollado por M\u00aa del Cristo, Antonio Cano y Javier Medina, por desarrollar un curso novedoso en su \u00e1mbito y que permitir\u00e1 dar visibilidad a la instituci\u00f3n acad\u00e9mica.<\/p>\n<p>El rector de la Universidad de La Laguna, Eduardo Dom\u00e9nech, agradeci\u00f3 la presentaci\u00f3n de todos los cursos MOOC en Mir\u00edada X, ya que se trata de la primera experiencia en este \u00e1mbito y estos docentes han ejercido por tanto un claro liderazgo en esta acci\u00f3n.<\/p>\n","protected":false},"excerpt":{"rendered":"<p>El Vicerrectorado de Tecnolog\u00edas de la Informaci\u00f3n y Servicios Universitarios de la Universidad de La Laguna ha resuelto premiar a&#8230;<\/p>\n","protected":false},"author":23,"featured_media":0,"comment_status":"open","ping_status":"open","sticky":false,"template":"","format":"gallery","meta":{"inline_featured_image":false,"footnotes":""},"categories":[345,346,1],"tags":[509,638,715,976,1036,1091,1094,1155,1580,1628,1683,1833,1924,2293,2527,2560],"acf":[],"yoast_head":"<!-- This site is optimized with the Yoast SEO plugin v21.3 - https:\/\/yoast.com\/wordpress\/plugins\/seo\/ -->\n<title>La Universidad de La Laguna premia a los autores de los primeros cursos MOOC en la plataforma Mir\u00edada X - ULL - Noticias<\/title>\n<meta name=\"robots\" content=\"index, follow, max-snippet:-1, max-image-preview:large, max-video-preview:-1\" \/>\n<link rel=\"canonical\" href=\"https:\/\/www.ull.es\/portal\/noticias\/2015\/la-universidad-de-la-laguna-premia-a-los-autores-de-los-primeros-cursos-mooc-en-la-plataforma-miriada-x\/\" \/>\n<meta property=\"og:locale\" content=\"es_ES\" \/>\n<meta property=\"og:type\" content=\"article\" \/>\n<meta property=\"og:title\" content=\"La Universidad de La Laguna premia a los autores de los primeros cursos MOOC en la plataforma Mir\u00edada X - ULL - Noticias\" \/>\n<meta property=\"og:description\" content=\"El Vicerrectorado de Tecnolog\u00edas de la Informaci\u00f3n y Servicios Universitarios de la Universidad de La Laguna ha resuelto premiar a...\" \/>\n<meta property=\"og:url\" content=\"https:\/\/www.ull.es\/portal\/noticias\/2015\/la-universidad-de-la-laguna-premia-a-los-autores-de-los-primeros-cursos-mooc-en-la-plataforma-miriada-x\/\" \/>\n<meta property=\"og:site_name\" content=\"ULL - Noticias\" \/>\n<meta property=\"article:publisher\" content=\"https:\/\/www.facebook.com\/universidaddelalaguna\/\" \/>\n<meta property=\"article:published_time\" content=\"2015-05-19T14:05:09+00:00\" \/>\n<meta property=\"og:image\" content=\"https:\/\/www.ull.es\/portal\/noticias\/wp-content\/uploads\/sites\/13\/2023\/06\/logo-redimensionado.png\" \/>\n\t<meta property=\"og:image:width\" content=\"1200\" \/>\n\t<meta property=\"og:image:height\" content=\"630\" \/>\n\t<meta property=\"og:image:type\" content=\"image\/png\" \/>\n<meta name=\"author\" content=\"gaprsa\" \/>\n<meta name=\"twitter:card\" content=\"summary_large_image\" \/>\n<meta name=\"twitter:creator\" content=\"@CanalULL\" \/>\n<meta name=\"twitter:site\" content=\"@CanalULL\" \/>\n<meta name=\"twitter:label1\" content=\"Escrito por\" \/>\n\t<meta name=\"twitter:data1\" content=\"gaprsa\" \/>\n\t<meta name=\"twitter:label2\" content=\"Tiempo de lectura\" \/>\n\t<meta name=\"twitter:data2\" content=\"2 minutos\" \/>\n<script type=\"application\/ld+json\" class=\"yoast-schema-graph\">{\"@context\":\"https:\/\/schema.org\",\"@graph\":[{\"@type\":\"WebPage\",\"@id\":\"https:\/\/www.ull.es\/portal\/noticias\/2015\/la-universidad-de-la-laguna-premia-a-los-autores-de-los-primeros-cursos-mooc-en-la-plataforma-miriada-x\/\",\"url\":\"https:\/\/www.ull.es\/portal\/noticias\/2015\/la-universidad-de-la-laguna-premia-a-los-autores-de-los-primeros-cursos-mooc-en-la-plataforma-miriada-x\/\",\"name\":\"La Universidad de La Laguna premia a los autores de los primeros cursos MOOC en la plataforma Mir\u00edada X - ULL - Noticias\",\"isPartOf\":{\"@id\":\"https:\/\/www.ull.es\/portal\/noticias\/#website\"},\"datePublished\":\"2015-05-19T14:05:09+00:00\",\"dateModified\":\"2015-05-19T14:05:09+00:00\",\"author\":{\"@id\":\"https:\/\/www.ull.es\/portal\/noticias\/#\/schema\/person\/b2b1a89d43ffa609e591f7df8ef3e817\"},\"breadcrumb\":{\"@id\":\"https:\/\/www.ull.es\/portal\/noticias\/2015\/la-universidad-de-la-laguna-premia-a-los-autores-de-los-primeros-cursos-mooc-en-la-plataforma-miriada-x\/#breadcrumb\"},\"inLanguage\":\"es\",\"potentialAction\":[{\"@type\":\"ReadAction\",\"target\":[\"https:\/\/www.ull.es\/portal\/noticias\/2015\/la-universidad-de-la-laguna-premia-a-los-autores-de-los-primeros-cursos-mooc-en-la-plataforma-miriada-x\/\"]}]},{\"@type\":\"BreadcrumbList\",\"@id\":\"https:\/\/www.ull.es\/portal\/noticias\/2015\/la-universidad-de-la-laguna-premia-a-los-autores-de-los-primeros-cursos-mooc-en-la-plataforma-miriada-x\/#breadcrumb\",\"itemListElement\":[{\"@type\":\"ListItem\",\"position\":1,\"name\":\"Portada\",\"item\":\"https:\/\/www.ull.es\/portal\/noticias\/\"},{\"@type\":\"ListItem\",\"position\":2,\"name\":\"La Universidad de La Laguna premia a los autores de los primeros cursos MOOC en la plataforma Mir\u00edada X\"}]},{\"@type\":\"WebSite\",\"@id\":\"https:\/\/www.ull.es\/portal\/noticias\/#website\",\"url\":\"https:\/\/www.ull.es\/portal\/noticias\/\",\"name\":\"ULL - Noticias\",\"description\":\"\",\"potentialAction\":[{\"@type\":\"SearchAction\",\"target\":{\"@type\":\"EntryPoint\",\"urlTemplate\":\"https:\/\/www.ull.es\/portal\/noticias\/?s={search_term_string}\"},\"query-input\":\"required name=search_term_string\"}],\"inLanguage\":\"es\"},{\"@type\":\"Person\",\"@id\":\"https:\/\/www.ull.es\/portal\/noticias\/#\/schema\/person\/b2b1a89d43ffa609e591f7df8ef3e817\",\"name\":\"gaprsa\",\"image\":{\"@type\":\"ImageObject\",\"inLanguage\":\"es\",\"@id\":\"https:\/\/www.ull.es\/portal\/noticias\/#\/schema\/person\/image\/\",\"url\":\"https:\/\/secure.gravatar.com\/avatar\/443820550921091458b4823867723b3d?s=96&d=mm&r=g\",\"contentUrl\":\"https:\/\/secure.gravatar.com\/avatar\/443820550921091458b4823867723b3d?s=96&d=mm&r=g\",\"caption\":\"gaprsa\"},\"url\":\"https:\/\/www.ull.es\/portal\/noticias\/author\/gaprsa\/\"}]}<\/script>\n<!-- \/ Yoast SEO plugin. -->","yoast_head_json":{"title":"La Universidad de La Laguna premia a los autores de los primeros cursos MOOC en la plataforma Mir\u00edada X - ULL - Noticias","robots":{"index":"index","follow":"follow","max-snippet":"max-snippet:-1","max-image-preview":"max-image-preview:large","max-video-preview":"max-video-preview:-1"},"canonical":"https:\/\/www.ull.es\/portal\/noticias\/2015\/la-universidad-de-la-laguna-premia-a-los-autores-de-los-primeros-cursos-mooc-en-la-plataforma-miriada-x\/","og_locale":"es_ES","og_type":"article","og_title":"La Universidad de La Laguna premia a los autores de los primeros cursos MOOC en la plataforma Mir\u00edada X - ULL - Noticias","og_description":"El Vicerrectorado de Tecnolog\u00edas de la Informaci\u00f3n y Servicios Universitarios de la Universidad de La Laguna ha resuelto premiar a...","og_url":"https:\/\/www.ull.es\/portal\/noticias\/2015\/la-universidad-de-la-laguna-premia-a-los-autores-de-los-primeros-cursos-mooc-en-la-plataforma-miriada-x\/","og_site_name":"ULL - Noticias","article_publisher":"https:\/\/www.facebook.com\/universidaddelalaguna\/","article_published_time":"2015-05-19T14:05:09+00:00","og_image":[{"width":1200,"height":630,"url":"https:\/\/www.ull.es\/portal\/noticias\/wp-content\/uploads\/sites\/13\/2023\/06\/logo-redimensionado.png","type":"image\/png"}],"author":"gaprsa","twitter_card":"summary_large_image","twitter_creator":"@CanalULL","twitter_site":"@CanalULL","twitter_misc":{"Escrito por":"gaprsa","Tiempo de lectura":"2 minutos"},"schema":{"@context":"https:\/\/schema.org","@graph":[{"@type":"WebPage","@id":"https:\/\/www.ull.es\/portal\/noticias\/2015\/la-universidad-de-la-laguna-premia-a-los-autores-de-los-primeros-cursos-mooc-en-la-plataforma-miriada-x\/","url":"https:\/\/www.ull.es\/portal\/noticias\/2015\/la-universidad-de-la-laguna-premia-a-los-autores-de-los-primeros-cursos-mooc-en-la-plataforma-miriada-x\/","name":"La Universidad de La Laguna premia a los autores de los primeros cursos MOOC en la plataforma Mir\u00edada X - ULL - Noticias","isPartOf":{"@id":"https:\/\/www.ull.es\/portal\/noticias\/#website"},"datePublished":"2015-05-19T14:05:09+00:00","dateModified":"2015-05-19T14:05:09+00:00","author":{"@id":"https:\/\/www.ull.es\/portal\/noticias\/#\/schema\/person\/b2b1a89d43ffa609e591f7df8ef3e817"},"breadcrumb":{"@id":"https:\/\/www.ull.es\/portal\/noticias\/2015\/la-universidad-de-la-laguna-premia-a-los-autores-de-los-primeros-cursos-mooc-en-la-plataforma-miriada-x\/#breadcrumb"},"inLanguage":"es","potentialAction":[{"@type":"ReadAction","target":["https:\/\/www.ull.es\/portal\/noticias\/2015\/la-universidad-de-la-laguna-premia-a-los-autores-de-los-primeros-cursos-mooc-en-la-plataforma-miriada-x\/"]}]},{"@type":"BreadcrumbList","@id":"https:\/\/www.ull.es\/portal\/noticias\/2015\/la-universidad-de-la-laguna-premia-a-los-autores-de-los-primeros-cursos-mooc-en-la-plataforma-miriada-x\/#breadcrumb","itemListElement":[{"@type":"ListItem","position":1,"name":"Portada","item":"https:\/\/www.ull.es\/portal\/noticias\/"},{"@type":"ListItem","position":2,"name":"La Universidad de La Laguna premia a los autores de los primeros cursos MOOC en la plataforma Mir\u00edada X"}]},{"@type":"WebSite","@id":"https:\/\/www.ull.es\/portal\/noticias\/#website","url":"https:\/\/www.ull.es\/portal\/noticias\/","name":"ULL - Noticias","description":"","potentialAction":[{"@type":"SearchAction","target":{"@type":"EntryPoint","urlTemplate":"https:\/\/www.ull.es\/portal\/noticias\/?s={search_term_string}"},"query-input":"required name=search_term_string"}],"inLanguage":"es"},{"@type":"Person","@id":"https:\/\/www.ull.es\/portal\/noticias\/#\/schema\/person\/b2b1a89d43ffa609e591f7df8ef3e817","name":"gaprsa","image":{"@type":"ImageObject","inLanguage":"es","@id":"https:\/\/www.ull.es\/portal\/noticias\/#\/schema\/person\/image\/","url":"https:\/\/secure.gravatar.com\/avatar\/443820550921091458b4823867723b3d?s=96&d=mm&r=g","contentUrl":"https:\/\/secure.gravatar.com\/avatar\/443820550921091458b4823867723b3d?s=96&d=mm&r=g","caption":"gaprsa"},"url":"https:\/\/www.ull.es\/portal\/noticias\/author\/gaprsa\/"}]}},"primary_category":null,"featured_image_thumbnail_url":null,"_links":{"self":[{"href":"https:\/\/www.ull.es\/portal\/noticias\/wp-json\/wp\/v2\/posts\/12289"}],"collection":[{"href":"https:\/\/www.ull.es\/portal\/noticias\/wp-json\/wp\/v2\/posts"}],"about":[{"href":"https:\/\/www.ull.es\/portal\/noticias\/wp-json\/wp\/v2\/types\/post"}],"author":[{"embeddable":true,"href":"https:\/\/www.ull.es\/portal\/noticias\/wp-json\/wp\/v2\/users\/23"}],"replies":[{"embeddable":true,"href":"https:\/\/www.ull.es\/portal\/noticias\/wp-json\/wp\/v2\/comments?post=12289"}],"version-history":[{"count":0,"href":"https:\/\/www.ull.es\/portal\/noticias\/wp-json\/wp\/v2\/posts\/12289\/revisions"}],"wp:attachment":[{"href":"https:\/\/www.ull.es\/portal\/noticias\/wp-json\/wp\/v2\/media?parent=12289"}],"wp:term":[{"taxonomy":"category","embeddable":true,"href":"https:\/\/www.ull.es\/portal\/noticias\/wp-json\/wp\/v2\/categories?post=12289"},{"taxonomy":"post_tag","embeddable":true,"href":"https:\/\/www.ull.es\/portal\/noticias\/wp-json\/wp\/v2\/tags?post=12289"}],"curies":[{"name":"wp","href":"https:\/\/api.w.org\/{rel}","templated":true}]}}