{"id":12380,"date":"2015-05-27T14:42:36","date_gmt":"2015-05-27T14:42:36","guid":{"rendered":"http:\/\/ddigital.webs.ull.es\/?p=12380"},"modified":"2019-04-08T10:06:06","modified_gmt":"2019-04-08T10:06:06","slug":"martinon-toma-las-riendas-del-rectorado-de-la-ull-con-una-llamada-a-la-unidad","status":"publish","type":"post","link":"https:\/\/www.ull.es\/portal\/noticias\/2015\/martinon-toma-las-riendas-del-rectorado-de-la-ull-con-una-llamada-a-la-unidad\/","title":{"rendered":"Martin\u00f3n toma las riendas del Rectorado de la ULL con una llamada a la unidad"},"content":{"rendered":"<p>Antonio Martin\u00f3n Cejas es ya el nuevo rector de la Universidad de La Laguna, tras haber tomado posesi\u00f3n de su cargo hoy, mi\u00e9rcoles 27 de mayo, en una ceremonia presidida por el presidente en funciones del Gobierno de Canarias, Paulino Rivero, que se ha desarrollado ante un Paraninfo repleto de personas, tanto de la comunidad universitaria como de instituciones civiles y militares de Tenerife. El nuevo mandatario de la instituci\u00f3n inici\u00f3 su mandato con un discurso en el que insisti\u00f3 en la necesidad de unidad de la comunidad universitaria para afrontar los importantes retos que tiene por delante.<\/p>\n<p>La ceremonia en s\u00ed fue muy sencilla pero plagada de simbolismos. La secretaria general de Presidencia del Gobierno de Canarias ley\u00f3 el decreto mediante el cual el ejecutivo regional nombraba a Martin\u00f3n y, seguidamente, \u00e9ste procedi\u00f3 a prometer su cargo y a firmar el acta en presencia de varios testigos procedentes del alumnado, el profesorado y el personal de administraci\u00f3n y servicios de la instituci\u00f3n.<\/p>\n<p>A continuaci\u00f3n, el rector saliente de la ULL, Eduardo Dom\u00e9nech, entreg\u00f3 a su sucesor en el cargo la medalla, el anillo y el bast\u00f3n s\u00edmbolos de su cargo y, para terminar sus ocho a\u00f1os de mandato, cedi\u00f3 a Martin\u00f3n el puesto preferente en la mesa presidencial que hasta ese momento \u00e9l hab\u00eda ocupado. El nuevo rector brind\u00f3 el bast\u00f3n de mando al p\u00fablico asistente que lo ovacion\u00f3, y seguidamente procedi\u00f3 a dictar su primer discurso en el cargo.<\/p>\n<p>Martin\u00f3n comenz\u00f3 su intervenci\u00f3n agradeciendo a Dom\u00e9nech, y a todo su equipo el trabajo desarrollado en estos ocho a\u00f1os de mandato, as\u00ed como al conjunto de universitarios que apoyaron su candidatura. \u201cA quienes prefirieron votar alguna de las otras candidaturas les pido ahora que se sumen a nuestro proyecto con sus ideas, aportaciones y trabajo\u201d, a\u00f1adi\u00f3, al tiempo que tambi\u00e9n tuvo palabras de agradecimiento para los otros dos profesores que concurrieron a estos comicios, Olga Alegre y Juan Capafons.<\/p>\n<p>El nuevo mandatario de la instituci\u00f3n acad\u00e9mica habl\u00f3 de un tiempo nuevo para construir una universidad mejor y para ello record\u00f3 los ejes de su plan de gobierno. \u201cQueremos una universidad con una muy buena docencia en todas las disciplinas\u201d, explic\u00f3 ante un Paraninfo expectante, y se\u00f1al\u00f3 que no puede aceptar un d\u00e9ficit de calidad docente en ninguno de los t\u00edtulos que imparte la Universidad de La Laguna.<\/p>\n<p>Martin\u00f3n persigue una universidad en la que todo el mundo se sienta involucrado con la investigaci\u00f3n \u201ccomo parte consustancial a la condici\u00f3n de docente universitario\u201d. Tambi\u00e9n habl\u00f3 de una universidad \u201csituada en el mundo\u201d, con estrechas relaciones con universidades del continente africano, otras muchas americanas y europeas.<br \/>\n\u201cDeseamos una universidad con una relaci\u00f3n m\u00e1s intensa con la sociedad, especialmente con el mundo econ\u00f3mico\u201d, prosigui\u00f3 el rector. El reci\u00e9n nombrado rector hizo referencia a su compromiso absoluto con la sociedad canaria y con el progreso social de la regi\u00f3n.<\/p>\n<p>\u201cTodos trabajamos para la universidad y para la sociedad; nadie trabaja para el rector\u201d, explic\u00f3 Antonio Martin\u00f3n, quien apel\u00f3 a la unidad de los universitarios, \u201cporque necesitamos ser uno\u201d, dijo. \u201cLo pido, lo ruego, lo exijo: desterremos para siempre de nuestro lenguaje universitario el \u201cellos y nosotros\u201d. El catedr\u00e1tico sostuvo que recabar\u00e1 las opiniones y consejos de los que han sido rectores, del profesorado activamente implicado en al docencia y en al investigaci\u00f3n, del personal de administraci\u00f3n y servicios y del alumnado, \u201craz\u00f3n primera de la existencia de la universidad\u201d, aclar\u00f3.<\/p>\n<p>El nuevo rector recalc\u00f3 la obligaci\u00f3n de dar cuenta a la sociedad y enfatiz\u00f3 el car\u00e1cter p\u00fablico de esta instituci\u00f3n. \u201cLa universidad no es patrimonio de los universitarios, aunque a nosotros nos corresponda decidir. La universidad es de la sociedad, que nos ha concedido el privilegio de la autonom\u00eda y con \u00e9l la responsabilidad del autogobierno\u201d, lo que obliga a tener siempre presente el servicio p\u00fablico que la define.<\/p>\n<p>\u201cQuiero una universidad de la que se habla y con la que se habla; no solo una universidad a la que se cita sino tambi\u00e9n una universidad con la que se cita cualquier problema de nuestra sociedad y cualquier aspecto del saber humano\u201d, indic\u00f3 el nuevo rector del centro docente.<\/p>\n<p>Canarias tiene tasas de desempleo insoportables, precis\u00f3 Martin\u00f3n, para quien la educaci\u00f3n superior de calidad es la m\u00e1s poderosa herramienta para luchar contra esa lacra. \u201cDesarrollaremos espacios de reflexi\u00f3n que permitan poner en valor el conocimiento de la universidad para abarcar la soluci\u00f3n de los problemas\u201d.<\/p>\n<p>El rector apunt\u00f3 en su discurso que se ha encontrado en muchas de las propuestas electorales de estas semanas un claro apoyo a la educaci\u00f3n, lo que anima a pensar que seamos capaces de aumentar nuestro gasto medio en este cap\u00edtulo. \u201cConf\u00edo en alcanzar con la ULPGC un sistema estable de financiaci\u00f3n para las universidades canarias\u201d, a\u00f1adi\u00f3 en este punto.<\/p>\n<p>La Universidad de La Laguna tiene un papel decisivo para lograr una conciencia pol\u00edtica regional, \u201csuperadora de viejos pleitos e integradora de sensibilidades diferentes\u201d, dado que en sus aulas se encuentran canarios de todas las islas que entienden esa unidad regional.<\/p>\n<p>Martin\u00f3n tuvo un reconocimiento a los rectores de esta universidad que \u00e9l ha conocido, desde Antonio Gonz\u00e1lez Gonz\u00e1lez en adelante, y se\u00f1al\u00f3 que la universidad es tradici\u00f3n pero tambi\u00e9n es innovaci\u00f3n, al tiempo que anim\u00f3 al alumnado a explorar nuevas ideas.<br \/>\n\u201dSomos conscientes de que no es f\u00e1cil alcanzar la universidad con la que so\u00f1amos\u201d, y de que va a encontrarse numerosos problemas. \u201cPero hay ganas de trabajar y hay ambici\u00f3n colectiva. Pido el apoyo a toda la sociedad para lograrlo\u201d, sostuvo. Invit\u00f3 a la comunidad universitaria a acompa\u00f1arle en este tr\u00e1nsito, al tiempo que solicit\u00f3 a los condescendientes y pesimistas que no pusieran peso en las alas en el vuelo que pretende emprender ahora.<\/p>\n<p><strong>Paulino Rivero<\/strong><\/p>\n<p>El presidente en funciones del Gobierno de Canarias, Paulino Rivero, cerr\u00f3 la ceremonia con una intervenci\u00f3n en la que comenz\u00f3 recordando la \u00ababrumadora mayor\u00eda\u00bb con la que Antonio Martin\u00f3n fue elegido rector por la comunidad universitaria. \u201cLa colaboraci\u00f3n, el respeto a las decisiones de la mayor\u00eda y el compromiso institucional son valores que deben primar en la convivencia universitaria\u201d, se\u00f1al\u00f3.<\/p>\n<p>Rivero record\u00f3 el valor hist\u00f3rico de la ULL como centro que ha impulsado una formaci\u00f3n de calidad para toda la comunidad canaria durante sus dos siglos de existencia. \u201cHoy es una instituci\u00f3n respetada y asentada que juega un papel fundamental en la sociedad. Estoy convencido de que Antonio Martin\u00f3n, cuya trayectoria profesional es intachable, y su equipo, sabr\u00e1n hacer que la universidad siga avanzando\u201d.<\/p>\n<p>El presidente abog\u00f3 por abrir la universidad al exterior, poniendo especial hincapi\u00e9 la internacionalizaci\u00f3n. Record\u00f3 que la colaboraci\u00f3n entre gobierno y universidades para aumentar la competitividad de las instituciones acad\u00e9micas ha sido estrecha, a pesar de que las circunstancias de crisis no han sido las m\u00e1s propicias. Rivero reiter\u00f3 que a lo largo de su gobierno se ha intentado defender \u201ccontra viento y marea una educaci\u00f3n p\u00fablica de calidad\u201d mediante diversas medidas, ayudas y becas que se han intentado mantener a pesar de la situaci\u00f3n econ\u00f3mica.<\/p>\n<p>Rivero concluy\u00f3 su locuci\u00f3n afirmando que \u201ces necesario que exista una colaboraci\u00f3n llena de lealtad y confianza\u201d entre gobierno y universidades, momento en el cual record\u00f3 que ambas cualidades han sido demostradas por el rector saliente, Eduardo Dom\u00e9nech, y su hom\u00f3logo de la ULPGC, Jos\u00e9 Regidor.<\/p>\n<p>[images_grid auto_slide=\u00bbno\u00bb auto_duration=\u00bb1&#8243; cols=\u00bbthree\u00bb lightbox=\u00bbyes\u00bb source=\u00bbmedia: 12385,12384,12383,12382,12381&#8243;][\/images_grid]<\/p>\n","protected":false},"excerpt":{"rendered":"<p>Antonio Martin\u00f3n Cejas es ya el nuevo rector de la Universidad de La Laguna, tras haber tomado posesi\u00f3n de su&#8230;<\/p>\n","protected":false},"author":23,"featured_media":0,"comment_status":"open","ping_status":"open","sticky":false,"template":"","format":"video","meta":{"inline_featured_image":false,"footnotes":""},"categories":[345,347,1],"tags":[],"acf":[],"yoast_head":"<!-- This site is optimized with the Yoast SEO plugin v21.3 - https:\/\/yoast.com\/wordpress\/plugins\/seo\/ -->\n<title>Martin\u00f3n toma las riendas del Rectorado de la ULL con una llamada a la unidad - ULL - Noticias<\/title>\n<meta name=\"robots\" content=\"index, follow, max-snippet:-1, max-image-preview:large, max-video-preview:-1\" \/>\n<link rel=\"canonical\" href=\"https:\/\/www.ull.es\/portal\/noticias\/2015\/martinon-toma-las-riendas-del-rectorado-de-la-ull-con-una-llamada-a-la-unidad\/\" \/>\n<meta property=\"og:locale\" content=\"es_ES\" \/>\n<meta property=\"og:type\" content=\"article\" \/>\n<meta property=\"og:title\" content=\"Martin\u00f3n toma las riendas del Rectorado de la ULL con una llamada a la unidad - ULL - Noticias\" \/>\n<meta property=\"og:description\" content=\"Antonio Martin\u00f3n Cejas es ya el nuevo rector de la Universidad de La Laguna, tras haber tomado posesi\u00f3n de su...\" \/>\n<meta property=\"og:url\" content=\"https:\/\/www.ull.es\/portal\/noticias\/2015\/martinon-toma-las-riendas-del-rectorado-de-la-ull-con-una-llamada-a-la-unidad\/\" \/>\n<meta property=\"og:site_name\" content=\"ULL - Noticias\" \/>\n<meta property=\"article:publisher\" content=\"https:\/\/www.facebook.com\/universidaddelalaguna\/\" \/>\n<meta property=\"article:published_time\" content=\"2015-05-27T14:42:36+00:00\" \/>\n<meta property=\"article:modified_time\" content=\"2019-04-08T10:06:06+00:00\" \/>\n<meta property=\"og:image\" content=\"https:\/\/www.ull.es\/portal\/noticias\/wp-content\/uploads\/sites\/13\/2023\/06\/logo-redimensionado.png\" \/>\n\t<meta property=\"og:image:width\" content=\"1200\" \/>\n\t<meta property=\"og:image:height\" content=\"630\" \/>\n\t<meta property=\"og:image:type\" content=\"image\/png\" \/>\n<meta name=\"author\" content=\"gaprsa\" \/>\n<meta name=\"twitter:card\" content=\"summary_large_image\" \/>\n<meta name=\"twitter:creator\" content=\"@CanalULL\" \/>\n<meta name=\"twitter:site\" content=\"@CanalULL\" \/>\n<meta name=\"twitter:label1\" content=\"Escrito por\" \/>\n\t<meta name=\"twitter:data1\" content=\"gaprsa\" \/>\n\t<meta name=\"twitter:label2\" content=\"Tiempo de lectura\" \/>\n\t<meta name=\"twitter:data2\" content=\"7 minutos\" \/>\n<script type=\"application\/ld+json\" class=\"yoast-schema-graph\">{\"@context\":\"https:\/\/schema.org\",\"@graph\":[{\"@type\":\"WebPage\",\"@id\":\"https:\/\/www.ull.es\/portal\/noticias\/2015\/martinon-toma-las-riendas-del-rectorado-de-la-ull-con-una-llamada-a-la-unidad\/\",\"url\":\"https:\/\/www.ull.es\/portal\/noticias\/2015\/martinon-toma-las-riendas-del-rectorado-de-la-ull-con-una-llamada-a-la-unidad\/\",\"name\":\"Martin\u00f3n toma las riendas del Rectorado de la ULL con una llamada a la unidad - ULL - Noticias\",\"isPartOf\":{\"@id\":\"https:\/\/www.ull.es\/portal\/noticias\/#website\"},\"datePublished\":\"2015-05-27T14:42:36+00:00\",\"dateModified\":\"2019-04-08T10:06:06+00:00\",\"author\":{\"@id\":\"https:\/\/www.ull.es\/portal\/noticias\/#\/schema\/person\/b2b1a89d43ffa609e591f7df8ef3e817\"},\"breadcrumb\":{\"@id\":\"https:\/\/www.ull.es\/portal\/noticias\/2015\/martinon-toma-las-riendas-del-rectorado-de-la-ull-con-una-llamada-a-la-unidad\/#breadcrumb\"},\"inLanguage\":\"es\",\"potentialAction\":[{\"@type\":\"ReadAction\",\"target\":[\"https:\/\/www.ull.es\/portal\/noticias\/2015\/martinon-toma-las-riendas-del-rectorado-de-la-ull-con-una-llamada-a-la-unidad\/\"]}]},{\"@type\":\"BreadcrumbList\",\"@id\":\"https:\/\/www.ull.es\/portal\/noticias\/2015\/martinon-toma-las-riendas-del-rectorado-de-la-ull-con-una-llamada-a-la-unidad\/#breadcrumb\",\"itemListElement\":[{\"@type\":\"ListItem\",\"position\":1,\"name\":\"Portada\",\"item\":\"https:\/\/www.ull.es\/portal\/noticias\/\"},{\"@type\":\"ListItem\",\"position\":2,\"name\":\"Martin\u00f3n toma las riendas del Rectorado de la ULL con una llamada a la unidad\"}]},{\"@type\":\"WebSite\",\"@id\":\"https:\/\/www.ull.es\/portal\/noticias\/#website\",\"url\":\"https:\/\/www.ull.es\/portal\/noticias\/\",\"name\":\"ULL - Noticias\",\"description\":\"\",\"potentialAction\":[{\"@type\":\"SearchAction\",\"target\":{\"@type\":\"EntryPoint\",\"urlTemplate\":\"https:\/\/www.ull.es\/portal\/noticias\/?s={search_term_string}\"},\"query-input\":\"required name=search_term_string\"}],\"inLanguage\":\"es\"},{\"@type\":\"Person\",\"@id\":\"https:\/\/www.ull.es\/portal\/noticias\/#\/schema\/person\/b2b1a89d43ffa609e591f7df8ef3e817\",\"name\":\"gaprsa\",\"image\":{\"@type\":\"ImageObject\",\"inLanguage\":\"es\",\"@id\":\"https:\/\/www.ull.es\/portal\/noticias\/#\/schema\/person\/image\/\",\"url\":\"https:\/\/secure.gravatar.com\/avatar\/443820550921091458b4823867723b3d?s=96&d=mm&r=g\",\"contentUrl\":\"https:\/\/secure.gravatar.com\/avatar\/443820550921091458b4823867723b3d?s=96&d=mm&r=g\",\"caption\":\"gaprsa\"},\"url\":\"https:\/\/www.ull.es\/portal\/noticias\/author\/gaprsa\/\"}]}<\/script>\n<!-- \/ Yoast SEO plugin. -->","yoast_head_json":{"title":"Martin\u00f3n toma las riendas del Rectorado de la ULL con una llamada a la unidad - ULL - Noticias","robots":{"index":"index","follow":"follow","max-snippet":"max-snippet:-1","max-image-preview":"max-image-preview:large","max-video-preview":"max-video-preview:-1"},"canonical":"https:\/\/www.ull.es\/portal\/noticias\/2015\/martinon-toma-las-riendas-del-rectorado-de-la-ull-con-una-llamada-a-la-unidad\/","og_locale":"es_ES","og_type":"article","og_title":"Martin\u00f3n toma las riendas del Rectorado de la ULL con una llamada a la unidad - ULL - Noticias","og_description":"Antonio Martin\u00f3n Cejas es ya el nuevo rector de la Universidad de La Laguna, tras haber tomado posesi\u00f3n de su...","og_url":"https:\/\/www.ull.es\/portal\/noticias\/2015\/martinon-toma-las-riendas-del-rectorado-de-la-ull-con-una-llamada-a-la-unidad\/","og_site_name":"ULL - Noticias","article_publisher":"https:\/\/www.facebook.com\/universidaddelalaguna\/","article_published_time":"2015-05-27T14:42:36+00:00","article_modified_time":"2019-04-08T10:06:06+00:00","og_image":[{"width":1200,"height":630,"url":"https:\/\/www.ull.es\/portal\/noticias\/wp-content\/uploads\/sites\/13\/2023\/06\/logo-redimensionado.png","type":"image\/png"}],"author":"gaprsa","twitter_card":"summary_large_image","twitter_creator":"@CanalULL","twitter_site":"@CanalULL","twitter_misc":{"Escrito por":"gaprsa","Tiempo de lectura":"7 minutos"},"schema":{"@context":"https:\/\/schema.org","@graph":[{"@type":"WebPage","@id":"https:\/\/www.ull.es\/portal\/noticias\/2015\/martinon-toma-las-riendas-del-rectorado-de-la-ull-con-una-llamada-a-la-unidad\/","url":"https:\/\/www.ull.es\/portal\/noticias\/2015\/martinon-toma-las-riendas-del-rectorado-de-la-ull-con-una-llamada-a-la-unidad\/","name":"Martin\u00f3n toma las riendas del Rectorado de la ULL con una llamada a la unidad - ULL - Noticias","isPartOf":{"@id":"https:\/\/www.ull.es\/portal\/noticias\/#website"},"datePublished":"2015-05-27T14:42:36+00:00","dateModified":"2019-04-08T10:06:06+00:00","author":{"@id":"https:\/\/www.ull.es\/portal\/noticias\/#\/schema\/person\/b2b1a89d43ffa609e591f7df8ef3e817"},"breadcrumb":{"@id":"https:\/\/www.ull.es\/portal\/noticias\/2015\/martinon-toma-las-riendas-del-rectorado-de-la-ull-con-una-llamada-a-la-unidad\/#breadcrumb"},"inLanguage":"es","potentialAction":[{"@type":"ReadAction","target":["https:\/\/www.ull.es\/portal\/noticias\/2015\/martinon-toma-las-riendas-del-rectorado-de-la-ull-con-una-llamada-a-la-unidad\/"]}]},{"@type":"BreadcrumbList","@id":"https:\/\/www.ull.es\/portal\/noticias\/2015\/martinon-toma-las-riendas-del-rectorado-de-la-ull-con-una-llamada-a-la-unidad\/#breadcrumb","itemListElement":[{"@type":"ListItem","position":1,"name":"Portada","item":"https:\/\/www.ull.es\/portal\/noticias\/"},{"@type":"ListItem","position":2,"name":"Martin\u00f3n toma las riendas del Rectorado de la ULL con una llamada a la unidad"}]},{"@type":"WebSite","@id":"https:\/\/www.ull.es\/portal\/noticias\/#website","url":"https:\/\/www.ull.es\/portal\/noticias\/","name":"ULL - Noticias","description":"","potentialAction":[{"@type":"SearchAction","target":{"@type":"EntryPoint","urlTemplate":"https:\/\/www.ull.es\/portal\/noticias\/?s={search_term_string}"},"query-input":"required name=search_term_string"}],"inLanguage":"es"},{"@type":"Person","@id":"https:\/\/www.ull.es\/portal\/noticias\/#\/schema\/person\/b2b1a89d43ffa609e591f7df8ef3e817","name":"gaprsa","image":{"@type":"ImageObject","inLanguage":"es","@id":"https:\/\/www.ull.es\/portal\/noticias\/#\/schema\/person\/image\/","url":"https:\/\/secure.gravatar.com\/avatar\/443820550921091458b4823867723b3d?s=96&d=mm&r=g","contentUrl":"https:\/\/secure.gravatar.com\/avatar\/443820550921091458b4823867723b3d?s=96&d=mm&r=g","caption":"gaprsa"},"url":"https:\/\/www.ull.es\/portal\/noticias\/author\/gaprsa\/"}]}},"primary_category":null,"featured_image_thumbnail_url":null,"_links":{"self":[{"href":"https:\/\/www.ull.es\/portal\/noticias\/wp-json\/wp\/v2\/posts\/12380"}],"collection":[{"href":"https:\/\/www.ull.es\/portal\/noticias\/wp-json\/wp\/v2\/posts"}],"about":[{"href":"https:\/\/www.ull.es\/portal\/noticias\/wp-json\/wp\/v2\/types\/post"}],"author":[{"embeddable":true,"href":"https:\/\/www.ull.es\/portal\/noticias\/wp-json\/wp\/v2\/users\/23"}],"replies":[{"embeddable":true,"href":"https:\/\/www.ull.es\/portal\/noticias\/wp-json\/wp\/v2\/comments?post=12380"}],"version-history":[{"count":1,"href":"https:\/\/www.ull.es\/portal\/noticias\/wp-json\/wp\/v2\/posts\/12380\/revisions"}],"predecessor-version":[{"id":43678,"href":"https:\/\/www.ull.es\/portal\/noticias\/wp-json\/wp\/v2\/posts\/12380\/revisions\/43678"}],"wp:attachment":[{"href":"https:\/\/www.ull.es\/portal\/noticias\/wp-json\/wp\/v2\/media?parent=12380"}],"wp:term":[{"taxonomy":"category","embeddable":true,"href":"https:\/\/www.ull.es\/portal\/noticias\/wp-json\/wp\/v2\/categories?post=12380"},{"taxonomy":"post_tag","embeddable":true,"href":"https:\/\/www.ull.es\/portal\/noticias\/wp-json\/wp\/v2\/tags?post=12380"}],"curies":[{"name":"wp","href":"https:\/\/api.w.org\/{rel}","templated":true}]}}