{"id":12437,"date":"2013-11-07T08:03:55","date_gmt":"2013-11-07T08:03:55","guid":{"rendered":"http:\/\/ddigital.webs.ull.es\/?p=12437"},"modified":"2013-11-07T08:03:55","modified_gmt":"2013-11-07T08:03:55","slug":"esther-guanche-dorta-muestra-sus-ultimas-obras-en-la-sala-de-arte-paraninfo-de-la-universidad-de-la-laguna","status":"publish","type":"post","link":"https:\/\/www.ull.es\/portal\/noticias\/2013\/esther-guanche-dorta-muestra-sus-ultimas-obras-en-la-sala-de-arte-paraninfo-de-la-universidad-de-la-laguna\/","title":{"rendered":"Esther Guanche Dorta muestra sus \u00faltimas obras en la Sala de Arte Paraninfo de la Universidad de La Laguna"},"content":{"rendered":"<p>La artista Esther Guanche Dorta expone sus \u00faltimas ilustraciones y cuadros de diferente tem\u00e1tica en la Sala de Arte Pablo Gonz\u00e1lez Vera de la Universidad de La Laguna hasta el 16 de noviembre. La muestra puede verse de forma gratuita los d\u00edas de espect\u00e1culo en el Paraninfo.<\/p>\n<p>Esther Guanche, licenciada en Bellas Artes por la Universidad de La Laguna, presenta unas ilustraciones inspiradas en la c\u00e9lebre historia de Caperucita Roja, extra\u00eddas de un videocuento que la autora realiz\u00f3 para educar a los ni\u00f1os. La exposici\u00f3n cambia completamente al otro lado de la sala, que exhibe unas obras basadas en el mar, en los fondos acu\u00e1ticos, sus formas, sus colores azulados y sus habitantes.<\/p>\n<p>Esta artista ha realizado exposiciones colectivas e individuales desde 2004 y sus obras han sido expuestas en diferentes galerias y salas de Tenerife, entre ellas Reginart, Convento de Santo Domingo o en las actividades art\u00edsticas llevadas a cabo en La Noche en Blanco de La Laguna.<\/p>\n<p>La muestra, posee una clara vocaci\u00f3n educativa, por lo cual ya ha sido visitada por diferentes colegios, para cuyos alumnos esta muestra ha supuesto su primer acercamiento al arte y, a su vez, a la Universidad de La Laguna.<\/p>\n<p>[images_grid auto_slide=\u00bbno\u00bb auto_duration=\u00bb1&#8243; cols=\u00bbthree\u00bb lightbox=\u00bbno\u00bb source=\u00bbmedia: 12439,12440&#8243;][\/images_grid]<\/p>\n","protected":false},"excerpt":{"rendered":"<p>La artista Esther Guanche Dorta expone sus \u00faltimas ilustraciones y cuadros de diferente tem\u00e1tica en la Sala de Arte Pablo&#8230;<\/p>\n","protected":false},"author":23,"featured_media":12438,"comment_status":"open","ping_status":"open","sticky":false,"template":"","format":"video","meta":{"inline_featured_image":false,"footnotes":""},"categories":[344,1,352],"tags":[1177,1201,1475,2047,2307,2462,2527,2560],"acf":[],"yoast_head":"<!-- This site is optimized with the Yoast SEO plugin v21.3 - https:\/\/yoast.com\/wordpress\/plugins\/seo\/ -->\n<title>Esther Guanche Dorta muestra sus \u00faltimas obras en la Sala de Arte Paraninfo de la Universidad de La Laguna - ULL - Noticias<\/title>\n<meta name=\"robots\" content=\"index, follow, max-snippet:-1, max-image-preview:large, max-video-preview:-1\" \/>\n<link rel=\"canonical\" href=\"https:\/\/www.ull.es\/portal\/noticias\/2013\/esther-guanche-dorta-muestra-sus-ultimas-obras-en-la-sala-de-arte-paraninfo-de-la-universidad-de-la-laguna\/\" \/>\n<meta property=\"og:locale\" content=\"es_ES\" \/>\n<meta property=\"og:type\" content=\"article\" \/>\n<meta property=\"og:title\" content=\"Esther Guanche Dorta muestra sus \u00faltimas obras en la Sala de Arte Paraninfo de la Universidad de La Laguna - ULL - Noticias\" \/>\n<meta property=\"og:description\" content=\"La artista Esther Guanche Dorta expone sus \u00faltimas ilustraciones y cuadros de diferente tem\u00e1tica en la Sala de Arte Pablo...\" \/>\n<meta property=\"og:url\" content=\"https:\/\/www.ull.es\/portal\/noticias\/2013\/esther-guanche-dorta-muestra-sus-ultimas-obras-en-la-sala-de-arte-paraninfo-de-la-universidad-de-la-laguna\/\" \/>\n<meta property=\"og:site_name\" content=\"ULL - Noticias\" \/>\n<meta property=\"article:publisher\" content=\"https:\/\/www.facebook.com\/universidaddelalaguna\/\" \/>\n<meta property=\"article:published_time\" content=\"2013-11-07T08:03:55+00:00\" \/>\n<meta property=\"og:image\" content=\"https:\/\/www.ull.es\/portal\/noticias\/wp-content\/uploads\/sites\/13\/2015\/06\/Expo-Esther-Guanche-08.jpg\" \/>\n\t<meta property=\"og:image:width\" content=\"1034\" \/>\n\t<meta property=\"og:image:height\" content=\"708\" \/>\n\t<meta property=\"og:image:type\" content=\"image\/jpeg\" \/>\n<meta name=\"author\" content=\"gaprsa\" \/>\n<meta name=\"twitter:card\" content=\"summary_large_image\" \/>\n<meta name=\"twitter:creator\" content=\"@CanalULL\" \/>\n<meta name=\"twitter:site\" content=\"@CanalULL\" \/>\n<meta name=\"twitter:label1\" content=\"Escrito por\" \/>\n\t<meta name=\"twitter:data1\" content=\"gaprsa\" \/>\n\t<meta name=\"twitter:label2\" content=\"Tiempo de lectura\" \/>\n\t<meta name=\"twitter:data2\" content=\"1 minuto\" \/>\n<script type=\"application\/ld+json\" class=\"yoast-schema-graph\">{\"@context\":\"https:\/\/schema.org\",\"@graph\":[{\"@type\":\"WebPage\",\"@id\":\"https:\/\/www.ull.es\/portal\/noticias\/2013\/esther-guanche-dorta-muestra-sus-ultimas-obras-en-la-sala-de-arte-paraninfo-de-la-universidad-de-la-laguna\/\",\"url\":\"https:\/\/www.ull.es\/portal\/noticias\/2013\/esther-guanche-dorta-muestra-sus-ultimas-obras-en-la-sala-de-arte-paraninfo-de-la-universidad-de-la-laguna\/\",\"name\":\"Esther Guanche Dorta muestra sus \u00faltimas obras en la Sala de Arte Paraninfo de la Universidad de La Laguna - ULL - Noticias\",\"isPartOf\":{\"@id\":\"https:\/\/www.ull.es\/portal\/noticias\/#website\"},\"datePublished\":\"2013-11-07T08:03:55+00:00\",\"dateModified\":\"2013-11-07T08:03:55+00:00\",\"author\":{\"@id\":\"https:\/\/www.ull.es\/portal\/noticias\/#\/schema\/person\/b2b1a89d43ffa609e591f7df8ef3e817\"},\"breadcrumb\":{\"@id\":\"https:\/\/www.ull.es\/portal\/noticias\/2013\/esther-guanche-dorta-muestra-sus-ultimas-obras-en-la-sala-de-arte-paraninfo-de-la-universidad-de-la-laguna\/#breadcrumb\"},\"inLanguage\":\"es\",\"potentialAction\":[{\"@type\":\"ReadAction\",\"target\":[\"https:\/\/www.ull.es\/portal\/noticias\/2013\/esther-guanche-dorta-muestra-sus-ultimas-obras-en-la-sala-de-arte-paraninfo-de-la-universidad-de-la-laguna\/\"]}]},{\"@type\":\"BreadcrumbList\",\"@id\":\"https:\/\/www.ull.es\/portal\/noticias\/2013\/esther-guanche-dorta-muestra-sus-ultimas-obras-en-la-sala-de-arte-paraninfo-de-la-universidad-de-la-laguna\/#breadcrumb\",\"itemListElement\":[{\"@type\":\"ListItem\",\"position\":1,\"name\":\"Portada\",\"item\":\"https:\/\/www.ull.es\/portal\/noticias\/\"},{\"@type\":\"ListItem\",\"position\":2,\"name\":\"Esther Guanche Dorta muestra sus \u00faltimas obras en la Sala de Arte Paraninfo de la Universidad de La Laguna\"}]},{\"@type\":\"WebSite\",\"@id\":\"https:\/\/www.ull.es\/portal\/noticias\/#website\",\"url\":\"https:\/\/www.ull.es\/portal\/noticias\/\",\"name\":\"ULL - Noticias\",\"description\":\"\",\"potentialAction\":[{\"@type\":\"SearchAction\",\"target\":{\"@type\":\"EntryPoint\",\"urlTemplate\":\"https:\/\/www.ull.es\/portal\/noticias\/?s={search_term_string}\"},\"query-input\":\"required name=search_term_string\"}],\"inLanguage\":\"es\"},{\"@type\":\"Person\",\"@id\":\"https:\/\/www.ull.es\/portal\/noticias\/#\/schema\/person\/b2b1a89d43ffa609e591f7df8ef3e817\",\"name\":\"gaprsa\",\"image\":{\"@type\":\"ImageObject\",\"inLanguage\":\"es\",\"@id\":\"https:\/\/www.ull.es\/portal\/noticias\/#\/schema\/person\/image\/\",\"url\":\"https:\/\/secure.gravatar.com\/avatar\/443820550921091458b4823867723b3d?s=96&d=mm&r=g\",\"contentUrl\":\"https:\/\/secure.gravatar.com\/avatar\/443820550921091458b4823867723b3d?s=96&d=mm&r=g\",\"caption\":\"gaprsa\"},\"url\":\"https:\/\/www.ull.es\/portal\/noticias\/author\/gaprsa\/\"}]}<\/script>\n<!-- \/ Yoast SEO plugin. -->","yoast_head_json":{"title":"Esther Guanche Dorta muestra sus \u00faltimas obras en la Sala de Arte Paraninfo de la Universidad de La Laguna - ULL - Noticias","robots":{"index":"index","follow":"follow","max-snippet":"max-snippet:-1","max-image-preview":"max-image-preview:large","max-video-preview":"max-video-preview:-1"},"canonical":"https:\/\/www.ull.es\/portal\/noticias\/2013\/esther-guanche-dorta-muestra-sus-ultimas-obras-en-la-sala-de-arte-paraninfo-de-la-universidad-de-la-laguna\/","og_locale":"es_ES","og_type":"article","og_title":"Esther Guanche Dorta muestra sus \u00faltimas obras en la Sala de Arte Paraninfo de la Universidad de La Laguna - ULL - Noticias","og_description":"La artista Esther Guanche Dorta expone sus \u00faltimas ilustraciones y cuadros de diferente tem\u00e1tica en la Sala de Arte Pablo...","og_url":"https:\/\/www.ull.es\/portal\/noticias\/2013\/esther-guanche-dorta-muestra-sus-ultimas-obras-en-la-sala-de-arte-paraninfo-de-la-universidad-de-la-laguna\/","og_site_name":"ULL - Noticias","article_publisher":"https:\/\/www.facebook.com\/universidaddelalaguna\/","article_published_time":"2013-11-07T08:03:55+00:00","og_image":[{"width":1034,"height":708,"url":"https:\/\/www.ull.es\/portal\/noticias\/wp-content\/uploads\/sites\/13\/2015\/06\/Expo-Esther-Guanche-08.jpg","type":"image\/jpeg"}],"author":"gaprsa","twitter_card":"summary_large_image","twitter_creator":"@CanalULL","twitter_site":"@CanalULL","twitter_misc":{"Escrito por":"gaprsa","Tiempo de lectura":"1 minuto"},"schema":{"@context":"https:\/\/schema.org","@graph":[{"@type":"WebPage","@id":"https:\/\/www.ull.es\/portal\/noticias\/2013\/esther-guanche-dorta-muestra-sus-ultimas-obras-en-la-sala-de-arte-paraninfo-de-la-universidad-de-la-laguna\/","url":"https:\/\/www.ull.es\/portal\/noticias\/2013\/esther-guanche-dorta-muestra-sus-ultimas-obras-en-la-sala-de-arte-paraninfo-de-la-universidad-de-la-laguna\/","name":"Esther Guanche Dorta muestra sus \u00faltimas obras en la Sala de Arte Paraninfo de la Universidad de La Laguna - ULL - Noticias","isPartOf":{"@id":"https:\/\/www.ull.es\/portal\/noticias\/#website"},"datePublished":"2013-11-07T08:03:55+00:00","dateModified":"2013-11-07T08:03:55+00:00","author":{"@id":"https:\/\/www.ull.es\/portal\/noticias\/#\/schema\/person\/b2b1a89d43ffa609e591f7df8ef3e817"},"breadcrumb":{"@id":"https:\/\/www.ull.es\/portal\/noticias\/2013\/esther-guanche-dorta-muestra-sus-ultimas-obras-en-la-sala-de-arte-paraninfo-de-la-universidad-de-la-laguna\/#breadcrumb"},"inLanguage":"es","potentialAction":[{"@type":"ReadAction","target":["https:\/\/www.ull.es\/portal\/noticias\/2013\/esther-guanche-dorta-muestra-sus-ultimas-obras-en-la-sala-de-arte-paraninfo-de-la-universidad-de-la-laguna\/"]}]},{"@type":"BreadcrumbList","@id":"https:\/\/www.ull.es\/portal\/noticias\/2013\/esther-guanche-dorta-muestra-sus-ultimas-obras-en-la-sala-de-arte-paraninfo-de-la-universidad-de-la-laguna\/#breadcrumb","itemListElement":[{"@type":"ListItem","position":1,"name":"Portada","item":"https:\/\/www.ull.es\/portal\/noticias\/"},{"@type":"ListItem","position":2,"name":"Esther Guanche Dorta muestra sus \u00faltimas obras en la Sala de Arte Paraninfo de la Universidad de La Laguna"}]},{"@type":"WebSite","@id":"https:\/\/www.ull.es\/portal\/noticias\/#website","url":"https:\/\/www.ull.es\/portal\/noticias\/","name":"ULL - Noticias","description":"","potentialAction":[{"@type":"SearchAction","target":{"@type":"EntryPoint","urlTemplate":"https:\/\/www.ull.es\/portal\/noticias\/?s={search_term_string}"},"query-input":"required name=search_term_string"}],"inLanguage":"es"},{"@type":"Person","@id":"https:\/\/www.ull.es\/portal\/noticias\/#\/schema\/person\/b2b1a89d43ffa609e591f7df8ef3e817","name":"gaprsa","image":{"@type":"ImageObject","inLanguage":"es","@id":"https:\/\/www.ull.es\/portal\/noticias\/#\/schema\/person\/image\/","url":"https:\/\/secure.gravatar.com\/avatar\/443820550921091458b4823867723b3d?s=96&d=mm&r=g","contentUrl":"https:\/\/secure.gravatar.com\/avatar\/443820550921091458b4823867723b3d?s=96&d=mm&r=g","caption":"gaprsa"},"url":"https:\/\/www.ull.es\/portal\/noticias\/author\/gaprsa\/"}]}},"primary_category":null,"featured_image_thumbnail_url":"https:\/\/www.ull.es\/portal\/noticias\/wp-content\/uploads\/sites\/13\/2015\/06\/Expo-Esther-Guanche-08-300x205.jpg","_links":{"self":[{"href":"https:\/\/www.ull.es\/portal\/noticias\/wp-json\/wp\/v2\/posts\/12437"}],"collection":[{"href":"https:\/\/www.ull.es\/portal\/noticias\/wp-json\/wp\/v2\/posts"}],"about":[{"href":"https:\/\/www.ull.es\/portal\/noticias\/wp-json\/wp\/v2\/types\/post"}],"author":[{"embeddable":true,"href":"https:\/\/www.ull.es\/portal\/noticias\/wp-json\/wp\/v2\/users\/23"}],"replies":[{"embeddable":true,"href":"https:\/\/www.ull.es\/portal\/noticias\/wp-json\/wp\/v2\/comments?post=12437"}],"version-history":[{"count":0,"href":"https:\/\/www.ull.es\/portal\/noticias\/wp-json\/wp\/v2\/posts\/12437\/revisions"}],"wp:featuredmedia":[{"embeddable":true,"href":"https:\/\/www.ull.es\/portal\/noticias\/wp-json\/wp\/v2\/media\/12438"}],"wp:attachment":[{"href":"https:\/\/www.ull.es\/portal\/noticias\/wp-json\/wp\/v2\/media?parent=12437"}],"wp:term":[{"taxonomy":"category","embeddable":true,"href":"https:\/\/www.ull.es\/portal\/noticias\/wp-json\/wp\/v2\/categories?post=12437"},{"taxonomy":"post_tag","embeddable":true,"href":"https:\/\/www.ull.es\/portal\/noticias\/wp-json\/wp\/v2\/tags?post=12437"}],"curies":[{"name":"wp","href":"https:\/\/api.w.org\/{rel}","templated":true}]}}