{"id":12563,"date":"2015-06-16T12:09:04","date_gmt":"2015-06-16T12:09:04","guid":{"rendered":"http:\/\/ddigital.webs.ull.es\/?p=12563"},"modified":"2015-06-16T12:09:04","modified_gmt":"2015-06-16T12:09:04","slug":"el-aula-de-enoturismo-de-la-universidad-de-la-laguna-prepara-sus-cursos-de-verano-de-2015","status":"publish","type":"post","link":"https:\/\/www.ull.es\/portal\/noticias\/2015\/el-aula-de-enoturismo-de-la-universidad-de-la-laguna-prepara-sus-cursos-de-verano-de-2015\/","title":{"rendered":"El Aula de Enoturismo de la Universidad de La Laguna prepara sus cursos de verano de 2015"},"content":{"rendered":"<p>El Aula Cultural de Enoturismo y Turismo Gastron\u00f3mico, entidad dependiente del Vicerrectorado de Relaciones con la Sociedad de la Universidad de La Laguna, ha comenzado a perfilar su oferta de cursos y talleres para la primera edici\u00f3n del Campus Universitario AGROTF, encuentro para la formaci\u00f3n e informaci\u00f3n sobre el sector primario insular y regional, que se celebrar\u00e1 del 28 de julio al 1 de agosto en la Casa del Vino de Tenerife.<\/p>\n<p>Esta primera edici\u00f3n contar\u00e1 con cinco talleres y dos cursos que se celebrar\u00e1n en sesiones de ma\u00f1ana y tarde, impartidos por acad\u00e9micos, profesionales, y agentes del sector que comparten sus puntos de vista y reflexiones sobre cuestiones de actualidad del sector primario y, en especial, de la actividad vitivin\u00edcola.<\/p>\n<p>El campus est\u00e1 dirigido a los interesados en el sector primario de todos los colectivos, ya sean estudiantes, investigadores, profesores o personas que desarrollan su actividad profesional en este \u00e1mbito.<\/p>\n<p>El periodo de matr\u00edcula comenzar\u00e1 el pr\u00f3ximo 1 de julio, hasta completar las plazas. Debido a su car\u00e1cter eminentemente pr\u00e1ctico, las plazas est\u00e1n limitadas y la tarifa de inscripci\u00f3n var\u00eda seg\u00fan el perfil de los solicitantes: 35 euros para el p\u00fablico en general y 25 para estudiantes y demandantes de empleo para los cursos de diez horas de duraci\u00f3n; y 20 y 15 euros, respectivamente, en los talleres de cinco horas. Existir\u00e1n bonificaciones especiales por la inscripci\u00f3n a m\u00e1s de un taller o curso.<\/p>\n<p>Esta primera edici\u00f3n del Campus Universitario AGROTF cuenta con el apoyo del \u00c1rea de Agricultura del Cabildo de Tenerife, la Casa del Vino de Tenerife, Turismo de Tenerife, el Ayuntamiento de El Sauzal, Tenerife Moda y la Fundaci\u00f3n General de la Universidad de La Laguna.<\/p>\n","protected":false},"excerpt":{"rendered":"<p>El Aula Cultural de Enoturismo y Turismo Gastron\u00f3mico, entidad dependiente del Vicerrectorado de Relaciones con la Sociedad de la Universidad&#8230;<\/p>\n","protected":false},"author":23,"featured_media":12564,"comment_status":"open","ping_status":"open","sticky":false,"template":"","format":"standard","meta":{"inline_featured_image":false,"footnotes":""},"categories":[345,346,1],"tags":[1143,2527,2560,2633],"acf":[],"yoast_head":"<!-- This site is optimized with the Yoast SEO plugin v21.3 - https:\/\/yoast.com\/wordpress\/plugins\/seo\/ -->\n<title>El Aula de Enoturismo de la Universidad de La Laguna prepara sus cursos de verano de 2015 - ULL - Noticias<\/title>\n<meta name=\"robots\" content=\"index, follow, max-snippet:-1, max-image-preview:large, max-video-preview:-1\" \/>\n<link rel=\"canonical\" href=\"https:\/\/www.ull.es\/portal\/noticias\/2015\/el-aula-de-enoturismo-de-la-universidad-de-la-laguna-prepara-sus-cursos-de-verano-de-2015\/\" \/>\n<meta property=\"og:locale\" content=\"es_ES\" \/>\n<meta property=\"og:type\" content=\"article\" \/>\n<meta property=\"og:title\" content=\"El Aula de Enoturismo de la Universidad de La Laguna prepara sus cursos de verano de 2015 - ULL - Noticias\" \/>\n<meta property=\"og:description\" content=\"El Aula Cultural de Enoturismo y Turismo Gastron\u00f3mico, entidad dependiente del Vicerrectorado de Relaciones con la Sociedad de la Universidad...\" \/>\n<meta property=\"og:url\" content=\"https:\/\/www.ull.es\/portal\/noticias\/2015\/el-aula-de-enoturismo-de-la-universidad-de-la-laguna-prepara-sus-cursos-de-verano-de-2015\/\" \/>\n<meta property=\"og:site_name\" content=\"ULL - Noticias\" \/>\n<meta property=\"article:publisher\" content=\"https:\/\/www.facebook.com\/universidaddelalaguna\/\" \/>\n<meta property=\"article:published_time\" content=\"2015-06-16T12:09:04+00:00\" \/>\n<meta property=\"og:image\" content=\"https:\/\/www.ull.es\/portal\/noticias\/wp-content\/uploads\/sites\/13\/2015\/06\/agrotf_cartel.png\" \/>\n\t<meta property=\"og:image:width\" content=\"709\" \/>\n\t<meta property=\"og:image:height\" content=\"1024\" \/>\n\t<meta property=\"og:image:type\" content=\"image\/png\" \/>\n<meta name=\"author\" content=\"gaprsa\" \/>\n<meta name=\"twitter:card\" content=\"summary_large_image\" \/>\n<meta name=\"twitter:creator\" content=\"@CanalULL\" \/>\n<meta name=\"twitter:site\" content=\"@CanalULL\" \/>\n<meta name=\"twitter:label1\" content=\"Escrito por\" \/>\n\t<meta name=\"twitter:data1\" content=\"gaprsa\" \/>\n\t<meta name=\"twitter:label2\" content=\"Tiempo de lectura\" \/>\n\t<meta name=\"twitter:data2\" content=\"1 minuto\" \/>\n<script type=\"application\/ld+json\" class=\"yoast-schema-graph\">{\"@context\":\"https:\/\/schema.org\",\"@graph\":[{\"@type\":\"WebPage\",\"@id\":\"https:\/\/www.ull.es\/portal\/noticias\/2015\/el-aula-de-enoturismo-de-la-universidad-de-la-laguna-prepara-sus-cursos-de-verano-de-2015\/\",\"url\":\"https:\/\/www.ull.es\/portal\/noticias\/2015\/el-aula-de-enoturismo-de-la-universidad-de-la-laguna-prepara-sus-cursos-de-verano-de-2015\/\",\"name\":\"El Aula de Enoturismo de la Universidad de La Laguna prepara sus cursos de verano de 2015 - ULL - Noticias\",\"isPartOf\":{\"@id\":\"https:\/\/www.ull.es\/portal\/noticias\/#website\"},\"datePublished\":\"2015-06-16T12:09:04+00:00\",\"dateModified\":\"2015-06-16T12:09:04+00:00\",\"author\":{\"@id\":\"https:\/\/www.ull.es\/portal\/noticias\/#\/schema\/person\/b2b1a89d43ffa609e591f7df8ef3e817\"},\"breadcrumb\":{\"@id\":\"https:\/\/www.ull.es\/portal\/noticias\/2015\/el-aula-de-enoturismo-de-la-universidad-de-la-laguna-prepara-sus-cursos-de-verano-de-2015\/#breadcrumb\"},\"inLanguage\":\"es\",\"potentialAction\":[{\"@type\":\"ReadAction\",\"target\":[\"https:\/\/www.ull.es\/portal\/noticias\/2015\/el-aula-de-enoturismo-de-la-universidad-de-la-laguna-prepara-sus-cursos-de-verano-de-2015\/\"]}]},{\"@type\":\"BreadcrumbList\",\"@id\":\"https:\/\/www.ull.es\/portal\/noticias\/2015\/el-aula-de-enoturismo-de-la-universidad-de-la-laguna-prepara-sus-cursos-de-verano-de-2015\/#breadcrumb\",\"itemListElement\":[{\"@type\":\"ListItem\",\"position\":1,\"name\":\"Portada\",\"item\":\"https:\/\/www.ull.es\/portal\/noticias\/\"},{\"@type\":\"ListItem\",\"position\":2,\"name\":\"El Aula de Enoturismo de la Universidad de La Laguna prepara sus cursos de verano de 2015\"}]},{\"@type\":\"WebSite\",\"@id\":\"https:\/\/www.ull.es\/portal\/noticias\/#website\",\"url\":\"https:\/\/www.ull.es\/portal\/noticias\/\",\"name\":\"ULL - Noticias\",\"description\":\"\",\"potentialAction\":[{\"@type\":\"SearchAction\",\"target\":{\"@type\":\"EntryPoint\",\"urlTemplate\":\"https:\/\/www.ull.es\/portal\/noticias\/?s={search_term_string}\"},\"query-input\":\"required name=search_term_string\"}],\"inLanguage\":\"es\"},{\"@type\":\"Person\",\"@id\":\"https:\/\/www.ull.es\/portal\/noticias\/#\/schema\/person\/b2b1a89d43ffa609e591f7df8ef3e817\",\"name\":\"gaprsa\",\"image\":{\"@type\":\"ImageObject\",\"inLanguage\":\"es\",\"@id\":\"https:\/\/www.ull.es\/portal\/noticias\/#\/schema\/person\/image\/\",\"url\":\"https:\/\/secure.gravatar.com\/avatar\/443820550921091458b4823867723b3d?s=96&d=mm&r=g\",\"contentUrl\":\"https:\/\/secure.gravatar.com\/avatar\/443820550921091458b4823867723b3d?s=96&d=mm&r=g\",\"caption\":\"gaprsa\"},\"url\":\"https:\/\/www.ull.es\/portal\/noticias\/author\/gaprsa\/\"}]}<\/script>\n<!-- \/ Yoast SEO plugin. -->","yoast_head_json":{"title":"El Aula de Enoturismo de la Universidad de La Laguna prepara sus cursos de verano de 2015 - ULL - Noticias","robots":{"index":"index","follow":"follow","max-snippet":"max-snippet:-1","max-image-preview":"max-image-preview:large","max-video-preview":"max-video-preview:-1"},"canonical":"https:\/\/www.ull.es\/portal\/noticias\/2015\/el-aula-de-enoturismo-de-la-universidad-de-la-laguna-prepara-sus-cursos-de-verano-de-2015\/","og_locale":"es_ES","og_type":"article","og_title":"El Aula de Enoturismo de la Universidad de La Laguna prepara sus cursos de verano de 2015 - ULL - Noticias","og_description":"El Aula Cultural de Enoturismo y Turismo Gastron\u00f3mico, entidad dependiente del Vicerrectorado de Relaciones con la Sociedad de la Universidad...","og_url":"https:\/\/www.ull.es\/portal\/noticias\/2015\/el-aula-de-enoturismo-de-la-universidad-de-la-laguna-prepara-sus-cursos-de-verano-de-2015\/","og_site_name":"ULL - Noticias","article_publisher":"https:\/\/www.facebook.com\/universidaddelalaguna\/","article_published_time":"2015-06-16T12:09:04+00:00","og_image":[{"width":709,"height":1024,"url":"https:\/\/www.ull.es\/portal\/noticias\/wp-content\/uploads\/sites\/13\/2015\/06\/agrotf_cartel.png","type":"image\/png"}],"author":"gaprsa","twitter_card":"summary_large_image","twitter_creator":"@CanalULL","twitter_site":"@CanalULL","twitter_misc":{"Escrito por":"gaprsa","Tiempo de lectura":"1 minuto"},"schema":{"@context":"https:\/\/schema.org","@graph":[{"@type":"WebPage","@id":"https:\/\/www.ull.es\/portal\/noticias\/2015\/el-aula-de-enoturismo-de-la-universidad-de-la-laguna-prepara-sus-cursos-de-verano-de-2015\/","url":"https:\/\/www.ull.es\/portal\/noticias\/2015\/el-aula-de-enoturismo-de-la-universidad-de-la-laguna-prepara-sus-cursos-de-verano-de-2015\/","name":"El Aula de Enoturismo de la Universidad de La Laguna prepara sus cursos de verano de 2015 - ULL - Noticias","isPartOf":{"@id":"https:\/\/www.ull.es\/portal\/noticias\/#website"},"datePublished":"2015-06-16T12:09:04+00:00","dateModified":"2015-06-16T12:09:04+00:00","author":{"@id":"https:\/\/www.ull.es\/portal\/noticias\/#\/schema\/person\/b2b1a89d43ffa609e591f7df8ef3e817"},"breadcrumb":{"@id":"https:\/\/www.ull.es\/portal\/noticias\/2015\/el-aula-de-enoturismo-de-la-universidad-de-la-laguna-prepara-sus-cursos-de-verano-de-2015\/#breadcrumb"},"inLanguage":"es","potentialAction":[{"@type":"ReadAction","target":["https:\/\/www.ull.es\/portal\/noticias\/2015\/el-aula-de-enoturismo-de-la-universidad-de-la-laguna-prepara-sus-cursos-de-verano-de-2015\/"]}]},{"@type":"BreadcrumbList","@id":"https:\/\/www.ull.es\/portal\/noticias\/2015\/el-aula-de-enoturismo-de-la-universidad-de-la-laguna-prepara-sus-cursos-de-verano-de-2015\/#breadcrumb","itemListElement":[{"@type":"ListItem","position":1,"name":"Portada","item":"https:\/\/www.ull.es\/portal\/noticias\/"},{"@type":"ListItem","position":2,"name":"El Aula de Enoturismo de la Universidad de La Laguna prepara sus cursos de verano de 2015"}]},{"@type":"WebSite","@id":"https:\/\/www.ull.es\/portal\/noticias\/#website","url":"https:\/\/www.ull.es\/portal\/noticias\/","name":"ULL - Noticias","description":"","potentialAction":[{"@type":"SearchAction","target":{"@type":"EntryPoint","urlTemplate":"https:\/\/www.ull.es\/portal\/noticias\/?s={search_term_string}"},"query-input":"required name=search_term_string"}],"inLanguage":"es"},{"@type":"Person","@id":"https:\/\/www.ull.es\/portal\/noticias\/#\/schema\/person\/b2b1a89d43ffa609e591f7df8ef3e817","name":"gaprsa","image":{"@type":"ImageObject","inLanguage":"es","@id":"https:\/\/www.ull.es\/portal\/noticias\/#\/schema\/person\/image\/","url":"https:\/\/secure.gravatar.com\/avatar\/443820550921091458b4823867723b3d?s=96&d=mm&r=g","contentUrl":"https:\/\/secure.gravatar.com\/avatar\/443820550921091458b4823867723b3d?s=96&d=mm&r=g","caption":"gaprsa"},"url":"https:\/\/www.ull.es\/portal\/noticias\/author\/gaprsa\/"}]}},"primary_category":null,"featured_image_thumbnail_url":"https:\/\/www.ull.es\/portal\/noticias\/wp-content\/uploads\/sites\/13\/2015\/06\/agrotf_cartel-208x300.png","_links":{"self":[{"href":"https:\/\/www.ull.es\/portal\/noticias\/wp-json\/wp\/v2\/posts\/12563"}],"collection":[{"href":"https:\/\/www.ull.es\/portal\/noticias\/wp-json\/wp\/v2\/posts"}],"about":[{"href":"https:\/\/www.ull.es\/portal\/noticias\/wp-json\/wp\/v2\/types\/post"}],"author":[{"embeddable":true,"href":"https:\/\/www.ull.es\/portal\/noticias\/wp-json\/wp\/v2\/users\/23"}],"replies":[{"embeddable":true,"href":"https:\/\/www.ull.es\/portal\/noticias\/wp-json\/wp\/v2\/comments?post=12563"}],"version-history":[{"count":0,"href":"https:\/\/www.ull.es\/portal\/noticias\/wp-json\/wp\/v2\/posts\/12563\/revisions"}],"wp:featuredmedia":[{"embeddable":true,"href":"https:\/\/www.ull.es\/portal\/noticias\/wp-json\/wp\/v2\/media\/12564"}],"wp:attachment":[{"href":"https:\/\/www.ull.es\/portal\/noticias\/wp-json\/wp\/v2\/media?parent=12563"}],"wp:term":[{"taxonomy":"category","embeddable":true,"href":"https:\/\/www.ull.es\/portal\/noticias\/wp-json\/wp\/v2\/categories?post=12563"},{"taxonomy":"post_tag","embeddable":true,"href":"https:\/\/www.ull.es\/portal\/noticias\/wp-json\/wp\/v2\/tags?post=12563"}],"curies":[{"name":"wp","href":"https:\/\/api.w.org\/{rel}","templated":true}]}}