{"id":12602,"date":"2015-06-19T13:06:01","date_gmt":"2015-06-19T13:06:01","guid":{"rendered":"http:\/\/ddigital.webs.ull.es\/?p=12602"},"modified":"2015-06-19T13:06:01","modified_gmt":"2015-06-19T13:06:01","slug":"el-programa-launchtf-presenta-su-agenda-de-formacion-enfocada-en-las-empresas-emergentes-de-caracter-tecnologico","status":"publish","type":"post","link":"https:\/\/www.ull.es\/portal\/noticias\/2015\/el-programa-launchtf-presenta-su-agenda-de-formacion-enfocada-en-las-empresas-emergentes-de-caracter-tecnologico\/","title":{"rendered":"El programa &#8216;LaunchTF&#8217; presenta su agenda de formaci\u00f3n enfocada en las empresas emergentes de car\u00e1cter tecnol\u00f3gico"},"content":{"rendered":"<p>Tras varias semanas de formaci\u00f3n y asesoramiento espec\u00edfico para los catorce proyectos participantes en el programa de pre-aceleraci\u00f3n de startups (empresas emergentes) `LaunchTF\u00b4, se presenta una oferta de formaci\u00f3n abierta a la que podr\u00e1n asistir no solo los equipos participantes sino cualquier persona interesada.\u00a0 Se trata de una programaci\u00f3n con cuatro actividades formativas en las que intervendr\u00e1n destacados expertos en el mundo del desarrollo de startups y la tecnolog\u00eda.<\/p>\n<p>Los ponentes que recalar\u00e1n en Tenerife son: Luis Font, Pedro Bisbal, Carlos Mart\u00ednez y Jordi Pedrol. Esta formaci\u00f3n ir\u00e1 en paralelo a las acciones de asesoramiento y mentor\u00eda a los proyectos que toman parte en `LaunchTF\u00b4 y se ha pensado como un refuerzo fundamental de los objetivos de crecimiento que se tienen para los mismos, si bien, se ha querido abrir este tramo de la formaci\u00f3n al p\u00fablico para que cualquier persona interesada pueda tambi\u00e9n aprovechar la val\u00eda de los ponentes.<\/p>\n<p>La primera intervenci\u00f3n ser\u00e1 la de Luis Font y tendr\u00e1 lugar el pr\u00f3ximo 22 de junio en las instalaciones de la Fundaci\u00f3n General de la Universidad de La Laguna, en horario de tarde. Para asistir es preciso formalizar una inscripci\u00f3n a trav\u00e9s de la sede electr\u00f3nica de la Fundaci\u00f3n.<br \/>\nLuis Font lleva 25 a\u00f1os de carrera en la Industria de Tecnolog\u00edas de la Informaci\u00f3n en diversas posiciones de Direcci\u00f3n General y Consultor\u00eda con empresas internacionales y empresas de nueva creaci\u00f3n. En 1989 obtuvo el t\u00edtulo de Ingeniero de Telecomunicaciones por La Salle \u2013 Universidad Ramon Llull (Barcelona), y obtuvo un MBA de la misma universidad en conjunto con Manhattan College de Nueva York en 1993, mientras trabajaba a tiempo completo. Tiene un t\u00edtulo de Certified Information Systems Auditor (CISA) de ISACA, y es Master en Gesti\u00f3n de Tecnolog\u00edas de la Universidad Ramon Llull.<\/p>\n<p>Durante 12 a\u00f1os trabaj\u00f3 en consultor\u00eda en PricewaterhouseCoopers participando\u00a0 activamente en la construcci\u00f3n de procedimientos de vanguardia, implantaci\u00f3n de sistemas ERP, CRM y m\u00faltiples herramientas para mejorar la gesti\u00f3n y productividad de procesos de negocio cr\u00edticos.<\/p>\n<p>En 1999 se uni\u00f3 a AGM The Global Company y se convirti\u00f3 en CEO poco despu\u00e9s a la edad de 33. La empresa se convirti\u00f3 en una de las firmas de consultor\u00eda de Internet m\u00e1s grandes de Espa\u00f1a con una facturaci\u00f3n de 3 millones a 15 millones de euros en el per\u00edodo de un a\u00f1o.<\/p>\n<p>En 2002, decidi\u00f3 iniciar su carrera empresarial y se convirti\u00f3 en co-fundador de la empresa NTRglobal. Desde entonces, la compa\u00f1\u00eda consigui\u00f3 varios logros destacados: creaci\u00f3n de doce oficinas internacionales, duplicar los ingresos durante 4 a\u00f1os seguidos y convertirse en el l\u00edder europeo en el soporte a distancia y uno de los jugadores destacados a nivel mundial. Actualmente, Font es co-fundador de Zyncro y de Captio.<\/p>\n<p>(Nota cedida por la FGULL)<\/p>\n","protected":false},"excerpt":{"rendered":"<p>Tras varias semanas de formaci\u00f3n y asesoramiento espec\u00edfico para los catorce proyectos participantes en el programa de pre-aceleraci\u00f3n de startups&#8230;<\/p>\n","protected":false},"author":23,"featured_media":12603,"comment_status":"open","ping_status":"open","sticky":false,"template":"","format":"standard","meta":{"inline_featured_image":false,"footnotes":""},"categories":[345,346,1],"tags":[1261,1332,1741,2527,2560],"acf":[],"yoast_head":"<!-- This site is optimized with the Yoast SEO plugin v21.3 - https:\/\/yoast.com\/wordpress\/plugins\/seo\/ -->\n<title>El programa &#039;LaunchTF&#039; presenta su agenda de formaci\u00f3n enfocada en las empresas emergentes de car\u00e1cter tecnol\u00f3gico - ULL - Noticias<\/title>\n<meta name=\"robots\" content=\"index, follow, max-snippet:-1, max-image-preview:large, max-video-preview:-1\" \/>\n<link rel=\"canonical\" href=\"https:\/\/www.ull.es\/portal\/noticias\/2015\/el-programa-launchtf-presenta-su-agenda-de-formacion-enfocada-en-las-empresas-emergentes-de-caracter-tecnologico\/\" \/>\n<meta property=\"og:locale\" content=\"es_ES\" \/>\n<meta property=\"og:type\" content=\"article\" \/>\n<meta property=\"og:title\" content=\"El programa &#039;LaunchTF&#039; presenta su agenda de formaci\u00f3n enfocada en las empresas emergentes de car\u00e1cter tecnol\u00f3gico - ULL - Noticias\" \/>\n<meta property=\"og:description\" content=\"Tras varias semanas de formaci\u00f3n y asesoramiento espec\u00edfico para los catorce proyectos participantes en el programa de pre-aceleraci\u00f3n de startups...\" \/>\n<meta property=\"og:url\" content=\"https:\/\/www.ull.es\/portal\/noticias\/2015\/el-programa-launchtf-presenta-su-agenda-de-formacion-enfocada-en-las-empresas-emergentes-de-caracter-tecnologico\/\" \/>\n<meta property=\"og:site_name\" content=\"ULL - Noticias\" \/>\n<meta property=\"article:publisher\" content=\"https:\/\/www.facebook.com\/universidaddelalaguna\/\" \/>\n<meta property=\"article:published_time\" content=\"2015-06-19T13:06:01+00:00\" \/>\n<meta property=\"og:image\" content=\"https:\/\/www.ull.es\/portal\/noticias\/wp-content\/uploads\/sites\/13\/2015\/06\/cartel_general-formacion-launch.jpg\" \/>\n\t<meta property=\"og:image:width\" content=\"842\" \/>\n\t<meta property=\"og:image:height\" content=\"1191\" \/>\n\t<meta property=\"og:image:type\" content=\"image\/jpeg\" \/>\n<meta name=\"author\" content=\"gaprsa\" \/>\n<meta name=\"twitter:card\" content=\"summary_large_image\" \/>\n<meta name=\"twitter:creator\" content=\"@CanalULL\" \/>\n<meta name=\"twitter:site\" content=\"@CanalULL\" \/>\n<meta name=\"twitter:label1\" content=\"Escrito por\" \/>\n\t<meta name=\"twitter:data1\" content=\"gaprsa\" \/>\n\t<meta name=\"twitter:label2\" content=\"Tiempo de lectura\" \/>\n\t<meta name=\"twitter:data2\" content=\"2 minutos\" \/>\n<script type=\"application\/ld+json\" class=\"yoast-schema-graph\">{\"@context\":\"https:\/\/schema.org\",\"@graph\":[{\"@type\":\"WebPage\",\"@id\":\"https:\/\/www.ull.es\/portal\/noticias\/2015\/el-programa-launchtf-presenta-su-agenda-de-formacion-enfocada-en-las-empresas-emergentes-de-caracter-tecnologico\/\",\"url\":\"https:\/\/www.ull.es\/portal\/noticias\/2015\/el-programa-launchtf-presenta-su-agenda-de-formacion-enfocada-en-las-empresas-emergentes-de-caracter-tecnologico\/\",\"name\":\"El programa 'LaunchTF' presenta su agenda de formaci\u00f3n enfocada en las empresas emergentes de car\u00e1cter tecnol\u00f3gico - ULL - Noticias\",\"isPartOf\":{\"@id\":\"https:\/\/www.ull.es\/portal\/noticias\/#website\"},\"datePublished\":\"2015-06-19T13:06:01+00:00\",\"dateModified\":\"2015-06-19T13:06:01+00:00\",\"author\":{\"@id\":\"https:\/\/www.ull.es\/portal\/noticias\/#\/schema\/person\/b2b1a89d43ffa609e591f7df8ef3e817\"},\"breadcrumb\":{\"@id\":\"https:\/\/www.ull.es\/portal\/noticias\/2015\/el-programa-launchtf-presenta-su-agenda-de-formacion-enfocada-en-las-empresas-emergentes-de-caracter-tecnologico\/#breadcrumb\"},\"inLanguage\":\"es\",\"potentialAction\":[{\"@type\":\"ReadAction\",\"target\":[\"https:\/\/www.ull.es\/portal\/noticias\/2015\/el-programa-launchtf-presenta-su-agenda-de-formacion-enfocada-en-las-empresas-emergentes-de-caracter-tecnologico\/\"]}]},{\"@type\":\"BreadcrumbList\",\"@id\":\"https:\/\/www.ull.es\/portal\/noticias\/2015\/el-programa-launchtf-presenta-su-agenda-de-formacion-enfocada-en-las-empresas-emergentes-de-caracter-tecnologico\/#breadcrumb\",\"itemListElement\":[{\"@type\":\"ListItem\",\"position\":1,\"name\":\"Portada\",\"item\":\"https:\/\/www.ull.es\/portal\/noticias\/\"},{\"@type\":\"ListItem\",\"position\":2,\"name\":\"El programa &#8216;LaunchTF&#8217; presenta su agenda de formaci\u00f3n enfocada en las empresas emergentes de car\u00e1cter tecnol\u00f3gico\"}]},{\"@type\":\"WebSite\",\"@id\":\"https:\/\/www.ull.es\/portal\/noticias\/#website\",\"url\":\"https:\/\/www.ull.es\/portal\/noticias\/\",\"name\":\"ULL - Noticias\",\"description\":\"\",\"potentialAction\":[{\"@type\":\"SearchAction\",\"target\":{\"@type\":\"EntryPoint\",\"urlTemplate\":\"https:\/\/www.ull.es\/portal\/noticias\/?s={search_term_string}\"},\"query-input\":\"required name=search_term_string\"}],\"inLanguage\":\"es\"},{\"@type\":\"Person\",\"@id\":\"https:\/\/www.ull.es\/portal\/noticias\/#\/schema\/person\/b2b1a89d43ffa609e591f7df8ef3e817\",\"name\":\"gaprsa\",\"image\":{\"@type\":\"ImageObject\",\"inLanguage\":\"es\",\"@id\":\"https:\/\/www.ull.es\/portal\/noticias\/#\/schema\/person\/image\/\",\"url\":\"https:\/\/secure.gravatar.com\/avatar\/443820550921091458b4823867723b3d?s=96&d=mm&r=g\",\"contentUrl\":\"https:\/\/secure.gravatar.com\/avatar\/443820550921091458b4823867723b3d?s=96&d=mm&r=g\",\"caption\":\"gaprsa\"},\"url\":\"https:\/\/www.ull.es\/portal\/noticias\/author\/gaprsa\/\"}]}<\/script>\n<!-- \/ Yoast SEO plugin. -->","yoast_head_json":{"title":"El programa 'LaunchTF' presenta su agenda de formaci\u00f3n enfocada en las empresas emergentes de car\u00e1cter tecnol\u00f3gico - ULL - Noticias","robots":{"index":"index","follow":"follow","max-snippet":"max-snippet:-1","max-image-preview":"max-image-preview:large","max-video-preview":"max-video-preview:-1"},"canonical":"https:\/\/www.ull.es\/portal\/noticias\/2015\/el-programa-launchtf-presenta-su-agenda-de-formacion-enfocada-en-las-empresas-emergentes-de-caracter-tecnologico\/","og_locale":"es_ES","og_type":"article","og_title":"El programa 'LaunchTF' presenta su agenda de formaci\u00f3n enfocada en las empresas emergentes de car\u00e1cter tecnol\u00f3gico - ULL - Noticias","og_description":"Tras varias semanas de formaci\u00f3n y asesoramiento espec\u00edfico para los catorce proyectos participantes en el programa de pre-aceleraci\u00f3n de startups...","og_url":"https:\/\/www.ull.es\/portal\/noticias\/2015\/el-programa-launchtf-presenta-su-agenda-de-formacion-enfocada-en-las-empresas-emergentes-de-caracter-tecnologico\/","og_site_name":"ULL - Noticias","article_publisher":"https:\/\/www.facebook.com\/universidaddelalaguna\/","article_published_time":"2015-06-19T13:06:01+00:00","og_image":[{"width":842,"height":1191,"url":"https:\/\/www.ull.es\/portal\/noticias\/wp-content\/uploads\/sites\/13\/2015\/06\/cartel_general-formacion-launch.jpg","type":"image\/jpeg"}],"author":"gaprsa","twitter_card":"summary_large_image","twitter_creator":"@CanalULL","twitter_site":"@CanalULL","twitter_misc":{"Escrito por":"gaprsa","Tiempo de lectura":"2 minutos"},"schema":{"@context":"https:\/\/schema.org","@graph":[{"@type":"WebPage","@id":"https:\/\/www.ull.es\/portal\/noticias\/2015\/el-programa-launchtf-presenta-su-agenda-de-formacion-enfocada-en-las-empresas-emergentes-de-caracter-tecnologico\/","url":"https:\/\/www.ull.es\/portal\/noticias\/2015\/el-programa-launchtf-presenta-su-agenda-de-formacion-enfocada-en-las-empresas-emergentes-de-caracter-tecnologico\/","name":"El programa 'LaunchTF' presenta su agenda de formaci\u00f3n enfocada en las empresas emergentes de car\u00e1cter tecnol\u00f3gico - ULL - Noticias","isPartOf":{"@id":"https:\/\/www.ull.es\/portal\/noticias\/#website"},"datePublished":"2015-06-19T13:06:01+00:00","dateModified":"2015-06-19T13:06:01+00:00","author":{"@id":"https:\/\/www.ull.es\/portal\/noticias\/#\/schema\/person\/b2b1a89d43ffa609e591f7df8ef3e817"},"breadcrumb":{"@id":"https:\/\/www.ull.es\/portal\/noticias\/2015\/el-programa-launchtf-presenta-su-agenda-de-formacion-enfocada-en-las-empresas-emergentes-de-caracter-tecnologico\/#breadcrumb"},"inLanguage":"es","potentialAction":[{"@type":"ReadAction","target":["https:\/\/www.ull.es\/portal\/noticias\/2015\/el-programa-launchtf-presenta-su-agenda-de-formacion-enfocada-en-las-empresas-emergentes-de-caracter-tecnologico\/"]}]},{"@type":"BreadcrumbList","@id":"https:\/\/www.ull.es\/portal\/noticias\/2015\/el-programa-launchtf-presenta-su-agenda-de-formacion-enfocada-en-las-empresas-emergentes-de-caracter-tecnologico\/#breadcrumb","itemListElement":[{"@type":"ListItem","position":1,"name":"Portada","item":"https:\/\/www.ull.es\/portal\/noticias\/"},{"@type":"ListItem","position":2,"name":"El programa &#8216;LaunchTF&#8217; presenta su agenda de formaci\u00f3n enfocada en las empresas emergentes de car\u00e1cter tecnol\u00f3gico"}]},{"@type":"WebSite","@id":"https:\/\/www.ull.es\/portal\/noticias\/#website","url":"https:\/\/www.ull.es\/portal\/noticias\/","name":"ULL - Noticias","description":"","potentialAction":[{"@type":"SearchAction","target":{"@type":"EntryPoint","urlTemplate":"https:\/\/www.ull.es\/portal\/noticias\/?s={search_term_string}"},"query-input":"required name=search_term_string"}],"inLanguage":"es"},{"@type":"Person","@id":"https:\/\/www.ull.es\/portal\/noticias\/#\/schema\/person\/b2b1a89d43ffa609e591f7df8ef3e817","name":"gaprsa","image":{"@type":"ImageObject","inLanguage":"es","@id":"https:\/\/www.ull.es\/portal\/noticias\/#\/schema\/person\/image\/","url":"https:\/\/secure.gravatar.com\/avatar\/443820550921091458b4823867723b3d?s=96&d=mm&r=g","contentUrl":"https:\/\/secure.gravatar.com\/avatar\/443820550921091458b4823867723b3d?s=96&d=mm&r=g","caption":"gaprsa"},"url":"https:\/\/www.ull.es\/portal\/noticias\/author\/gaprsa\/"}]}},"primary_category":null,"featured_image_thumbnail_url":"https:\/\/www.ull.es\/portal\/noticias\/wp-content\/uploads\/sites\/13\/2015\/06\/cartel_general-formacion-launch-212x300.jpg","_links":{"self":[{"href":"https:\/\/www.ull.es\/portal\/noticias\/wp-json\/wp\/v2\/posts\/12602"}],"collection":[{"href":"https:\/\/www.ull.es\/portal\/noticias\/wp-json\/wp\/v2\/posts"}],"about":[{"href":"https:\/\/www.ull.es\/portal\/noticias\/wp-json\/wp\/v2\/types\/post"}],"author":[{"embeddable":true,"href":"https:\/\/www.ull.es\/portal\/noticias\/wp-json\/wp\/v2\/users\/23"}],"replies":[{"embeddable":true,"href":"https:\/\/www.ull.es\/portal\/noticias\/wp-json\/wp\/v2\/comments?post=12602"}],"version-history":[{"count":0,"href":"https:\/\/www.ull.es\/portal\/noticias\/wp-json\/wp\/v2\/posts\/12602\/revisions"}],"wp:featuredmedia":[{"embeddable":true,"href":"https:\/\/www.ull.es\/portal\/noticias\/wp-json\/wp\/v2\/media\/12603"}],"wp:attachment":[{"href":"https:\/\/www.ull.es\/portal\/noticias\/wp-json\/wp\/v2\/media?parent=12602"}],"wp:term":[{"taxonomy":"category","embeddable":true,"href":"https:\/\/www.ull.es\/portal\/noticias\/wp-json\/wp\/v2\/categories?post=12602"},{"taxonomy":"post_tag","embeddable":true,"href":"https:\/\/www.ull.es\/portal\/noticias\/wp-json\/wp\/v2\/tags?post=12602"}],"curies":[{"name":"wp","href":"https:\/\/api.w.org\/{rel}","templated":true}]}}