{"id":12621,"date":"2015-06-22T13:49:54","date_gmt":"2015-06-22T13:49:54","guid":{"rendered":"http:\/\/ddigital.webs.ull.es\/?p=12621"},"modified":"2015-06-22T13:49:54","modified_gmt":"2015-06-22T13:49:54","slug":"inaugurada-la-semana-europea-de-la-astronomia-y-las-ciencias-del-espacio-ewass-2015-en-la-universidad-de-la-laguna","status":"publish","type":"post","link":"https:\/\/www.ull.es\/portal\/noticias\/2015\/inaugurada-la-semana-europea-de-la-astronomia-y-las-ciencias-del-espacio-ewass-2015-en-la-universidad-de-la-laguna\/","title":{"rendered":"Inaugurada la Semana Europea de la Astronom\u00eda y las Ciencias del Espacio EWASS 2015 en la Universidad de La Laguna"},"content":{"rendered":"<p>Hoy lunes 22 de junio se ha inaugurado EWASS 2015 (European Week of Astronomy and Space Science), el mayor congreso anual de la astronom\u00eda a nivel europeo, que en esta ocasi\u00f3n se celebra en el Campus de Guajara de la Universidad de La Laguna (Tenerife) desde hoy y hasta el pr\u00f3ximo viernes 26. EWASS 2015 est\u00e1 coordinada localmente por el Instituto de Astrof\u00edsica de Canarias (IAC) y organizada por la European Astronomical Society (EAS), en colaboraci\u00f3n con la Sociedad Espa\u00f1ola de Astronom\u00eda (SEA), el IAC y la ULL.<\/p>\n<p>El acto de inauguraci\u00f3n lo han protagonizado el presidente del Cabildo de Tenerife, Carlos Alonso; el director de la Agencia Canaria de Investigaci\u00f3n, Innovaci\u00f3n y Sociedad de la Informaci\u00f3n (ACIISI) del Gobierno de Canarias, Juan Ruiz Alzola; el rector de la Universidad de La Laguna, Antonio Martin\u00f3n; el presidente de la EAS, Thierry Courvoisier; el presidente de la SEA, Javier Gorgas; la copresidenta del Comit\u00e9 Cient\u00edfico Organizador, Cathie Clarke; y el director del IAC, Rafael Rebolo.<\/p>\n<p>Todos ellos han destacado la importancia de celebrar un congreso de esta envergadura por primera vez en Tenerife: los 1.200 participantes registrados son pr\u00e1cticamente el doble de lo que se esperaba inicialmente. EWASS 2015 coincide adem\u00e1s con la celebraci\u00f3n del 30 aniversario de loso Observatorios de Canarias, y el director del IAC ha anunciado que el Rey Felipe VI presidir\u00e1 el pr\u00f3ximo s\u00e1bado la ceremonia de inauguraci\u00f3n de los dos telescopios que conforman el experimento Quijote y otras seis nuevas instalaciones rob\u00f3ticas en el Observatorio del Teide (m\u00e1s informaci\u00f3n en www.iac.es).<\/p>\n<p><strong>50 aniversario del fondo c\u00f3smico de microondas<\/strong><\/p>\n<p>La charla inaugural, a cargo de Licia Verde del Instituto de Ciencias del Cosmos de la Universitat de Barcelona (ICCUB), se ha centrado en el 50 aniversario de la publicaci\u00f3n del descubrimiento del fondo c\u00f3smico de microondas. Licia Verde ha destacado la importancia de este hallazgo cient\u00edfico, que supuso la principal prueba observacional de la teor\u00eda del Big Bang. A lo largo de estas d\u00e9cadas, la observaci\u00f3n del fondo c\u00f3smico de microondas ha permitido tambi\u00e9n detectar las perturbaciones primigenias, que pueden considerarse como \u201cla semilla\u201d de la formaci\u00f3n de las galaxias. Gracias a las observaciones del fondo c\u00f3smico de microondas se ha podido establecer un modelo c\u00f3smico cuyo margen de error es tan s\u00f3lo del 1%.<\/p>\n<p>El pr\u00f3ximo paso ser\u00e1 explicar el primer instante del Big Bang. Seg\u00fan Licia Verde, puede que a\u00fan tardemos unos cuantos a\u00f1os en conseguirlo: \u201cAcaba de terminar la edad dorada de las observaciones del fondo c\u00f3smico de microondas\u201d, afirma. Para llegar m\u00e1s all\u00e1 hay varios experimentos en marcha desde Tierra, como el experimento Quijote del Observatorio del Teide en Tenerife que precisamente se inaugurar\u00e1 este pr\u00f3ximo s\u00e1bado. El experimento definitivo, en palabras de Licia Verde, pasar\u00eda por un nuevo sat\u00e9lite que, por el momento, se encuentra a\u00fan en fase de propuesta. \u201cPero podemos tener sorpresas \u2013advierte-. Quiz\u00e1 alguno de los experimentos desde Tierra proporcione resultados revolucionarios en los pr\u00f3ximos meses, \u00a1la ciencia es as\u00ed!\u201d.<\/p>\n<p>Toda la investigaci\u00f3n de los \u00faltimos a\u00f1os sobre el fondo c\u00f3smico de microondas puede adem\u00e1s abrir las puertas de nuevos campos de investigaci\u00f3n. \u201cCreo que la pr\u00f3xima era va a ser la edad dorada de las estructuras a gran escala, es decir, mapear la distribuci\u00f3n de galaxias, c\u00famulos y materia oscura. Muchas de las herramientas y del rigor que la comunidad cient\u00edfica ha desarrollado para realizar cosmolog\u00eda de precisi\u00f3n en fondo c\u00f3smico de microondas se est\u00e1n filtrando hacia el campo de las estructuras a gran escala, y tambi\u00e9n se est\u00e1 realizando un enorme esfuerzo observacional en esa direcci\u00f3n\u201d, ha a\u00f1adido Licia Verde.<\/p>\n<p>La profesora Ewin van Dishoek, que recibi\u00f3 el premio L. Woltjer de la EAS, imparti\u00f3 a continuaci\u00f3n una conferencia sobre Astroqu\u00edmica de mol\u00e9culas complejas en el espacio.<\/p>\n<p><strong>40 simposios paralelos<\/strong><\/p>\n<p>EWASS 2015 incluye diversas conferencias plenarias y 40 simposios paralelos en los que se presentan los \u00faltimos avances de los distintos \u00e1mbitos de la astronom\u00eda y la astrof\u00edsica. Adem\u00e1s, el congreso servir\u00e1 tambi\u00e9n para estrechar la colaboraci\u00f3n entre las diversas entidades dedicadas a la astronom\u00eda en el continente europeo, y habr\u00e1 espacio para debatir sobre la pol\u00edtica cient\u00edfica del continente en el campo de la astronom\u00eda.<\/p>\n<p>(Nota y fotos cedidas por el IAC).<\/p>\n","protected":false},"excerpt":{"rendered":"<p>Hoy lunes 22 de junio se ha inaugurado EWASS 2015 (European Week of Astronomy and Space Science), el mayor congreso&#8230;<\/p>\n","protected":false},"author":23,"featured_media":0,"comment_status":"open","ping_status":"open","sticky":false,"template":"","format":"gallery","meta":{"inline_featured_image":false,"footnotes":""},"categories":[345,350,1],"tags":[561,1454,2527,2560],"acf":[],"yoast_head":"<!-- This site is optimized with the Yoast SEO plugin v21.3 - https:\/\/yoast.com\/wordpress\/plugins\/seo\/ -->\n<title>Inaugurada la Semana Europea de la Astronom\u00eda y las Ciencias del Espacio EWASS 2015 en la Universidad de La Laguna - ULL - Noticias<\/title>\n<meta name=\"robots\" content=\"index, follow, max-snippet:-1, max-image-preview:large, max-video-preview:-1\" \/>\n<link rel=\"canonical\" href=\"https:\/\/www.ull.es\/portal\/noticias\/2015\/inaugurada-la-semana-europea-de-la-astronomia-y-las-ciencias-del-espacio-ewass-2015-en-la-universidad-de-la-laguna\/\" \/>\n<meta property=\"og:locale\" content=\"es_ES\" \/>\n<meta property=\"og:type\" content=\"article\" \/>\n<meta property=\"og:title\" content=\"Inaugurada la Semana Europea de la Astronom\u00eda y las Ciencias del Espacio EWASS 2015 en la Universidad de La Laguna - ULL - Noticias\" \/>\n<meta property=\"og:description\" content=\"Hoy lunes 22 de junio se ha inaugurado EWASS 2015 (European Week of Astronomy and Space Science), el mayor congreso...\" \/>\n<meta property=\"og:url\" content=\"https:\/\/www.ull.es\/portal\/noticias\/2015\/inaugurada-la-semana-europea-de-la-astronomia-y-las-ciencias-del-espacio-ewass-2015-en-la-universidad-de-la-laguna\/\" \/>\n<meta property=\"og:site_name\" content=\"ULL - Noticias\" \/>\n<meta property=\"article:publisher\" content=\"https:\/\/www.facebook.com\/universidaddelalaguna\/\" \/>\n<meta property=\"article:published_time\" content=\"2015-06-22T13:49:54+00:00\" \/>\n<meta property=\"og:image\" content=\"https:\/\/www.ull.es\/portal\/noticias\/wp-content\/uploads\/sites\/13\/2023\/06\/logo-redimensionado.png\" \/>\n\t<meta property=\"og:image:width\" content=\"1200\" \/>\n\t<meta property=\"og:image:height\" content=\"630\" \/>\n\t<meta property=\"og:image:type\" content=\"image\/png\" \/>\n<meta name=\"author\" content=\"gaprsa\" \/>\n<meta name=\"twitter:card\" content=\"summary_large_image\" \/>\n<meta name=\"twitter:creator\" content=\"@CanalULL\" \/>\n<meta name=\"twitter:site\" content=\"@CanalULL\" \/>\n<meta name=\"twitter:label1\" content=\"Escrito por\" \/>\n\t<meta name=\"twitter:data1\" content=\"gaprsa\" \/>\n\t<meta name=\"twitter:label2\" content=\"Tiempo de lectura\" \/>\n\t<meta name=\"twitter:data2\" content=\"4 minutos\" \/>\n<script type=\"application\/ld+json\" class=\"yoast-schema-graph\">{\"@context\":\"https:\/\/schema.org\",\"@graph\":[{\"@type\":\"WebPage\",\"@id\":\"https:\/\/www.ull.es\/portal\/noticias\/2015\/inaugurada-la-semana-europea-de-la-astronomia-y-las-ciencias-del-espacio-ewass-2015-en-la-universidad-de-la-laguna\/\",\"url\":\"https:\/\/www.ull.es\/portal\/noticias\/2015\/inaugurada-la-semana-europea-de-la-astronomia-y-las-ciencias-del-espacio-ewass-2015-en-la-universidad-de-la-laguna\/\",\"name\":\"Inaugurada la Semana Europea de la Astronom\u00eda y las Ciencias del Espacio EWASS 2015 en la Universidad de La Laguna - ULL - Noticias\",\"isPartOf\":{\"@id\":\"https:\/\/www.ull.es\/portal\/noticias\/#website\"},\"datePublished\":\"2015-06-22T13:49:54+00:00\",\"dateModified\":\"2015-06-22T13:49:54+00:00\",\"author\":{\"@id\":\"https:\/\/www.ull.es\/portal\/noticias\/#\/schema\/person\/b2b1a89d43ffa609e591f7df8ef3e817\"},\"breadcrumb\":{\"@id\":\"https:\/\/www.ull.es\/portal\/noticias\/2015\/inaugurada-la-semana-europea-de-la-astronomia-y-las-ciencias-del-espacio-ewass-2015-en-la-universidad-de-la-laguna\/#breadcrumb\"},\"inLanguage\":\"es\",\"potentialAction\":[{\"@type\":\"ReadAction\",\"target\":[\"https:\/\/www.ull.es\/portal\/noticias\/2015\/inaugurada-la-semana-europea-de-la-astronomia-y-las-ciencias-del-espacio-ewass-2015-en-la-universidad-de-la-laguna\/\"]}]},{\"@type\":\"BreadcrumbList\",\"@id\":\"https:\/\/www.ull.es\/portal\/noticias\/2015\/inaugurada-la-semana-europea-de-la-astronomia-y-las-ciencias-del-espacio-ewass-2015-en-la-universidad-de-la-laguna\/#breadcrumb\",\"itemListElement\":[{\"@type\":\"ListItem\",\"position\":1,\"name\":\"Portada\",\"item\":\"https:\/\/www.ull.es\/portal\/noticias\/\"},{\"@type\":\"ListItem\",\"position\":2,\"name\":\"Inaugurada la Semana Europea de la Astronom\u00eda y las Ciencias del Espacio EWASS 2015 en la Universidad de La Laguna\"}]},{\"@type\":\"WebSite\",\"@id\":\"https:\/\/www.ull.es\/portal\/noticias\/#website\",\"url\":\"https:\/\/www.ull.es\/portal\/noticias\/\",\"name\":\"ULL - Noticias\",\"description\":\"\",\"potentialAction\":[{\"@type\":\"SearchAction\",\"target\":{\"@type\":\"EntryPoint\",\"urlTemplate\":\"https:\/\/www.ull.es\/portal\/noticias\/?s={search_term_string}\"},\"query-input\":\"required name=search_term_string\"}],\"inLanguage\":\"es\"},{\"@type\":\"Person\",\"@id\":\"https:\/\/www.ull.es\/portal\/noticias\/#\/schema\/person\/b2b1a89d43ffa609e591f7df8ef3e817\",\"name\":\"gaprsa\",\"image\":{\"@type\":\"ImageObject\",\"inLanguage\":\"es\",\"@id\":\"https:\/\/www.ull.es\/portal\/noticias\/#\/schema\/person\/image\/\",\"url\":\"https:\/\/secure.gravatar.com\/avatar\/443820550921091458b4823867723b3d?s=96&d=mm&r=g\",\"contentUrl\":\"https:\/\/secure.gravatar.com\/avatar\/443820550921091458b4823867723b3d?s=96&d=mm&r=g\",\"caption\":\"gaprsa\"},\"url\":\"https:\/\/www.ull.es\/portal\/noticias\/author\/gaprsa\/\"}]}<\/script>\n<!-- \/ Yoast SEO plugin. -->","yoast_head_json":{"title":"Inaugurada la Semana Europea de la Astronom\u00eda y las Ciencias del Espacio EWASS 2015 en la Universidad de La Laguna - ULL - Noticias","robots":{"index":"index","follow":"follow","max-snippet":"max-snippet:-1","max-image-preview":"max-image-preview:large","max-video-preview":"max-video-preview:-1"},"canonical":"https:\/\/www.ull.es\/portal\/noticias\/2015\/inaugurada-la-semana-europea-de-la-astronomia-y-las-ciencias-del-espacio-ewass-2015-en-la-universidad-de-la-laguna\/","og_locale":"es_ES","og_type":"article","og_title":"Inaugurada la Semana Europea de la Astronom\u00eda y las Ciencias del Espacio EWASS 2015 en la Universidad de La Laguna - ULL - Noticias","og_description":"Hoy lunes 22 de junio se ha inaugurado EWASS 2015 (European Week of Astronomy and Space Science), el mayor congreso...","og_url":"https:\/\/www.ull.es\/portal\/noticias\/2015\/inaugurada-la-semana-europea-de-la-astronomia-y-las-ciencias-del-espacio-ewass-2015-en-la-universidad-de-la-laguna\/","og_site_name":"ULL - Noticias","article_publisher":"https:\/\/www.facebook.com\/universidaddelalaguna\/","article_published_time":"2015-06-22T13:49:54+00:00","og_image":[{"width":1200,"height":630,"url":"https:\/\/www.ull.es\/portal\/noticias\/wp-content\/uploads\/sites\/13\/2023\/06\/logo-redimensionado.png","type":"image\/png"}],"author":"gaprsa","twitter_card":"summary_large_image","twitter_creator":"@CanalULL","twitter_site":"@CanalULL","twitter_misc":{"Escrito por":"gaprsa","Tiempo de lectura":"4 minutos"},"schema":{"@context":"https:\/\/schema.org","@graph":[{"@type":"WebPage","@id":"https:\/\/www.ull.es\/portal\/noticias\/2015\/inaugurada-la-semana-europea-de-la-astronomia-y-las-ciencias-del-espacio-ewass-2015-en-la-universidad-de-la-laguna\/","url":"https:\/\/www.ull.es\/portal\/noticias\/2015\/inaugurada-la-semana-europea-de-la-astronomia-y-las-ciencias-del-espacio-ewass-2015-en-la-universidad-de-la-laguna\/","name":"Inaugurada la Semana Europea de la Astronom\u00eda y las Ciencias del Espacio EWASS 2015 en la Universidad de La Laguna - ULL - Noticias","isPartOf":{"@id":"https:\/\/www.ull.es\/portal\/noticias\/#website"},"datePublished":"2015-06-22T13:49:54+00:00","dateModified":"2015-06-22T13:49:54+00:00","author":{"@id":"https:\/\/www.ull.es\/portal\/noticias\/#\/schema\/person\/b2b1a89d43ffa609e591f7df8ef3e817"},"breadcrumb":{"@id":"https:\/\/www.ull.es\/portal\/noticias\/2015\/inaugurada-la-semana-europea-de-la-astronomia-y-las-ciencias-del-espacio-ewass-2015-en-la-universidad-de-la-laguna\/#breadcrumb"},"inLanguage":"es","potentialAction":[{"@type":"ReadAction","target":["https:\/\/www.ull.es\/portal\/noticias\/2015\/inaugurada-la-semana-europea-de-la-astronomia-y-las-ciencias-del-espacio-ewass-2015-en-la-universidad-de-la-laguna\/"]}]},{"@type":"BreadcrumbList","@id":"https:\/\/www.ull.es\/portal\/noticias\/2015\/inaugurada-la-semana-europea-de-la-astronomia-y-las-ciencias-del-espacio-ewass-2015-en-la-universidad-de-la-laguna\/#breadcrumb","itemListElement":[{"@type":"ListItem","position":1,"name":"Portada","item":"https:\/\/www.ull.es\/portal\/noticias\/"},{"@type":"ListItem","position":2,"name":"Inaugurada la Semana Europea de la Astronom\u00eda y las Ciencias del Espacio EWASS 2015 en la Universidad de La Laguna"}]},{"@type":"WebSite","@id":"https:\/\/www.ull.es\/portal\/noticias\/#website","url":"https:\/\/www.ull.es\/portal\/noticias\/","name":"ULL - Noticias","description":"","potentialAction":[{"@type":"SearchAction","target":{"@type":"EntryPoint","urlTemplate":"https:\/\/www.ull.es\/portal\/noticias\/?s={search_term_string}"},"query-input":"required name=search_term_string"}],"inLanguage":"es"},{"@type":"Person","@id":"https:\/\/www.ull.es\/portal\/noticias\/#\/schema\/person\/b2b1a89d43ffa609e591f7df8ef3e817","name":"gaprsa","image":{"@type":"ImageObject","inLanguage":"es","@id":"https:\/\/www.ull.es\/portal\/noticias\/#\/schema\/person\/image\/","url":"https:\/\/secure.gravatar.com\/avatar\/443820550921091458b4823867723b3d?s=96&d=mm&r=g","contentUrl":"https:\/\/secure.gravatar.com\/avatar\/443820550921091458b4823867723b3d?s=96&d=mm&r=g","caption":"gaprsa"},"url":"https:\/\/www.ull.es\/portal\/noticias\/author\/gaprsa\/"}]}},"primary_category":null,"featured_image_thumbnail_url":null,"_links":{"self":[{"href":"https:\/\/www.ull.es\/portal\/noticias\/wp-json\/wp\/v2\/posts\/12621"}],"collection":[{"href":"https:\/\/www.ull.es\/portal\/noticias\/wp-json\/wp\/v2\/posts"}],"about":[{"href":"https:\/\/www.ull.es\/portal\/noticias\/wp-json\/wp\/v2\/types\/post"}],"author":[{"embeddable":true,"href":"https:\/\/www.ull.es\/portal\/noticias\/wp-json\/wp\/v2\/users\/23"}],"replies":[{"embeddable":true,"href":"https:\/\/www.ull.es\/portal\/noticias\/wp-json\/wp\/v2\/comments?post=12621"}],"version-history":[{"count":0,"href":"https:\/\/www.ull.es\/portal\/noticias\/wp-json\/wp\/v2\/posts\/12621\/revisions"}],"wp:attachment":[{"href":"https:\/\/www.ull.es\/portal\/noticias\/wp-json\/wp\/v2\/media?parent=12621"}],"wp:term":[{"taxonomy":"category","embeddable":true,"href":"https:\/\/www.ull.es\/portal\/noticias\/wp-json\/wp\/v2\/categories?post=12621"},{"taxonomy":"post_tag","embeddable":true,"href":"https:\/\/www.ull.es\/portal\/noticias\/wp-json\/wp\/v2\/tags?post=12621"}],"curies":[{"name":"wp","href":"https:\/\/api.w.org\/{rel}","templated":true}]}}