{"id":12642,"date":"2015-06-24T08:22:14","date_gmt":"2015-06-24T08:22:14","guid":{"rendered":"http:\/\/ddigital.webs.ull.es\/?p=12642"},"modified":"2015-06-24T08:22:14","modified_gmt":"2015-06-24T08:22:14","slug":"la-ull-inaugurara-en-la-sala-de-arte-paraninfo-la-exposicion-del-xviii-premio-nacional-de-pintura-enrique-lite","status":"publish","type":"post","link":"https:\/\/www.ull.es\/portal\/noticias\/2015\/la-ull-inaugurara-en-la-sala-de-arte-paraninfo-la-exposicion-del-xviii-premio-nacional-de-pintura-enrique-lite\/","title":{"rendered":"La ULL inaugurar\u00e1 en la Sala de Arte Paraninfo la exposici\u00f3n del XVIII Premio Nacional de Pintura Enrique Lite"},"content":{"rendered":"<p>La Sala de Arte Paraninfo Pablo Gonz\u00e1lez Vera de la Universidad de La Laguna acoge ma\u00f1ana, jueves 25 de junio a las 20:30 horas, la inauguraci\u00f3n de la exposici\u00f3n de trabajos ganadores y seleccionados en el XVIII Premio Nacional de Pintura Enrique Lite. El acto estar\u00e1 presidido por el director de secretariado del Vicerrectorado de Relaciones con la Sociedad, Mois\u00e9s Simancas; el responsable del \u00e1rea de Cultura de la ULL, Jos\u00e9 Ambrosio Gonz\u00e1lez; la gestora cultural de la ULL, Beatriz Mart\u00edn y la ganadora del premio, Yara Dami\u00e1n.<\/p>\n<p>La muestra podr\u00e1 visitarse hasta el 19 de julio de forma gratuita los d\u00edas de espect\u00e1culo en el Paraninfo, una hora antes del comienzo de los eventos. El p\u00fablico podr\u00e1 ver las obras ganadoras y seleccionadas en la edici\u00f3n de 2014 del Premio Nacional de Pintura Enrique Lite, para cuya edici\u00f3n de 2015 est\u00e1 todav\u00eda abierta la convocatoria hasta el viernes 26 de junio. <\/p>\n<p>En esa edici\u00f3n la ganadora fue la artista Yara Dami\u00e1n, con su obra \u00abDesayuno con brisas\u00bb. Esta pintora ha resultado premiada en otros concursos como el Expressionism-Figure Category de la American Art Awards y Menci\u00f3n de Honor de la Argamasilla de Alba Scholars de Ciudad Real. Actualmente desarrolla varios proyectos, como \u00ab7 vistas 7 islas\u00bb y \u00abEncuentros e Introspecci\u00f3n\u201d.<\/p>\n<p>Adem\u00e1s de la obra ganadora, la Sala de Arte Paraninfo acoger\u00e1 los cuadros premiados en segundo y tercer lugar: \u201cConga\u201d, de \u00c1ngel Santiago Plata, y \u201cMe podr\u00eda enamorar de ella, dijo \u00e9l\u201d, de Ana del Valle Ojeda. La muestra la completan las diecis\u00e9is obras seleccionadas por el jurado, en las cuales los artistas han plasmado con las m\u00e1s variadas t\u00e9cnicas situaciones cotidianas del ser humano, paisajes, retratos y bodegones.<\/p>\n","protected":false},"excerpt":{"rendered":"<p>La Sala de Arte Paraninfo Pablo Gonz\u00e1lez Vera de la Universidad de La Laguna acoge ma\u00f1ana, jueves 25 de junio&#8230;<\/p>\n","protected":false},"author":23,"featured_media":12643,"comment_status":"open","ping_status":"open","sticky":false,"template":"","format":"standard","meta":{"inline_featured_image":false,"footnotes":""},"categories":[344,1],"tags":[1201,2047,2106,2144,2307,2527,2560,2664],"acf":[],"yoast_head":"<!-- This site is optimized with the Yoast SEO plugin v21.3 - https:\/\/yoast.com\/wordpress\/plugins\/seo\/ -->\n<title>La ULL inaugurar\u00e1 en la Sala de Arte Paraninfo la exposici\u00f3n del XVIII Premio Nacional de Pintura Enrique Lite - ULL - Noticias<\/title>\n<meta name=\"robots\" content=\"index, follow, max-snippet:-1, max-image-preview:large, max-video-preview:-1\" \/>\n<link rel=\"canonical\" href=\"https:\/\/www.ull.es\/portal\/noticias\/2015\/la-ull-inaugurara-en-la-sala-de-arte-paraninfo-la-exposicion-del-xviii-premio-nacional-de-pintura-enrique-lite\/\" \/>\n<meta property=\"og:locale\" content=\"es_ES\" \/>\n<meta property=\"og:type\" content=\"article\" \/>\n<meta property=\"og:title\" content=\"La ULL inaugurar\u00e1 en la Sala de Arte Paraninfo la exposici\u00f3n del XVIII Premio Nacional de Pintura Enrique Lite - ULL - Noticias\" \/>\n<meta property=\"og:description\" content=\"La Sala de Arte Paraninfo Pablo Gonz\u00e1lez Vera de la Universidad de La Laguna acoge ma\u00f1ana, jueves 25 de junio...\" \/>\n<meta property=\"og:url\" content=\"https:\/\/www.ull.es\/portal\/noticias\/2015\/la-ull-inaugurara-en-la-sala-de-arte-paraninfo-la-exposicion-del-xviii-premio-nacional-de-pintura-enrique-lite\/\" \/>\n<meta property=\"og:site_name\" content=\"ULL - Noticias\" \/>\n<meta property=\"article:publisher\" content=\"https:\/\/www.facebook.com\/universidaddelalaguna\/\" \/>\n<meta property=\"article:published_time\" content=\"2015-06-24T08:22:14+00:00\" \/>\n<meta property=\"og:image\" content=\"https:\/\/www.ull.es\/portal\/noticias\/wp-content\/uploads\/sites\/13\/2015\/06\/cartel-enrique-lite.jpg\" \/>\n\t<meta property=\"og:image:width\" content=\"724\" \/>\n\t<meta property=\"og:image:height\" content=\"1024\" \/>\n\t<meta property=\"og:image:type\" content=\"image\/jpeg\" \/>\n<meta name=\"author\" content=\"gaprsa\" \/>\n<meta name=\"twitter:card\" content=\"summary_large_image\" \/>\n<meta name=\"twitter:creator\" content=\"@CanalULL\" \/>\n<meta name=\"twitter:site\" content=\"@CanalULL\" \/>\n<meta name=\"twitter:label1\" content=\"Escrito por\" \/>\n\t<meta name=\"twitter:data1\" content=\"gaprsa\" \/>\n\t<meta name=\"twitter:label2\" content=\"Tiempo de lectura\" \/>\n\t<meta name=\"twitter:data2\" content=\"1 minuto\" \/>\n<script type=\"application\/ld+json\" class=\"yoast-schema-graph\">{\"@context\":\"https:\/\/schema.org\",\"@graph\":[{\"@type\":\"WebPage\",\"@id\":\"https:\/\/www.ull.es\/portal\/noticias\/2015\/la-ull-inaugurara-en-la-sala-de-arte-paraninfo-la-exposicion-del-xviii-premio-nacional-de-pintura-enrique-lite\/\",\"url\":\"https:\/\/www.ull.es\/portal\/noticias\/2015\/la-ull-inaugurara-en-la-sala-de-arte-paraninfo-la-exposicion-del-xviii-premio-nacional-de-pintura-enrique-lite\/\",\"name\":\"La ULL inaugurar\u00e1 en la Sala de Arte Paraninfo la exposici\u00f3n del XVIII Premio Nacional de Pintura Enrique Lite - ULL - Noticias\",\"isPartOf\":{\"@id\":\"https:\/\/www.ull.es\/portal\/noticias\/#website\"},\"datePublished\":\"2015-06-24T08:22:14+00:00\",\"dateModified\":\"2015-06-24T08:22:14+00:00\",\"author\":{\"@id\":\"https:\/\/www.ull.es\/portal\/noticias\/#\/schema\/person\/b2b1a89d43ffa609e591f7df8ef3e817\"},\"breadcrumb\":{\"@id\":\"https:\/\/www.ull.es\/portal\/noticias\/2015\/la-ull-inaugurara-en-la-sala-de-arte-paraninfo-la-exposicion-del-xviii-premio-nacional-de-pintura-enrique-lite\/#breadcrumb\"},\"inLanguage\":\"es\",\"potentialAction\":[{\"@type\":\"ReadAction\",\"target\":[\"https:\/\/www.ull.es\/portal\/noticias\/2015\/la-ull-inaugurara-en-la-sala-de-arte-paraninfo-la-exposicion-del-xviii-premio-nacional-de-pintura-enrique-lite\/\"]}]},{\"@type\":\"BreadcrumbList\",\"@id\":\"https:\/\/www.ull.es\/portal\/noticias\/2015\/la-ull-inaugurara-en-la-sala-de-arte-paraninfo-la-exposicion-del-xviii-premio-nacional-de-pintura-enrique-lite\/#breadcrumb\",\"itemListElement\":[{\"@type\":\"ListItem\",\"position\":1,\"name\":\"Portada\",\"item\":\"https:\/\/www.ull.es\/portal\/noticias\/\"},{\"@type\":\"ListItem\",\"position\":2,\"name\":\"La ULL inaugurar\u00e1 en la Sala de Arte Paraninfo la exposici\u00f3n del XVIII Premio Nacional de Pintura Enrique Lite\"}]},{\"@type\":\"WebSite\",\"@id\":\"https:\/\/www.ull.es\/portal\/noticias\/#website\",\"url\":\"https:\/\/www.ull.es\/portal\/noticias\/\",\"name\":\"ULL - Noticias\",\"description\":\"\",\"potentialAction\":[{\"@type\":\"SearchAction\",\"target\":{\"@type\":\"EntryPoint\",\"urlTemplate\":\"https:\/\/www.ull.es\/portal\/noticias\/?s={search_term_string}\"},\"query-input\":\"required name=search_term_string\"}],\"inLanguage\":\"es\"},{\"@type\":\"Person\",\"@id\":\"https:\/\/www.ull.es\/portal\/noticias\/#\/schema\/person\/b2b1a89d43ffa609e591f7df8ef3e817\",\"name\":\"gaprsa\",\"image\":{\"@type\":\"ImageObject\",\"inLanguage\":\"es\",\"@id\":\"https:\/\/www.ull.es\/portal\/noticias\/#\/schema\/person\/image\/\",\"url\":\"https:\/\/secure.gravatar.com\/avatar\/443820550921091458b4823867723b3d?s=96&d=mm&r=g\",\"contentUrl\":\"https:\/\/secure.gravatar.com\/avatar\/443820550921091458b4823867723b3d?s=96&d=mm&r=g\",\"caption\":\"gaprsa\"},\"url\":\"https:\/\/www.ull.es\/portal\/noticias\/author\/gaprsa\/\"}]}<\/script>\n<!-- \/ Yoast SEO plugin. -->","yoast_head_json":{"title":"La ULL inaugurar\u00e1 en la Sala de Arte Paraninfo la exposici\u00f3n del XVIII Premio Nacional de Pintura Enrique Lite - ULL - Noticias","robots":{"index":"index","follow":"follow","max-snippet":"max-snippet:-1","max-image-preview":"max-image-preview:large","max-video-preview":"max-video-preview:-1"},"canonical":"https:\/\/www.ull.es\/portal\/noticias\/2015\/la-ull-inaugurara-en-la-sala-de-arte-paraninfo-la-exposicion-del-xviii-premio-nacional-de-pintura-enrique-lite\/","og_locale":"es_ES","og_type":"article","og_title":"La ULL inaugurar\u00e1 en la Sala de Arte Paraninfo la exposici\u00f3n del XVIII Premio Nacional de Pintura Enrique Lite - ULL - Noticias","og_description":"La Sala de Arte Paraninfo Pablo Gonz\u00e1lez Vera de la Universidad de La Laguna acoge ma\u00f1ana, jueves 25 de junio...","og_url":"https:\/\/www.ull.es\/portal\/noticias\/2015\/la-ull-inaugurara-en-la-sala-de-arte-paraninfo-la-exposicion-del-xviii-premio-nacional-de-pintura-enrique-lite\/","og_site_name":"ULL - Noticias","article_publisher":"https:\/\/www.facebook.com\/universidaddelalaguna\/","article_published_time":"2015-06-24T08:22:14+00:00","og_image":[{"width":724,"height":1024,"url":"https:\/\/www.ull.es\/portal\/noticias\/wp-content\/uploads\/sites\/13\/2015\/06\/cartel-enrique-lite.jpg","type":"image\/jpeg"}],"author":"gaprsa","twitter_card":"summary_large_image","twitter_creator":"@CanalULL","twitter_site":"@CanalULL","twitter_misc":{"Escrito por":"gaprsa","Tiempo de lectura":"1 minuto"},"schema":{"@context":"https:\/\/schema.org","@graph":[{"@type":"WebPage","@id":"https:\/\/www.ull.es\/portal\/noticias\/2015\/la-ull-inaugurara-en-la-sala-de-arte-paraninfo-la-exposicion-del-xviii-premio-nacional-de-pintura-enrique-lite\/","url":"https:\/\/www.ull.es\/portal\/noticias\/2015\/la-ull-inaugurara-en-la-sala-de-arte-paraninfo-la-exposicion-del-xviii-premio-nacional-de-pintura-enrique-lite\/","name":"La ULL inaugurar\u00e1 en la Sala de Arte Paraninfo la exposici\u00f3n del XVIII Premio Nacional de Pintura Enrique Lite - ULL - Noticias","isPartOf":{"@id":"https:\/\/www.ull.es\/portal\/noticias\/#website"},"datePublished":"2015-06-24T08:22:14+00:00","dateModified":"2015-06-24T08:22:14+00:00","author":{"@id":"https:\/\/www.ull.es\/portal\/noticias\/#\/schema\/person\/b2b1a89d43ffa609e591f7df8ef3e817"},"breadcrumb":{"@id":"https:\/\/www.ull.es\/portal\/noticias\/2015\/la-ull-inaugurara-en-la-sala-de-arte-paraninfo-la-exposicion-del-xviii-premio-nacional-de-pintura-enrique-lite\/#breadcrumb"},"inLanguage":"es","potentialAction":[{"@type":"ReadAction","target":["https:\/\/www.ull.es\/portal\/noticias\/2015\/la-ull-inaugurara-en-la-sala-de-arte-paraninfo-la-exposicion-del-xviii-premio-nacional-de-pintura-enrique-lite\/"]}]},{"@type":"BreadcrumbList","@id":"https:\/\/www.ull.es\/portal\/noticias\/2015\/la-ull-inaugurara-en-la-sala-de-arte-paraninfo-la-exposicion-del-xviii-premio-nacional-de-pintura-enrique-lite\/#breadcrumb","itemListElement":[{"@type":"ListItem","position":1,"name":"Portada","item":"https:\/\/www.ull.es\/portal\/noticias\/"},{"@type":"ListItem","position":2,"name":"La ULL inaugurar\u00e1 en la Sala de Arte Paraninfo la exposici\u00f3n del XVIII Premio Nacional de Pintura Enrique Lite"}]},{"@type":"WebSite","@id":"https:\/\/www.ull.es\/portal\/noticias\/#website","url":"https:\/\/www.ull.es\/portal\/noticias\/","name":"ULL - Noticias","description":"","potentialAction":[{"@type":"SearchAction","target":{"@type":"EntryPoint","urlTemplate":"https:\/\/www.ull.es\/portal\/noticias\/?s={search_term_string}"},"query-input":"required name=search_term_string"}],"inLanguage":"es"},{"@type":"Person","@id":"https:\/\/www.ull.es\/portal\/noticias\/#\/schema\/person\/b2b1a89d43ffa609e591f7df8ef3e817","name":"gaprsa","image":{"@type":"ImageObject","inLanguage":"es","@id":"https:\/\/www.ull.es\/portal\/noticias\/#\/schema\/person\/image\/","url":"https:\/\/secure.gravatar.com\/avatar\/443820550921091458b4823867723b3d?s=96&d=mm&r=g","contentUrl":"https:\/\/secure.gravatar.com\/avatar\/443820550921091458b4823867723b3d?s=96&d=mm&r=g","caption":"gaprsa"},"url":"https:\/\/www.ull.es\/portal\/noticias\/author\/gaprsa\/"}]}},"primary_category":null,"featured_image_thumbnail_url":"https:\/\/www.ull.es\/portal\/noticias\/wp-content\/uploads\/sites\/13\/2015\/06\/cartel-enrique-lite-212x300.jpg","_links":{"self":[{"href":"https:\/\/www.ull.es\/portal\/noticias\/wp-json\/wp\/v2\/posts\/12642"}],"collection":[{"href":"https:\/\/www.ull.es\/portal\/noticias\/wp-json\/wp\/v2\/posts"}],"about":[{"href":"https:\/\/www.ull.es\/portal\/noticias\/wp-json\/wp\/v2\/types\/post"}],"author":[{"embeddable":true,"href":"https:\/\/www.ull.es\/portal\/noticias\/wp-json\/wp\/v2\/users\/23"}],"replies":[{"embeddable":true,"href":"https:\/\/www.ull.es\/portal\/noticias\/wp-json\/wp\/v2\/comments?post=12642"}],"version-history":[{"count":0,"href":"https:\/\/www.ull.es\/portal\/noticias\/wp-json\/wp\/v2\/posts\/12642\/revisions"}],"wp:featuredmedia":[{"embeddable":true,"href":"https:\/\/www.ull.es\/portal\/noticias\/wp-json\/wp\/v2\/media\/12643"}],"wp:attachment":[{"href":"https:\/\/www.ull.es\/portal\/noticias\/wp-json\/wp\/v2\/media?parent=12642"}],"wp:term":[{"taxonomy":"category","embeddable":true,"href":"https:\/\/www.ull.es\/portal\/noticias\/wp-json\/wp\/v2\/categories?post=12642"},{"taxonomy":"post_tag","embeddable":true,"href":"https:\/\/www.ull.es\/portal\/noticias\/wp-json\/wp\/v2\/tags?post=12642"}],"curies":[{"name":"wp","href":"https:\/\/api.w.org\/{rel}","templated":true}]}}