{"id":12645,"date":"2015-06-24T08:27:00","date_gmt":"2015-06-24T08:27:00","guid":{"rendered":"http:\/\/ddigital.webs.ull.es\/?p=12645"},"modified":"2015-06-24T08:27:00","modified_gmt":"2015-06-24T08:27:00","slug":"la-seccion-de-matematicas-de-la-ull-presenta-al-alumnado-de-bachillerato-su-disciplina-de-una-manera-ludica","status":"publish","type":"post","link":"https:\/\/www.ull.es\/portal\/noticias\/2015\/la-seccion-de-matematicas-de-la-ull-presenta-al-alumnado-de-bachillerato-su-disciplina-de-una-manera-ludica\/","title":{"rendered":"La Secci\u00f3n de Matem\u00e1ticas de la ULL presenta al alumnado de Bachillerato su disciplina de una manera l\u00fadica"},"content":{"rendered":"<p>La Secci\u00f3n de Matem\u00e1ticas de la Facultad de Ciencias de la Universidad de La Laguna celebrar\u00e1 los pr\u00f3ximos d\u00edas 29 y 30 de junio y 1 de julio \u201cExperiencia Matem\u00e1tica\u201d, una actividad que viene celebrando ya desde hace algunos cursos con el fin de presentar las ciencias exactas al alumnado de Bachillerato de una manera l\u00fadica y amena. El objetivo es mostrar a los m\u00e1s j\u00f3venes las posibilidades de esta disciplina para despertar vocaciones desde muy temprano, que culminen con el futuro acceso a esta titulaci\u00f3n universitaria.<\/p>\n<p>Este ciclo de charlas-taller se caracteriza por dar el m\u00e1ximo protagonismo posible al alumnado que acuda, que preferiblemente ser\u00e1 de primero de Bachillerato. Se celebrar\u00e1 en el Aula 1 del edificio de la Secci\u00f3n de Matem\u00e1ticas, ubicado en el Campus de Anchieta. Se trata de una actividad gratuita, pero requerir\u00e1 inscripci\u00f3n previa en el formulario publicado en el enlace: http:\/\/goo.gl\/forms\/0Zb4gnAzr0. Las charlas estar\u00e1n tutorizados principalmente por profesorado e investigadores de la Universidad de La Laguna.<\/p>\n<p>Programa<\/p>\n<p>Lunes 29 junio<\/p>\n<p>-9:30 a 10:00: Bienvenida y proyecci\u00f3n del v\u00eddeo \u201cLos estudios de Matem\u00e1ticas en la ULL\u201d.<\/p>\n<p>-10:00 a 11:30: \u201cJugando con el infinito\u201d, por Ruym\u00e1n Cruz Barroso.<\/p>\n<p>-12:00 a 13:30: \u201cGeometr\u00eda din\u00e1mica\u201d, por Mat\u00edas Camacho Mach\u00edn.<\/p>\n<p>Martes 30 de junio<\/p>\n<p>-10:00 a 11:30: \u201cRecursiviando\u201d, por Alex\u00e1nder Hern\u00e1ndez.<\/p>\n<p>-12:00 a 13:30: \u201cRob\u00f3tica\u201d, por Girish Aidasani (Robotix Canarias).<\/p>\n<p>Mi\u00e9rcoles 1 de julio<\/p>\n<p>-10:00 a 11:30: \u201cUn matem\u00e1tico se anuda la corbata\u201d, por Carlos Gonz\u00e1lez Alc\u00f3n (es necesario traer una corbata para esta actividad, aunque no necesariamente puesta).<\/p>\n<p>-12:00 a 13:30: \u201cEl cine en el pa\u00eds de las matem\u00e1ticas\u201d, por Luis Santana y Fernando de la Rosa.<\/p>\n","protected":false},"excerpt":{"rendered":"<p>La Secci\u00f3n de Matem\u00e1ticas de la Facultad de Ciencias de la Universidad de La Laguna celebrar\u00e1 los pr\u00f3ximos d\u00edas 29&#8230;<\/p>\n","protected":false},"author":23,"featured_media":12646,"comment_status":"open","ping_status":"open","sticky":false,"template":"","format":"standard","meta":{"inline_featured_image":false,"footnotes":""},"categories":[348,1],"tags":[608,1215,1861,2462,2527,2560],"acf":[],"yoast_head":"<!-- This site is optimized with the Yoast SEO plugin v21.3 - https:\/\/yoast.com\/wordpress\/plugins\/seo\/ -->\n<title>La Secci\u00f3n de Matem\u00e1ticas de la ULL presenta al alumnado de Bachillerato su disciplina de una manera l\u00fadica - ULL - Noticias<\/title>\n<meta name=\"robots\" content=\"index, follow, max-snippet:-1, max-image-preview:large, max-video-preview:-1\" \/>\n<link rel=\"canonical\" href=\"https:\/\/www.ull.es\/portal\/noticias\/2015\/la-seccion-de-matematicas-de-la-ull-presenta-al-alumnado-de-bachillerato-su-disciplina-de-una-manera-ludica\/\" \/>\n<meta property=\"og:locale\" content=\"es_ES\" \/>\n<meta property=\"og:type\" content=\"article\" \/>\n<meta property=\"og:title\" content=\"La Secci\u00f3n de Matem\u00e1ticas de la ULL presenta al alumnado de Bachillerato su disciplina de una manera l\u00fadica - ULL - Noticias\" \/>\n<meta property=\"og:description\" content=\"La Secci\u00f3n de Matem\u00e1ticas de la Facultad de Ciencias de la Universidad de La Laguna celebrar\u00e1 los pr\u00f3ximos d\u00edas 29...\" \/>\n<meta property=\"og:url\" content=\"https:\/\/www.ull.es\/portal\/noticias\/2015\/la-seccion-de-matematicas-de-la-ull-presenta-al-alumnado-de-bachillerato-su-disciplina-de-una-manera-ludica\/\" \/>\n<meta property=\"og:site_name\" content=\"ULL - Noticias\" \/>\n<meta property=\"article:publisher\" content=\"https:\/\/www.facebook.com\/universidaddelalaguna\/\" \/>\n<meta property=\"article:published_time\" content=\"2015-06-24T08:27:00+00:00\" \/>\n<meta property=\"og:image\" content=\"https:\/\/www.ull.es\/portal\/noticias\/wp-content\/uploads\/sites\/13\/2015\/06\/fisica_matematicas_ing_industrial.jpg\" \/>\n\t<meta property=\"og:image:width\" content=\"260\" \/>\n\t<meta property=\"og:image:height\" content=\"173\" \/>\n\t<meta property=\"og:image:type\" content=\"image\/jpeg\" \/>\n<meta name=\"author\" content=\"gaprsa\" \/>\n<meta name=\"twitter:card\" content=\"summary_large_image\" \/>\n<meta name=\"twitter:creator\" content=\"@CanalULL\" \/>\n<meta name=\"twitter:site\" content=\"@CanalULL\" \/>\n<meta name=\"twitter:label1\" content=\"Escrito por\" \/>\n\t<meta name=\"twitter:data1\" content=\"gaprsa\" \/>\n\t<meta name=\"twitter:label2\" content=\"Tiempo de lectura\" \/>\n\t<meta name=\"twitter:data2\" content=\"1 minuto\" \/>\n<script type=\"application\/ld+json\" class=\"yoast-schema-graph\">{\"@context\":\"https:\/\/schema.org\",\"@graph\":[{\"@type\":\"WebPage\",\"@id\":\"https:\/\/www.ull.es\/portal\/noticias\/2015\/la-seccion-de-matematicas-de-la-ull-presenta-al-alumnado-de-bachillerato-su-disciplina-de-una-manera-ludica\/\",\"url\":\"https:\/\/www.ull.es\/portal\/noticias\/2015\/la-seccion-de-matematicas-de-la-ull-presenta-al-alumnado-de-bachillerato-su-disciplina-de-una-manera-ludica\/\",\"name\":\"La Secci\u00f3n de Matem\u00e1ticas de la ULL presenta al alumnado de Bachillerato su disciplina de una manera l\u00fadica - ULL - Noticias\",\"isPartOf\":{\"@id\":\"https:\/\/www.ull.es\/portal\/noticias\/#website\"},\"datePublished\":\"2015-06-24T08:27:00+00:00\",\"dateModified\":\"2015-06-24T08:27:00+00:00\",\"author\":{\"@id\":\"https:\/\/www.ull.es\/portal\/noticias\/#\/schema\/person\/b2b1a89d43ffa609e591f7df8ef3e817\"},\"breadcrumb\":{\"@id\":\"https:\/\/www.ull.es\/portal\/noticias\/2015\/la-seccion-de-matematicas-de-la-ull-presenta-al-alumnado-de-bachillerato-su-disciplina-de-una-manera-ludica\/#breadcrumb\"},\"inLanguage\":\"es\",\"potentialAction\":[{\"@type\":\"ReadAction\",\"target\":[\"https:\/\/www.ull.es\/portal\/noticias\/2015\/la-seccion-de-matematicas-de-la-ull-presenta-al-alumnado-de-bachillerato-su-disciplina-de-una-manera-ludica\/\"]}]},{\"@type\":\"BreadcrumbList\",\"@id\":\"https:\/\/www.ull.es\/portal\/noticias\/2015\/la-seccion-de-matematicas-de-la-ull-presenta-al-alumnado-de-bachillerato-su-disciplina-de-una-manera-ludica\/#breadcrumb\",\"itemListElement\":[{\"@type\":\"ListItem\",\"position\":1,\"name\":\"Portada\",\"item\":\"https:\/\/www.ull.es\/portal\/noticias\/\"},{\"@type\":\"ListItem\",\"position\":2,\"name\":\"La Secci\u00f3n de Matem\u00e1ticas de la ULL presenta al alumnado de Bachillerato su disciplina de una manera l\u00fadica\"}]},{\"@type\":\"WebSite\",\"@id\":\"https:\/\/www.ull.es\/portal\/noticias\/#website\",\"url\":\"https:\/\/www.ull.es\/portal\/noticias\/\",\"name\":\"ULL - Noticias\",\"description\":\"\",\"potentialAction\":[{\"@type\":\"SearchAction\",\"target\":{\"@type\":\"EntryPoint\",\"urlTemplate\":\"https:\/\/www.ull.es\/portal\/noticias\/?s={search_term_string}\"},\"query-input\":\"required name=search_term_string\"}],\"inLanguage\":\"es\"},{\"@type\":\"Person\",\"@id\":\"https:\/\/www.ull.es\/portal\/noticias\/#\/schema\/person\/b2b1a89d43ffa609e591f7df8ef3e817\",\"name\":\"gaprsa\",\"image\":{\"@type\":\"ImageObject\",\"inLanguage\":\"es\",\"@id\":\"https:\/\/www.ull.es\/portal\/noticias\/#\/schema\/person\/image\/\",\"url\":\"https:\/\/secure.gravatar.com\/avatar\/443820550921091458b4823867723b3d?s=96&d=mm&r=g\",\"contentUrl\":\"https:\/\/secure.gravatar.com\/avatar\/443820550921091458b4823867723b3d?s=96&d=mm&r=g\",\"caption\":\"gaprsa\"},\"url\":\"https:\/\/www.ull.es\/portal\/noticias\/author\/gaprsa\/\"}]}<\/script>\n<!-- \/ Yoast SEO plugin. -->","yoast_head_json":{"title":"La Secci\u00f3n de Matem\u00e1ticas de la ULL presenta al alumnado de Bachillerato su disciplina de una manera l\u00fadica - ULL - Noticias","robots":{"index":"index","follow":"follow","max-snippet":"max-snippet:-1","max-image-preview":"max-image-preview:large","max-video-preview":"max-video-preview:-1"},"canonical":"https:\/\/www.ull.es\/portal\/noticias\/2015\/la-seccion-de-matematicas-de-la-ull-presenta-al-alumnado-de-bachillerato-su-disciplina-de-una-manera-ludica\/","og_locale":"es_ES","og_type":"article","og_title":"La Secci\u00f3n de Matem\u00e1ticas de la ULL presenta al alumnado de Bachillerato su disciplina de una manera l\u00fadica - ULL - Noticias","og_description":"La Secci\u00f3n de Matem\u00e1ticas de la Facultad de Ciencias de la Universidad de La Laguna celebrar\u00e1 los pr\u00f3ximos d\u00edas 29...","og_url":"https:\/\/www.ull.es\/portal\/noticias\/2015\/la-seccion-de-matematicas-de-la-ull-presenta-al-alumnado-de-bachillerato-su-disciplina-de-una-manera-ludica\/","og_site_name":"ULL - Noticias","article_publisher":"https:\/\/www.facebook.com\/universidaddelalaguna\/","article_published_time":"2015-06-24T08:27:00+00:00","og_image":[{"width":260,"height":173,"url":"https:\/\/www.ull.es\/portal\/noticias\/wp-content\/uploads\/sites\/13\/2015\/06\/fisica_matematicas_ing_industrial.jpg","type":"image\/jpeg"}],"author":"gaprsa","twitter_card":"summary_large_image","twitter_creator":"@CanalULL","twitter_site":"@CanalULL","twitter_misc":{"Escrito por":"gaprsa","Tiempo de lectura":"1 minuto"},"schema":{"@context":"https:\/\/schema.org","@graph":[{"@type":"WebPage","@id":"https:\/\/www.ull.es\/portal\/noticias\/2015\/la-seccion-de-matematicas-de-la-ull-presenta-al-alumnado-de-bachillerato-su-disciplina-de-una-manera-ludica\/","url":"https:\/\/www.ull.es\/portal\/noticias\/2015\/la-seccion-de-matematicas-de-la-ull-presenta-al-alumnado-de-bachillerato-su-disciplina-de-una-manera-ludica\/","name":"La Secci\u00f3n de Matem\u00e1ticas de la ULL presenta al alumnado de Bachillerato su disciplina de una manera l\u00fadica - ULL - Noticias","isPartOf":{"@id":"https:\/\/www.ull.es\/portal\/noticias\/#website"},"datePublished":"2015-06-24T08:27:00+00:00","dateModified":"2015-06-24T08:27:00+00:00","author":{"@id":"https:\/\/www.ull.es\/portal\/noticias\/#\/schema\/person\/b2b1a89d43ffa609e591f7df8ef3e817"},"breadcrumb":{"@id":"https:\/\/www.ull.es\/portal\/noticias\/2015\/la-seccion-de-matematicas-de-la-ull-presenta-al-alumnado-de-bachillerato-su-disciplina-de-una-manera-ludica\/#breadcrumb"},"inLanguage":"es","potentialAction":[{"@type":"ReadAction","target":["https:\/\/www.ull.es\/portal\/noticias\/2015\/la-seccion-de-matematicas-de-la-ull-presenta-al-alumnado-de-bachillerato-su-disciplina-de-una-manera-ludica\/"]}]},{"@type":"BreadcrumbList","@id":"https:\/\/www.ull.es\/portal\/noticias\/2015\/la-seccion-de-matematicas-de-la-ull-presenta-al-alumnado-de-bachillerato-su-disciplina-de-una-manera-ludica\/#breadcrumb","itemListElement":[{"@type":"ListItem","position":1,"name":"Portada","item":"https:\/\/www.ull.es\/portal\/noticias\/"},{"@type":"ListItem","position":2,"name":"La Secci\u00f3n de Matem\u00e1ticas de la ULL presenta al alumnado de Bachillerato su disciplina de una manera l\u00fadica"}]},{"@type":"WebSite","@id":"https:\/\/www.ull.es\/portal\/noticias\/#website","url":"https:\/\/www.ull.es\/portal\/noticias\/","name":"ULL - Noticias","description":"","potentialAction":[{"@type":"SearchAction","target":{"@type":"EntryPoint","urlTemplate":"https:\/\/www.ull.es\/portal\/noticias\/?s={search_term_string}"},"query-input":"required name=search_term_string"}],"inLanguage":"es"},{"@type":"Person","@id":"https:\/\/www.ull.es\/portal\/noticias\/#\/schema\/person\/b2b1a89d43ffa609e591f7df8ef3e817","name":"gaprsa","image":{"@type":"ImageObject","inLanguage":"es","@id":"https:\/\/www.ull.es\/portal\/noticias\/#\/schema\/person\/image\/","url":"https:\/\/secure.gravatar.com\/avatar\/443820550921091458b4823867723b3d?s=96&d=mm&r=g","contentUrl":"https:\/\/secure.gravatar.com\/avatar\/443820550921091458b4823867723b3d?s=96&d=mm&r=g","caption":"gaprsa"},"url":"https:\/\/www.ull.es\/portal\/noticias\/author\/gaprsa\/"}]}},"primary_category":null,"featured_image_thumbnail_url":"https:\/\/www.ull.es\/portal\/noticias\/wp-content\/uploads\/sites\/13\/2015\/06\/fisica_matematicas_ing_industrial.jpg","_links":{"self":[{"href":"https:\/\/www.ull.es\/portal\/noticias\/wp-json\/wp\/v2\/posts\/12645"}],"collection":[{"href":"https:\/\/www.ull.es\/portal\/noticias\/wp-json\/wp\/v2\/posts"}],"about":[{"href":"https:\/\/www.ull.es\/portal\/noticias\/wp-json\/wp\/v2\/types\/post"}],"author":[{"embeddable":true,"href":"https:\/\/www.ull.es\/portal\/noticias\/wp-json\/wp\/v2\/users\/23"}],"replies":[{"embeddable":true,"href":"https:\/\/www.ull.es\/portal\/noticias\/wp-json\/wp\/v2\/comments?post=12645"}],"version-history":[{"count":0,"href":"https:\/\/www.ull.es\/portal\/noticias\/wp-json\/wp\/v2\/posts\/12645\/revisions"}],"wp:featuredmedia":[{"embeddable":true,"href":"https:\/\/www.ull.es\/portal\/noticias\/wp-json\/wp\/v2\/media\/12646"}],"wp:attachment":[{"href":"https:\/\/www.ull.es\/portal\/noticias\/wp-json\/wp\/v2\/media?parent=12645"}],"wp:term":[{"taxonomy":"category","embeddable":true,"href":"https:\/\/www.ull.es\/portal\/noticias\/wp-json\/wp\/v2\/categories?post=12645"},{"taxonomy":"post_tag","embeddable":true,"href":"https:\/\/www.ull.es\/portal\/noticias\/wp-json\/wp\/v2\/tags?post=12645"}],"curies":[{"name":"wp","href":"https:\/\/api.w.org\/{rel}","templated":true}]}}