{"id":12652,"date":"2015-06-24T08:04:33","date_gmt":"2015-06-24T08:04:33","guid":{"rendered":"http:\/\/ddigital.webs.ull.es\/?p=12652"},"modified":"2015-06-24T08:04:33","modified_gmt":"2015-06-24T08:04:33","slug":"125-estudiantes-preuniversitarios-de-toda-canarias-participaran-en-el-campus-de-la-ciencia-y-la-tecnologia-de-la-ull-a-partir-del-29-de-junio","status":"publish","type":"post","link":"https:\/\/www.ull.es\/portal\/noticias\/2015\/125-estudiantes-preuniversitarios-de-toda-canarias-participaran-en-el-campus-de-la-ciencia-y-la-tecnologia-de-la-ull-a-partir-del-29-de-junio\/","title":{"rendered":"125 estudiantes preuniversitarios de toda Canarias participar\u00e1n en el Campus de la Ciencia y la Tecnolog\u00eda de la ULL a partir del 29 de junio"},"content":{"rendered":"<p>La II edici\u00f3n del Campus de la Ciencia y la Tecnolog\u00eda ya ha cerrado la fase de selecci\u00f3n de participantes para las dos modalidades que se desarrollar\u00e1n este verano: una para estudiantes que ya participaron el a\u00f1o anterior bajo el nombre \u201cRetos Cient\u00edficos\u201d, que tendr\u00e1 como objetivo aplicar los conocimientos que adquirieron en la pasada edici\u00f3n a la resoluci\u00f3n de  cuatro retos cient\u00edficos que se les plantear\u00e1n a lo largo de las dos semanas que durar\u00e1 el campus; y otra dirigida a j\u00f3venes que deseen participar por primera vez que se denomina \u201cProyectos I+D\u201d.<\/p>\n<p>Se recibieron un total de 177 solicitudes de j\u00f3venes de  3\u00ba y 4\u00ba de ESO y 1\u00ba de Bachillerato con inter\u00e9s en participar en la iniciativa organizada por la Unidad de Cultura Cient\u00edfica y de la Innovaci\u00f3n de la Universidad de La Laguna, Cienci@ULL. Tras la aplicaci\u00f3n de los criterios de selecci\u00f3n establecidos en las bases ya se ha hecho p\u00fablico el listado con los 125 chicos y chicas que participar\u00e1n en el Campus a partir del 29 de junio; los grupos de j\u00f3venes disfrutar\u00e1n de dos semanas durante las que conocer\u00e1 la investigaci\u00f3n que se hace en la Universidad de primera mano e, incluso, llevar\u00e1 a cabo su propia investigaci\u00f3n.<\/p>\n<p>De forma novedosa, la modalidad \u201cProyectos I+D\u201d se dirige a todos los j\u00f3venes de Canarias y del total de ciento cincuenta y cuatro solicitudes recibidas han sido dieciocho las que proven\u00edan de otras islas adem\u00e1s de Tenerife. De estos, finalmente son diecis\u00e9is los j\u00f3venes que participar\u00e1n en el Campus: dos son de la isla de La Palma, uno de La Gomera, tres de El Hierro, otros tres de Fuerteventura y, por \u00faltimo, siete son de Gran Canaria. Destaca tambi\u00e9n que del total de solicitudes recibidas la mayor\u00eda, en torno a un 65%, proven\u00edan de chicas y, finalmente, ser\u00e1n 83 chicas y 42 chicos participando en el Campus.<\/p>\n<p>Los participantes de los ejes de Biomedicina y Salud y de Energ\u00eda, Biodiversidad y Medioambiente, ser\u00e1n los encargados de inaugurar el Campus el pr\u00f3ximo lunes 29 de junio. A partir de este d\u00eda comenzar\u00e1n su descubrimiento de la ciencia y la investigaci\u00f3n de la mano de representantes de importantes grupos de investigaci\u00f3n de la Universidad de La Laguna, que colaboran desinteresadamente con esta actividad de promoci\u00f3n de las vocaciones cient\u00edficas y tecnol\u00f3gicas.<\/p>\n<p>En cuanto a la campa\u00f1a de financiaci\u00f3n colectiva para apoyar el desarrollo de esta iniciativa que se planteaba a trav\u00e9s de la plataforma de corowdfunding de la Fundaci\u00f3n General de la ULL mULLtiplica, han sido un total de 76 aportantes y se han reunido 2.000 euros que servir\u00e1n para financiar gastos comunes del Campus como excursiones, transporte o talleres.<\/p>\n<p>El Campus de la Ciencia y la Tecnolog\u00eda de la ULL es una iniciativa de la Universidad de La Laguna y su Fundaci\u00f3n General, a trav\u00e9s de su Unidad de Cultura Cient\u00edfica y de la Innovaci\u00f3n (Cienci@ULL), y cofinanciada por la Fundaci\u00f3n Espa\u00f1a para la Ciencia y la Tecnolog\u00eda  y la Agencia Canaria de Investigaci\u00f3n, Innovaci\u00f3n y Sociedad de la Informaci\u00f3n del Gobierno de Canarias. Cuenta con la colaboraci\u00f3n de diferentes centros de I+D de la Isla de Tenerife y empresas canarias para su desarrollo. <\/p>\n<p>(Nota cedida por la FGULL)<\/p>\n","protected":false},"excerpt":{"rendered":"<p>La II edici\u00f3n del Campus de la Ciencia y la Tecnolog\u00eda ya ha cerrado la fase de selecci\u00f3n de participantes&#8230;<\/p>\n","protected":false},"author":23,"featured_media":12653,"comment_status":"open","ping_status":"open","sticky":false,"template":"","format":"standard","meta":{"inline_featured_image":false,"footnotes":""},"categories":[343,1],"tags":[],"acf":[],"yoast_head":"<!-- This site is optimized with the Yoast SEO plugin v21.3 - https:\/\/yoast.com\/wordpress\/plugins\/seo\/ -->\n<title>125 estudiantes preuniversitarios de toda Canarias participar\u00e1n en el Campus de la Ciencia y la Tecnolog\u00eda de la ULL a partir del 29 de junio - ULL - Noticias<\/title>\n<meta name=\"robots\" content=\"index, follow, max-snippet:-1, max-image-preview:large, max-video-preview:-1\" \/>\n<link rel=\"canonical\" href=\"https:\/\/www.ull.es\/portal\/noticias\/2015\/125-estudiantes-preuniversitarios-de-toda-canarias-participaran-en-el-campus-de-la-ciencia-y-la-tecnologia-de-la-ull-a-partir-del-29-de-junio\/\" \/>\n<meta property=\"og:locale\" content=\"es_ES\" \/>\n<meta property=\"og:type\" content=\"article\" \/>\n<meta property=\"og:title\" content=\"125 estudiantes preuniversitarios de toda Canarias participar\u00e1n en el Campus de la Ciencia y la Tecnolog\u00eda de la ULL a partir del 29 de junio - ULL - Noticias\" \/>\n<meta property=\"og:description\" content=\"La II edici\u00f3n del Campus de la Ciencia y la Tecnolog\u00eda ya ha cerrado la fase de selecci\u00f3n de participantes...\" \/>\n<meta property=\"og:url\" content=\"https:\/\/www.ull.es\/portal\/noticias\/2015\/125-estudiantes-preuniversitarios-de-toda-canarias-participaran-en-el-campus-de-la-ciencia-y-la-tecnologia-de-la-ull-a-partir-del-29-de-junio\/\" \/>\n<meta property=\"og:site_name\" content=\"ULL - Noticias\" \/>\n<meta property=\"article:publisher\" content=\"https:\/\/www.facebook.com\/universidaddelalaguna\/\" \/>\n<meta property=\"article:published_time\" content=\"2015-06-24T08:04:33+00:00\" \/>\n<meta property=\"og:image\" content=\"https:\/\/www.ull.es\/portal\/noticias\/wp-content\/uploads\/sites\/13\/2015\/06\/campus-ciencia-2014.jpg\" \/>\n\t<meta property=\"og:image:width\" content=\"1024\" \/>\n\t<meta property=\"og:image:height\" content=\"678\" \/>\n\t<meta property=\"og:image:type\" content=\"image\/jpeg\" \/>\n<meta name=\"author\" content=\"gaprsa\" \/>\n<meta name=\"twitter:card\" content=\"summary_large_image\" \/>\n<meta name=\"twitter:creator\" content=\"@CanalULL\" \/>\n<meta name=\"twitter:site\" content=\"@CanalULL\" \/>\n<meta name=\"twitter:label1\" content=\"Escrito por\" \/>\n\t<meta name=\"twitter:data1\" content=\"gaprsa\" \/>\n\t<meta name=\"twitter:label2\" content=\"Tiempo de lectura\" \/>\n\t<meta name=\"twitter:data2\" content=\"3 minutos\" \/>\n<script type=\"application\/ld+json\" class=\"yoast-schema-graph\">{\"@context\":\"https:\/\/schema.org\",\"@graph\":[{\"@type\":\"WebPage\",\"@id\":\"https:\/\/www.ull.es\/portal\/noticias\/2015\/125-estudiantes-preuniversitarios-de-toda-canarias-participaran-en-el-campus-de-la-ciencia-y-la-tecnologia-de-la-ull-a-partir-del-29-de-junio\/\",\"url\":\"https:\/\/www.ull.es\/portal\/noticias\/2015\/125-estudiantes-preuniversitarios-de-toda-canarias-participaran-en-el-campus-de-la-ciencia-y-la-tecnologia-de-la-ull-a-partir-del-29-de-junio\/\",\"name\":\"125 estudiantes preuniversitarios de toda Canarias participar\u00e1n en el Campus de la Ciencia y la Tecnolog\u00eda de la ULL a partir del 29 de junio - ULL - Noticias\",\"isPartOf\":{\"@id\":\"https:\/\/www.ull.es\/portal\/noticias\/#website\"},\"datePublished\":\"2015-06-24T08:04:33+00:00\",\"dateModified\":\"2015-06-24T08:04:33+00:00\",\"author\":{\"@id\":\"https:\/\/www.ull.es\/portal\/noticias\/#\/schema\/person\/b2b1a89d43ffa609e591f7df8ef3e817\"},\"breadcrumb\":{\"@id\":\"https:\/\/www.ull.es\/portal\/noticias\/2015\/125-estudiantes-preuniversitarios-de-toda-canarias-participaran-en-el-campus-de-la-ciencia-y-la-tecnologia-de-la-ull-a-partir-del-29-de-junio\/#breadcrumb\"},\"inLanguage\":\"es\",\"potentialAction\":[{\"@type\":\"ReadAction\",\"target\":[\"https:\/\/www.ull.es\/portal\/noticias\/2015\/125-estudiantes-preuniversitarios-de-toda-canarias-participaran-en-el-campus-de-la-ciencia-y-la-tecnologia-de-la-ull-a-partir-del-29-de-junio\/\"]}]},{\"@type\":\"BreadcrumbList\",\"@id\":\"https:\/\/www.ull.es\/portal\/noticias\/2015\/125-estudiantes-preuniversitarios-de-toda-canarias-participaran-en-el-campus-de-la-ciencia-y-la-tecnologia-de-la-ull-a-partir-del-29-de-junio\/#breadcrumb\",\"itemListElement\":[{\"@type\":\"ListItem\",\"position\":1,\"name\":\"Portada\",\"item\":\"https:\/\/www.ull.es\/portal\/noticias\/\"},{\"@type\":\"ListItem\",\"position\":2,\"name\":\"125 estudiantes preuniversitarios de toda Canarias participar\u00e1n en el Campus de la Ciencia y la Tecnolog\u00eda de la ULL a partir del 29 de junio\"}]},{\"@type\":\"WebSite\",\"@id\":\"https:\/\/www.ull.es\/portal\/noticias\/#website\",\"url\":\"https:\/\/www.ull.es\/portal\/noticias\/\",\"name\":\"ULL - Noticias\",\"description\":\"\",\"potentialAction\":[{\"@type\":\"SearchAction\",\"target\":{\"@type\":\"EntryPoint\",\"urlTemplate\":\"https:\/\/www.ull.es\/portal\/noticias\/?s={search_term_string}\"},\"query-input\":\"required name=search_term_string\"}],\"inLanguage\":\"es\"},{\"@type\":\"Person\",\"@id\":\"https:\/\/www.ull.es\/portal\/noticias\/#\/schema\/person\/b2b1a89d43ffa609e591f7df8ef3e817\",\"name\":\"gaprsa\",\"image\":{\"@type\":\"ImageObject\",\"inLanguage\":\"es\",\"@id\":\"https:\/\/www.ull.es\/portal\/noticias\/#\/schema\/person\/image\/\",\"url\":\"https:\/\/secure.gravatar.com\/avatar\/443820550921091458b4823867723b3d?s=96&d=mm&r=g\",\"contentUrl\":\"https:\/\/secure.gravatar.com\/avatar\/443820550921091458b4823867723b3d?s=96&d=mm&r=g\",\"caption\":\"gaprsa\"},\"url\":\"https:\/\/www.ull.es\/portal\/noticias\/author\/gaprsa\/\"}]}<\/script>\n<!-- \/ Yoast SEO plugin. -->","yoast_head_json":{"title":"125 estudiantes preuniversitarios de toda Canarias participar\u00e1n en el Campus de la Ciencia y la Tecnolog\u00eda de la ULL a partir del 29 de junio - ULL - Noticias","robots":{"index":"index","follow":"follow","max-snippet":"max-snippet:-1","max-image-preview":"max-image-preview:large","max-video-preview":"max-video-preview:-1"},"canonical":"https:\/\/www.ull.es\/portal\/noticias\/2015\/125-estudiantes-preuniversitarios-de-toda-canarias-participaran-en-el-campus-de-la-ciencia-y-la-tecnologia-de-la-ull-a-partir-del-29-de-junio\/","og_locale":"es_ES","og_type":"article","og_title":"125 estudiantes preuniversitarios de toda Canarias participar\u00e1n en el Campus de la Ciencia y la Tecnolog\u00eda de la ULL a partir del 29 de junio - ULL - Noticias","og_description":"La II edici\u00f3n del Campus de la Ciencia y la Tecnolog\u00eda ya ha cerrado la fase de selecci\u00f3n de participantes...","og_url":"https:\/\/www.ull.es\/portal\/noticias\/2015\/125-estudiantes-preuniversitarios-de-toda-canarias-participaran-en-el-campus-de-la-ciencia-y-la-tecnologia-de-la-ull-a-partir-del-29-de-junio\/","og_site_name":"ULL - Noticias","article_publisher":"https:\/\/www.facebook.com\/universidaddelalaguna\/","article_published_time":"2015-06-24T08:04:33+00:00","og_image":[{"width":1024,"height":678,"url":"https:\/\/www.ull.es\/portal\/noticias\/wp-content\/uploads\/sites\/13\/2015\/06\/campus-ciencia-2014.jpg","type":"image\/jpeg"}],"author":"gaprsa","twitter_card":"summary_large_image","twitter_creator":"@CanalULL","twitter_site":"@CanalULL","twitter_misc":{"Escrito por":"gaprsa","Tiempo de lectura":"3 minutos"},"schema":{"@context":"https:\/\/schema.org","@graph":[{"@type":"WebPage","@id":"https:\/\/www.ull.es\/portal\/noticias\/2015\/125-estudiantes-preuniversitarios-de-toda-canarias-participaran-en-el-campus-de-la-ciencia-y-la-tecnologia-de-la-ull-a-partir-del-29-de-junio\/","url":"https:\/\/www.ull.es\/portal\/noticias\/2015\/125-estudiantes-preuniversitarios-de-toda-canarias-participaran-en-el-campus-de-la-ciencia-y-la-tecnologia-de-la-ull-a-partir-del-29-de-junio\/","name":"125 estudiantes preuniversitarios de toda Canarias participar\u00e1n en el Campus de la Ciencia y la Tecnolog\u00eda de la ULL a partir del 29 de junio - ULL - Noticias","isPartOf":{"@id":"https:\/\/www.ull.es\/portal\/noticias\/#website"},"datePublished":"2015-06-24T08:04:33+00:00","dateModified":"2015-06-24T08:04:33+00:00","author":{"@id":"https:\/\/www.ull.es\/portal\/noticias\/#\/schema\/person\/b2b1a89d43ffa609e591f7df8ef3e817"},"breadcrumb":{"@id":"https:\/\/www.ull.es\/portal\/noticias\/2015\/125-estudiantes-preuniversitarios-de-toda-canarias-participaran-en-el-campus-de-la-ciencia-y-la-tecnologia-de-la-ull-a-partir-del-29-de-junio\/#breadcrumb"},"inLanguage":"es","potentialAction":[{"@type":"ReadAction","target":["https:\/\/www.ull.es\/portal\/noticias\/2015\/125-estudiantes-preuniversitarios-de-toda-canarias-participaran-en-el-campus-de-la-ciencia-y-la-tecnologia-de-la-ull-a-partir-del-29-de-junio\/"]}]},{"@type":"BreadcrumbList","@id":"https:\/\/www.ull.es\/portal\/noticias\/2015\/125-estudiantes-preuniversitarios-de-toda-canarias-participaran-en-el-campus-de-la-ciencia-y-la-tecnologia-de-la-ull-a-partir-del-29-de-junio\/#breadcrumb","itemListElement":[{"@type":"ListItem","position":1,"name":"Portada","item":"https:\/\/www.ull.es\/portal\/noticias\/"},{"@type":"ListItem","position":2,"name":"125 estudiantes preuniversitarios de toda Canarias participar\u00e1n en el Campus de la Ciencia y la Tecnolog\u00eda de la ULL a partir del 29 de junio"}]},{"@type":"WebSite","@id":"https:\/\/www.ull.es\/portal\/noticias\/#website","url":"https:\/\/www.ull.es\/portal\/noticias\/","name":"ULL - Noticias","description":"","potentialAction":[{"@type":"SearchAction","target":{"@type":"EntryPoint","urlTemplate":"https:\/\/www.ull.es\/portal\/noticias\/?s={search_term_string}"},"query-input":"required name=search_term_string"}],"inLanguage":"es"},{"@type":"Person","@id":"https:\/\/www.ull.es\/portal\/noticias\/#\/schema\/person\/b2b1a89d43ffa609e591f7df8ef3e817","name":"gaprsa","image":{"@type":"ImageObject","inLanguage":"es","@id":"https:\/\/www.ull.es\/portal\/noticias\/#\/schema\/person\/image\/","url":"https:\/\/secure.gravatar.com\/avatar\/443820550921091458b4823867723b3d?s=96&d=mm&r=g","contentUrl":"https:\/\/secure.gravatar.com\/avatar\/443820550921091458b4823867723b3d?s=96&d=mm&r=g","caption":"gaprsa"},"url":"https:\/\/www.ull.es\/portal\/noticias\/author\/gaprsa\/"}]}},"primary_category":null,"featured_image_thumbnail_url":"https:\/\/www.ull.es\/portal\/noticias\/wp-content\/uploads\/sites\/13\/2015\/06\/campus-ciencia-2014-300x199.jpg","_links":{"self":[{"href":"https:\/\/www.ull.es\/portal\/noticias\/wp-json\/wp\/v2\/posts\/12652"}],"collection":[{"href":"https:\/\/www.ull.es\/portal\/noticias\/wp-json\/wp\/v2\/posts"}],"about":[{"href":"https:\/\/www.ull.es\/portal\/noticias\/wp-json\/wp\/v2\/types\/post"}],"author":[{"embeddable":true,"href":"https:\/\/www.ull.es\/portal\/noticias\/wp-json\/wp\/v2\/users\/23"}],"replies":[{"embeddable":true,"href":"https:\/\/www.ull.es\/portal\/noticias\/wp-json\/wp\/v2\/comments?post=12652"}],"version-history":[{"count":0,"href":"https:\/\/www.ull.es\/portal\/noticias\/wp-json\/wp\/v2\/posts\/12652\/revisions"}],"wp:featuredmedia":[{"embeddable":true,"href":"https:\/\/www.ull.es\/portal\/noticias\/wp-json\/wp\/v2\/media\/12653"}],"wp:attachment":[{"href":"https:\/\/www.ull.es\/portal\/noticias\/wp-json\/wp\/v2\/media?parent=12652"}],"wp:term":[{"taxonomy":"category","embeddable":true,"href":"https:\/\/www.ull.es\/portal\/noticias\/wp-json\/wp\/v2\/categories?post=12652"},{"taxonomy":"post_tag","embeddable":true,"href":"https:\/\/www.ull.es\/portal\/noticias\/wp-json\/wp\/v2\/tags?post=12652"}],"curies":[{"name":"wp","href":"https:\/\/api.w.org\/{rel}","templated":true}]}}