{"id":12670,"date":"2015-06-30T08:48:45","date_gmt":"2015-06-30T08:48:45","guid":{"rendered":"http:\/\/ddigital.webs.ull.es\/?p=12670"},"modified":"2015-06-30T08:48:45","modified_gmt":"2015-06-30T08:48:45","slug":"dulce-gonzalez-placido-bazo-y-esteban-torres-toman-posesion-como-asesores-del-rectorado","status":"publish","type":"post","link":"https:\/\/www.ull.es\/portal\/noticias\/2015\/dulce-gonzalez-placido-bazo-y-esteban-torres-toman-posesion-como-asesores-del-rectorado\/","title":{"rendered":"Dulce Gonz\u00e1lez, Pl\u00e1cido Bazo y Esteban Torres toman posesi\u00f3n como asesores del rectorado"},"content":{"rendered":"<p>El rectorado de la Universidad de La Laguna ha acogido hoy, martes 30 de junio, la toma de posesi\u00f3n de tres nuevos asesores que apoyar\u00e1n la gesti\u00f3n del rector Antonio Martin\u00f3n Cejas. Se trata de Dulce M\u00aa Gonz\u00e1lez Doreste, catedr\u00e1tica del Departamento de Filolog\u00eda Cl\u00e1sica, Francesa, \u00c1rabe y Rom\u00e1nica, que ser\u00e1 asesora en Pol\u00edticas de Igualdad y Relaciones Institucionales; el profesor titular del Departamento de Did\u00e1cticas Espec\u00edficas Pl\u00e1cido Bazo Mart\u00ednez, que ser\u00e1 asesor en Pol\u00edtica Ling\u00fc\u00edstica y Espacio Europeo de Educaci\u00f3n Superior; y el catedr\u00e1tico del Departamento de Psicolog\u00eda Evolutiva y de la Educaci\u00f3n Esteban Torres Lana, que ser\u00e1 asesor de Comunicaci\u00f3n.<\/p>\n","protected":false},"excerpt":{"rendered":"<p>El rectorado de la Universidad de La Laguna ha acogido hoy, martes 30 de junio, la toma de posesi\u00f3n de&#8230;<\/p>\n","protected":false},"author":23,"featured_media":12671,"comment_status":"open","ping_status":"open","sticky":false,"template":"","format":"standard","meta":{"inline_featured_image":false,"footnotes":""},"categories":[347,1],"tags":[],"acf":[],"yoast_head":"<!-- This site is optimized with the Yoast SEO plugin v21.3 - https:\/\/yoast.com\/wordpress\/plugins\/seo\/ -->\n<title>Dulce Gonz\u00e1lez, Pl\u00e1cido Bazo y Esteban Torres toman posesi\u00f3n como asesores del rectorado - ULL - Noticias<\/title>\n<meta name=\"robots\" content=\"index, follow, max-snippet:-1, max-image-preview:large, max-video-preview:-1\" \/>\n<link rel=\"canonical\" href=\"https:\/\/www.ull.es\/portal\/noticias\/2015\/dulce-gonzalez-placido-bazo-y-esteban-torres-toman-posesion-como-asesores-del-rectorado\/\" \/>\n<meta property=\"og:locale\" content=\"es_ES\" \/>\n<meta property=\"og:type\" content=\"article\" \/>\n<meta property=\"og:title\" content=\"Dulce Gonz\u00e1lez, Pl\u00e1cido Bazo y Esteban Torres toman posesi\u00f3n como asesores del rectorado - ULL - Noticias\" \/>\n<meta property=\"og:description\" content=\"El rectorado de la Universidad de La Laguna ha acogido hoy, martes 30 de junio, la toma de posesi\u00f3n de...\" \/>\n<meta property=\"og:url\" content=\"https:\/\/www.ull.es\/portal\/noticias\/2015\/dulce-gonzalez-placido-bazo-y-esteban-torres-toman-posesion-como-asesores-del-rectorado\/\" \/>\n<meta property=\"og:site_name\" content=\"ULL - Noticias\" \/>\n<meta property=\"article:publisher\" content=\"https:\/\/www.facebook.com\/universidaddelalaguna\/\" \/>\n<meta property=\"article:published_time\" content=\"2015-06-30T08:48:45+00:00\" \/>\n<meta property=\"og:image\" content=\"https:\/\/www.ull.es\/portal\/noticias\/wp-content\/uploads\/sites\/13\/2015\/07\/asesores.jpg\" \/>\n\t<meta property=\"og:image:width\" content=\"1024\" \/>\n\t<meta property=\"og:image:height\" content=\"768\" \/>\n\t<meta property=\"og:image:type\" content=\"image\/jpeg\" \/>\n<meta name=\"author\" content=\"gaprsa\" \/>\n<meta name=\"twitter:card\" content=\"summary_large_image\" \/>\n<meta name=\"twitter:creator\" content=\"@CanalULL\" \/>\n<meta name=\"twitter:site\" content=\"@CanalULL\" \/>\n<meta name=\"twitter:label1\" content=\"Escrito por\" \/>\n\t<meta name=\"twitter:data1\" content=\"gaprsa\" \/>\n\t<meta name=\"twitter:label2\" content=\"Tiempo de lectura\" \/>\n\t<meta name=\"twitter:data2\" content=\"1 minuto\" \/>\n<script type=\"application\/ld+json\" class=\"yoast-schema-graph\">{\"@context\":\"https:\/\/schema.org\",\"@graph\":[{\"@type\":\"WebPage\",\"@id\":\"https:\/\/www.ull.es\/portal\/noticias\/2015\/dulce-gonzalez-placido-bazo-y-esteban-torres-toman-posesion-como-asesores-del-rectorado\/\",\"url\":\"https:\/\/www.ull.es\/portal\/noticias\/2015\/dulce-gonzalez-placido-bazo-y-esteban-torres-toman-posesion-como-asesores-del-rectorado\/\",\"name\":\"Dulce Gonz\u00e1lez, Pl\u00e1cido Bazo y Esteban Torres toman posesi\u00f3n como asesores del rectorado - ULL - Noticias\",\"isPartOf\":{\"@id\":\"https:\/\/www.ull.es\/portal\/noticias\/#website\"},\"datePublished\":\"2015-06-30T08:48:45+00:00\",\"dateModified\":\"2015-06-30T08:48:45+00:00\",\"author\":{\"@id\":\"https:\/\/www.ull.es\/portal\/noticias\/#\/schema\/person\/b2b1a89d43ffa609e591f7df8ef3e817\"},\"breadcrumb\":{\"@id\":\"https:\/\/www.ull.es\/portal\/noticias\/2015\/dulce-gonzalez-placido-bazo-y-esteban-torres-toman-posesion-como-asesores-del-rectorado\/#breadcrumb\"},\"inLanguage\":\"es\",\"potentialAction\":[{\"@type\":\"ReadAction\",\"target\":[\"https:\/\/www.ull.es\/portal\/noticias\/2015\/dulce-gonzalez-placido-bazo-y-esteban-torres-toman-posesion-como-asesores-del-rectorado\/\"]}]},{\"@type\":\"BreadcrumbList\",\"@id\":\"https:\/\/www.ull.es\/portal\/noticias\/2015\/dulce-gonzalez-placido-bazo-y-esteban-torres-toman-posesion-como-asesores-del-rectorado\/#breadcrumb\",\"itemListElement\":[{\"@type\":\"ListItem\",\"position\":1,\"name\":\"Portada\",\"item\":\"https:\/\/www.ull.es\/portal\/noticias\/\"},{\"@type\":\"ListItem\",\"position\":2,\"name\":\"Dulce Gonz\u00e1lez, Pl\u00e1cido Bazo y Esteban Torres toman posesi\u00f3n como asesores del rectorado\"}]},{\"@type\":\"WebSite\",\"@id\":\"https:\/\/www.ull.es\/portal\/noticias\/#website\",\"url\":\"https:\/\/www.ull.es\/portal\/noticias\/\",\"name\":\"ULL - Noticias\",\"description\":\"\",\"potentialAction\":[{\"@type\":\"SearchAction\",\"target\":{\"@type\":\"EntryPoint\",\"urlTemplate\":\"https:\/\/www.ull.es\/portal\/noticias\/?s={search_term_string}\"},\"query-input\":\"required name=search_term_string\"}],\"inLanguage\":\"es\"},{\"@type\":\"Person\",\"@id\":\"https:\/\/www.ull.es\/portal\/noticias\/#\/schema\/person\/b2b1a89d43ffa609e591f7df8ef3e817\",\"name\":\"gaprsa\",\"image\":{\"@type\":\"ImageObject\",\"inLanguage\":\"es\",\"@id\":\"https:\/\/www.ull.es\/portal\/noticias\/#\/schema\/person\/image\/\",\"url\":\"https:\/\/secure.gravatar.com\/avatar\/443820550921091458b4823867723b3d?s=96&d=mm&r=g\",\"contentUrl\":\"https:\/\/secure.gravatar.com\/avatar\/443820550921091458b4823867723b3d?s=96&d=mm&r=g\",\"caption\":\"gaprsa\"},\"url\":\"https:\/\/www.ull.es\/portal\/noticias\/author\/gaprsa\/\"}]}<\/script>\n<!-- \/ Yoast SEO plugin. -->","yoast_head_json":{"title":"Dulce Gonz\u00e1lez, Pl\u00e1cido Bazo y Esteban Torres toman posesi\u00f3n como asesores del rectorado - ULL - Noticias","robots":{"index":"index","follow":"follow","max-snippet":"max-snippet:-1","max-image-preview":"max-image-preview:large","max-video-preview":"max-video-preview:-1"},"canonical":"https:\/\/www.ull.es\/portal\/noticias\/2015\/dulce-gonzalez-placido-bazo-y-esteban-torres-toman-posesion-como-asesores-del-rectorado\/","og_locale":"es_ES","og_type":"article","og_title":"Dulce Gonz\u00e1lez, Pl\u00e1cido Bazo y Esteban Torres toman posesi\u00f3n como asesores del rectorado - ULL - Noticias","og_description":"El rectorado de la Universidad de La Laguna ha acogido hoy, martes 30 de junio, la toma de posesi\u00f3n de...","og_url":"https:\/\/www.ull.es\/portal\/noticias\/2015\/dulce-gonzalez-placido-bazo-y-esteban-torres-toman-posesion-como-asesores-del-rectorado\/","og_site_name":"ULL - Noticias","article_publisher":"https:\/\/www.facebook.com\/universidaddelalaguna\/","article_published_time":"2015-06-30T08:48:45+00:00","og_image":[{"width":1024,"height":768,"url":"https:\/\/www.ull.es\/portal\/noticias\/wp-content\/uploads\/sites\/13\/2015\/07\/asesores.jpg","type":"image\/jpeg"}],"author":"gaprsa","twitter_card":"summary_large_image","twitter_creator":"@CanalULL","twitter_site":"@CanalULL","twitter_misc":{"Escrito por":"gaprsa","Tiempo de lectura":"1 minuto"},"schema":{"@context":"https:\/\/schema.org","@graph":[{"@type":"WebPage","@id":"https:\/\/www.ull.es\/portal\/noticias\/2015\/dulce-gonzalez-placido-bazo-y-esteban-torres-toman-posesion-como-asesores-del-rectorado\/","url":"https:\/\/www.ull.es\/portal\/noticias\/2015\/dulce-gonzalez-placido-bazo-y-esteban-torres-toman-posesion-como-asesores-del-rectorado\/","name":"Dulce Gonz\u00e1lez, Pl\u00e1cido Bazo y Esteban Torres toman posesi\u00f3n como asesores del rectorado - ULL - Noticias","isPartOf":{"@id":"https:\/\/www.ull.es\/portal\/noticias\/#website"},"datePublished":"2015-06-30T08:48:45+00:00","dateModified":"2015-06-30T08:48:45+00:00","author":{"@id":"https:\/\/www.ull.es\/portal\/noticias\/#\/schema\/person\/b2b1a89d43ffa609e591f7df8ef3e817"},"breadcrumb":{"@id":"https:\/\/www.ull.es\/portal\/noticias\/2015\/dulce-gonzalez-placido-bazo-y-esteban-torres-toman-posesion-como-asesores-del-rectorado\/#breadcrumb"},"inLanguage":"es","potentialAction":[{"@type":"ReadAction","target":["https:\/\/www.ull.es\/portal\/noticias\/2015\/dulce-gonzalez-placido-bazo-y-esteban-torres-toman-posesion-como-asesores-del-rectorado\/"]}]},{"@type":"BreadcrumbList","@id":"https:\/\/www.ull.es\/portal\/noticias\/2015\/dulce-gonzalez-placido-bazo-y-esteban-torres-toman-posesion-como-asesores-del-rectorado\/#breadcrumb","itemListElement":[{"@type":"ListItem","position":1,"name":"Portada","item":"https:\/\/www.ull.es\/portal\/noticias\/"},{"@type":"ListItem","position":2,"name":"Dulce Gonz\u00e1lez, Pl\u00e1cido Bazo y Esteban Torres toman posesi\u00f3n como asesores del rectorado"}]},{"@type":"WebSite","@id":"https:\/\/www.ull.es\/portal\/noticias\/#website","url":"https:\/\/www.ull.es\/portal\/noticias\/","name":"ULL - Noticias","description":"","potentialAction":[{"@type":"SearchAction","target":{"@type":"EntryPoint","urlTemplate":"https:\/\/www.ull.es\/portal\/noticias\/?s={search_term_string}"},"query-input":"required name=search_term_string"}],"inLanguage":"es"},{"@type":"Person","@id":"https:\/\/www.ull.es\/portal\/noticias\/#\/schema\/person\/b2b1a89d43ffa609e591f7df8ef3e817","name":"gaprsa","image":{"@type":"ImageObject","inLanguage":"es","@id":"https:\/\/www.ull.es\/portal\/noticias\/#\/schema\/person\/image\/","url":"https:\/\/secure.gravatar.com\/avatar\/443820550921091458b4823867723b3d?s=96&d=mm&r=g","contentUrl":"https:\/\/secure.gravatar.com\/avatar\/443820550921091458b4823867723b3d?s=96&d=mm&r=g","caption":"gaprsa"},"url":"https:\/\/www.ull.es\/portal\/noticias\/author\/gaprsa\/"}]}},"primary_category":null,"featured_image_thumbnail_url":"https:\/\/www.ull.es\/portal\/noticias\/wp-content\/uploads\/sites\/13\/2015\/07\/asesores-300x225.jpg","_links":{"self":[{"href":"https:\/\/www.ull.es\/portal\/noticias\/wp-json\/wp\/v2\/posts\/12670"}],"collection":[{"href":"https:\/\/www.ull.es\/portal\/noticias\/wp-json\/wp\/v2\/posts"}],"about":[{"href":"https:\/\/www.ull.es\/portal\/noticias\/wp-json\/wp\/v2\/types\/post"}],"author":[{"embeddable":true,"href":"https:\/\/www.ull.es\/portal\/noticias\/wp-json\/wp\/v2\/users\/23"}],"replies":[{"embeddable":true,"href":"https:\/\/www.ull.es\/portal\/noticias\/wp-json\/wp\/v2\/comments?post=12670"}],"version-history":[{"count":0,"href":"https:\/\/www.ull.es\/portal\/noticias\/wp-json\/wp\/v2\/posts\/12670\/revisions"}],"wp:featuredmedia":[{"embeddable":true,"href":"https:\/\/www.ull.es\/portal\/noticias\/wp-json\/wp\/v2\/media\/12671"}],"wp:attachment":[{"href":"https:\/\/www.ull.es\/portal\/noticias\/wp-json\/wp\/v2\/media?parent=12670"}],"wp:term":[{"taxonomy":"category","embeddable":true,"href":"https:\/\/www.ull.es\/portal\/noticias\/wp-json\/wp\/v2\/categories?post=12670"},{"taxonomy":"post_tag","embeddable":true,"href":"https:\/\/www.ull.es\/portal\/noticias\/wp-json\/wp\/v2\/tags?post=12670"}],"curies":[{"name":"wp","href":"https:\/\/api.w.org\/{rel}","templated":true}]}}