{"id":13265,"date":"2003-10-03T00:00:00","date_gmt":"2003-10-03T00:00:00","guid":{"rendered":"http:\/\/ddigital.webs.ull.es\/el-laboratorio-de-educacin-y-nuevas-tecnologas-edita-un-cd-multimedia-de-educacin-intercultural\/"},"modified":"2003-10-03T00:00:00","modified_gmt":"2003-10-03T00:00:00","slug":"el-laboratorio-de-educacin-y-nuevas-tecnologas-edita-un-cd-multimedia-de-educacin-intercultural","status":"publish","type":"post","link":"https:\/\/www.ull.es\/portal\/noticias\/2003\/el-laboratorio-de-educacin-y-nuevas-tecnologas-edita-un-cd-multimedia-de-educacin-intercultural\/","title":{"rendered":"El Laboratorio de Educaci\u00f3n y Nuevas Tecnolog\u00edas edita un CD multimedia de educaci\u00f3n intercultural"},"content":{"rendered":"<p>El Laboratorio de Educaci&oacute;n y Nuevas Tecnolog&iacute;as de la Universidad de La Laguna, vinculado a la c&aacute;tedra Telef&oacute;nica, ha editado recientemente un CD Rom  multimedia denominado A las puertas de Babil&oacute;n, un material did&aacute;ctico destinado tanto al profesorado como al alumnado de educaci&oacute;n secundaria y bachillerato para el desarrollo de actividades relacionadas con la educaci&oacute;n intercultural.<\/p>\n<p><P>El CD ha sido dise&ntilde;ado en colaboraci&oacute;n con el colectivo de docentes MAVI&eacute; (Medios Audiovisuales. Integraci&oacute;n Escolar) y con el Proyecto Atl&aacute;ntida (Educaci&oacute;n y Cultura Democr&aacute;tica). Su difusi&oacute;n se realizar&aacute;, adem&aacute;s de en Canarias, en diferentes comunidades aut&oacute;nomas a trav&eacute;s de carpetas did&aacute;cticas publicadas por el Proyecto Atl&aacute;ntida y financiadas por distintas administraciones.<\/P><P>&nbsp;Entre los objetivos educativos de este multimedia destaca el desarrollo en los alumnos de valores democr&aacute;ticos y actitudes de tolerancia, comprensi&oacute;n y respeto hacia los modos de vida y pensamiento procedente de culturas diversas, sobre todo hacia los colectivos inmigrantes. La formaci&oacute;n de los j&oacute;venes para que sean capaces de utilizar de forma inteligente el conjunto de tecnolog&iacute;as digitales (ordenadores, Internet) es otro de los fines de esta iniciativa, as&iacute; como el an&aacute;lisis cr&iacute;tico de las informaciones que ofrecen los medios de comunicaci&oacute;n sobre la emigraci&oacute;n o los conflictos pol&iacute;ticos-culturales de distintos grupos &eacute;tnicos. <\/P><\/p>\n","protected":false},"excerpt":{"rendered":"<p>El Laboratorio de Educaci&oacute;n y Nuevas Tecnolog&iacute;as de la Universidad de La Laguna, vinculado a la c&aacute;tedra Telef&oacute;nica, ha editado&#8230;<\/p>\n","protected":false},"author":21,"featured_media":0,"comment_status":"open","ping_status":"open","sticky":false,"template":"","format":"standard","meta":{"inline_featured_image":false,"footnotes":""},"categories":[346],"tags":[],"acf":[],"yoast_head":"<!-- This site is optimized with the Yoast SEO plugin v21.3 - https:\/\/yoast.com\/wordpress\/plugins\/seo\/ -->\n<title>El Laboratorio de Educaci\u00f3n y Nuevas Tecnolog\u00edas edita un CD multimedia de educaci\u00f3n intercultural - ULL - Noticias<\/title>\n<meta name=\"robots\" content=\"index, follow, max-snippet:-1, max-image-preview:large, max-video-preview:-1\" \/>\n<link rel=\"canonical\" href=\"https:\/\/www.ull.es\/portal\/noticias\/2003\/el-laboratorio-de-educacin-y-nuevas-tecnologas-edita-un-cd-multimedia-de-educacin-intercultural\/\" \/>\n<meta property=\"og:locale\" content=\"es_ES\" \/>\n<meta property=\"og:type\" content=\"article\" \/>\n<meta property=\"og:title\" content=\"El Laboratorio de Educaci\u00f3n y Nuevas Tecnolog\u00edas edita un CD multimedia de educaci\u00f3n intercultural - ULL - Noticias\" \/>\n<meta property=\"og:description\" content=\"El Laboratorio de Educaci&oacute;n y Nuevas Tecnolog&iacute;as de la Universidad de La Laguna, vinculado a la c&aacute;tedra Telef&oacute;nica, ha editado...\" \/>\n<meta property=\"og:url\" content=\"https:\/\/www.ull.es\/portal\/noticias\/2003\/el-laboratorio-de-educacin-y-nuevas-tecnologas-edita-un-cd-multimedia-de-educacin-intercultural\/\" \/>\n<meta property=\"og:site_name\" content=\"ULL - Noticias\" \/>\n<meta property=\"article:publisher\" content=\"https:\/\/www.facebook.com\/universidaddelalaguna\/\" \/>\n<meta property=\"article:published_time\" content=\"2003-10-03T00:00:00+00:00\" \/>\n<meta property=\"og:image\" content=\"https:\/\/www.ull.es\/portal\/noticias\/wp-content\/uploads\/sites\/13\/2023\/06\/logo-redimensionado.png\" \/>\n\t<meta property=\"og:image:width\" content=\"1200\" \/>\n\t<meta property=\"og:image:height\" content=\"630\" \/>\n\t<meta property=\"og:image:type\" content=\"image\/png\" \/>\n<meta name=\"author\" content=\"prensa2\" \/>\n<meta name=\"twitter:card\" content=\"summary_large_image\" \/>\n<meta name=\"twitter:creator\" content=\"@CanalULL\" \/>\n<meta name=\"twitter:site\" content=\"@CanalULL\" \/>\n<meta name=\"twitter:label1\" content=\"Escrito por\" \/>\n\t<meta name=\"twitter:data1\" content=\"prensa2\" \/>\n\t<meta name=\"twitter:label2\" content=\"Tiempo de lectura\" \/>\n\t<meta name=\"twitter:data2\" content=\"1 minuto\" \/>\n<script type=\"application\/ld+json\" class=\"yoast-schema-graph\">{\"@context\":\"https:\/\/schema.org\",\"@graph\":[{\"@type\":\"WebPage\",\"@id\":\"https:\/\/www.ull.es\/portal\/noticias\/2003\/el-laboratorio-de-educacin-y-nuevas-tecnologas-edita-un-cd-multimedia-de-educacin-intercultural\/\",\"url\":\"https:\/\/www.ull.es\/portal\/noticias\/2003\/el-laboratorio-de-educacin-y-nuevas-tecnologas-edita-un-cd-multimedia-de-educacin-intercultural\/\",\"name\":\"El Laboratorio de Educaci\u00f3n y Nuevas Tecnolog\u00edas edita un CD multimedia de educaci\u00f3n intercultural - ULL - Noticias\",\"isPartOf\":{\"@id\":\"https:\/\/www.ull.es\/portal\/noticias\/#website\"},\"datePublished\":\"2003-10-03T00:00:00+00:00\",\"dateModified\":\"2003-10-03T00:00:00+00:00\",\"author\":{\"@id\":\"https:\/\/www.ull.es\/portal\/noticias\/#\/schema\/person\/c3b2aa857797592927a03740d6664376\"},\"breadcrumb\":{\"@id\":\"https:\/\/www.ull.es\/portal\/noticias\/2003\/el-laboratorio-de-educacin-y-nuevas-tecnologas-edita-un-cd-multimedia-de-educacin-intercultural\/#breadcrumb\"},\"inLanguage\":\"es\",\"potentialAction\":[{\"@type\":\"ReadAction\",\"target\":[\"https:\/\/www.ull.es\/portal\/noticias\/2003\/el-laboratorio-de-educacin-y-nuevas-tecnologas-edita-un-cd-multimedia-de-educacin-intercultural\/\"]}]},{\"@type\":\"BreadcrumbList\",\"@id\":\"https:\/\/www.ull.es\/portal\/noticias\/2003\/el-laboratorio-de-educacin-y-nuevas-tecnologas-edita-un-cd-multimedia-de-educacin-intercultural\/#breadcrumb\",\"itemListElement\":[{\"@type\":\"ListItem\",\"position\":1,\"name\":\"Portada\",\"item\":\"https:\/\/www.ull.es\/portal\/noticias\/\"},{\"@type\":\"ListItem\",\"position\":2,\"name\":\"El Laboratorio de Educaci\u00f3n y Nuevas Tecnolog\u00edas edita un CD multimedia de educaci\u00f3n intercultural\"}]},{\"@type\":\"WebSite\",\"@id\":\"https:\/\/www.ull.es\/portal\/noticias\/#website\",\"url\":\"https:\/\/www.ull.es\/portal\/noticias\/\",\"name\":\"ULL - Noticias\",\"description\":\"\",\"potentialAction\":[{\"@type\":\"SearchAction\",\"target\":{\"@type\":\"EntryPoint\",\"urlTemplate\":\"https:\/\/www.ull.es\/portal\/noticias\/?s={search_term_string}\"},\"query-input\":\"required name=search_term_string\"}],\"inLanguage\":\"es\"},{\"@type\":\"Person\",\"@id\":\"https:\/\/www.ull.es\/portal\/noticias\/#\/schema\/person\/c3b2aa857797592927a03740d6664376\",\"name\":\"prensa2\",\"image\":{\"@type\":\"ImageObject\",\"inLanguage\":\"es\",\"@id\":\"https:\/\/www.ull.es\/portal\/noticias\/#\/schema\/person\/image\/\",\"url\":\"https:\/\/secure.gravatar.com\/avatar\/b58f310a5de5feb33d1e026d2493f23c?s=96&d=mm&r=g\",\"contentUrl\":\"https:\/\/secure.gravatar.com\/avatar\/b58f310a5de5feb33d1e026d2493f23c?s=96&d=mm&r=g\",\"caption\":\"prensa2\"},\"url\":\"https:\/\/www.ull.es\/portal\/noticias\/author\/prensa2\/\"}]}<\/script>\n<!-- \/ Yoast SEO plugin. -->","yoast_head_json":{"title":"El Laboratorio de Educaci\u00f3n y Nuevas Tecnolog\u00edas edita un CD multimedia de educaci\u00f3n intercultural - ULL - Noticias","robots":{"index":"index","follow":"follow","max-snippet":"max-snippet:-1","max-image-preview":"max-image-preview:large","max-video-preview":"max-video-preview:-1"},"canonical":"https:\/\/www.ull.es\/portal\/noticias\/2003\/el-laboratorio-de-educacin-y-nuevas-tecnologas-edita-un-cd-multimedia-de-educacin-intercultural\/","og_locale":"es_ES","og_type":"article","og_title":"El Laboratorio de Educaci\u00f3n y Nuevas Tecnolog\u00edas edita un CD multimedia de educaci\u00f3n intercultural - ULL - Noticias","og_description":"El Laboratorio de Educaci&oacute;n y Nuevas Tecnolog&iacute;as de la Universidad de La Laguna, vinculado a la c&aacute;tedra Telef&oacute;nica, ha editado...","og_url":"https:\/\/www.ull.es\/portal\/noticias\/2003\/el-laboratorio-de-educacin-y-nuevas-tecnologas-edita-un-cd-multimedia-de-educacin-intercultural\/","og_site_name":"ULL - Noticias","article_publisher":"https:\/\/www.facebook.com\/universidaddelalaguna\/","article_published_time":"2003-10-03T00:00:00+00:00","og_image":[{"width":1200,"height":630,"url":"https:\/\/www.ull.es\/portal\/noticias\/wp-content\/uploads\/sites\/13\/2023\/06\/logo-redimensionado.png","type":"image\/png"}],"author":"prensa2","twitter_card":"summary_large_image","twitter_creator":"@CanalULL","twitter_site":"@CanalULL","twitter_misc":{"Escrito por":"prensa2","Tiempo de lectura":"1 minuto"},"schema":{"@context":"https:\/\/schema.org","@graph":[{"@type":"WebPage","@id":"https:\/\/www.ull.es\/portal\/noticias\/2003\/el-laboratorio-de-educacin-y-nuevas-tecnologas-edita-un-cd-multimedia-de-educacin-intercultural\/","url":"https:\/\/www.ull.es\/portal\/noticias\/2003\/el-laboratorio-de-educacin-y-nuevas-tecnologas-edita-un-cd-multimedia-de-educacin-intercultural\/","name":"El Laboratorio de Educaci\u00f3n y Nuevas Tecnolog\u00edas edita un CD multimedia de educaci\u00f3n intercultural - ULL - Noticias","isPartOf":{"@id":"https:\/\/www.ull.es\/portal\/noticias\/#website"},"datePublished":"2003-10-03T00:00:00+00:00","dateModified":"2003-10-03T00:00:00+00:00","author":{"@id":"https:\/\/www.ull.es\/portal\/noticias\/#\/schema\/person\/c3b2aa857797592927a03740d6664376"},"breadcrumb":{"@id":"https:\/\/www.ull.es\/portal\/noticias\/2003\/el-laboratorio-de-educacin-y-nuevas-tecnologas-edita-un-cd-multimedia-de-educacin-intercultural\/#breadcrumb"},"inLanguage":"es","potentialAction":[{"@type":"ReadAction","target":["https:\/\/www.ull.es\/portal\/noticias\/2003\/el-laboratorio-de-educacin-y-nuevas-tecnologas-edita-un-cd-multimedia-de-educacin-intercultural\/"]}]},{"@type":"BreadcrumbList","@id":"https:\/\/www.ull.es\/portal\/noticias\/2003\/el-laboratorio-de-educacin-y-nuevas-tecnologas-edita-un-cd-multimedia-de-educacin-intercultural\/#breadcrumb","itemListElement":[{"@type":"ListItem","position":1,"name":"Portada","item":"https:\/\/www.ull.es\/portal\/noticias\/"},{"@type":"ListItem","position":2,"name":"El Laboratorio de Educaci\u00f3n y Nuevas Tecnolog\u00edas edita un CD multimedia de educaci\u00f3n intercultural"}]},{"@type":"WebSite","@id":"https:\/\/www.ull.es\/portal\/noticias\/#website","url":"https:\/\/www.ull.es\/portal\/noticias\/","name":"ULL - Noticias","description":"","potentialAction":[{"@type":"SearchAction","target":{"@type":"EntryPoint","urlTemplate":"https:\/\/www.ull.es\/portal\/noticias\/?s={search_term_string}"},"query-input":"required name=search_term_string"}],"inLanguage":"es"},{"@type":"Person","@id":"https:\/\/www.ull.es\/portal\/noticias\/#\/schema\/person\/c3b2aa857797592927a03740d6664376","name":"prensa2","image":{"@type":"ImageObject","inLanguage":"es","@id":"https:\/\/www.ull.es\/portal\/noticias\/#\/schema\/person\/image\/","url":"https:\/\/secure.gravatar.com\/avatar\/b58f310a5de5feb33d1e026d2493f23c?s=96&d=mm&r=g","contentUrl":"https:\/\/secure.gravatar.com\/avatar\/b58f310a5de5feb33d1e026d2493f23c?s=96&d=mm&r=g","caption":"prensa2"},"url":"https:\/\/www.ull.es\/portal\/noticias\/author\/prensa2\/"}]}},"primary_category":null,"featured_image_thumbnail_url":null,"_links":{"self":[{"href":"https:\/\/www.ull.es\/portal\/noticias\/wp-json\/wp\/v2\/posts\/13265"}],"collection":[{"href":"https:\/\/www.ull.es\/portal\/noticias\/wp-json\/wp\/v2\/posts"}],"about":[{"href":"https:\/\/www.ull.es\/portal\/noticias\/wp-json\/wp\/v2\/types\/post"}],"author":[{"embeddable":true,"href":"https:\/\/www.ull.es\/portal\/noticias\/wp-json\/wp\/v2\/users\/21"}],"replies":[{"embeddable":true,"href":"https:\/\/www.ull.es\/portal\/noticias\/wp-json\/wp\/v2\/comments?post=13265"}],"version-history":[{"count":0,"href":"https:\/\/www.ull.es\/portal\/noticias\/wp-json\/wp\/v2\/posts\/13265\/revisions"}],"wp:attachment":[{"href":"https:\/\/www.ull.es\/portal\/noticias\/wp-json\/wp\/v2\/media?parent=13265"}],"wp:term":[{"taxonomy":"category","embeddable":true,"href":"https:\/\/www.ull.es\/portal\/noticias\/wp-json\/wp\/v2\/categories?post=13265"},{"taxonomy":"post_tag","embeddable":true,"href":"https:\/\/www.ull.es\/portal\/noticias\/wp-json\/wp\/v2\/tags?post=13265"}],"curies":[{"name":"wp","href":"https:\/\/api.w.org\/{rel}","templated":true}]}}