{"id":13267,"date":"2003-11-19T00:00:00","date_gmt":"2003-11-19T00:00:00","guid":{"rendered":"http:\/\/ddigital.webs.ull.es\/aprobada-la-creacin-de-un-nuevo-departamento-del-rea-depsicologa\/"},"modified":"2003-11-19T00:00:00","modified_gmt":"2003-11-19T00:00:00","slug":"aprobada-la-creacin-de-un-nuevo-departamento-del-rea-depsicologa","status":"publish","type":"post","link":"https:\/\/www.ull.es\/portal\/noticias\/2003\/aprobada-la-creacin-de-un-nuevo-departamento-del-rea-depsicologa\/","title":{"rendered":"Aprobada la creaci\u00f3n de un nuevo departamento del \u00e1rea dePsicolog\u00eda"},"content":{"rendered":"<p>El Consejo de Gobierno de la Universidad de La Laguna aprob&oacute; en su reuni&oacute;n del pasado 31 de octubre, por 31 votos a favor y una abstenci&oacute;n, la creaci&oacute;n del nuevo departamento de Psicobiolog&iacute;a y Metodolog&iacute;a de las Ciencias del Comportamiento, de lo que se informar&aacute; ahora al Consejo de Coordinaci&oacute;n Universitaria.<\/p>\n<p><P>La solicitud de creaci&oacute;n parti&oacute; de dos departamentos ya conformados, Psicolog&iacute;a Educativa, Evolutiva y Psicobiolog&iacute;a y Did&aacute;ctica e Investigaci&oacute;n Educativa y del Comportamiento. De este modo se producir&aacute; la segregaci&oacute;n de un &aacute;rea de conocimiento de cada uno de ellos (Psicobiolog&iacute;a, por un lado, y Metodolog&iacute;a del Comportamiento, por otro) que se fusionar&aacute;n en el nuevo.<\/P><P>El nuevo departamento, todav&iacute;a no constituido,estar&aacute; integrado por veinte profesores titulares de universidad a tiempo completo, tres asociados de universidad a tiempo completo, un asociado a tiempo parcial y un ayudante cuya plaza est&aacute; convocada y pendiente de provisi&oacute;n. Impartir&aacute; docencia en quince asignaturas de tres titulaciones, por parte de Psicobiolog&iacute;a, y diecis&eacute;is asignaturas de cuatro titulaciones, por el &aacute;rea de Metodolog&iacute;a de las Ciencias del Comportamiento.<\/P><P>Como consecuencia de esta escisi&oacute;n, los departamentos de origen han solicitado el cambio de denominaci&oacute;n, de modo que pasar&iacute;an a llamarse Psicolog&iacute;a Evolutiva y de la Educaci&oacute;n, y Did&aacute;ctica e Investigaci&oacute;n Educativa.<\/P><P><STRONG>Procedimiento de creaci&oacute;n<\/STRONG><\/P><P>La creaci&oacute;n de un departamento universitario debe ser iniciativa bien del profesorado, bien a uno o varios departamentos o, excepcionalmente, del Consejo de Gobierno. El departamento del que parta la propuesta ha de contener un m&iacute;nimo de cuarenta profesores e integrar &aacute;reas de conocimiento con escasa afinidad cient&iacute;fica. <\/P><P>Adem&aacute;s, como m&iacute;nimo doce de sus profesores deben serlo a tiempo completo y tambi&eacute;n debe poseer al menos cinco catedr&aacute;ticos de universidad o titulares de universidad, a tiempo completo igualmente. La creaci&oacute;n del departamento debe estar condicionada a la presentaci&oacute;n por parte de los promotores de un proyecto que incluya el inventario de bienes, equipo e instalaciones para la docencia y la investigaci&oacute;n que poseer&aacute; la nueva &aacute;rea creada. El &uacute;ltimo paso es el examen que la comisi&oacute;n delegada del Vicerrectorado de Ordenaci&oacute;n Acad&eacute;mica y Profesorado hace de la solicitud para verificar que se acatan todos los requisitos.<\/P><P>En el caso del nuevo departamento de Psicobiolog&iacute;a y Metodolog&iacute;a de las Ciencias del Comportamiento lo estipulado en la normativa se cumpl&iacute;a perfectamente: los departamentos que defendieron la solicitud cuentan en la actualidad con 57 y 51 profesores, y ambos esgrimieron en sus respectivos informes la escasa afinidad cient&iacute;fica de sus &aacute;reas de conocimiento, as&iacute; como sus inventarios de bienes.<\/P><\/p>\n","protected":false},"excerpt":{"rendered":"<p>El Consejo de Gobierno de la Universidad de La Laguna aprob&oacute; en su reuni&oacute;n del pasado 31 de octubre, por&#8230;<\/p>\n","protected":false},"author":21,"featured_media":0,"comment_status":"open","ping_status":"open","sticky":false,"template":"","format":"standard","meta":{"inline_featured_image":false,"footnotes":""},"categories":[346],"tags":[],"acf":[],"yoast_head":"<!-- This site is optimized with the Yoast SEO plugin v21.3 - https:\/\/yoast.com\/wordpress\/plugins\/seo\/ -->\n<title>Aprobada la creaci\u00f3n de un nuevo departamento del \u00e1rea dePsicolog\u00eda - ULL - Noticias<\/title>\n<meta name=\"robots\" content=\"index, follow, max-snippet:-1, max-image-preview:large, max-video-preview:-1\" \/>\n<link rel=\"canonical\" href=\"https:\/\/www.ull.es\/portal\/noticias\/2003\/aprobada-la-creacin-de-un-nuevo-departamento-del-rea-depsicologa\/\" \/>\n<meta property=\"og:locale\" content=\"es_ES\" \/>\n<meta property=\"og:type\" content=\"article\" \/>\n<meta property=\"og:title\" content=\"Aprobada la creaci\u00f3n de un nuevo departamento del \u00e1rea dePsicolog\u00eda - ULL - Noticias\" \/>\n<meta property=\"og:description\" content=\"El Consejo de Gobierno de la Universidad de La Laguna aprob&oacute; en su reuni&oacute;n del pasado 31 de octubre, por...\" \/>\n<meta property=\"og:url\" content=\"https:\/\/www.ull.es\/portal\/noticias\/2003\/aprobada-la-creacin-de-un-nuevo-departamento-del-rea-depsicologa\/\" \/>\n<meta property=\"og:site_name\" content=\"ULL - Noticias\" \/>\n<meta property=\"article:publisher\" content=\"https:\/\/www.facebook.com\/universidaddelalaguna\/\" \/>\n<meta property=\"article:published_time\" content=\"2003-11-19T00:00:00+00:00\" \/>\n<meta property=\"og:image\" content=\"https:\/\/www.ull.es\/portal\/noticias\/wp-content\/uploads\/sites\/13\/2023\/06\/logo-redimensionado.png\" \/>\n\t<meta property=\"og:image:width\" content=\"1200\" \/>\n\t<meta property=\"og:image:height\" content=\"630\" \/>\n\t<meta property=\"og:image:type\" content=\"image\/png\" \/>\n<meta name=\"author\" content=\"prensa2\" \/>\n<meta name=\"twitter:card\" content=\"summary_large_image\" \/>\n<meta name=\"twitter:creator\" content=\"@CanalULL\" \/>\n<meta name=\"twitter:site\" content=\"@CanalULL\" \/>\n<meta name=\"twitter:label1\" content=\"Escrito por\" \/>\n\t<meta name=\"twitter:data1\" content=\"prensa2\" \/>\n\t<meta name=\"twitter:label2\" content=\"Tiempo de lectura\" \/>\n\t<meta name=\"twitter:data2\" content=\"3 minutos\" \/>\n<script type=\"application\/ld+json\" class=\"yoast-schema-graph\">{\"@context\":\"https:\/\/schema.org\",\"@graph\":[{\"@type\":\"WebPage\",\"@id\":\"https:\/\/www.ull.es\/portal\/noticias\/2003\/aprobada-la-creacin-de-un-nuevo-departamento-del-rea-depsicologa\/\",\"url\":\"https:\/\/www.ull.es\/portal\/noticias\/2003\/aprobada-la-creacin-de-un-nuevo-departamento-del-rea-depsicologa\/\",\"name\":\"Aprobada la creaci\u00f3n de un nuevo departamento del \u00e1rea dePsicolog\u00eda - ULL - Noticias\",\"isPartOf\":{\"@id\":\"https:\/\/www.ull.es\/portal\/noticias\/#website\"},\"datePublished\":\"2003-11-19T00:00:00+00:00\",\"dateModified\":\"2003-11-19T00:00:00+00:00\",\"author\":{\"@id\":\"https:\/\/www.ull.es\/portal\/noticias\/#\/schema\/person\/c3b2aa857797592927a03740d6664376\"},\"breadcrumb\":{\"@id\":\"https:\/\/www.ull.es\/portal\/noticias\/2003\/aprobada-la-creacin-de-un-nuevo-departamento-del-rea-depsicologa\/#breadcrumb\"},\"inLanguage\":\"es\",\"potentialAction\":[{\"@type\":\"ReadAction\",\"target\":[\"https:\/\/www.ull.es\/portal\/noticias\/2003\/aprobada-la-creacin-de-un-nuevo-departamento-del-rea-depsicologa\/\"]}]},{\"@type\":\"BreadcrumbList\",\"@id\":\"https:\/\/www.ull.es\/portal\/noticias\/2003\/aprobada-la-creacin-de-un-nuevo-departamento-del-rea-depsicologa\/#breadcrumb\",\"itemListElement\":[{\"@type\":\"ListItem\",\"position\":1,\"name\":\"Portada\",\"item\":\"https:\/\/www.ull.es\/portal\/noticias\/\"},{\"@type\":\"ListItem\",\"position\":2,\"name\":\"Aprobada la creaci\u00f3n de un nuevo departamento del \u00e1rea dePsicolog\u00eda\"}]},{\"@type\":\"WebSite\",\"@id\":\"https:\/\/www.ull.es\/portal\/noticias\/#website\",\"url\":\"https:\/\/www.ull.es\/portal\/noticias\/\",\"name\":\"ULL - Noticias\",\"description\":\"\",\"potentialAction\":[{\"@type\":\"SearchAction\",\"target\":{\"@type\":\"EntryPoint\",\"urlTemplate\":\"https:\/\/www.ull.es\/portal\/noticias\/?s={search_term_string}\"},\"query-input\":\"required name=search_term_string\"}],\"inLanguage\":\"es\"},{\"@type\":\"Person\",\"@id\":\"https:\/\/www.ull.es\/portal\/noticias\/#\/schema\/person\/c3b2aa857797592927a03740d6664376\",\"name\":\"prensa2\",\"image\":{\"@type\":\"ImageObject\",\"inLanguage\":\"es\",\"@id\":\"https:\/\/www.ull.es\/portal\/noticias\/#\/schema\/person\/image\/\",\"url\":\"https:\/\/secure.gravatar.com\/avatar\/b58f310a5de5feb33d1e026d2493f23c?s=96&d=mm&r=g\",\"contentUrl\":\"https:\/\/secure.gravatar.com\/avatar\/b58f310a5de5feb33d1e026d2493f23c?s=96&d=mm&r=g\",\"caption\":\"prensa2\"},\"url\":\"https:\/\/www.ull.es\/portal\/noticias\/author\/prensa2\/\"}]}<\/script>\n<!-- \/ Yoast SEO plugin. -->","yoast_head_json":{"title":"Aprobada la creaci\u00f3n de un nuevo departamento del \u00e1rea dePsicolog\u00eda - ULL - Noticias","robots":{"index":"index","follow":"follow","max-snippet":"max-snippet:-1","max-image-preview":"max-image-preview:large","max-video-preview":"max-video-preview:-1"},"canonical":"https:\/\/www.ull.es\/portal\/noticias\/2003\/aprobada-la-creacin-de-un-nuevo-departamento-del-rea-depsicologa\/","og_locale":"es_ES","og_type":"article","og_title":"Aprobada la creaci\u00f3n de un nuevo departamento del \u00e1rea dePsicolog\u00eda - ULL - Noticias","og_description":"El Consejo de Gobierno de la Universidad de La Laguna aprob&oacute; en su reuni&oacute;n del pasado 31 de octubre, por...","og_url":"https:\/\/www.ull.es\/portal\/noticias\/2003\/aprobada-la-creacin-de-un-nuevo-departamento-del-rea-depsicologa\/","og_site_name":"ULL - Noticias","article_publisher":"https:\/\/www.facebook.com\/universidaddelalaguna\/","article_published_time":"2003-11-19T00:00:00+00:00","og_image":[{"width":1200,"height":630,"url":"https:\/\/www.ull.es\/portal\/noticias\/wp-content\/uploads\/sites\/13\/2023\/06\/logo-redimensionado.png","type":"image\/png"}],"author":"prensa2","twitter_card":"summary_large_image","twitter_creator":"@CanalULL","twitter_site":"@CanalULL","twitter_misc":{"Escrito por":"prensa2","Tiempo de lectura":"3 minutos"},"schema":{"@context":"https:\/\/schema.org","@graph":[{"@type":"WebPage","@id":"https:\/\/www.ull.es\/portal\/noticias\/2003\/aprobada-la-creacin-de-un-nuevo-departamento-del-rea-depsicologa\/","url":"https:\/\/www.ull.es\/portal\/noticias\/2003\/aprobada-la-creacin-de-un-nuevo-departamento-del-rea-depsicologa\/","name":"Aprobada la creaci\u00f3n de un nuevo departamento del \u00e1rea dePsicolog\u00eda - ULL - Noticias","isPartOf":{"@id":"https:\/\/www.ull.es\/portal\/noticias\/#website"},"datePublished":"2003-11-19T00:00:00+00:00","dateModified":"2003-11-19T00:00:00+00:00","author":{"@id":"https:\/\/www.ull.es\/portal\/noticias\/#\/schema\/person\/c3b2aa857797592927a03740d6664376"},"breadcrumb":{"@id":"https:\/\/www.ull.es\/portal\/noticias\/2003\/aprobada-la-creacin-de-un-nuevo-departamento-del-rea-depsicologa\/#breadcrumb"},"inLanguage":"es","potentialAction":[{"@type":"ReadAction","target":["https:\/\/www.ull.es\/portal\/noticias\/2003\/aprobada-la-creacin-de-un-nuevo-departamento-del-rea-depsicologa\/"]}]},{"@type":"BreadcrumbList","@id":"https:\/\/www.ull.es\/portal\/noticias\/2003\/aprobada-la-creacin-de-un-nuevo-departamento-del-rea-depsicologa\/#breadcrumb","itemListElement":[{"@type":"ListItem","position":1,"name":"Portada","item":"https:\/\/www.ull.es\/portal\/noticias\/"},{"@type":"ListItem","position":2,"name":"Aprobada la creaci\u00f3n de un nuevo departamento del \u00e1rea dePsicolog\u00eda"}]},{"@type":"WebSite","@id":"https:\/\/www.ull.es\/portal\/noticias\/#website","url":"https:\/\/www.ull.es\/portal\/noticias\/","name":"ULL - Noticias","description":"","potentialAction":[{"@type":"SearchAction","target":{"@type":"EntryPoint","urlTemplate":"https:\/\/www.ull.es\/portal\/noticias\/?s={search_term_string}"},"query-input":"required name=search_term_string"}],"inLanguage":"es"},{"@type":"Person","@id":"https:\/\/www.ull.es\/portal\/noticias\/#\/schema\/person\/c3b2aa857797592927a03740d6664376","name":"prensa2","image":{"@type":"ImageObject","inLanguage":"es","@id":"https:\/\/www.ull.es\/portal\/noticias\/#\/schema\/person\/image\/","url":"https:\/\/secure.gravatar.com\/avatar\/b58f310a5de5feb33d1e026d2493f23c?s=96&d=mm&r=g","contentUrl":"https:\/\/secure.gravatar.com\/avatar\/b58f310a5de5feb33d1e026d2493f23c?s=96&d=mm&r=g","caption":"prensa2"},"url":"https:\/\/www.ull.es\/portal\/noticias\/author\/prensa2\/"}]}},"primary_category":null,"featured_image_thumbnail_url":null,"_links":{"self":[{"href":"https:\/\/www.ull.es\/portal\/noticias\/wp-json\/wp\/v2\/posts\/13267"}],"collection":[{"href":"https:\/\/www.ull.es\/portal\/noticias\/wp-json\/wp\/v2\/posts"}],"about":[{"href":"https:\/\/www.ull.es\/portal\/noticias\/wp-json\/wp\/v2\/types\/post"}],"author":[{"embeddable":true,"href":"https:\/\/www.ull.es\/portal\/noticias\/wp-json\/wp\/v2\/users\/21"}],"replies":[{"embeddable":true,"href":"https:\/\/www.ull.es\/portal\/noticias\/wp-json\/wp\/v2\/comments?post=13267"}],"version-history":[{"count":0,"href":"https:\/\/www.ull.es\/portal\/noticias\/wp-json\/wp\/v2\/posts\/13267\/revisions"}],"wp:attachment":[{"href":"https:\/\/www.ull.es\/portal\/noticias\/wp-json\/wp\/v2\/media?parent=13267"}],"wp:term":[{"taxonomy":"category","embeddable":true,"href":"https:\/\/www.ull.es\/portal\/noticias\/wp-json\/wp\/v2\/categories?post=13267"},{"taxonomy":"post_tag","embeddable":true,"href":"https:\/\/www.ull.es\/portal\/noticias\/wp-json\/wp\/v2\/tags?post=13267"}],"curies":[{"name":"wp","href":"https:\/\/api.w.org\/{rel}","templated":true}]}}