{"id":13274,"date":"2003-12-23T00:00:00","date_gmt":"2003-12-23T00:00:00","guid":{"rendered":"http:\/\/ddigital.webs.ull.es\/la-web-de-un-profesor-de-la-ull-sobre-tecnologa-educativa-premiada-por-la-fundacin-telefnica\/"},"modified":"2003-12-23T00:00:00","modified_gmt":"2003-12-23T00:00:00","slug":"la-web-de-un-profesor-de-la-ull-sobre-tecnologa-educativa-premiada-por-la-fundacin-telefnica","status":"publish","type":"post","link":"https:\/\/www.ull.es\/portal\/noticias\/2003\/la-web-de-un-profesor-de-la-ull-sobre-tecnologa-educativa-premiada-por-la-fundacin-telefnica\/","title":{"rendered":"La web de un profesor de la ULL sobre tecnolog\u00eda educativa, premiada por la Fundaci\u00f3n Telef\u00f3nica"},"content":{"rendered":"<p>Manuel Area, profesor titular de Tecnolog&iacute;a Educativa en la Universidad de La Laguna, obtuvo el primer premio del certamen convocado por Campus Red, de la Fundaci&oacute;n Telef&oacute;nica, en la modalidad B, sobre creaci&oacute;n de contenidos did&aacute;cticos. Su web, <U><a class=\"sumario\" href=\"http:\/\/webpages.ull.es\/users\/manarea\" target=\"_new\" target=\"_blank\" rel=\"noopener\">http:\/\/webpages.ull.es\/users\/manarea\/<\/A><\/U>, obtuvo una bolsa de viaje equivalente a 6000 euros, ya que, seg&uacute;n el jurado, \u00abpresenta un trabajo muy completo, en el que hay que destacar el planteamiento de los contenidos y el desarrollo de la interactividad, donde denota la experiencia docente de los miembros del grupo\u00bb.<\/p>\n<p><P align=\"justify\">Al I Certamen Intercampus de Docencia e Investigaci&oacute;n en la Red se presentaron 250 proyectos de experiencias universitarias de uso de Internet de distintos pa&iacute;ses latinoamericanos (Espa&ntilde;a, Argentina, Chile, M&eacute;xico, etc.) con un total de 800 participantes. Esta convocatoria estaba dirigida a la comunidad universitaria iberoamericana para dar reconocimiento y difusi&oacute;n a los trabajos de investigaci&oacute;n y docencia que se hayan distinguido por su calidad y contribuci&oacute;n a la incorporaci&oacute;n de Internet en la labor universitaria.<\/P><P align=\"justify\"><\/P><P align=\"justify\">Las propuestas debieron ser presentadas en Intercampus, un espacio de trabajo del portal <U><a class=\"sumario\" href=\"http:\/\/campusred.net\/\" target=\"_new\" target=\"_blank\" rel=\"noopener\">Campusred.net<\/A><\/U>, adecuado al desarrollo de trabajos universitarios. En Intercampus se ofrece la posibilidad de organizar grupos de trabajo virtuales, gestionar cursos, investigaciones, dirigir tesis doctorales y otras actividades que se realizan habitualmente en la universidad. Se trata, seg&uacute;n la propia organizaci&oacute;n del concurso, de \u00abun escenario virtual adecuado a docentes, investigadores y estudiantes universitarios para el desarrollo de sus proyectos educativos y cient&iacute;ficos en la red\u00bb.<\/P><P align=\"justify\"><\/P><P align=\"justify\">Las modalidades objeto del certamen fueron Investigaci&oacute;n y tesis doctorales (A), Creaci&oacute;n de contenidos did&aacute;cticos (B), Docencia en la red (C) y Estudiantes: trabajo de curso (D).<\/P><\/p>\n","protected":false},"excerpt":{"rendered":"<p>Manuel Area, profesor titular de Tecnolog&iacute;a Educativa en la Universidad de La Laguna, obtuvo el primer premio del certamen convocado&#8230;<\/p>\n","protected":false},"author":21,"featured_media":13275,"comment_status":"open","ping_status":"open","sticky":false,"template":"","format":"standard","meta":{"inline_featured_image":false,"footnotes":""},"categories":[346],"tags":[],"acf":[],"yoast_head":"<!-- This site is optimized with the Yoast SEO plugin v21.3 - https:\/\/yoast.com\/wordpress\/plugins\/seo\/ -->\n<title>La web de un profesor de la ULL sobre tecnolog\u00eda educativa, premiada por la Fundaci\u00f3n Telef\u00f3nica - ULL - Noticias<\/title>\n<meta name=\"robots\" content=\"index, follow, max-snippet:-1, max-image-preview:large, max-video-preview:-1\" \/>\n<link rel=\"canonical\" href=\"https:\/\/www.ull.es\/portal\/noticias\/2003\/la-web-de-un-profesor-de-la-ull-sobre-tecnologa-educativa-premiada-por-la-fundacin-telefnica\/\" \/>\n<meta property=\"og:locale\" content=\"es_ES\" \/>\n<meta property=\"og:type\" content=\"article\" \/>\n<meta property=\"og:title\" content=\"La web de un profesor de la ULL sobre tecnolog\u00eda educativa, premiada por la Fundaci\u00f3n Telef\u00f3nica - ULL - Noticias\" \/>\n<meta property=\"og:description\" content=\"Manuel Area, profesor titular de Tecnolog&iacute;a Educativa en la Universidad de La Laguna, obtuvo el primer premio del certamen convocado...\" \/>\n<meta property=\"og:url\" content=\"https:\/\/www.ull.es\/portal\/noticias\/2003\/la-web-de-un-profesor-de-la-ull-sobre-tecnologa-educativa-premiada-por-la-fundacin-telefnica\/\" \/>\n<meta property=\"og:site_name\" content=\"ULL - Noticias\" \/>\n<meta property=\"article:publisher\" content=\"https:\/\/www.facebook.com\/universidaddelalaguna\/\" \/>\n<meta property=\"article:published_time\" content=\"2003-12-23T00:00:00+00:00\" \/>\n<meta property=\"og:image\" content=\"https:\/\/www.ull.es\/portal\/noticias\/wp-content\/uploads\/sites\/13\/2015\/07\/150.jpg\" \/>\n\t<meta property=\"og:image:width\" content=\"200\" \/>\n\t<meta property=\"og:image:height\" content=\"150\" \/>\n\t<meta property=\"og:image:type\" content=\"image\/jpeg\" \/>\n<meta name=\"author\" content=\"prensa2\" \/>\n<meta name=\"twitter:card\" content=\"summary_large_image\" \/>\n<meta name=\"twitter:creator\" content=\"@CanalULL\" \/>\n<meta name=\"twitter:site\" content=\"@CanalULL\" \/>\n<meta name=\"twitter:label1\" content=\"Escrito por\" \/>\n\t<meta name=\"twitter:data1\" content=\"prensa2\" \/>\n\t<meta name=\"twitter:label2\" content=\"Tiempo de lectura\" \/>\n\t<meta name=\"twitter:data2\" content=\"2 minutos\" \/>\n<script type=\"application\/ld+json\" class=\"yoast-schema-graph\">{\"@context\":\"https:\/\/schema.org\",\"@graph\":[{\"@type\":\"WebPage\",\"@id\":\"https:\/\/www.ull.es\/portal\/noticias\/2003\/la-web-de-un-profesor-de-la-ull-sobre-tecnologa-educativa-premiada-por-la-fundacin-telefnica\/\",\"url\":\"https:\/\/www.ull.es\/portal\/noticias\/2003\/la-web-de-un-profesor-de-la-ull-sobre-tecnologa-educativa-premiada-por-la-fundacin-telefnica\/\",\"name\":\"La web de un profesor de la ULL sobre tecnolog\u00eda educativa, premiada por la Fundaci\u00f3n Telef\u00f3nica - ULL - Noticias\",\"isPartOf\":{\"@id\":\"https:\/\/www.ull.es\/portal\/noticias\/#website\"},\"datePublished\":\"2003-12-23T00:00:00+00:00\",\"dateModified\":\"2003-12-23T00:00:00+00:00\",\"author\":{\"@id\":\"https:\/\/www.ull.es\/portal\/noticias\/#\/schema\/person\/c3b2aa857797592927a03740d6664376\"},\"breadcrumb\":{\"@id\":\"https:\/\/www.ull.es\/portal\/noticias\/2003\/la-web-de-un-profesor-de-la-ull-sobre-tecnologa-educativa-premiada-por-la-fundacin-telefnica\/#breadcrumb\"},\"inLanguage\":\"es\",\"potentialAction\":[{\"@type\":\"ReadAction\",\"target\":[\"https:\/\/www.ull.es\/portal\/noticias\/2003\/la-web-de-un-profesor-de-la-ull-sobre-tecnologa-educativa-premiada-por-la-fundacin-telefnica\/\"]}]},{\"@type\":\"BreadcrumbList\",\"@id\":\"https:\/\/www.ull.es\/portal\/noticias\/2003\/la-web-de-un-profesor-de-la-ull-sobre-tecnologa-educativa-premiada-por-la-fundacin-telefnica\/#breadcrumb\",\"itemListElement\":[{\"@type\":\"ListItem\",\"position\":1,\"name\":\"Portada\",\"item\":\"https:\/\/www.ull.es\/portal\/noticias\/\"},{\"@type\":\"ListItem\",\"position\":2,\"name\":\"La web de un profesor de la ULL sobre tecnolog\u00eda educativa, premiada por la Fundaci\u00f3n Telef\u00f3nica\"}]},{\"@type\":\"WebSite\",\"@id\":\"https:\/\/www.ull.es\/portal\/noticias\/#website\",\"url\":\"https:\/\/www.ull.es\/portal\/noticias\/\",\"name\":\"ULL - Noticias\",\"description\":\"\",\"potentialAction\":[{\"@type\":\"SearchAction\",\"target\":{\"@type\":\"EntryPoint\",\"urlTemplate\":\"https:\/\/www.ull.es\/portal\/noticias\/?s={search_term_string}\"},\"query-input\":\"required name=search_term_string\"}],\"inLanguage\":\"es\"},{\"@type\":\"Person\",\"@id\":\"https:\/\/www.ull.es\/portal\/noticias\/#\/schema\/person\/c3b2aa857797592927a03740d6664376\",\"name\":\"prensa2\",\"image\":{\"@type\":\"ImageObject\",\"inLanguage\":\"es\",\"@id\":\"https:\/\/www.ull.es\/portal\/noticias\/#\/schema\/person\/image\/\",\"url\":\"https:\/\/secure.gravatar.com\/avatar\/b58f310a5de5feb33d1e026d2493f23c?s=96&d=mm&r=g\",\"contentUrl\":\"https:\/\/secure.gravatar.com\/avatar\/b58f310a5de5feb33d1e026d2493f23c?s=96&d=mm&r=g\",\"caption\":\"prensa2\"},\"url\":\"https:\/\/www.ull.es\/portal\/noticias\/author\/prensa2\/\"}]}<\/script>\n<!-- \/ Yoast SEO plugin. -->","yoast_head_json":{"title":"La web de un profesor de la ULL sobre tecnolog\u00eda educativa, premiada por la Fundaci\u00f3n Telef\u00f3nica - ULL - Noticias","robots":{"index":"index","follow":"follow","max-snippet":"max-snippet:-1","max-image-preview":"max-image-preview:large","max-video-preview":"max-video-preview:-1"},"canonical":"https:\/\/www.ull.es\/portal\/noticias\/2003\/la-web-de-un-profesor-de-la-ull-sobre-tecnologa-educativa-premiada-por-la-fundacin-telefnica\/","og_locale":"es_ES","og_type":"article","og_title":"La web de un profesor de la ULL sobre tecnolog\u00eda educativa, premiada por la Fundaci\u00f3n Telef\u00f3nica - ULL - Noticias","og_description":"Manuel Area, profesor titular de Tecnolog&iacute;a Educativa en la Universidad de La Laguna, obtuvo el primer premio del certamen convocado...","og_url":"https:\/\/www.ull.es\/portal\/noticias\/2003\/la-web-de-un-profesor-de-la-ull-sobre-tecnologa-educativa-premiada-por-la-fundacin-telefnica\/","og_site_name":"ULL - Noticias","article_publisher":"https:\/\/www.facebook.com\/universidaddelalaguna\/","article_published_time":"2003-12-23T00:00:00+00:00","og_image":[{"width":200,"height":150,"url":"https:\/\/www.ull.es\/portal\/noticias\/wp-content\/uploads\/sites\/13\/2015\/07\/150.jpg","type":"image\/jpeg"}],"author":"prensa2","twitter_card":"summary_large_image","twitter_creator":"@CanalULL","twitter_site":"@CanalULL","twitter_misc":{"Escrito por":"prensa2","Tiempo de lectura":"2 minutos"},"schema":{"@context":"https:\/\/schema.org","@graph":[{"@type":"WebPage","@id":"https:\/\/www.ull.es\/portal\/noticias\/2003\/la-web-de-un-profesor-de-la-ull-sobre-tecnologa-educativa-premiada-por-la-fundacin-telefnica\/","url":"https:\/\/www.ull.es\/portal\/noticias\/2003\/la-web-de-un-profesor-de-la-ull-sobre-tecnologa-educativa-premiada-por-la-fundacin-telefnica\/","name":"La web de un profesor de la ULL sobre tecnolog\u00eda educativa, premiada por la Fundaci\u00f3n Telef\u00f3nica - ULL - Noticias","isPartOf":{"@id":"https:\/\/www.ull.es\/portal\/noticias\/#website"},"datePublished":"2003-12-23T00:00:00+00:00","dateModified":"2003-12-23T00:00:00+00:00","author":{"@id":"https:\/\/www.ull.es\/portal\/noticias\/#\/schema\/person\/c3b2aa857797592927a03740d6664376"},"breadcrumb":{"@id":"https:\/\/www.ull.es\/portal\/noticias\/2003\/la-web-de-un-profesor-de-la-ull-sobre-tecnologa-educativa-premiada-por-la-fundacin-telefnica\/#breadcrumb"},"inLanguage":"es","potentialAction":[{"@type":"ReadAction","target":["https:\/\/www.ull.es\/portal\/noticias\/2003\/la-web-de-un-profesor-de-la-ull-sobre-tecnologa-educativa-premiada-por-la-fundacin-telefnica\/"]}]},{"@type":"BreadcrumbList","@id":"https:\/\/www.ull.es\/portal\/noticias\/2003\/la-web-de-un-profesor-de-la-ull-sobre-tecnologa-educativa-premiada-por-la-fundacin-telefnica\/#breadcrumb","itemListElement":[{"@type":"ListItem","position":1,"name":"Portada","item":"https:\/\/www.ull.es\/portal\/noticias\/"},{"@type":"ListItem","position":2,"name":"La web de un profesor de la ULL sobre tecnolog\u00eda educativa, premiada por la Fundaci\u00f3n Telef\u00f3nica"}]},{"@type":"WebSite","@id":"https:\/\/www.ull.es\/portal\/noticias\/#website","url":"https:\/\/www.ull.es\/portal\/noticias\/","name":"ULL - Noticias","description":"","potentialAction":[{"@type":"SearchAction","target":{"@type":"EntryPoint","urlTemplate":"https:\/\/www.ull.es\/portal\/noticias\/?s={search_term_string}"},"query-input":"required name=search_term_string"}],"inLanguage":"es"},{"@type":"Person","@id":"https:\/\/www.ull.es\/portal\/noticias\/#\/schema\/person\/c3b2aa857797592927a03740d6664376","name":"prensa2","image":{"@type":"ImageObject","inLanguage":"es","@id":"https:\/\/www.ull.es\/portal\/noticias\/#\/schema\/person\/image\/","url":"https:\/\/secure.gravatar.com\/avatar\/b58f310a5de5feb33d1e026d2493f23c?s=96&d=mm&r=g","contentUrl":"https:\/\/secure.gravatar.com\/avatar\/b58f310a5de5feb33d1e026d2493f23c?s=96&d=mm&r=g","caption":"prensa2"},"url":"https:\/\/www.ull.es\/portal\/noticias\/author\/prensa2\/"}]}},"primary_category":null,"featured_image_thumbnail_url":"https:\/\/www.ull.es\/portal\/noticias\/wp-content\/uploads\/sites\/13\/2015\/07\/150.jpg","_links":{"self":[{"href":"https:\/\/www.ull.es\/portal\/noticias\/wp-json\/wp\/v2\/posts\/13274"}],"collection":[{"href":"https:\/\/www.ull.es\/portal\/noticias\/wp-json\/wp\/v2\/posts"}],"about":[{"href":"https:\/\/www.ull.es\/portal\/noticias\/wp-json\/wp\/v2\/types\/post"}],"author":[{"embeddable":true,"href":"https:\/\/www.ull.es\/portal\/noticias\/wp-json\/wp\/v2\/users\/21"}],"replies":[{"embeddable":true,"href":"https:\/\/www.ull.es\/portal\/noticias\/wp-json\/wp\/v2\/comments?post=13274"}],"version-history":[{"count":0,"href":"https:\/\/www.ull.es\/portal\/noticias\/wp-json\/wp\/v2\/posts\/13274\/revisions"}],"wp:featuredmedia":[{"embeddable":true,"href":"https:\/\/www.ull.es\/portal\/noticias\/wp-json\/wp\/v2\/media\/13275"}],"wp:attachment":[{"href":"https:\/\/www.ull.es\/portal\/noticias\/wp-json\/wp\/v2\/media?parent=13274"}],"wp:term":[{"taxonomy":"category","embeddable":true,"href":"https:\/\/www.ull.es\/portal\/noticias\/wp-json\/wp\/v2\/categories?post=13274"},{"taxonomy":"post_tag","embeddable":true,"href":"https:\/\/www.ull.es\/portal\/noticias\/wp-json\/wp\/v2\/tags?post=13274"}],"curies":[{"name":"wp","href":"https:\/\/api.w.org\/{rel}","templated":true}]}}