{"id":13292,"date":"2004-04-16T00:00:00","date_gmt":"2004-04-16T00:00:00","guid":{"rendered":"http:\/\/ddigital.webs.ull.es\/rodrguez-hay-que-cambiar-la-idea-de-que-la-enfermera-es-una-profesin-subordinada-a-la-de-los-mdicos\/"},"modified":"2004-04-16T00:00:00","modified_gmt":"2004-04-16T00:00:00","slug":"rodrguez-hay-que-cambiar-la-idea-de-que-la-enfermera-es-una-profesin-subordinada-a-la-de-los-mdicos","status":"publish","type":"post","link":"https:\/\/www.ull.es\/portal\/noticias\/2004\/rodrguez-hay-que-cambiar-la-idea-de-que-la-enfermera-es-una-profesin-subordinada-a-la-de-los-mdicos\/","title":{"rendered":"Rodr\u00edguez: \u00abHay que cambiar la idea de que la enfermer\u00eda es una profesi\u00f3n subordinada a la de los m\u00e9dicos\u00bb"},"content":{"rendered":"<p>El presidente del Colegio Oficial de Enfermer&iacute;a de Santa Cruz de Tenerife, Jos&eacute; &aacute;ngel Rodr&iacute;guez G&oacute;mez, afirm&oacute; ayer jueves 15 en la Universidad de La Laguna que hay que cambiar la idea de que la enfermer&iacute;a es una profesi&oacute;n subsidiaria a la de los m&eacute;dicos, una cuesti&oacute;n que, dijo, incluso los propios enfermeros siguen creyendo, aleg&oacute;.<\/p>\n<p><P align=\"justify\">Rodr&iacute;guez G&oacute;mez realiz&oacute; estas declaraciones en el marco de unas jornadas sobre innovaci&oacute;n en enfermer&iacute;a organizadas por el centro docente en el campus de Guajara, y, en concreto, por el departamento del mismo nombre. Para el presidente del colegio oficial, aunque existe desde noviembre de 2001 un real decreto que otorga a esta profesi&oacute;n autonom&iacute;a y funciones propias, \u00abmuchos enfermeros siguen con la mentalidad de que su &aacute;mbito de actuaci&oacute;n est&aacute; subordinado al del m&eacute;dico, como de hecho propon&iacute;a el decreto de 1960, ya derogado\u00bb.<\/P><P align=\"justify\"><\/P><P align=\"justify\">En opini&oacute;n del ponente, la enfermer&iacute;a es una profesi&oacute;n ya desde el siglo pasado, mucho antes de que se reconociese como tal en la reforma del real decreto, basada en principios cient&iacute;ficos, human&iacute;sticos y &eacute;ticos. Esta idea se refuerza con la publicaci&oacute;n en noviembre de 2003 de la Ley de Ordenaci&oacute;n de las Profesiones Sanitarias, si bien reconoci&oacute; que seis meses antes se present&oacute; un borrador en el que se volv&iacute;a a la situaci&oacute;n anterior. La negociaci&oacute;n con el colectivo m&eacute;dico propici&oacute; el arreglo de esta situaci&oacute;n.<\/P><P align=\"justify\"><\/P><P align=\"justify\">Para Rodr&iacute;guez G&oacute;mez la ley supone un claro avance, ya que su finalidad es proteger la salud de los ciudadanos y, para ello, nada mejor que fijar los niveles de competencia de los profesionales sanitarios, agreg&oacute;. El presidente del Colegio Oficial de Enfermer&iacute;a se mostr&oacute; favorable, en este punto, a que se reconozcan los cuatro niveles o categor&iacute;a de los enfermeros, y se establezcan por tanto las diferencias retributivas desde el enfermero generalista hasta el consultor se&ntilde;or.<\/P><FONT size=\"4\"><P align=\"justify\"><\/P><P align=\"justify\"><\/FONT>El ponente concluy&oacute; recalcando la dimensi&oacute;n humana de esta profesi&oacute;n, que no puede perderse de vista por m&aacute;s tecnificada que est&eacute; la sociedad. Lo que cambiar&aacute; en este siglo es el cuerpo doctrinal, dijo, \u00abque se orientar&aacute; hacia un modelo interdisciplinar, competitivo y de enorme exigencia social\u00bb.<\/P><P align=\"justify\"><\/P><\/p>\n","protected":false},"excerpt":{"rendered":"<p>El presidente del Colegio Oficial de Enfermer&iacute;a de Santa Cruz de Tenerife, Jos&eacute; &aacute;ngel Rodr&iacute;guez G&oacute;mez, afirm&oacute; ayer jueves 15&#8230;<\/p>\n","protected":false},"author":21,"featured_media":13293,"comment_status":"open","ping_status":"open","sticky":false,"template":"","format":"standard","meta":{"inline_featured_image":false,"footnotes":""},"categories":[346],"tags":[],"acf":[],"yoast_head":"<!-- This site is optimized with the Yoast SEO plugin v21.3 - https:\/\/yoast.com\/wordpress\/plugins\/seo\/ -->\n<title>Rodr\u00edguez: &quot;Hay que cambiar la idea de que la enfermer\u00eda es una profesi\u00f3n subordinada a la de los m\u00e9dicos&quot; - ULL - Noticias<\/title>\n<meta name=\"robots\" content=\"index, follow, max-snippet:-1, max-image-preview:large, max-video-preview:-1\" \/>\n<link rel=\"canonical\" href=\"https:\/\/www.ull.es\/portal\/noticias\/2004\/rodrguez-hay-que-cambiar-la-idea-de-que-la-enfermera-es-una-profesin-subordinada-a-la-de-los-mdicos\/\" \/>\n<meta property=\"og:locale\" content=\"es_ES\" \/>\n<meta property=\"og:type\" content=\"article\" \/>\n<meta property=\"og:title\" content=\"Rodr\u00edguez: &quot;Hay que cambiar la idea de que la enfermer\u00eda es una profesi\u00f3n subordinada a la de los m\u00e9dicos&quot; - ULL - Noticias\" \/>\n<meta property=\"og:description\" content=\"El presidente del Colegio Oficial de Enfermer&iacute;a de Santa Cruz de Tenerife, Jos&eacute; &aacute;ngel Rodr&iacute;guez G&oacute;mez, afirm&oacute; ayer jueves 15...\" \/>\n<meta property=\"og:url\" content=\"https:\/\/www.ull.es\/portal\/noticias\/2004\/rodrguez-hay-que-cambiar-la-idea-de-que-la-enfermera-es-una-profesin-subordinada-a-la-de-los-mdicos\/\" \/>\n<meta property=\"og:site_name\" content=\"ULL - Noticias\" \/>\n<meta property=\"article:publisher\" content=\"https:\/\/www.facebook.com\/universidaddelalaguna\/\" \/>\n<meta property=\"article:published_time\" content=\"2004-04-16T00:00:00+00:00\" \/>\n<meta property=\"og:image\" content=\"https:\/\/www.ull.es\/portal\/noticias\/wp-content\/uploads\/sites\/13\/2015\/07\/251.jpg\" \/>\n\t<meta property=\"og:image:width\" content=\"800\" \/>\n\t<meta property=\"og:image:height\" content=\"534\" \/>\n\t<meta property=\"og:image:type\" content=\"image\/jpeg\" \/>\n<meta name=\"author\" content=\"prensa2\" \/>\n<meta name=\"twitter:card\" content=\"summary_large_image\" \/>\n<meta name=\"twitter:creator\" content=\"@CanalULL\" \/>\n<meta name=\"twitter:site\" content=\"@CanalULL\" \/>\n<meta name=\"twitter:label1\" content=\"Escrito por\" \/>\n\t<meta name=\"twitter:data1\" content=\"prensa2\" \/>\n\t<meta name=\"twitter:label2\" content=\"Tiempo de lectura\" \/>\n\t<meta name=\"twitter:data2\" content=\"2 minutos\" \/>\n<script type=\"application\/ld+json\" class=\"yoast-schema-graph\">{\"@context\":\"https:\/\/schema.org\",\"@graph\":[{\"@type\":\"WebPage\",\"@id\":\"https:\/\/www.ull.es\/portal\/noticias\/2004\/rodrguez-hay-que-cambiar-la-idea-de-que-la-enfermera-es-una-profesin-subordinada-a-la-de-los-mdicos\/\",\"url\":\"https:\/\/www.ull.es\/portal\/noticias\/2004\/rodrguez-hay-que-cambiar-la-idea-de-que-la-enfermera-es-una-profesin-subordinada-a-la-de-los-mdicos\/\",\"name\":\"Rodr\u00edguez: \\\"Hay que cambiar la idea de que la enfermer\u00eda es una profesi\u00f3n subordinada a la de los m\u00e9dicos\\\" - ULL - Noticias\",\"isPartOf\":{\"@id\":\"https:\/\/www.ull.es\/portal\/noticias\/#website\"},\"datePublished\":\"2004-04-16T00:00:00+00:00\",\"dateModified\":\"2004-04-16T00:00:00+00:00\",\"author\":{\"@id\":\"https:\/\/www.ull.es\/portal\/noticias\/#\/schema\/person\/c3b2aa857797592927a03740d6664376\"},\"breadcrumb\":{\"@id\":\"https:\/\/www.ull.es\/portal\/noticias\/2004\/rodrguez-hay-que-cambiar-la-idea-de-que-la-enfermera-es-una-profesin-subordinada-a-la-de-los-mdicos\/#breadcrumb\"},\"inLanguage\":\"es\",\"potentialAction\":[{\"@type\":\"ReadAction\",\"target\":[\"https:\/\/www.ull.es\/portal\/noticias\/2004\/rodrguez-hay-que-cambiar-la-idea-de-que-la-enfermera-es-una-profesin-subordinada-a-la-de-los-mdicos\/\"]}]},{\"@type\":\"BreadcrumbList\",\"@id\":\"https:\/\/www.ull.es\/portal\/noticias\/2004\/rodrguez-hay-que-cambiar-la-idea-de-que-la-enfermera-es-una-profesin-subordinada-a-la-de-los-mdicos\/#breadcrumb\",\"itemListElement\":[{\"@type\":\"ListItem\",\"position\":1,\"name\":\"Portada\",\"item\":\"https:\/\/www.ull.es\/portal\/noticias\/\"},{\"@type\":\"ListItem\",\"position\":2,\"name\":\"Rodr\u00edguez: \u00abHay que cambiar la idea de que la enfermer\u00eda es una profesi\u00f3n subordinada a la de los m\u00e9dicos\u00bb\"}]},{\"@type\":\"WebSite\",\"@id\":\"https:\/\/www.ull.es\/portal\/noticias\/#website\",\"url\":\"https:\/\/www.ull.es\/portal\/noticias\/\",\"name\":\"ULL - Noticias\",\"description\":\"\",\"potentialAction\":[{\"@type\":\"SearchAction\",\"target\":{\"@type\":\"EntryPoint\",\"urlTemplate\":\"https:\/\/www.ull.es\/portal\/noticias\/?s={search_term_string}\"},\"query-input\":\"required name=search_term_string\"}],\"inLanguage\":\"es\"},{\"@type\":\"Person\",\"@id\":\"https:\/\/www.ull.es\/portal\/noticias\/#\/schema\/person\/c3b2aa857797592927a03740d6664376\",\"name\":\"prensa2\",\"image\":{\"@type\":\"ImageObject\",\"inLanguage\":\"es\",\"@id\":\"https:\/\/www.ull.es\/portal\/noticias\/#\/schema\/person\/image\/\",\"url\":\"https:\/\/secure.gravatar.com\/avatar\/b58f310a5de5feb33d1e026d2493f23c?s=96&d=mm&r=g\",\"contentUrl\":\"https:\/\/secure.gravatar.com\/avatar\/b58f310a5de5feb33d1e026d2493f23c?s=96&d=mm&r=g\",\"caption\":\"prensa2\"},\"url\":\"https:\/\/www.ull.es\/portal\/noticias\/author\/prensa2\/\"}]}<\/script>\n<!-- \/ Yoast SEO plugin. -->","yoast_head_json":{"title":"Rodr\u00edguez: \"Hay que cambiar la idea de que la enfermer\u00eda es una profesi\u00f3n subordinada a la de los m\u00e9dicos\" - ULL - Noticias","robots":{"index":"index","follow":"follow","max-snippet":"max-snippet:-1","max-image-preview":"max-image-preview:large","max-video-preview":"max-video-preview:-1"},"canonical":"https:\/\/www.ull.es\/portal\/noticias\/2004\/rodrguez-hay-que-cambiar-la-idea-de-que-la-enfermera-es-una-profesin-subordinada-a-la-de-los-mdicos\/","og_locale":"es_ES","og_type":"article","og_title":"Rodr\u00edguez: \"Hay que cambiar la idea de que la enfermer\u00eda es una profesi\u00f3n subordinada a la de los m\u00e9dicos\" - ULL - Noticias","og_description":"El presidente del Colegio Oficial de Enfermer&iacute;a de Santa Cruz de Tenerife, Jos&eacute; &aacute;ngel Rodr&iacute;guez G&oacute;mez, afirm&oacute; ayer jueves 15...","og_url":"https:\/\/www.ull.es\/portal\/noticias\/2004\/rodrguez-hay-que-cambiar-la-idea-de-que-la-enfermera-es-una-profesin-subordinada-a-la-de-los-mdicos\/","og_site_name":"ULL - Noticias","article_publisher":"https:\/\/www.facebook.com\/universidaddelalaguna\/","article_published_time":"2004-04-16T00:00:00+00:00","og_image":[{"width":800,"height":534,"url":"https:\/\/www.ull.es\/portal\/noticias\/wp-content\/uploads\/sites\/13\/2015\/07\/251.jpg","type":"image\/jpeg"}],"author":"prensa2","twitter_card":"summary_large_image","twitter_creator":"@CanalULL","twitter_site":"@CanalULL","twitter_misc":{"Escrito por":"prensa2","Tiempo de lectura":"2 minutos"},"schema":{"@context":"https:\/\/schema.org","@graph":[{"@type":"WebPage","@id":"https:\/\/www.ull.es\/portal\/noticias\/2004\/rodrguez-hay-que-cambiar-la-idea-de-que-la-enfermera-es-una-profesin-subordinada-a-la-de-los-mdicos\/","url":"https:\/\/www.ull.es\/portal\/noticias\/2004\/rodrguez-hay-que-cambiar-la-idea-de-que-la-enfermera-es-una-profesin-subordinada-a-la-de-los-mdicos\/","name":"Rodr\u00edguez: \"Hay que cambiar la idea de que la enfermer\u00eda es una profesi\u00f3n subordinada a la de los m\u00e9dicos\" - ULL - Noticias","isPartOf":{"@id":"https:\/\/www.ull.es\/portal\/noticias\/#website"},"datePublished":"2004-04-16T00:00:00+00:00","dateModified":"2004-04-16T00:00:00+00:00","author":{"@id":"https:\/\/www.ull.es\/portal\/noticias\/#\/schema\/person\/c3b2aa857797592927a03740d6664376"},"breadcrumb":{"@id":"https:\/\/www.ull.es\/portal\/noticias\/2004\/rodrguez-hay-que-cambiar-la-idea-de-que-la-enfermera-es-una-profesin-subordinada-a-la-de-los-mdicos\/#breadcrumb"},"inLanguage":"es","potentialAction":[{"@type":"ReadAction","target":["https:\/\/www.ull.es\/portal\/noticias\/2004\/rodrguez-hay-que-cambiar-la-idea-de-que-la-enfermera-es-una-profesin-subordinada-a-la-de-los-mdicos\/"]}]},{"@type":"BreadcrumbList","@id":"https:\/\/www.ull.es\/portal\/noticias\/2004\/rodrguez-hay-que-cambiar-la-idea-de-que-la-enfermera-es-una-profesin-subordinada-a-la-de-los-mdicos\/#breadcrumb","itemListElement":[{"@type":"ListItem","position":1,"name":"Portada","item":"https:\/\/www.ull.es\/portal\/noticias\/"},{"@type":"ListItem","position":2,"name":"Rodr\u00edguez: \u00abHay que cambiar la idea de que la enfermer\u00eda es una profesi\u00f3n subordinada a la de los m\u00e9dicos\u00bb"}]},{"@type":"WebSite","@id":"https:\/\/www.ull.es\/portal\/noticias\/#website","url":"https:\/\/www.ull.es\/portal\/noticias\/","name":"ULL - Noticias","description":"","potentialAction":[{"@type":"SearchAction","target":{"@type":"EntryPoint","urlTemplate":"https:\/\/www.ull.es\/portal\/noticias\/?s={search_term_string}"},"query-input":"required name=search_term_string"}],"inLanguage":"es"},{"@type":"Person","@id":"https:\/\/www.ull.es\/portal\/noticias\/#\/schema\/person\/c3b2aa857797592927a03740d6664376","name":"prensa2","image":{"@type":"ImageObject","inLanguage":"es","@id":"https:\/\/www.ull.es\/portal\/noticias\/#\/schema\/person\/image\/","url":"https:\/\/secure.gravatar.com\/avatar\/b58f310a5de5feb33d1e026d2493f23c?s=96&d=mm&r=g","contentUrl":"https:\/\/secure.gravatar.com\/avatar\/b58f310a5de5feb33d1e026d2493f23c?s=96&d=mm&r=g","caption":"prensa2"},"url":"https:\/\/www.ull.es\/portal\/noticias\/author\/prensa2\/"}]}},"primary_category":null,"featured_image_thumbnail_url":"https:\/\/www.ull.es\/portal\/noticias\/wp-content\/uploads\/sites\/13\/2015\/07\/251-300x200.jpg","_links":{"self":[{"href":"https:\/\/www.ull.es\/portal\/noticias\/wp-json\/wp\/v2\/posts\/13292"}],"collection":[{"href":"https:\/\/www.ull.es\/portal\/noticias\/wp-json\/wp\/v2\/posts"}],"about":[{"href":"https:\/\/www.ull.es\/portal\/noticias\/wp-json\/wp\/v2\/types\/post"}],"author":[{"embeddable":true,"href":"https:\/\/www.ull.es\/portal\/noticias\/wp-json\/wp\/v2\/users\/21"}],"replies":[{"embeddable":true,"href":"https:\/\/www.ull.es\/portal\/noticias\/wp-json\/wp\/v2\/comments?post=13292"}],"version-history":[{"count":0,"href":"https:\/\/www.ull.es\/portal\/noticias\/wp-json\/wp\/v2\/posts\/13292\/revisions"}],"wp:featuredmedia":[{"embeddable":true,"href":"https:\/\/www.ull.es\/portal\/noticias\/wp-json\/wp\/v2\/media\/13293"}],"wp:attachment":[{"href":"https:\/\/www.ull.es\/portal\/noticias\/wp-json\/wp\/v2\/media?parent=13292"}],"wp:term":[{"taxonomy":"category","embeddable":true,"href":"https:\/\/www.ull.es\/portal\/noticias\/wp-json\/wp\/v2\/categories?post=13292"},{"taxonomy":"post_tag","embeddable":true,"href":"https:\/\/www.ull.es\/portal\/noticias\/wp-json\/wp\/v2\/tags?post=13292"}],"curies":[{"name":"wp","href":"https:\/\/api.w.org\/{rel}","templated":true}]}}