{"id":13295,"date":"2004-04-22T00:00:00","date_gmt":"2004-04-22T00:00:00","guid":{"rendered":"http:\/\/ddigital.webs.ull.es\/jos-iglesias-promotor-en-espaa-del-concepto-de-renta-bsica-participa-en-un-curso-de-la-ull\/"},"modified":"2004-04-22T00:00:00","modified_gmt":"2004-04-22T00:00:00","slug":"jos-iglesias-promotor-en-espaa-del-concepto-de-renta-bsica-participa-en-un-curso-de-la-ull","status":"publish","type":"post","link":"https:\/\/www.ull.es\/portal\/noticias\/2004\/jos-iglesias-promotor-en-espaa-del-concepto-de-renta-bsica-participa-en-un-curso-de-la-ull\/","title":{"rendered":"Jos\u00e9 Iglesias, promotor en Espa\u00f1a del concepto de Renta B\u00e1sica, participa en un curso de la ULL"},"content":{"rendered":"<p>El economista Jos&eacute; Iglesias Fern&aacute;ndez participar&aacute; ma&ntilde;ana, viernes 23 de abril, en las jornadas sobre Renta B&aacute;sica (RB) que se celebran entre el 22 y el 24 del mismo mes en el Centro Superior de Ciencias Pol&iacute;ticas y Sociales de la Universidad de La Laguna. Iglesias es licenciado en Ciencias Econ&oacute;micas por el Middlesex Polythecnic (Londres) y diplomado en Ciencias Sociales por el Ruskin College (Universidad de Oxford) y en Relaciones Industriales por la London School of Economics, y ha sido el promotor y m&aacute;ximo defensor en Espa&ntilde;a de este concepto econ&oacute;mico de cariz socialista.<\/p>\n<p><P>La Renta B&aacute;sica es definida como el derecho que tiene cada ciudadano a recibir unos ingresos peri&oacute;dicos que aseguren la cobertura de sus necesidades materiales b&aacute;sicas, independientemente de cual sea su situaci&oacute;n dentro de la esfera productiva. El mero hecho de nacer otorga el derecho ciudadano a la RB, la cual ser&aacute; igual a la considerada como umbral de pobreza. Quien lo deseara podr&iacute;a ejercer un trabajo remunerado, pero al existir la RB, no lo har&iacute;a por obligaci&oacute;n o necesidad, y por tanto, no estar&iacute;a sometido a la presi&oacute;n del mercado laboral. Por tanto, la RB ser&iacute;a incondicional, pues no tiene en cuenta otra clase de ingresos del beneficiario ni se le reclama ninguna contraprestaci&oacute;n laboral a cambio, al contrario de lo que sucede en los actuales sistemas tributarios.<\/P><P>Las jornadas programadas en la Universidad de La Laguna se han dividido en dos niveles que se desarrollar&aacute;n simult&aacute;neamente: uno b&aacute;sico o de iniciaci&oacute;n a la renta b&aacute;sica, y otros m&aacute;s especializado, pera profundizar en el concepto. En ambos seminarios se propone analizar cr&iacute;ticamente el sistema de bienestar social, distinguir las consecuencias de la globalizaci&oacute;n capitalista, y proponer alternativas posibles, as&iacute; como demostrar la viabilidad de la RB.<\/P><P>Adem&aacute;s de Iglesias, participan como ponentes Manuel S&aacute;ez Bayona, Ruth L&oacute;pez Herrero y Natalia Ruiz Navas, pertenecientes a Baladre, una iniciativa de coordinaci&oacute;n estatal de luchas contra el paro, la pobreza y la exclusi&oacute;n social que opera en M&aacute;laga. Su actividad se ha centrado en la actuaci&oacute;n en el barrio de Palma-Palmilla de la localidad andaluza, en el cual conviven colectivos en situaciones de marginaci&oacute;n de diversa &iacute;ndole.<\/P><P>El seminario de iniciaci&oacute;n abarcar&aacute; cuestiones como las instituciones econ&oacute;micas internacionales y el concepto, desarrollo y posibilidades reales de aplicaci&oacute;n de la RB. Por su parte, el programa de profundizaci&oacute;n se centrar&aacute; en aspectos econ&oacute;micos de la Uni&oacute;n Europea, los diferentes modelos existentes de RB y el an&aacute;lisis de casos concretos en Catalu&ntilde;a, Andaluc&iacute;a y Extremadura.<BR><\/P><\/p>\n","protected":false},"excerpt":{"rendered":"<p>El economista Jos&eacute; Iglesias Fern&aacute;ndez participar&aacute; ma&ntilde;ana, viernes 23 de abril, en las jornadas sobre Renta B&aacute;sica (RB) que se&#8230;<\/p>\n","protected":false},"author":21,"featured_media":0,"comment_status":"open","ping_status":"open","sticky":false,"template":"","format":"standard","meta":{"inline_featured_image":false,"footnotes":""},"categories":[346],"tags":[],"acf":[],"yoast_head":"<!-- This site is optimized with the Yoast SEO plugin v21.3 - https:\/\/yoast.com\/wordpress\/plugins\/seo\/ -->\n<title>Jos\u00e9 Iglesias, promotor en Espa\u00f1a del concepto de Renta B\u00e1sica, participa en un curso de la ULL - ULL - Noticias<\/title>\n<meta name=\"robots\" content=\"index, follow, max-snippet:-1, max-image-preview:large, max-video-preview:-1\" \/>\n<link rel=\"canonical\" href=\"https:\/\/www.ull.es\/portal\/noticias\/2004\/jos-iglesias-promotor-en-espaa-del-concepto-de-renta-bsica-participa-en-un-curso-de-la-ull\/\" \/>\n<meta property=\"og:locale\" content=\"es_ES\" \/>\n<meta property=\"og:type\" content=\"article\" \/>\n<meta property=\"og:title\" content=\"Jos\u00e9 Iglesias, promotor en Espa\u00f1a del concepto de Renta B\u00e1sica, participa en un curso de la ULL - ULL - Noticias\" \/>\n<meta property=\"og:description\" content=\"El economista Jos&eacute; Iglesias Fern&aacute;ndez participar&aacute; ma&ntilde;ana, viernes 23 de abril, en las jornadas sobre Renta B&aacute;sica (RB) que se...\" \/>\n<meta property=\"og:url\" content=\"https:\/\/www.ull.es\/portal\/noticias\/2004\/jos-iglesias-promotor-en-espaa-del-concepto-de-renta-bsica-participa-en-un-curso-de-la-ull\/\" \/>\n<meta property=\"og:site_name\" content=\"ULL - Noticias\" \/>\n<meta property=\"article:publisher\" content=\"https:\/\/www.facebook.com\/universidaddelalaguna\/\" \/>\n<meta property=\"article:published_time\" content=\"2004-04-22T00:00:00+00:00\" \/>\n<meta property=\"og:image\" content=\"https:\/\/www.ull.es\/portal\/noticias\/wp-content\/uploads\/sites\/13\/2023\/06\/logo-redimensionado.png\" \/>\n\t<meta property=\"og:image:width\" content=\"1200\" \/>\n\t<meta property=\"og:image:height\" content=\"630\" \/>\n\t<meta property=\"og:image:type\" content=\"image\/png\" \/>\n<meta name=\"author\" content=\"prensa2\" \/>\n<meta name=\"twitter:card\" content=\"summary_large_image\" \/>\n<meta name=\"twitter:creator\" content=\"@CanalULL\" \/>\n<meta name=\"twitter:site\" content=\"@CanalULL\" \/>\n<meta name=\"twitter:label1\" content=\"Escrito por\" \/>\n\t<meta name=\"twitter:data1\" content=\"prensa2\" \/>\n\t<meta name=\"twitter:label2\" content=\"Tiempo de lectura\" \/>\n\t<meta name=\"twitter:data2\" content=\"3 minutos\" \/>\n<script type=\"application\/ld+json\" class=\"yoast-schema-graph\">{\"@context\":\"https:\/\/schema.org\",\"@graph\":[{\"@type\":\"WebPage\",\"@id\":\"https:\/\/www.ull.es\/portal\/noticias\/2004\/jos-iglesias-promotor-en-espaa-del-concepto-de-renta-bsica-participa-en-un-curso-de-la-ull\/\",\"url\":\"https:\/\/www.ull.es\/portal\/noticias\/2004\/jos-iglesias-promotor-en-espaa-del-concepto-de-renta-bsica-participa-en-un-curso-de-la-ull\/\",\"name\":\"Jos\u00e9 Iglesias, promotor en Espa\u00f1a del concepto de Renta B\u00e1sica, participa en un curso de la ULL - ULL - Noticias\",\"isPartOf\":{\"@id\":\"https:\/\/www.ull.es\/portal\/noticias\/#website\"},\"datePublished\":\"2004-04-22T00:00:00+00:00\",\"dateModified\":\"2004-04-22T00:00:00+00:00\",\"author\":{\"@id\":\"https:\/\/www.ull.es\/portal\/noticias\/#\/schema\/person\/c3b2aa857797592927a03740d6664376\"},\"breadcrumb\":{\"@id\":\"https:\/\/www.ull.es\/portal\/noticias\/2004\/jos-iglesias-promotor-en-espaa-del-concepto-de-renta-bsica-participa-en-un-curso-de-la-ull\/#breadcrumb\"},\"inLanguage\":\"es\",\"potentialAction\":[{\"@type\":\"ReadAction\",\"target\":[\"https:\/\/www.ull.es\/portal\/noticias\/2004\/jos-iglesias-promotor-en-espaa-del-concepto-de-renta-bsica-participa-en-un-curso-de-la-ull\/\"]}]},{\"@type\":\"BreadcrumbList\",\"@id\":\"https:\/\/www.ull.es\/portal\/noticias\/2004\/jos-iglesias-promotor-en-espaa-del-concepto-de-renta-bsica-participa-en-un-curso-de-la-ull\/#breadcrumb\",\"itemListElement\":[{\"@type\":\"ListItem\",\"position\":1,\"name\":\"Portada\",\"item\":\"https:\/\/www.ull.es\/portal\/noticias\/\"},{\"@type\":\"ListItem\",\"position\":2,\"name\":\"Jos\u00e9 Iglesias, promotor en Espa\u00f1a del concepto de Renta B\u00e1sica, participa en un curso de la ULL\"}]},{\"@type\":\"WebSite\",\"@id\":\"https:\/\/www.ull.es\/portal\/noticias\/#website\",\"url\":\"https:\/\/www.ull.es\/portal\/noticias\/\",\"name\":\"ULL - Noticias\",\"description\":\"\",\"potentialAction\":[{\"@type\":\"SearchAction\",\"target\":{\"@type\":\"EntryPoint\",\"urlTemplate\":\"https:\/\/www.ull.es\/portal\/noticias\/?s={search_term_string}\"},\"query-input\":\"required name=search_term_string\"}],\"inLanguage\":\"es\"},{\"@type\":\"Person\",\"@id\":\"https:\/\/www.ull.es\/portal\/noticias\/#\/schema\/person\/c3b2aa857797592927a03740d6664376\",\"name\":\"prensa2\",\"image\":{\"@type\":\"ImageObject\",\"inLanguage\":\"es\",\"@id\":\"https:\/\/www.ull.es\/portal\/noticias\/#\/schema\/person\/image\/\",\"url\":\"https:\/\/secure.gravatar.com\/avatar\/b58f310a5de5feb33d1e026d2493f23c?s=96&d=mm&r=g\",\"contentUrl\":\"https:\/\/secure.gravatar.com\/avatar\/b58f310a5de5feb33d1e026d2493f23c?s=96&d=mm&r=g\",\"caption\":\"prensa2\"},\"url\":\"https:\/\/www.ull.es\/portal\/noticias\/author\/prensa2\/\"}]}<\/script>\n<!-- \/ Yoast SEO plugin. -->","yoast_head_json":{"title":"Jos\u00e9 Iglesias, promotor en Espa\u00f1a del concepto de Renta B\u00e1sica, participa en un curso de la ULL - ULL - Noticias","robots":{"index":"index","follow":"follow","max-snippet":"max-snippet:-1","max-image-preview":"max-image-preview:large","max-video-preview":"max-video-preview:-1"},"canonical":"https:\/\/www.ull.es\/portal\/noticias\/2004\/jos-iglesias-promotor-en-espaa-del-concepto-de-renta-bsica-participa-en-un-curso-de-la-ull\/","og_locale":"es_ES","og_type":"article","og_title":"Jos\u00e9 Iglesias, promotor en Espa\u00f1a del concepto de Renta B\u00e1sica, participa en un curso de la ULL - ULL - Noticias","og_description":"El economista Jos&eacute; Iglesias Fern&aacute;ndez participar&aacute; ma&ntilde;ana, viernes 23 de abril, en las jornadas sobre Renta B&aacute;sica (RB) que se...","og_url":"https:\/\/www.ull.es\/portal\/noticias\/2004\/jos-iglesias-promotor-en-espaa-del-concepto-de-renta-bsica-participa-en-un-curso-de-la-ull\/","og_site_name":"ULL - Noticias","article_publisher":"https:\/\/www.facebook.com\/universidaddelalaguna\/","article_published_time":"2004-04-22T00:00:00+00:00","og_image":[{"width":1200,"height":630,"url":"https:\/\/www.ull.es\/portal\/noticias\/wp-content\/uploads\/sites\/13\/2023\/06\/logo-redimensionado.png","type":"image\/png"}],"author":"prensa2","twitter_card":"summary_large_image","twitter_creator":"@CanalULL","twitter_site":"@CanalULL","twitter_misc":{"Escrito por":"prensa2","Tiempo de lectura":"3 minutos"},"schema":{"@context":"https:\/\/schema.org","@graph":[{"@type":"WebPage","@id":"https:\/\/www.ull.es\/portal\/noticias\/2004\/jos-iglesias-promotor-en-espaa-del-concepto-de-renta-bsica-participa-en-un-curso-de-la-ull\/","url":"https:\/\/www.ull.es\/portal\/noticias\/2004\/jos-iglesias-promotor-en-espaa-del-concepto-de-renta-bsica-participa-en-un-curso-de-la-ull\/","name":"Jos\u00e9 Iglesias, promotor en Espa\u00f1a del concepto de Renta B\u00e1sica, participa en un curso de la ULL - ULL - Noticias","isPartOf":{"@id":"https:\/\/www.ull.es\/portal\/noticias\/#website"},"datePublished":"2004-04-22T00:00:00+00:00","dateModified":"2004-04-22T00:00:00+00:00","author":{"@id":"https:\/\/www.ull.es\/portal\/noticias\/#\/schema\/person\/c3b2aa857797592927a03740d6664376"},"breadcrumb":{"@id":"https:\/\/www.ull.es\/portal\/noticias\/2004\/jos-iglesias-promotor-en-espaa-del-concepto-de-renta-bsica-participa-en-un-curso-de-la-ull\/#breadcrumb"},"inLanguage":"es","potentialAction":[{"@type":"ReadAction","target":["https:\/\/www.ull.es\/portal\/noticias\/2004\/jos-iglesias-promotor-en-espaa-del-concepto-de-renta-bsica-participa-en-un-curso-de-la-ull\/"]}]},{"@type":"BreadcrumbList","@id":"https:\/\/www.ull.es\/portal\/noticias\/2004\/jos-iglesias-promotor-en-espaa-del-concepto-de-renta-bsica-participa-en-un-curso-de-la-ull\/#breadcrumb","itemListElement":[{"@type":"ListItem","position":1,"name":"Portada","item":"https:\/\/www.ull.es\/portal\/noticias\/"},{"@type":"ListItem","position":2,"name":"Jos\u00e9 Iglesias, promotor en Espa\u00f1a del concepto de Renta B\u00e1sica, participa en un curso de la ULL"}]},{"@type":"WebSite","@id":"https:\/\/www.ull.es\/portal\/noticias\/#website","url":"https:\/\/www.ull.es\/portal\/noticias\/","name":"ULL - Noticias","description":"","potentialAction":[{"@type":"SearchAction","target":{"@type":"EntryPoint","urlTemplate":"https:\/\/www.ull.es\/portal\/noticias\/?s={search_term_string}"},"query-input":"required name=search_term_string"}],"inLanguage":"es"},{"@type":"Person","@id":"https:\/\/www.ull.es\/portal\/noticias\/#\/schema\/person\/c3b2aa857797592927a03740d6664376","name":"prensa2","image":{"@type":"ImageObject","inLanguage":"es","@id":"https:\/\/www.ull.es\/portal\/noticias\/#\/schema\/person\/image\/","url":"https:\/\/secure.gravatar.com\/avatar\/b58f310a5de5feb33d1e026d2493f23c?s=96&d=mm&r=g","contentUrl":"https:\/\/secure.gravatar.com\/avatar\/b58f310a5de5feb33d1e026d2493f23c?s=96&d=mm&r=g","caption":"prensa2"},"url":"https:\/\/www.ull.es\/portal\/noticias\/author\/prensa2\/"}]}},"primary_category":null,"featured_image_thumbnail_url":null,"_links":{"self":[{"href":"https:\/\/www.ull.es\/portal\/noticias\/wp-json\/wp\/v2\/posts\/13295"}],"collection":[{"href":"https:\/\/www.ull.es\/portal\/noticias\/wp-json\/wp\/v2\/posts"}],"about":[{"href":"https:\/\/www.ull.es\/portal\/noticias\/wp-json\/wp\/v2\/types\/post"}],"author":[{"embeddable":true,"href":"https:\/\/www.ull.es\/portal\/noticias\/wp-json\/wp\/v2\/users\/21"}],"replies":[{"embeddable":true,"href":"https:\/\/www.ull.es\/portal\/noticias\/wp-json\/wp\/v2\/comments?post=13295"}],"version-history":[{"count":0,"href":"https:\/\/www.ull.es\/portal\/noticias\/wp-json\/wp\/v2\/posts\/13295\/revisions"}],"wp:attachment":[{"href":"https:\/\/www.ull.es\/portal\/noticias\/wp-json\/wp\/v2\/media?parent=13295"}],"wp:term":[{"taxonomy":"category","embeddable":true,"href":"https:\/\/www.ull.es\/portal\/noticias\/wp-json\/wp\/v2\/categories?post=13295"},{"taxonomy":"post_tag","embeddable":true,"href":"https:\/\/www.ull.es\/portal\/noticias\/wp-json\/wp\/v2\/tags?post=13295"}],"curies":[{"name":"wp","href":"https:\/\/api.w.org\/{rel}","templated":true}]}}