{"id":13316,"date":"2004-06-24T00:00:00","date_gmt":"2004-06-24T00:00:00","guid":{"rendered":"http:\/\/ddigital.webs.ull.es\/la-ull-y-el-istac-organizan-un-seminario-sobre-la-elaboracin-de-estadsticas-en-reas-pequeas\/"},"modified":"2004-06-24T00:00:00","modified_gmt":"2004-06-24T00:00:00","slug":"la-ull-y-el-istac-organizan-un-seminario-sobre-la-elaboracin-de-estadsticas-en-reas-pequeas","status":"publish","type":"post","link":"https:\/\/www.ull.es\/portal\/noticias\/2004\/la-ull-y-el-istac-organizan-un-seminario-sobre-la-elaboracin-de-estadsticas-en-reas-pequeas\/","title":{"rendered":"La ULL y el ISTAC organizan un seminario sobre la elaboraci\u00f3n de estad\u00edsticas en \u00e1reas peque\u00f1as"},"content":{"rendered":"<p>La Facultad de Matem&aacute;ticas de la Universidad de La Laguna acoge los d&iacute;as 28 y 29 de junio de 2004 el <EM>Seminario sobre el desarrollo y aplicaci&oacute;n de estimadores estad&iacute;sticos para &aacute;reas peque&ntilde;as<\/EM>, organizado por el Instituto Canario de Estad&iacute;stica (ISTAC) y el Departamento de Estad&iacute;stica, Investigaci&oacute;n Operativa y Computaci&oacute;n de la instituci&oacute;n acad&eacute;mica.<\/p>\n<p><P>Sergio Alonso, docente del departamento y coordinador del encuentro, indica que los estimadores estad&iacute;sticos para &aacute;reas peque&ntilde;as son herramientas que facilitan el estudio de entidades territoriales menores que el estado o la provincia, como puede ser la comarca. Realizar an&aacute;lisis de esas &aacute;reas puede resultar muy caro, dado que es necesario hacer una gran cantidad de encuestas. Con los estimadores estudiados, se puede acometer este tipo de trabajos a un coste moderado.<BR><BR>Como ponentes participar&aacute;n Domingo Morales Gonz&aacute;lez, catedr&aacute;tico de Estad&iacute;stica e Investigaci&oacute;n Operativa de la Universidad Miguel Hern&aacute;ndez de Elche, y Jorge Saralegui Gil, del Instituto Nacional de Estad&iacute;stica (INE). Ambos han participado en el proyecto europeo EURAREA (Enhancing Small Area Estimation Techniques to Meet European Needs), que pretende desarrollar estimadores estandarizados de esta clase, que sean comunes en todos los estados participantes.<BR><BR>El Seminario se estructura en base a dos aspectos complementarios: la investigaci&oacute;n y la aplicaci&oacute;n en la estad&iacute;stica p&uacute;blica. Se estructura en torno a conferencias y reuniones de trabajo. En la direcci&oacute;n web <a href=\"http:\/\/www.fmat.ull.es\/~eap\" target=\"_blank\" rel=\"noopener\">www.fmat.ull.es\/~eap<\/A> se ha dispuesto el horario del encuentro y la documentaci&oacute;n del seminario. El encuentro es de entrada libre, aunque al ser su contenido altamente especializado, est&aacute; especialmente orientado a profesionales e investigadores familiarizados con las herramientas estad&iacute;sticas. Los interesados podr&aacute;n inscribirse enviando un correo electr&oacute;nico ala direcci&oacute;n <a href=\"mailto:eap@fmat.ull.es\" target=\"_blank\" rel=\"noopener\">eap@fmat.ull.es<\/A>.<\/P><\/p>\n","protected":false},"excerpt":{"rendered":"<p>La Facultad de Matem&aacute;ticas de la Universidad de La Laguna acoge los d&iacute;as 28 y 29 de junio de 2004&#8230;<\/p>\n","protected":false},"author":21,"featured_media":0,"comment_status":"open","ping_status":"open","sticky":false,"template":"","format":"standard","meta":{"inline_featured_image":false,"footnotes":""},"categories":[346],"tags":[],"acf":[],"yoast_head":"<!-- This site is optimized with the Yoast SEO plugin v21.3 - https:\/\/yoast.com\/wordpress\/plugins\/seo\/ -->\n<title>La ULL y el ISTAC organizan un seminario sobre la elaboraci\u00f3n de estad\u00edsticas en \u00e1reas peque\u00f1as - ULL - Noticias<\/title>\n<meta name=\"robots\" content=\"index, follow, max-snippet:-1, max-image-preview:large, max-video-preview:-1\" \/>\n<link rel=\"canonical\" href=\"https:\/\/www.ull.es\/portal\/noticias\/2004\/la-ull-y-el-istac-organizan-un-seminario-sobre-la-elaboracin-de-estadsticas-en-reas-pequeas\/\" \/>\n<meta property=\"og:locale\" content=\"es_ES\" \/>\n<meta property=\"og:type\" content=\"article\" \/>\n<meta property=\"og:title\" content=\"La ULL y el ISTAC organizan un seminario sobre la elaboraci\u00f3n de estad\u00edsticas en \u00e1reas peque\u00f1as - ULL - Noticias\" \/>\n<meta property=\"og:description\" content=\"La Facultad de Matem&aacute;ticas de la Universidad de La Laguna acoge los d&iacute;as 28 y 29 de junio de 2004...\" \/>\n<meta property=\"og:url\" content=\"https:\/\/www.ull.es\/portal\/noticias\/2004\/la-ull-y-el-istac-organizan-un-seminario-sobre-la-elaboracin-de-estadsticas-en-reas-pequeas\/\" \/>\n<meta property=\"og:site_name\" content=\"ULL - Noticias\" \/>\n<meta property=\"article:publisher\" content=\"https:\/\/www.facebook.com\/universidaddelalaguna\/\" \/>\n<meta property=\"article:published_time\" content=\"2004-06-24T00:00:00+00:00\" \/>\n<meta property=\"og:image\" content=\"https:\/\/www.ull.es\/portal\/noticias\/wp-content\/uploads\/sites\/13\/2023\/06\/logo-redimensionado.png\" \/>\n\t<meta property=\"og:image:width\" content=\"1200\" \/>\n\t<meta property=\"og:image:height\" content=\"630\" \/>\n\t<meta property=\"og:image:type\" content=\"image\/png\" \/>\n<meta name=\"author\" content=\"prensa2\" \/>\n<meta name=\"twitter:card\" content=\"summary_large_image\" \/>\n<meta name=\"twitter:creator\" content=\"@CanalULL\" \/>\n<meta name=\"twitter:site\" content=\"@CanalULL\" \/>\n<meta name=\"twitter:label1\" content=\"Escrito por\" \/>\n\t<meta name=\"twitter:data1\" content=\"prensa2\" \/>\n\t<meta name=\"twitter:label2\" content=\"Tiempo de lectura\" \/>\n\t<meta name=\"twitter:data2\" content=\"2 minutos\" \/>\n<script type=\"application\/ld+json\" class=\"yoast-schema-graph\">{\"@context\":\"https:\/\/schema.org\",\"@graph\":[{\"@type\":\"WebPage\",\"@id\":\"https:\/\/www.ull.es\/portal\/noticias\/2004\/la-ull-y-el-istac-organizan-un-seminario-sobre-la-elaboracin-de-estadsticas-en-reas-pequeas\/\",\"url\":\"https:\/\/www.ull.es\/portal\/noticias\/2004\/la-ull-y-el-istac-organizan-un-seminario-sobre-la-elaboracin-de-estadsticas-en-reas-pequeas\/\",\"name\":\"La ULL y el ISTAC organizan un seminario sobre la elaboraci\u00f3n de estad\u00edsticas en \u00e1reas peque\u00f1as - ULL - Noticias\",\"isPartOf\":{\"@id\":\"https:\/\/www.ull.es\/portal\/noticias\/#website\"},\"datePublished\":\"2004-06-24T00:00:00+00:00\",\"dateModified\":\"2004-06-24T00:00:00+00:00\",\"author\":{\"@id\":\"https:\/\/www.ull.es\/portal\/noticias\/#\/schema\/person\/c3b2aa857797592927a03740d6664376\"},\"breadcrumb\":{\"@id\":\"https:\/\/www.ull.es\/portal\/noticias\/2004\/la-ull-y-el-istac-organizan-un-seminario-sobre-la-elaboracin-de-estadsticas-en-reas-pequeas\/#breadcrumb\"},\"inLanguage\":\"es\",\"potentialAction\":[{\"@type\":\"ReadAction\",\"target\":[\"https:\/\/www.ull.es\/portal\/noticias\/2004\/la-ull-y-el-istac-organizan-un-seminario-sobre-la-elaboracin-de-estadsticas-en-reas-pequeas\/\"]}]},{\"@type\":\"BreadcrumbList\",\"@id\":\"https:\/\/www.ull.es\/portal\/noticias\/2004\/la-ull-y-el-istac-organizan-un-seminario-sobre-la-elaboracin-de-estadsticas-en-reas-pequeas\/#breadcrumb\",\"itemListElement\":[{\"@type\":\"ListItem\",\"position\":1,\"name\":\"Portada\",\"item\":\"https:\/\/www.ull.es\/portal\/noticias\/\"},{\"@type\":\"ListItem\",\"position\":2,\"name\":\"La ULL y el ISTAC organizan un seminario sobre la elaboraci\u00f3n de estad\u00edsticas en \u00e1reas peque\u00f1as\"}]},{\"@type\":\"WebSite\",\"@id\":\"https:\/\/www.ull.es\/portal\/noticias\/#website\",\"url\":\"https:\/\/www.ull.es\/portal\/noticias\/\",\"name\":\"ULL - Noticias\",\"description\":\"\",\"potentialAction\":[{\"@type\":\"SearchAction\",\"target\":{\"@type\":\"EntryPoint\",\"urlTemplate\":\"https:\/\/www.ull.es\/portal\/noticias\/?s={search_term_string}\"},\"query-input\":\"required name=search_term_string\"}],\"inLanguage\":\"es\"},{\"@type\":\"Person\",\"@id\":\"https:\/\/www.ull.es\/portal\/noticias\/#\/schema\/person\/c3b2aa857797592927a03740d6664376\",\"name\":\"prensa2\",\"image\":{\"@type\":\"ImageObject\",\"inLanguage\":\"es\",\"@id\":\"https:\/\/www.ull.es\/portal\/noticias\/#\/schema\/person\/image\/\",\"url\":\"https:\/\/secure.gravatar.com\/avatar\/b58f310a5de5feb33d1e026d2493f23c?s=96&d=mm&r=g\",\"contentUrl\":\"https:\/\/secure.gravatar.com\/avatar\/b58f310a5de5feb33d1e026d2493f23c?s=96&d=mm&r=g\",\"caption\":\"prensa2\"},\"url\":\"https:\/\/www.ull.es\/portal\/noticias\/author\/prensa2\/\"}]}<\/script>\n<!-- \/ Yoast SEO plugin. -->","yoast_head_json":{"title":"La ULL y el ISTAC organizan un seminario sobre la elaboraci\u00f3n de estad\u00edsticas en \u00e1reas peque\u00f1as - ULL - Noticias","robots":{"index":"index","follow":"follow","max-snippet":"max-snippet:-1","max-image-preview":"max-image-preview:large","max-video-preview":"max-video-preview:-1"},"canonical":"https:\/\/www.ull.es\/portal\/noticias\/2004\/la-ull-y-el-istac-organizan-un-seminario-sobre-la-elaboracin-de-estadsticas-en-reas-pequeas\/","og_locale":"es_ES","og_type":"article","og_title":"La ULL y el ISTAC organizan un seminario sobre la elaboraci\u00f3n de estad\u00edsticas en \u00e1reas peque\u00f1as - ULL - Noticias","og_description":"La Facultad de Matem&aacute;ticas de la Universidad de La Laguna acoge los d&iacute;as 28 y 29 de junio de 2004...","og_url":"https:\/\/www.ull.es\/portal\/noticias\/2004\/la-ull-y-el-istac-organizan-un-seminario-sobre-la-elaboracin-de-estadsticas-en-reas-pequeas\/","og_site_name":"ULL - Noticias","article_publisher":"https:\/\/www.facebook.com\/universidaddelalaguna\/","article_published_time":"2004-06-24T00:00:00+00:00","og_image":[{"width":1200,"height":630,"url":"https:\/\/www.ull.es\/portal\/noticias\/wp-content\/uploads\/sites\/13\/2023\/06\/logo-redimensionado.png","type":"image\/png"}],"author":"prensa2","twitter_card":"summary_large_image","twitter_creator":"@CanalULL","twitter_site":"@CanalULL","twitter_misc":{"Escrito por":"prensa2","Tiempo de lectura":"2 minutos"},"schema":{"@context":"https:\/\/schema.org","@graph":[{"@type":"WebPage","@id":"https:\/\/www.ull.es\/portal\/noticias\/2004\/la-ull-y-el-istac-organizan-un-seminario-sobre-la-elaboracin-de-estadsticas-en-reas-pequeas\/","url":"https:\/\/www.ull.es\/portal\/noticias\/2004\/la-ull-y-el-istac-organizan-un-seminario-sobre-la-elaboracin-de-estadsticas-en-reas-pequeas\/","name":"La ULL y el ISTAC organizan un seminario sobre la elaboraci\u00f3n de estad\u00edsticas en \u00e1reas peque\u00f1as - ULL - Noticias","isPartOf":{"@id":"https:\/\/www.ull.es\/portal\/noticias\/#website"},"datePublished":"2004-06-24T00:00:00+00:00","dateModified":"2004-06-24T00:00:00+00:00","author":{"@id":"https:\/\/www.ull.es\/portal\/noticias\/#\/schema\/person\/c3b2aa857797592927a03740d6664376"},"breadcrumb":{"@id":"https:\/\/www.ull.es\/portal\/noticias\/2004\/la-ull-y-el-istac-organizan-un-seminario-sobre-la-elaboracin-de-estadsticas-en-reas-pequeas\/#breadcrumb"},"inLanguage":"es","potentialAction":[{"@type":"ReadAction","target":["https:\/\/www.ull.es\/portal\/noticias\/2004\/la-ull-y-el-istac-organizan-un-seminario-sobre-la-elaboracin-de-estadsticas-en-reas-pequeas\/"]}]},{"@type":"BreadcrumbList","@id":"https:\/\/www.ull.es\/portal\/noticias\/2004\/la-ull-y-el-istac-organizan-un-seminario-sobre-la-elaboracin-de-estadsticas-en-reas-pequeas\/#breadcrumb","itemListElement":[{"@type":"ListItem","position":1,"name":"Portada","item":"https:\/\/www.ull.es\/portal\/noticias\/"},{"@type":"ListItem","position":2,"name":"La ULL y el ISTAC organizan un seminario sobre la elaboraci\u00f3n de estad\u00edsticas en \u00e1reas peque\u00f1as"}]},{"@type":"WebSite","@id":"https:\/\/www.ull.es\/portal\/noticias\/#website","url":"https:\/\/www.ull.es\/portal\/noticias\/","name":"ULL - Noticias","description":"","potentialAction":[{"@type":"SearchAction","target":{"@type":"EntryPoint","urlTemplate":"https:\/\/www.ull.es\/portal\/noticias\/?s={search_term_string}"},"query-input":"required name=search_term_string"}],"inLanguage":"es"},{"@type":"Person","@id":"https:\/\/www.ull.es\/portal\/noticias\/#\/schema\/person\/c3b2aa857797592927a03740d6664376","name":"prensa2","image":{"@type":"ImageObject","inLanguage":"es","@id":"https:\/\/www.ull.es\/portal\/noticias\/#\/schema\/person\/image\/","url":"https:\/\/secure.gravatar.com\/avatar\/b58f310a5de5feb33d1e026d2493f23c?s=96&d=mm&r=g","contentUrl":"https:\/\/secure.gravatar.com\/avatar\/b58f310a5de5feb33d1e026d2493f23c?s=96&d=mm&r=g","caption":"prensa2"},"url":"https:\/\/www.ull.es\/portal\/noticias\/author\/prensa2\/"}]}},"primary_category":null,"featured_image_thumbnail_url":null,"_links":{"self":[{"href":"https:\/\/www.ull.es\/portal\/noticias\/wp-json\/wp\/v2\/posts\/13316"}],"collection":[{"href":"https:\/\/www.ull.es\/portal\/noticias\/wp-json\/wp\/v2\/posts"}],"about":[{"href":"https:\/\/www.ull.es\/portal\/noticias\/wp-json\/wp\/v2\/types\/post"}],"author":[{"embeddable":true,"href":"https:\/\/www.ull.es\/portal\/noticias\/wp-json\/wp\/v2\/users\/21"}],"replies":[{"embeddable":true,"href":"https:\/\/www.ull.es\/portal\/noticias\/wp-json\/wp\/v2\/comments?post=13316"}],"version-history":[{"count":0,"href":"https:\/\/www.ull.es\/portal\/noticias\/wp-json\/wp\/v2\/posts\/13316\/revisions"}],"wp:attachment":[{"href":"https:\/\/www.ull.es\/portal\/noticias\/wp-json\/wp\/v2\/media?parent=13316"}],"wp:term":[{"taxonomy":"category","embeddable":true,"href":"https:\/\/www.ull.es\/portal\/noticias\/wp-json\/wp\/v2\/categories?post=13316"},{"taxonomy":"post_tag","embeddable":true,"href":"https:\/\/www.ull.es\/portal\/noticias\/wp-json\/wp\/v2\/tags?post=13316"}],"curies":[{"name":"wp","href":"https:\/\/api.w.org\/{rel}","templated":true}]}}