{"id":13321,"date":"2004-09-13T00:00:00","date_gmt":"2004-09-13T00:00:00","guid":{"rendered":"http:\/\/ddigital.webs.ull.es\/la-universidad-y-la-fundacin-alhndiga-impulsan-un-mster-en-viticultura-y-enologa\/"},"modified":"2004-09-13T00:00:00","modified_gmt":"2004-09-13T00:00:00","slug":"la-universidad-y-la-fundacin-alhndiga-impulsan-un-mster-en-viticultura-y-enologa","status":"publish","type":"post","link":"https:\/\/www.ull.es\/portal\/noticias\/2004\/la-universidad-y-la-fundacin-alhndiga-impulsan-un-mster-en-viticultura-y-enologa\/","title":{"rendered":"La universidad y la Fundaci\u00f3n Alh\u00f3ndiga impulsan un M\u00e1ster en Viticultura y Enolog\u00eda"},"content":{"rendered":"<p>El rector de la Universidad de La Laguna, &aacute;ngel M. Guti&eacute;rrez, y el alcalde del Ayuntamiento de Tacoronte, Herm&oacute;genes P&eacute;rez, firmaron hoy lunes 13 de septiembre un convenio de colaboraci&oacute;n para poner en marcha, a trav&eacute;s de la Fundaci&oacute;n Alh&oacute;ndiga, un M&aacute;ster Universitario en Viticultura, Enolog&iacute;a y Direcci&oacute;n de Empresas.<\/p>\n<p><P align=\"justify\">Adem&aacute;s de este t&iacute;tulo de posgrado, el convenio contempla tres cursos m&aacute;s, en la modalidad de Experto Universitario, en los tres &aacute;mbitos que comprende el m&aacute;ster, de modo que puedan realizarse separadamente o escoger s&oacute;lo uno o dos<FONT size=\"4\">.<\/P><P align=\"justify\"><\/P><P align=\"justify\"><\/FONT>La direcci&oacute;n acad&eacute;mica tanto del m&aacute;ster como de los expertos corresponde al catedr&aacute;tico de la Universidad de La Laguna Gin&eacute;s Guirao P&eacute;rez, quien destac&oacute; en la rueda de prensa celebrada esta ma&ntilde;ana en el Rectorado que el principal objetivo de esta oferta formativa es preservar la vi&ntilde;a en las median&iacute;as, al tiempo que formar recursos humanos competentes en el sector vitivin&iacute;cola.<\/P><P align=\"justify\"><\/P><P align=\"justify\">Cubrir las demandas t&eacute;cnicas y cient&iacute;ficas de este &aacute;mbito profesional, que en los &uacute;ltimos diez a&ntilde;os ha experimentado un avance espectacular tanto en modernizaci&oacute;n como en comercializaci&oacute;n, es otro fin perseguido por esta iniciativa, seg&uacute;n destac&oacute; el alcalde de Tacoronte y presidente de la fundaci&oacute;n, Herm&oacute;genes P&eacute;rez. <\/P><P align=\"justify\"><\/P><P align=\"justify\">El m&aacute;ster tendr&aacute; 25 plazas disponibles. En el caso de que haya m&aacute;s demanda, se llevar&aacute; a cabo un proceso de preinscripci&oacute;n, en el que se valorar&aacute; la experiencia en el sector y la formaci&oacute;n en carreras afines como Ingenier&iacute;a T&eacute;cnica Agr&iacute;cola, Ciencia y Tecnolog&iacute;a de los Alimentos, Biolog&iacute;a, Qu&iacute;mica o las dependientes e la Facultad de Ciencias Econ&oacute;micas.<\/P><FONT size=\"4\"><P align=\"justify\"><\/P><\/FONT><P align=\"justify\">Estas propuestas formativas cuentan con financiaci&oacute;n del Fondo Social Europeo (92.000 euros) y de la propia fundaci&oacute;n (19.000 euros). El m&aacute;ster comprender&aacute; un total de 700 horas, de las que un 64% ser&aacute;n te&oacute;ricas y un 36% pr&aacute;cticas, mientras que cada curso de experto dispondr&aacute; de 250 horas lectivas, repartidas en similar porcentaje.<\/P><P align=\"justify\"><\/P><P align=\"justify\">Un amplio estudio del cultivo de la vid, el suelo, la climatolog&iacute;a y el cuidado y patrimonio de las variedades espec&iacute;ficas las islas, ser&aacute;n los principales contenidos de la parte correspondiente a la viticultura, a lo que se a&ntilde;ade tambi&eacute;n los criterios de optimizaci&oacute;n y rentabilidad. En lo que se refiere a la enolog&iacute;a, se estudiar&aacute; la obtenci&oacute;n de caldos con mayor calidad y la adecuaci&oacute;n de m&eacute;todos que permitan su mayor brillantez, mientras que en la parte de direcci&oacute;n de empresas vitivin&iacute;colas los estudios abarcan la comercializaci&oacute;n del producto y los nuevos perfiles del mercado.<\/P><P align=\"justify\"><\/P><P align=\"justify\">En total, unos 65 profesores de cinco universidades impartir&aacute;n docencia tanto en el m&aacute;ster como en los cursos de expertos. Tambi&eacute;n se contar&aacute; con la presencia de t&eacute;cnicos de las principales estaciones enol&oacute;gicas y de las bodegas m&aacute;s importantes del pa&iacute;s.<\/P><\/p>\n","protected":false},"excerpt":{"rendered":"<p>El rector de la Universidad de La Laguna, &aacute;ngel M. Guti&eacute;rrez, y el alcalde del Ayuntamiento de Tacoronte, Herm&oacute;genes P&eacute;rez,&#8230;<\/p>\n","protected":false},"author":21,"featured_media":0,"comment_status":"open","ping_status":"open","sticky":false,"template":"","format":"standard","meta":{"inline_featured_image":false,"footnotes":""},"categories":[346],"tags":[],"acf":[],"yoast_head":"<!-- This site is optimized with the Yoast SEO plugin v21.3 - https:\/\/yoast.com\/wordpress\/plugins\/seo\/ -->\n<title>La universidad y la Fundaci\u00f3n Alh\u00f3ndiga impulsan un M\u00e1ster en Viticultura y Enolog\u00eda - ULL - Noticias<\/title>\n<meta name=\"robots\" content=\"index, follow, max-snippet:-1, max-image-preview:large, max-video-preview:-1\" \/>\n<link rel=\"canonical\" href=\"https:\/\/www.ull.es\/portal\/noticias\/2004\/la-universidad-y-la-fundacin-alhndiga-impulsan-un-mster-en-viticultura-y-enologa\/\" \/>\n<meta property=\"og:locale\" content=\"es_ES\" \/>\n<meta property=\"og:type\" content=\"article\" \/>\n<meta property=\"og:title\" content=\"La universidad y la Fundaci\u00f3n Alh\u00f3ndiga impulsan un M\u00e1ster en Viticultura y Enolog\u00eda - ULL - Noticias\" \/>\n<meta property=\"og:description\" content=\"El rector de la Universidad de La Laguna, &aacute;ngel M. Guti&eacute;rrez, y el alcalde del Ayuntamiento de Tacoronte, Herm&oacute;genes P&eacute;rez,...\" \/>\n<meta property=\"og:url\" content=\"https:\/\/www.ull.es\/portal\/noticias\/2004\/la-universidad-y-la-fundacin-alhndiga-impulsan-un-mster-en-viticultura-y-enologa\/\" \/>\n<meta property=\"og:site_name\" content=\"ULL - Noticias\" \/>\n<meta property=\"article:publisher\" content=\"https:\/\/www.facebook.com\/universidaddelalaguna\/\" \/>\n<meta property=\"article:published_time\" content=\"2004-09-13T00:00:00+00:00\" \/>\n<meta property=\"og:image\" content=\"https:\/\/www.ull.es\/portal\/noticias\/wp-content\/uploads\/sites\/13\/2023\/06\/logo-redimensionado.png\" \/>\n\t<meta property=\"og:image:width\" content=\"1200\" \/>\n\t<meta property=\"og:image:height\" content=\"630\" \/>\n\t<meta property=\"og:image:type\" content=\"image\/png\" \/>\n<meta name=\"author\" content=\"prensa2\" \/>\n<meta name=\"twitter:card\" content=\"summary_large_image\" \/>\n<meta name=\"twitter:creator\" content=\"@CanalULL\" \/>\n<meta name=\"twitter:site\" content=\"@CanalULL\" \/>\n<meta name=\"twitter:label1\" content=\"Escrito por\" \/>\n\t<meta name=\"twitter:data1\" content=\"prensa2\" \/>\n\t<meta name=\"twitter:label2\" content=\"Tiempo de lectura\" \/>\n\t<meta name=\"twitter:data2\" content=\"3 minutos\" \/>\n<script type=\"application\/ld+json\" class=\"yoast-schema-graph\">{\"@context\":\"https:\/\/schema.org\",\"@graph\":[{\"@type\":\"WebPage\",\"@id\":\"https:\/\/www.ull.es\/portal\/noticias\/2004\/la-universidad-y-la-fundacin-alhndiga-impulsan-un-mster-en-viticultura-y-enologa\/\",\"url\":\"https:\/\/www.ull.es\/portal\/noticias\/2004\/la-universidad-y-la-fundacin-alhndiga-impulsan-un-mster-en-viticultura-y-enologa\/\",\"name\":\"La universidad y la Fundaci\u00f3n Alh\u00f3ndiga impulsan un M\u00e1ster en Viticultura y Enolog\u00eda - ULL - Noticias\",\"isPartOf\":{\"@id\":\"https:\/\/www.ull.es\/portal\/noticias\/#website\"},\"datePublished\":\"2004-09-13T00:00:00+00:00\",\"dateModified\":\"2004-09-13T00:00:00+00:00\",\"author\":{\"@id\":\"https:\/\/www.ull.es\/portal\/noticias\/#\/schema\/person\/c3b2aa857797592927a03740d6664376\"},\"breadcrumb\":{\"@id\":\"https:\/\/www.ull.es\/portal\/noticias\/2004\/la-universidad-y-la-fundacin-alhndiga-impulsan-un-mster-en-viticultura-y-enologa\/#breadcrumb\"},\"inLanguage\":\"es\",\"potentialAction\":[{\"@type\":\"ReadAction\",\"target\":[\"https:\/\/www.ull.es\/portal\/noticias\/2004\/la-universidad-y-la-fundacin-alhndiga-impulsan-un-mster-en-viticultura-y-enologa\/\"]}]},{\"@type\":\"BreadcrumbList\",\"@id\":\"https:\/\/www.ull.es\/portal\/noticias\/2004\/la-universidad-y-la-fundacin-alhndiga-impulsan-un-mster-en-viticultura-y-enologa\/#breadcrumb\",\"itemListElement\":[{\"@type\":\"ListItem\",\"position\":1,\"name\":\"Portada\",\"item\":\"https:\/\/www.ull.es\/portal\/noticias\/\"},{\"@type\":\"ListItem\",\"position\":2,\"name\":\"La universidad y la Fundaci\u00f3n Alh\u00f3ndiga impulsan un M\u00e1ster en Viticultura y Enolog\u00eda\"}]},{\"@type\":\"WebSite\",\"@id\":\"https:\/\/www.ull.es\/portal\/noticias\/#website\",\"url\":\"https:\/\/www.ull.es\/portal\/noticias\/\",\"name\":\"ULL - Noticias\",\"description\":\"\",\"potentialAction\":[{\"@type\":\"SearchAction\",\"target\":{\"@type\":\"EntryPoint\",\"urlTemplate\":\"https:\/\/www.ull.es\/portal\/noticias\/?s={search_term_string}\"},\"query-input\":\"required name=search_term_string\"}],\"inLanguage\":\"es\"},{\"@type\":\"Person\",\"@id\":\"https:\/\/www.ull.es\/portal\/noticias\/#\/schema\/person\/c3b2aa857797592927a03740d6664376\",\"name\":\"prensa2\",\"image\":{\"@type\":\"ImageObject\",\"inLanguage\":\"es\",\"@id\":\"https:\/\/www.ull.es\/portal\/noticias\/#\/schema\/person\/image\/\",\"url\":\"https:\/\/secure.gravatar.com\/avatar\/b58f310a5de5feb33d1e026d2493f23c?s=96&d=mm&r=g\",\"contentUrl\":\"https:\/\/secure.gravatar.com\/avatar\/b58f310a5de5feb33d1e026d2493f23c?s=96&d=mm&r=g\",\"caption\":\"prensa2\"},\"url\":\"https:\/\/www.ull.es\/portal\/noticias\/author\/prensa2\/\"}]}<\/script>\n<!-- \/ Yoast SEO plugin. -->","yoast_head_json":{"title":"La universidad y la Fundaci\u00f3n Alh\u00f3ndiga impulsan un M\u00e1ster en Viticultura y Enolog\u00eda - ULL - Noticias","robots":{"index":"index","follow":"follow","max-snippet":"max-snippet:-1","max-image-preview":"max-image-preview:large","max-video-preview":"max-video-preview:-1"},"canonical":"https:\/\/www.ull.es\/portal\/noticias\/2004\/la-universidad-y-la-fundacin-alhndiga-impulsan-un-mster-en-viticultura-y-enologa\/","og_locale":"es_ES","og_type":"article","og_title":"La universidad y la Fundaci\u00f3n Alh\u00f3ndiga impulsan un M\u00e1ster en Viticultura y Enolog\u00eda - ULL - Noticias","og_description":"El rector de la Universidad de La Laguna, &aacute;ngel M. Guti&eacute;rrez, y el alcalde del Ayuntamiento de Tacoronte, Herm&oacute;genes P&eacute;rez,...","og_url":"https:\/\/www.ull.es\/portal\/noticias\/2004\/la-universidad-y-la-fundacin-alhndiga-impulsan-un-mster-en-viticultura-y-enologa\/","og_site_name":"ULL - Noticias","article_publisher":"https:\/\/www.facebook.com\/universidaddelalaguna\/","article_published_time":"2004-09-13T00:00:00+00:00","og_image":[{"width":1200,"height":630,"url":"https:\/\/www.ull.es\/portal\/noticias\/wp-content\/uploads\/sites\/13\/2023\/06\/logo-redimensionado.png","type":"image\/png"}],"author":"prensa2","twitter_card":"summary_large_image","twitter_creator":"@CanalULL","twitter_site":"@CanalULL","twitter_misc":{"Escrito por":"prensa2","Tiempo de lectura":"3 minutos"},"schema":{"@context":"https:\/\/schema.org","@graph":[{"@type":"WebPage","@id":"https:\/\/www.ull.es\/portal\/noticias\/2004\/la-universidad-y-la-fundacin-alhndiga-impulsan-un-mster-en-viticultura-y-enologa\/","url":"https:\/\/www.ull.es\/portal\/noticias\/2004\/la-universidad-y-la-fundacin-alhndiga-impulsan-un-mster-en-viticultura-y-enologa\/","name":"La universidad y la Fundaci\u00f3n Alh\u00f3ndiga impulsan un M\u00e1ster en Viticultura y Enolog\u00eda - ULL - Noticias","isPartOf":{"@id":"https:\/\/www.ull.es\/portal\/noticias\/#website"},"datePublished":"2004-09-13T00:00:00+00:00","dateModified":"2004-09-13T00:00:00+00:00","author":{"@id":"https:\/\/www.ull.es\/portal\/noticias\/#\/schema\/person\/c3b2aa857797592927a03740d6664376"},"breadcrumb":{"@id":"https:\/\/www.ull.es\/portal\/noticias\/2004\/la-universidad-y-la-fundacin-alhndiga-impulsan-un-mster-en-viticultura-y-enologa\/#breadcrumb"},"inLanguage":"es","potentialAction":[{"@type":"ReadAction","target":["https:\/\/www.ull.es\/portal\/noticias\/2004\/la-universidad-y-la-fundacin-alhndiga-impulsan-un-mster-en-viticultura-y-enologa\/"]}]},{"@type":"BreadcrumbList","@id":"https:\/\/www.ull.es\/portal\/noticias\/2004\/la-universidad-y-la-fundacin-alhndiga-impulsan-un-mster-en-viticultura-y-enologa\/#breadcrumb","itemListElement":[{"@type":"ListItem","position":1,"name":"Portada","item":"https:\/\/www.ull.es\/portal\/noticias\/"},{"@type":"ListItem","position":2,"name":"La universidad y la Fundaci\u00f3n Alh\u00f3ndiga impulsan un M\u00e1ster en Viticultura y Enolog\u00eda"}]},{"@type":"WebSite","@id":"https:\/\/www.ull.es\/portal\/noticias\/#website","url":"https:\/\/www.ull.es\/portal\/noticias\/","name":"ULL - Noticias","description":"","potentialAction":[{"@type":"SearchAction","target":{"@type":"EntryPoint","urlTemplate":"https:\/\/www.ull.es\/portal\/noticias\/?s={search_term_string}"},"query-input":"required name=search_term_string"}],"inLanguage":"es"},{"@type":"Person","@id":"https:\/\/www.ull.es\/portal\/noticias\/#\/schema\/person\/c3b2aa857797592927a03740d6664376","name":"prensa2","image":{"@type":"ImageObject","inLanguage":"es","@id":"https:\/\/www.ull.es\/portal\/noticias\/#\/schema\/person\/image\/","url":"https:\/\/secure.gravatar.com\/avatar\/b58f310a5de5feb33d1e026d2493f23c?s=96&d=mm&r=g","contentUrl":"https:\/\/secure.gravatar.com\/avatar\/b58f310a5de5feb33d1e026d2493f23c?s=96&d=mm&r=g","caption":"prensa2"},"url":"https:\/\/www.ull.es\/portal\/noticias\/author\/prensa2\/"}]}},"primary_category":null,"featured_image_thumbnail_url":null,"_links":{"self":[{"href":"https:\/\/www.ull.es\/portal\/noticias\/wp-json\/wp\/v2\/posts\/13321"}],"collection":[{"href":"https:\/\/www.ull.es\/portal\/noticias\/wp-json\/wp\/v2\/posts"}],"about":[{"href":"https:\/\/www.ull.es\/portal\/noticias\/wp-json\/wp\/v2\/types\/post"}],"author":[{"embeddable":true,"href":"https:\/\/www.ull.es\/portal\/noticias\/wp-json\/wp\/v2\/users\/21"}],"replies":[{"embeddable":true,"href":"https:\/\/www.ull.es\/portal\/noticias\/wp-json\/wp\/v2\/comments?post=13321"}],"version-history":[{"count":0,"href":"https:\/\/www.ull.es\/portal\/noticias\/wp-json\/wp\/v2\/posts\/13321\/revisions"}],"wp:attachment":[{"href":"https:\/\/www.ull.es\/portal\/noticias\/wp-json\/wp\/v2\/media?parent=13321"}],"wp:term":[{"taxonomy":"category","embeddable":true,"href":"https:\/\/www.ull.es\/portal\/noticias\/wp-json\/wp\/v2\/categories?post=13321"},{"taxonomy":"post_tag","embeddable":true,"href":"https:\/\/www.ull.es\/portal\/noticias\/wp-json\/wp\/v2\/tags?post=13321"}],"curies":[{"name":"wp","href":"https:\/\/api.w.org\/{rel}","templated":true}]}}