{"id":13323,"date":"2004-09-20T00:00:00","date_gmt":"2004-09-20T00:00:00","guid":{"rendered":"http:\/\/ddigital.webs.ull.es\/la-ull-acogi-este-fin-de-semana-la-reunin-anual-de-especialistas-en-legislacin-comunitaria\/"},"modified":"2004-09-20T00:00:00","modified_gmt":"2004-09-20T00:00:00","slug":"la-ull-acogi-este-fin-de-semana-la-reunin-anual-de-especialistas-en-legislacin-comunitaria","status":"publish","type":"post","link":"https:\/\/www.ull.es\/portal\/noticias\/2004\/la-ull-acogi-este-fin-de-semana-la-reunin-anual-de-especialistas-en-legislacin-comunitaria\/","title":{"rendered":"La ULL acogi\u00f3 este fin de semana la reuni\u00f3n anual de especialistas en legislaci\u00f3n comunitaria"},"content":{"rendered":"<p>La Universidad de La Laguna fue anfitriona entre el 17 y el 19 de septiembre de 2004 de la XIV Reuni&oacute;n del Grupo Europeo de Derecho Internacional Privado (GEDIP). Las sesiones se celebraron en el Hotel Bot&aacute;nico del Puerto de la Cruz, y en ella se reunieron destacados catedr&aacute;ticos y especialistas en derecho de diferentes pa&iacute;ses de la UE para discutir diferentes aspectos de la legislaci&oacute;n comunitaria.<\/p>\n<p><P align=\"justify\">En las sesiones de trabajo fueron analizadas cuatro grandes cuestiones: los conflictos relativos a las parejas de hecho en las diferentes legislaciones europeas de Derecho Internacional Privado; la protecci&oacute;n de los derechos fundamentales en Europa; los derechos de la personalidad y la libertad de prensa y la transposici&oacute;n de las directivas comunitarias en los distintos estados miembros de la UE.<\/P><P align=\"justify\"><\/P><P align=\"justify\">El acto inaugural del evento tuvo lugar el d&iacute;a 17 de septiembre a las 15.45 horas. En &eacute;l intervino el rector de la Universidad de La Laguna, &aacute;ngel Guti&eacute;rrez Navarro, el decano de la Facultad de Derecho de la ULL, Andr&eacute;s Gonz&aacute;lez Sanfiel; la presidenta del grupo convocante, Alegr&iacute;a Borr&aacute;s, el secretario general de la Conferencia de la Haya de Derecho Internacional Privado, J.H. Van Loon, y el secretario general del GEDIP, P. Kinsh.<\/P><P align=\"justify\"><\/P><P align=\"justify\">El Grupo Europeo de Derecho Internacional Privado fue creado en 1991 con el objetivo de abordar asuntos en los que el Derecho Internacional Privado y el Derecho Comunitario europeo tienen una com&uacute;n incidencia. Re&uacute;ne a treinta expertos de los estados miembros de la UE pertenecientes al mundo acad&eacute;mico y a otras instancias. Entre sus miembros hay catedr&aacute;ticos, especialistas en documentaci&oacute;n del Tribunal de Justicia de las Comunidades Europeas, jurisconsultos del Parlamento Europeo, jueces del Tribunal de Primera Instancia de las Comunidades Europeas o miembros de la Conferencia de La Haya de Derecho Internacional Privado. <\/P><FONT size=\"4\"><P align=\"justify\"><\/P><P align=\"justify\"><\/FONT>Esta agrupaci&oacute;n de especialistas se re&uacute;ne cada a&ntilde;o en una ciudad de un Estado miembro de la Uni&oacute;n Europea a la cual est&eacute; vinculada una universidad. Las anteriores se celebraron en Louvain la Neuve (1991), Mil&aacute;n (1992), Heidelberg (1993), Barcelona (1994), Ginebra (1995), Venecia (1996), La Haya (1997), Luxemburgo (1998), Oslo (1999), Roma (2000), Lund (2001), Par&iacute;s (2002) y Viena (2003). <\/P><P align=\"justify\"><\/P><B><P align=\"justify\">Seminario previo<\/P><\/B><P align=\"justify\"><\/P><P align=\"justify\">Como acto previo a la reuni&oacute;n del GEDIP, el 16 de septiembre se celebr&oacute; en la Facultad de Derecho de la ULL el seminario <I>La Comunidad Europea y las Relaciones Privadas Internacionales. Estado actual y perspectivas del Derecho Internacional Privado Comunitario<\/I>, impartido por algunos de los participantes en la reuni&oacute;n.<\/P><P align=\"justify\"><\/P><P align=\"justify\">El seminario analiz&oacute; la posici&oacute;n de Canarias en el marco jur&iacute;dico europeo, la cual es especialmente delicada tanto por su actividad econ&oacute;mica como por la residencia de numerosos ciudadanos de la Uni&oacute;n Europea en las islas. Se trata de un momento crucial para este tipo de discusiones, pues est&aacute; en v&iacute;as de adopci&oacute;n el tratado que contendr&aacute; la futura Constituci&oacute;n Europea en la que se determinar&aacute; el marco general de las relaciones transfronterizas futuras.<\/P><P align=\"justify\"><\/P><P align=\"justify\">Las exposiciones de este seminario se agruparon en dos n&uacute;cleos tem&aacute;ticos diferentes. El primero, denominado <I>La<\/I> <I>protecci&oacute;n judicial de los ciudadanos europeos<\/I>, se centr&oacute; en el acceso a la justicia y a la ejecuci&oacute;n de decisiones judiciales, mientras que el segundo, <I>El ejercicio de los derechos en el espacio judicial europeo: problemas de derecho aplicable<\/I>, se trataron ciertas materias de especial inter&eacute;s para Canarias, como es el caso del <I>timesharing<\/I>.<\/P><\/p>\n","protected":false},"excerpt":{"rendered":"<p>La Universidad de La Laguna fue anfitriona entre el 17 y el 19 de septiembre de 2004 de la XIV&#8230;<\/p>\n","protected":false},"author":21,"featured_media":0,"comment_status":"open","ping_status":"open","sticky":false,"template":"","format":"standard","meta":{"inline_featured_image":false,"footnotes":""},"categories":[346],"tags":[],"acf":[],"yoast_head":"<!-- This site is optimized with the Yoast SEO plugin v21.3 - https:\/\/yoast.com\/wordpress\/plugins\/seo\/ -->\n<title>La ULL acogi\u00f3 este fin de semana la reuni\u00f3n anual de especialistas en legislaci\u00f3n comunitaria - ULL - Noticias<\/title>\n<meta name=\"robots\" content=\"index, follow, max-snippet:-1, max-image-preview:large, max-video-preview:-1\" \/>\n<link rel=\"canonical\" href=\"https:\/\/www.ull.es\/portal\/noticias\/2004\/la-ull-acogi-este-fin-de-semana-la-reunin-anual-de-especialistas-en-legislacin-comunitaria\/\" \/>\n<meta property=\"og:locale\" content=\"es_ES\" \/>\n<meta property=\"og:type\" content=\"article\" \/>\n<meta property=\"og:title\" content=\"La ULL acogi\u00f3 este fin de semana la reuni\u00f3n anual de especialistas en legislaci\u00f3n comunitaria - ULL - Noticias\" \/>\n<meta property=\"og:description\" content=\"La Universidad de La Laguna fue anfitriona entre el 17 y el 19 de septiembre de 2004 de la XIV...\" \/>\n<meta property=\"og:url\" content=\"https:\/\/www.ull.es\/portal\/noticias\/2004\/la-ull-acogi-este-fin-de-semana-la-reunin-anual-de-especialistas-en-legislacin-comunitaria\/\" \/>\n<meta property=\"og:site_name\" content=\"ULL - Noticias\" \/>\n<meta property=\"article:publisher\" content=\"https:\/\/www.facebook.com\/universidaddelalaguna\/\" \/>\n<meta property=\"article:published_time\" content=\"2004-09-20T00:00:00+00:00\" \/>\n<meta property=\"og:image\" content=\"https:\/\/www.ull.es\/portal\/noticias\/wp-content\/uploads\/sites\/13\/2023\/06\/logo-redimensionado.png\" \/>\n\t<meta property=\"og:image:width\" content=\"1200\" \/>\n\t<meta property=\"og:image:height\" content=\"630\" \/>\n\t<meta property=\"og:image:type\" content=\"image\/png\" \/>\n<meta name=\"author\" content=\"prensa2\" \/>\n<meta name=\"twitter:card\" content=\"summary_large_image\" \/>\n<meta name=\"twitter:creator\" content=\"@CanalULL\" \/>\n<meta name=\"twitter:site\" content=\"@CanalULL\" \/>\n<meta name=\"twitter:label1\" content=\"Escrito por\" \/>\n\t<meta name=\"twitter:data1\" content=\"prensa2\" \/>\n\t<meta name=\"twitter:label2\" content=\"Tiempo de lectura\" \/>\n\t<meta name=\"twitter:data2\" content=\"3 minutos\" \/>\n<script type=\"application\/ld+json\" class=\"yoast-schema-graph\">{\"@context\":\"https:\/\/schema.org\",\"@graph\":[{\"@type\":\"WebPage\",\"@id\":\"https:\/\/www.ull.es\/portal\/noticias\/2004\/la-ull-acogi-este-fin-de-semana-la-reunin-anual-de-especialistas-en-legislacin-comunitaria\/\",\"url\":\"https:\/\/www.ull.es\/portal\/noticias\/2004\/la-ull-acogi-este-fin-de-semana-la-reunin-anual-de-especialistas-en-legislacin-comunitaria\/\",\"name\":\"La ULL acogi\u00f3 este fin de semana la reuni\u00f3n anual de especialistas en legislaci\u00f3n comunitaria - ULL - Noticias\",\"isPartOf\":{\"@id\":\"https:\/\/www.ull.es\/portal\/noticias\/#website\"},\"datePublished\":\"2004-09-20T00:00:00+00:00\",\"dateModified\":\"2004-09-20T00:00:00+00:00\",\"author\":{\"@id\":\"https:\/\/www.ull.es\/portal\/noticias\/#\/schema\/person\/c3b2aa857797592927a03740d6664376\"},\"breadcrumb\":{\"@id\":\"https:\/\/www.ull.es\/portal\/noticias\/2004\/la-ull-acogi-este-fin-de-semana-la-reunin-anual-de-especialistas-en-legislacin-comunitaria\/#breadcrumb\"},\"inLanguage\":\"es\",\"potentialAction\":[{\"@type\":\"ReadAction\",\"target\":[\"https:\/\/www.ull.es\/portal\/noticias\/2004\/la-ull-acogi-este-fin-de-semana-la-reunin-anual-de-especialistas-en-legislacin-comunitaria\/\"]}]},{\"@type\":\"BreadcrumbList\",\"@id\":\"https:\/\/www.ull.es\/portal\/noticias\/2004\/la-ull-acogi-este-fin-de-semana-la-reunin-anual-de-especialistas-en-legislacin-comunitaria\/#breadcrumb\",\"itemListElement\":[{\"@type\":\"ListItem\",\"position\":1,\"name\":\"Portada\",\"item\":\"https:\/\/www.ull.es\/portal\/noticias\/\"},{\"@type\":\"ListItem\",\"position\":2,\"name\":\"La ULL acogi\u00f3 este fin de semana la reuni\u00f3n anual de especialistas en legislaci\u00f3n comunitaria\"}]},{\"@type\":\"WebSite\",\"@id\":\"https:\/\/www.ull.es\/portal\/noticias\/#website\",\"url\":\"https:\/\/www.ull.es\/portal\/noticias\/\",\"name\":\"ULL - Noticias\",\"description\":\"\",\"potentialAction\":[{\"@type\":\"SearchAction\",\"target\":{\"@type\":\"EntryPoint\",\"urlTemplate\":\"https:\/\/www.ull.es\/portal\/noticias\/?s={search_term_string}\"},\"query-input\":\"required name=search_term_string\"}],\"inLanguage\":\"es\"},{\"@type\":\"Person\",\"@id\":\"https:\/\/www.ull.es\/portal\/noticias\/#\/schema\/person\/c3b2aa857797592927a03740d6664376\",\"name\":\"prensa2\",\"image\":{\"@type\":\"ImageObject\",\"inLanguage\":\"es\",\"@id\":\"https:\/\/www.ull.es\/portal\/noticias\/#\/schema\/person\/image\/\",\"url\":\"https:\/\/secure.gravatar.com\/avatar\/b58f310a5de5feb33d1e026d2493f23c?s=96&d=mm&r=g\",\"contentUrl\":\"https:\/\/secure.gravatar.com\/avatar\/b58f310a5de5feb33d1e026d2493f23c?s=96&d=mm&r=g\",\"caption\":\"prensa2\"},\"url\":\"https:\/\/www.ull.es\/portal\/noticias\/author\/prensa2\/\"}]}<\/script>\n<!-- \/ Yoast SEO plugin. -->","yoast_head_json":{"title":"La ULL acogi\u00f3 este fin de semana la reuni\u00f3n anual de especialistas en legislaci\u00f3n comunitaria - ULL - Noticias","robots":{"index":"index","follow":"follow","max-snippet":"max-snippet:-1","max-image-preview":"max-image-preview:large","max-video-preview":"max-video-preview:-1"},"canonical":"https:\/\/www.ull.es\/portal\/noticias\/2004\/la-ull-acogi-este-fin-de-semana-la-reunin-anual-de-especialistas-en-legislacin-comunitaria\/","og_locale":"es_ES","og_type":"article","og_title":"La ULL acogi\u00f3 este fin de semana la reuni\u00f3n anual de especialistas en legislaci\u00f3n comunitaria - ULL - Noticias","og_description":"La Universidad de La Laguna fue anfitriona entre el 17 y el 19 de septiembre de 2004 de la XIV...","og_url":"https:\/\/www.ull.es\/portal\/noticias\/2004\/la-ull-acogi-este-fin-de-semana-la-reunin-anual-de-especialistas-en-legislacin-comunitaria\/","og_site_name":"ULL - Noticias","article_publisher":"https:\/\/www.facebook.com\/universidaddelalaguna\/","article_published_time":"2004-09-20T00:00:00+00:00","og_image":[{"width":1200,"height":630,"url":"https:\/\/www.ull.es\/portal\/noticias\/wp-content\/uploads\/sites\/13\/2023\/06\/logo-redimensionado.png","type":"image\/png"}],"author":"prensa2","twitter_card":"summary_large_image","twitter_creator":"@CanalULL","twitter_site":"@CanalULL","twitter_misc":{"Escrito por":"prensa2","Tiempo de lectura":"3 minutos"},"schema":{"@context":"https:\/\/schema.org","@graph":[{"@type":"WebPage","@id":"https:\/\/www.ull.es\/portal\/noticias\/2004\/la-ull-acogi-este-fin-de-semana-la-reunin-anual-de-especialistas-en-legislacin-comunitaria\/","url":"https:\/\/www.ull.es\/portal\/noticias\/2004\/la-ull-acogi-este-fin-de-semana-la-reunin-anual-de-especialistas-en-legislacin-comunitaria\/","name":"La ULL acogi\u00f3 este fin de semana la reuni\u00f3n anual de especialistas en legislaci\u00f3n comunitaria - ULL - Noticias","isPartOf":{"@id":"https:\/\/www.ull.es\/portal\/noticias\/#website"},"datePublished":"2004-09-20T00:00:00+00:00","dateModified":"2004-09-20T00:00:00+00:00","author":{"@id":"https:\/\/www.ull.es\/portal\/noticias\/#\/schema\/person\/c3b2aa857797592927a03740d6664376"},"breadcrumb":{"@id":"https:\/\/www.ull.es\/portal\/noticias\/2004\/la-ull-acogi-este-fin-de-semana-la-reunin-anual-de-especialistas-en-legislacin-comunitaria\/#breadcrumb"},"inLanguage":"es","potentialAction":[{"@type":"ReadAction","target":["https:\/\/www.ull.es\/portal\/noticias\/2004\/la-ull-acogi-este-fin-de-semana-la-reunin-anual-de-especialistas-en-legislacin-comunitaria\/"]}]},{"@type":"BreadcrumbList","@id":"https:\/\/www.ull.es\/portal\/noticias\/2004\/la-ull-acogi-este-fin-de-semana-la-reunin-anual-de-especialistas-en-legislacin-comunitaria\/#breadcrumb","itemListElement":[{"@type":"ListItem","position":1,"name":"Portada","item":"https:\/\/www.ull.es\/portal\/noticias\/"},{"@type":"ListItem","position":2,"name":"La ULL acogi\u00f3 este fin de semana la reuni\u00f3n anual de especialistas en legislaci\u00f3n comunitaria"}]},{"@type":"WebSite","@id":"https:\/\/www.ull.es\/portal\/noticias\/#website","url":"https:\/\/www.ull.es\/portal\/noticias\/","name":"ULL - Noticias","description":"","potentialAction":[{"@type":"SearchAction","target":{"@type":"EntryPoint","urlTemplate":"https:\/\/www.ull.es\/portal\/noticias\/?s={search_term_string}"},"query-input":"required name=search_term_string"}],"inLanguage":"es"},{"@type":"Person","@id":"https:\/\/www.ull.es\/portal\/noticias\/#\/schema\/person\/c3b2aa857797592927a03740d6664376","name":"prensa2","image":{"@type":"ImageObject","inLanguage":"es","@id":"https:\/\/www.ull.es\/portal\/noticias\/#\/schema\/person\/image\/","url":"https:\/\/secure.gravatar.com\/avatar\/b58f310a5de5feb33d1e026d2493f23c?s=96&d=mm&r=g","contentUrl":"https:\/\/secure.gravatar.com\/avatar\/b58f310a5de5feb33d1e026d2493f23c?s=96&d=mm&r=g","caption":"prensa2"},"url":"https:\/\/www.ull.es\/portal\/noticias\/author\/prensa2\/"}]}},"primary_category":null,"featured_image_thumbnail_url":null,"_links":{"self":[{"href":"https:\/\/www.ull.es\/portal\/noticias\/wp-json\/wp\/v2\/posts\/13323"}],"collection":[{"href":"https:\/\/www.ull.es\/portal\/noticias\/wp-json\/wp\/v2\/posts"}],"about":[{"href":"https:\/\/www.ull.es\/portal\/noticias\/wp-json\/wp\/v2\/types\/post"}],"author":[{"embeddable":true,"href":"https:\/\/www.ull.es\/portal\/noticias\/wp-json\/wp\/v2\/users\/21"}],"replies":[{"embeddable":true,"href":"https:\/\/www.ull.es\/portal\/noticias\/wp-json\/wp\/v2\/comments?post=13323"}],"version-history":[{"count":0,"href":"https:\/\/www.ull.es\/portal\/noticias\/wp-json\/wp\/v2\/posts\/13323\/revisions"}],"wp:attachment":[{"href":"https:\/\/www.ull.es\/portal\/noticias\/wp-json\/wp\/v2\/media?parent=13323"}],"wp:term":[{"taxonomy":"category","embeddable":true,"href":"https:\/\/www.ull.es\/portal\/noticias\/wp-json\/wp\/v2\/categories?post=13323"},{"taxonomy":"post_tag","embeddable":true,"href":"https:\/\/www.ull.es\/portal\/noticias\/wp-json\/wp\/v2\/tags?post=13323"}],"curies":[{"name":"wp","href":"https:\/\/api.w.org\/{rel}","templated":true}]}}