{"id":13329,"date":"2004-10-11T00:00:00","date_gmt":"2004-10-11T00:00:00","guid":{"rendered":"http:\/\/ddigital.webs.ull.es\/el-presidente-del-gobierno-de-canarias-impartir-la-conferencia-que-abrir-los-cursos-de-otoo-de-tegueste\/"},"modified":"2004-10-11T00:00:00","modified_gmt":"2004-10-11T00:00:00","slug":"el-presidente-del-gobierno-de-canarias-impartir-la-conferencia-que-abrir-los-cursos-de-otoo-de-tegueste","status":"publish","type":"post","link":"https:\/\/www.ull.es\/portal\/noticias\/2004\/el-presidente-del-gobierno-de-canarias-impartir-la-conferencia-que-abrir-los-cursos-de-otoo-de-tegueste\/","title":{"rendered":"El presidente del Gobierno de Canarias impartir\u00e1 la conferencia que abrir\u00e1 los cursos de Oto\u00f1o de Tegueste"},"content":{"rendered":"<p>Los cursos de Oto&ntilde;o de Tegueste 2004 se inaugurar&aacute;n el pr&oacute;ximo 28 de octubre a las 20.00 horas en el Teatro Pr&iacute;ncipe Felipe del citado municipio con la conferencia \u00abLa oportunidad de la reforma del Estatuto de Autonom&iacute;a\u00bb a cargo del presidente del Gobierno de Canarias, Ad&aacute;n Mart&iacute;n Menis. Adem&aacute;s, dicho acto contar&aacute; con la lecci&oacute;n inaugural \u00abLa reforma del Estatuto de Autonom&iacute;a de Canarias y el autogobierno\u00bb, impartida por el catedr&aacute;tico de Ciencias Pol&iacute;ticas y de la Administraci&oacute;n, Juan Hern&aacute;ndez Bravo de Laguna.<\/p>\n<p><P>El director de secretariado del vicerrectorado de Extensi&oacute;n Universitaria y Relaciones Institucionales, Mauricio P&eacute;rez Jim&eacute;nez, junto a la concejala de Bienestar Social, Remedios de Le&oacute;n Santana, fueron, hoy lunes d&iacute;a 11 de octubre, los encargados de presentar la programaci&oacute;n de este a&ntilde;o que incluye tres cursos y unas jornadas sobre plataforma pol&iacute;tica del siglo XXI. Cabe se&ntilde;alar que habr&aacute; dos seminarios relacionados con la inform&aacute;tica y un tercero ya consolidado: el senderismo tem&aacute;tico y valorizaci&oacute;n del patrimonio. <\/P><P>Como es habitual, los matriculados en alguno de estos cursos, que se celebrar&aacute;n en diferentes emplazamientos de Tegueste, podr&aacute;n convalidarlos como cr&eacute;ditos de libre elecci&oacute;n. La matr&iacute;cula deber&aacute; formalizarse en la sede del vicerrectorado de Extensi&oacute;n Universitaria y Relaciones Institucionales (calle Viana 50), o en el ayuntamiento de esta localidad. Los precios oscilan entre los 50 euros para los cursos de 2 cr&eacute;ditos y 70 para los de 3 cr&eacute;ditos. <\/P><P>El curso de Senderismo tem&aacute;tico y valorizaci&oacute;n del patrimonio es el &uacute;nico valorado con 3 cr&eacute;ditos porque incluye un importante componente pr&aacute;ctico basado en diferentes rutas donde el factor \u00absorpresa\u00bb, seg&uacute;n Remedios de Le&oacute;n, juega un papel crucial porque las excursiones se van a complementar con conocimientos te&oacute;ricos escenificados para hacer este curso m&aacute;s din&aacute;mico. Las fechas de celebraci&oacute;n son entre el 29 de octubre y el 1 de noviembre y se dividir&aacute; en dos grupos de unas 24 personas cada uno. Est&aacute; dirigido por el profesor titular de Geograf&iacute;a Humana de la Universidad de La Laguna, Vicente Zapata Hern&aacute;ndez. <\/P><P>El segundo seminario propuesto es el de Software libre: una alternativa viable para usuarios, que dirige el profesor de Lenguajes y Sistemas Inform&aacute;ticos de la instituci&oacute;n docente lagunera, Francisco de Sande Gonz&aacute;lez. Se celebrar&aacute; entre el 8 y el 12 de noviembre y pretende explicar al alumnado los conceptos b&aacute;sicos del software libre a trav&eacute;s de un enfoque pr&aacute;ctico. <\/P><P>Las Nuevas Tecnolog&iacute;as y Ense&ntilde;anza. Introducci&oacute;n al Dise&ntilde;o de Materiales Did&aacute;cticos Multimedia es otro de los cursos que tendr&aacute; presencia dentro del programa Tegueste 2004. La coordinaci&oacute;n est&aacute; a cargo del catedr&aacute;tico de Tecnolog&iacute;a Educativa de la Facultad de Educaci&oacute;n de la Universidad de La Laguna, Manuel &aacute;rea Moreira. El seminario tendr&aacute; lugar ente el 4 y el 26 de noviembre en el centro cultural Pr&iacute;ncipe Felipe y tendr&aacute; como objetivo dise&ntilde;ar, desarrrollar y evaluar las situaciones pedag&oacute;gicas apoyadas en el uso de estas tecnolog&iacute;as. <\/P><P>Por &uacute;ltimo y como novedad este a&ntilde;o se presentan las I Jornadas Plataforma Pol&iacute;tica del siglo XXI. \u00abEl estatuto de Canarias y el Autogobierno\u00bb, cuyo director es el catedr&aacute;tico de Ciencia Pol&iacute;tica y de la Administraci&oacute;n de la Facultad de Derecho, Juan Hern&aacute;ndez Bravo de Laguna. El curso se desarrollar&aacute; durante los d&iacute;as 22 y 26 de noviembre en el edificio de Servicios Sociales de Tegueste, y en &eacute;ste se analizar&aacute;n las cuestiones m&aacute;s relevantes de la pol&iacute;tica en los inicios del siglo XXI: la descentralizaci&oacute;n del Estado como respuesta a las demandas de autogobierno de sus comunidades diferenciadas. Seg&uacute;n la concejala de Bienestar Social, \u00abse ha querido iniciar estas jornadas este curso debido a la celebraci&oacute;n de los 25 a&ntilde;os de los ayuntamientos democr&aacute;ticos\u00bb.<\/P><\/p>\n","protected":false},"excerpt":{"rendered":"<p>Los cursos de Oto&ntilde;o de Tegueste 2004 se inaugurar&aacute;n el pr&oacute;ximo 28 de octubre a las 20.00 horas en el&#8230;<\/p>\n","protected":false},"author":21,"featured_media":0,"comment_status":"open","ping_status":"open","sticky":false,"template":"","format":"standard","meta":{"inline_featured_image":false,"footnotes":""},"categories":[346],"tags":[],"acf":[],"yoast_head":"<!-- This site is optimized with the Yoast SEO plugin v21.3 - https:\/\/yoast.com\/wordpress\/plugins\/seo\/ -->\n<title>El presidente del Gobierno de Canarias impartir\u00e1 la conferencia que abrir\u00e1 los cursos de Oto\u00f1o de Tegueste - ULL - Noticias<\/title>\n<meta name=\"robots\" content=\"index, follow, max-snippet:-1, max-image-preview:large, max-video-preview:-1\" \/>\n<link rel=\"canonical\" href=\"https:\/\/www.ull.es\/portal\/noticias\/2004\/el-presidente-del-gobierno-de-canarias-impartir-la-conferencia-que-abrir-los-cursos-de-otoo-de-tegueste\/\" \/>\n<meta property=\"og:locale\" content=\"es_ES\" \/>\n<meta property=\"og:type\" content=\"article\" \/>\n<meta property=\"og:title\" content=\"El presidente del Gobierno de Canarias impartir\u00e1 la conferencia que abrir\u00e1 los cursos de Oto\u00f1o de Tegueste - ULL - Noticias\" \/>\n<meta property=\"og:description\" content=\"Los cursos de Oto&ntilde;o de Tegueste 2004 se inaugurar&aacute;n el pr&oacute;ximo 28 de octubre a las 20.00 horas en el...\" \/>\n<meta property=\"og:url\" content=\"https:\/\/www.ull.es\/portal\/noticias\/2004\/el-presidente-del-gobierno-de-canarias-impartir-la-conferencia-que-abrir-los-cursos-de-otoo-de-tegueste\/\" \/>\n<meta property=\"og:site_name\" content=\"ULL - Noticias\" \/>\n<meta property=\"article:publisher\" content=\"https:\/\/www.facebook.com\/universidaddelalaguna\/\" \/>\n<meta property=\"article:published_time\" content=\"2004-10-11T00:00:00+00:00\" \/>\n<meta property=\"og:image\" content=\"https:\/\/www.ull.es\/portal\/noticias\/wp-content\/uploads\/sites\/13\/2023\/06\/logo-redimensionado.png\" \/>\n\t<meta property=\"og:image:width\" content=\"1200\" \/>\n\t<meta property=\"og:image:height\" content=\"630\" \/>\n\t<meta property=\"og:image:type\" content=\"image\/png\" \/>\n<meta name=\"author\" content=\"prensa2\" \/>\n<meta name=\"twitter:card\" content=\"summary_large_image\" \/>\n<meta name=\"twitter:creator\" content=\"@CanalULL\" \/>\n<meta name=\"twitter:site\" content=\"@CanalULL\" \/>\n<meta name=\"twitter:label1\" content=\"Escrito por\" \/>\n\t<meta name=\"twitter:data1\" content=\"prensa2\" \/>\n\t<meta name=\"twitter:label2\" content=\"Tiempo de lectura\" \/>\n\t<meta name=\"twitter:data2\" content=\"4 minutos\" \/>\n<script type=\"application\/ld+json\" class=\"yoast-schema-graph\">{\"@context\":\"https:\/\/schema.org\",\"@graph\":[{\"@type\":\"WebPage\",\"@id\":\"https:\/\/www.ull.es\/portal\/noticias\/2004\/el-presidente-del-gobierno-de-canarias-impartir-la-conferencia-que-abrir-los-cursos-de-otoo-de-tegueste\/\",\"url\":\"https:\/\/www.ull.es\/portal\/noticias\/2004\/el-presidente-del-gobierno-de-canarias-impartir-la-conferencia-que-abrir-los-cursos-de-otoo-de-tegueste\/\",\"name\":\"El presidente del Gobierno de Canarias impartir\u00e1 la conferencia que abrir\u00e1 los cursos de Oto\u00f1o de Tegueste - ULL - Noticias\",\"isPartOf\":{\"@id\":\"https:\/\/www.ull.es\/portal\/noticias\/#website\"},\"datePublished\":\"2004-10-11T00:00:00+00:00\",\"dateModified\":\"2004-10-11T00:00:00+00:00\",\"author\":{\"@id\":\"https:\/\/www.ull.es\/portal\/noticias\/#\/schema\/person\/c3b2aa857797592927a03740d6664376\"},\"breadcrumb\":{\"@id\":\"https:\/\/www.ull.es\/portal\/noticias\/2004\/el-presidente-del-gobierno-de-canarias-impartir-la-conferencia-que-abrir-los-cursos-de-otoo-de-tegueste\/#breadcrumb\"},\"inLanguage\":\"es\",\"potentialAction\":[{\"@type\":\"ReadAction\",\"target\":[\"https:\/\/www.ull.es\/portal\/noticias\/2004\/el-presidente-del-gobierno-de-canarias-impartir-la-conferencia-que-abrir-los-cursos-de-otoo-de-tegueste\/\"]}]},{\"@type\":\"BreadcrumbList\",\"@id\":\"https:\/\/www.ull.es\/portal\/noticias\/2004\/el-presidente-del-gobierno-de-canarias-impartir-la-conferencia-que-abrir-los-cursos-de-otoo-de-tegueste\/#breadcrumb\",\"itemListElement\":[{\"@type\":\"ListItem\",\"position\":1,\"name\":\"Portada\",\"item\":\"https:\/\/www.ull.es\/portal\/noticias\/\"},{\"@type\":\"ListItem\",\"position\":2,\"name\":\"El presidente del Gobierno de Canarias impartir\u00e1 la conferencia que abrir\u00e1 los cursos de Oto\u00f1o de Tegueste\"}]},{\"@type\":\"WebSite\",\"@id\":\"https:\/\/www.ull.es\/portal\/noticias\/#website\",\"url\":\"https:\/\/www.ull.es\/portal\/noticias\/\",\"name\":\"ULL - Noticias\",\"description\":\"\",\"potentialAction\":[{\"@type\":\"SearchAction\",\"target\":{\"@type\":\"EntryPoint\",\"urlTemplate\":\"https:\/\/www.ull.es\/portal\/noticias\/?s={search_term_string}\"},\"query-input\":\"required name=search_term_string\"}],\"inLanguage\":\"es\"},{\"@type\":\"Person\",\"@id\":\"https:\/\/www.ull.es\/portal\/noticias\/#\/schema\/person\/c3b2aa857797592927a03740d6664376\",\"name\":\"prensa2\",\"image\":{\"@type\":\"ImageObject\",\"inLanguage\":\"es\",\"@id\":\"https:\/\/www.ull.es\/portal\/noticias\/#\/schema\/person\/image\/\",\"url\":\"https:\/\/secure.gravatar.com\/avatar\/b58f310a5de5feb33d1e026d2493f23c?s=96&d=mm&r=g\",\"contentUrl\":\"https:\/\/secure.gravatar.com\/avatar\/b58f310a5de5feb33d1e026d2493f23c?s=96&d=mm&r=g\",\"caption\":\"prensa2\"},\"url\":\"https:\/\/www.ull.es\/portal\/noticias\/author\/prensa2\/\"}]}<\/script>\n<!-- \/ Yoast SEO plugin. -->","yoast_head_json":{"title":"El presidente del Gobierno de Canarias impartir\u00e1 la conferencia que abrir\u00e1 los cursos de Oto\u00f1o de Tegueste - ULL - Noticias","robots":{"index":"index","follow":"follow","max-snippet":"max-snippet:-1","max-image-preview":"max-image-preview:large","max-video-preview":"max-video-preview:-1"},"canonical":"https:\/\/www.ull.es\/portal\/noticias\/2004\/el-presidente-del-gobierno-de-canarias-impartir-la-conferencia-que-abrir-los-cursos-de-otoo-de-tegueste\/","og_locale":"es_ES","og_type":"article","og_title":"El presidente del Gobierno de Canarias impartir\u00e1 la conferencia que abrir\u00e1 los cursos de Oto\u00f1o de Tegueste - ULL - Noticias","og_description":"Los cursos de Oto&ntilde;o de Tegueste 2004 se inaugurar&aacute;n el pr&oacute;ximo 28 de octubre a las 20.00 horas en el...","og_url":"https:\/\/www.ull.es\/portal\/noticias\/2004\/el-presidente-del-gobierno-de-canarias-impartir-la-conferencia-que-abrir-los-cursos-de-otoo-de-tegueste\/","og_site_name":"ULL - Noticias","article_publisher":"https:\/\/www.facebook.com\/universidaddelalaguna\/","article_published_time":"2004-10-11T00:00:00+00:00","og_image":[{"width":1200,"height":630,"url":"https:\/\/www.ull.es\/portal\/noticias\/wp-content\/uploads\/sites\/13\/2023\/06\/logo-redimensionado.png","type":"image\/png"}],"author":"prensa2","twitter_card":"summary_large_image","twitter_creator":"@CanalULL","twitter_site":"@CanalULL","twitter_misc":{"Escrito por":"prensa2","Tiempo de lectura":"4 minutos"},"schema":{"@context":"https:\/\/schema.org","@graph":[{"@type":"WebPage","@id":"https:\/\/www.ull.es\/portal\/noticias\/2004\/el-presidente-del-gobierno-de-canarias-impartir-la-conferencia-que-abrir-los-cursos-de-otoo-de-tegueste\/","url":"https:\/\/www.ull.es\/portal\/noticias\/2004\/el-presidente-del-gobierno-de-canarias-impartir-la-conferencia-que-abrir-los-cursos-de-otoo-de-tegueste\/","name":"El presidente del Gobierno de Canarias impartir\u00e1 la conferencia que abrir\u00e1 los cursos de Oto\u00f1o de Tegueste - ULL - Noticias","isPartOf":{"@id":"https:\/\/www.ull.es\/portal\/noticias\/#website"},"datePublished":"2004-10-11T00:00:00+00:00","dateModified":"2004-10-11T00:00:00+00:00","author":{"@id":"https:\/\/www.ull.es\/portal\/noticias\/#\/schema\/person\/c3b2aa857797592927a03740d6664376"},"breadcrumb":{"@id":"https:\/\/www.ull.es\/portal\/noticias\/2004\/el-presidente-del-gobierno-de-canarias-impartir-la-conferencia-que-abrir-los-cursos-de-otoo-de-tegueste\/#breadcrumb"},"inLanguage":"es","potentialAction":[{"@type":"ReadAction","target":["https:\/\/www.ull.es\/portal\/noticias\/2004\/el-presidente-del-gobierno-de-canarias-impartir-la-conferencia-que-abrir-los-cursos-de-otoo-de-tegueste\/"]}]},{"@type":"BreadcrumbList","@id":"https:\/\/www.ull.es\/portal\/noticias\/2004\/el-presidente-del-gobierno-de-canarias-impartir-la-conferencia-que-abrir-los-cursos-de-otoo-de-tegueste\/#breadcrumb","itemListElement":[{"@type":"ListItem","position":1,"name":"Portada","item":"https:\/\/www.ull.es\/portal\/noticias\/"},{"@type":"ListItem","position":2,"name":"El presidente del Gobierno de Canarias impartir\u00e1 la conferencia que abrir\u00e1 los cursos de Oto\u00f1o de Tegueste"}]},{"@type":"WebSite","@id":"https:\/\/www.ull.es\/portal\/noticias\/#website","url":"https:\/\/www.ull.es\/portal\/noticias\/","name":"ULL - Noticias","description":"","potentialAction":[{"@type":"SearchAction","target":{"@type":"EntryPoint","urlTemplate":"https:\/\/www.ull.es\/portal\/noticias\/?s={search_term_string}"},"query-input":"required name=search_term_string"}],"inLanguage":"es"},{"@type":"Person","@id":"https:\/\/www.ull.es\/portal\/noticias\/#\/schema\/person\/c3b2aa857797592927a03740d6664376","name":"prensa2","image":{"@type":"ImageObject","inLanguage":"es","@id":"https:\/\/www.ull.es\/portal\/noticias\/#\/schema\/person\/image\/","url":"https:\/\/secure.gravatar.com\/avatar\/b58f310a5de5feb33d1e026d2493f23c?s=96&d=mm&r=g","contentUrl":"https:\/\/secure.gravatar.com\/avatar\/b58f310a5de5feb33d1e026d2493f23c?s=96&d=mm&r=g","caption":"prensa2"},"url":"https:\/\/www.ull.es\/portal\/noticias\/author\/prensa2\/"}]}},"primary_category":null,"featured_image_thumbnail_url":null,"_links":{"self":[{"href":"https:\/\/www.ull.es\/portal\/noticias\/wp-json\/wp\/v2\/posts\/13329"}],"collection":[{"href":"https:\/\/www.ull.es\/portal\/noticias\/wp-json\/wp\/v2\/posts"}],"about":[{"href":"https:\/\/www.ull.es\/portal\/noticias\/wp-json\/wp\/v2\/types\/post"}],"author":[{"embeddable":true,"href":"https:\/\/www.ull.es\/portal\/noticias\/wp-json\/wp\/v2\/users\/21"}],"replies":[{"embeddable":true,"href":"https:\/\/www.ull.es\/portal\/noticias\/wp-json\/wp\/v2\/comments?post=13329"}],"version-history":[{"count":0,"href":"https:\/\/www.ull.es\/portal\/noticias\/wp-json\/wp\/v2\/posts\/13329\/revisions"}],"wp:attachment":[{"href":"https:\/\/www.ull.es\/portal\/noticias\/wp-json\/wp\/v2\/media?parent=13329"}],"wp:term":[{"taxonomy":"category","embeddable":true,"href":"https:\/\/www.ull.es\/portal\/noticias\/wp-json\/wp\/v2\/categories?post=13329"},{"taxonomy":"post_tag","embeddable":true,"href":"https:\/\/www.ull.es\/portal\/noticias\/wp-json\/wp\/v2\/tags?post=13329"}],"curies":[{"name":"wp","href":"https:\/\/api.w.org\/{rel}","templated":true}]}}