{"id":13330,"date":"2004-10-13T00:00:00","date_gmt":"2004-10-13T00:00:00","guid":{"rendered":"http:\/\/ddigital.webs.ull.es\/la-fundacin-empresa-gestionar-un-curso-sobre-la-actualizacin-de-las-prcticas-psicoteraputicas-en-la-sanidad-pblica\/"},"modified":"2004-10-13T00:00:00","modified_gmt":"2004-10-13T00:00:00","slug":"la-fundacin-empresa-gestionar-un-curso-sobre-la-actualizacin-de-las-prcticas-psicoteraputicas-en-la-sanidad-pblica","status":"publish","type":"post","link":"https:\/\/www.ull.es\/portal\/noticias\/2004\/la-fundacin-empresa-gestionar-un-curso-sobre-la-actualizacin-de-las-prcticas-psicoteraputicas-en-la-sanidad-pblica\/","title":{"rendered":"La Fundaci\u00f3n Empresa gestionar\u00e1 un curso sobre la actualizaci\u00f3n de las pr\u00e1cticas psicoterap\u00e9uticas en la Sanidad P\u00fablica"},"content":{"rendered":"<p>La Fundaci&oacute;n Empresa Universidad de La Laguna gestionar&aacute; un curso superior de especializaci&oacute;n sobre la actualizaci&oacute;n de las pr&aacute;cticas psicoterap&eacute;uticas en la Sanidad P&uacute;blica. La finalidad fundamental de esta iniciativa es lograr que los profesionales puedan ofrecer a sus pacientes el mejor tratamiento disponible.<\/p>\n<p><P>Este objetivo coincide plenamente con las directrices planteadas en la segunda edici&oacute;n del Plan de Salud de Canarias 2003-2007 \u00abM&aacute;s salud y<BR>mejores servicios\u00bb, que pretende actualizar la red de dispositivos asistenciales para atenci&oacute;n a la salud mental, mejorar la atenci&oacute;n a la poblaci&oacute;n infantil y juvenil de riesgo, as&iacute; como a las personas que padecen una enfermedad mental de larga duraci&oacute;n.<\/P><P>Los contenidos del programa est&aacute;n dise&ntilde;ados para facilitar la puesta al d&iacute;a del alumno en los aspectos tanto te&oacute;ricos, para la conceptualizaci&oacute;n cient&iacute;fica de los trastornos mentales, como pr&aacute;cticos, para la aplicaci&oacute;n de los distintos procedimientos y t&eacute;cnicas analizadas. As&iacute; mismo, se llevar&aacute; a cabo un trabajo formativo sobre la persona del terapeuta y se abordar&aacute;n algunos de los tratamientos de probada eficacia para los trastornos mentales graves de larga duraci&oacute;n.<\/P><P>El curso estar&aacute; destinado a psic&oacute;logos y m&eacute;dicos interesados en el tratamiento de los trastornos mentales, as&iacute; como residentes (MIR y PIR) y especialistas en psiquiatr&iacute;a y psicolog&iacute;a cl&iacute;nica. En casos especiales, podr&aacute;n acceder al curso diplomados en enfermer&iacute;a psiqui&aacute;trica en m&oacute;dulos especiales. La duraci&oacute;n de este programa formativo ser&aacute; de un a&ntilde;o aproximadamente, de octubre de 2004 a septiembre de 2005 y se impartir&aacute; en el Hospital Universitario de Nuestra Se&ntilde;ora de la Candelaria. La titulaci&oacute;n obtenida ser&aacute; de Curso Superior de Especializaci&oacute;n: \u00abActualizaci&oacute;n de las pr&aacute;cticas psicoterap&eacute;uticas en la sanidad p&uacute;blica\u00bb.<\/P><P>Este programa formativo estar&aacute; dirigido por M Teresa Mir&oacute;, psic&oacute;loga cl&iacute;nica y profesora titular del departamento de Personalidad, Evaluaci&oacute;n y Tratamientos Psicol&oacute;gicos de la Universidad de La Laguna, los co-directores ser&aacute;n Francisco Rodr&iacute;guez y Carlos de las Cuevas, psiquiatras y profesores titulares del &aacute;rea de Psiquiatr&iacute;a de La Universidad de La Laguna, Juan de la Fuente, psiquiatra, jefe del servicio de Psiquiatr&iacute;a del Hospital Universitario Nuestra Se&ntilde;ora de la Candelaria y profesor asociado del &aacute;rea de Psiquiatr&iacute;a de ULL.<\/P><P>Entre los objetivos espec&iacute;ficos del curso se encuentran conocer los principios te&oacute;ricos para la conceptualizaci&oacute;n cient&iacute;fica de los trastornos mentales, abordar los aspectos pr&aacute;cticos de la gesti&oacute;n de casos cl&iacute;nicos, estudiar los modelos combinados de psicoterapia y psicof&aacute;rmacos, desarrollar las habilidades terap&eacute;uticas, el conocimiento del propio significado personal y de los posibles obst&aacute;culos que genere en el trabajo terap&eacute;utico as&iacute; como profundizar en las t&eacute;cnicas de reconstrucci&oacute;n narrativa y de terapia cognitiva basada en la meditaci&oacute;n para el tratamiento de la ansiedad y el estr&eacute;s y analizar los tratamientos de probada eficacia para las patolog&iacute;as mentales graves de larga duraci&oacute;n. <\/P><P><\/P><\/p>\n","protected":false},"excerpt":{"rendered":"<p>La Fundaci&oacute;n Empresa Universidad de La Laguna gestionar&aacute; un curso superior de especializaci&oacute;n sobre la actualizaci&oacute;n de las pr&aacute;cticas psicoterap&eacute;uticas&#8230;<\/p>\n","protected":false},"author":21,"featured_media":0,"comment_status":"open","ping_status":"open","sticky":false,"template":"","format":"standard","meta":{"inline_featured_image":false,"footnotes":""},"categories":[346],"tags":[],"acf":[],"yoast_head":"<!-- This site is optimized with the Yoast SEO plugin v21.3 - https:\/\/yoast.com\/wordpress\/plugins\/seo\/ -->\n<title>La Fundaci\u00f3n Empresa gestionar\u00e1 un curso sobre la actualizaci\u00f3n de las pr\u00e1cticas psicoterap\u00e9uticas en la Sanidad P\u00fablica - ULL - Noticias<\/title>\n<meta name=\"robots\" content=\"index, follow, max-snippet:-1, max-image-preview:large, max-video-preview:-1\" \/>\n<link rel=\"canonical\" href=\"https:\/\/www.ull.es\/portal\/noticias\/2004\/la-fundacin-empresa-gestionar-un-curso-sobre-la-actualizacin-de-las-prcticas-psicoteraputicas-en-la-sanidad-pblica\/\" \/>\n<meta property=\"og:locale\" content=\"es_ES\" \/>\n<meta property=\"og:type\" content=\"article\" \/>\n<meta property=\"og:title\" content=\"La Fundaci\u00f3n Empresa gestionar\u00e1 un curso sobre la actualizaci\u00f3n de las pr\u00e1cticas psicoterap\u00e9uticas en la Sanidad P\u00fablica - ULL - Noticias\" \/>\n<meta property=\"og:description\" content=\"La Fundaci&oacute;n Empresa Universidad de La Laguna gestionar&aacute; un curso superior de especializaci&oacute;n sobre la actualizaci&oacute;n de las pr&aacute;cticas psicoterap&eacute;uticas...\" \/>\n<meta property=\"og:url\" content=\"https:\/\/www.ull.es\/portal\/noticias\/2004\/la-fundacin-empresa-gestionar-un-curso-sobre-la-actualizacin-de-las-prcticas-psicoteraputicas-en-la-sanidad-pblica\/\" \/>\n<meta property=\"og:site_name\" content=\"ULL - Noticias\" \/>\n<meta property=\"article:publisher\" content=\"https:\/\/www.facebook.com\/universidaddelalaguna\/\" \/>\n<meta property=\"article:published_time\" content=\"2004-10-13T00:00:00+00:00\" \/>\n<meta property=\"og:image\" content=\"https:\/\/www.ull.es\/portal\/noticias\/wp-content\/uploads\/sites\/13\/2023\/06\/logo-redimensionado.png\" \/>\n\t<meta property=\"og:image:width\" content=\"1200\" \/>\n\t<meta property=\"og:image:height\" content=\"630\" \/>\n\t<meta property=\"og:image:type\" content=\"image\/png\" \/>\n<meta name=\"author\" content=\"prensa2\" \/>\n<meta name=\"twitter:card\" content=\"summary_large_image\" \/>\n<meta name=\"twitter:creator\" content=\"@CanalULL\" \/>\n<meta name=\"twitter:site\" content=\"@CanalULL\" \/>\n<meta name=\"twitter:label1\" content=\"Escrito por\" \/>\n\t<meta name=\"twitter:data1\" content=\"prensa2\" \/>\n\t<meta name=\"twitter:label2\" content=\"Tiempo de lectura\" \/>\n\t<meta name=\"twitter:data2\" content=\"3 minutos\" \/>\n<script type=\"application\/ld+json\" class=\"yoast-schema-graph\">{\"@context\":\"https:\/\/schema.org\",\"@graph\":[{\"@type\":\"WebPage\",\"@id\":\"https:\/\/www.ull.es\/portal\/noticias\/2004\/la-fundacin-empresa-gestionar-un-curso-sobre-la-actualizacin-de-las-prcticas-psicoteraputicas-en-la-sanidad-pblica\/\",\"url\":\"https:\/\/www.ull.es\/portal\/noticias\/2004\/la-fundacin-empresa-gestionar-un-curso-sobre-la-actualizacin-de-las-prcticas-psicoteraputicas-en-la-sanidad-pblica\/\",\"name\":\"La Fundaci\u00f3n Empresa gestionar\u00e1 un curso sobre la actualizaci\u00f3n de las pr\u00e1cticas psicoterap\u00e9uticas en la Sanidad P\u00fablica - ULL - Noticias\",\"isPartOf\":{\"@id\":\"https:\/\/www.ull.es\/portal\/noticias\/#website\"},\"datePublished\":\"2004-10-13T00:00:00+00:00\",\"dateModified\":\"2004-10-13T00:00:00+00:00\",\"author\":{\"@id\":\"https:\/\/www.ull.es\/portal\/noticias\/#\/schema\/person\/c3b2aa857797592927a03740d6664376\"},\"breadcrumb\":{\"@id\":\"https:\/\/www.ull.es\/portal\/noticias\/2004\/la-fundacin-empresa-gestionar-un-curso-sobre-la-actualizacin-de-las-prcticas-psicoteraputicas-en-la-sanidad-pblica\/#breadcrumb\"},\"inLanguage\":\"es\",\"potentialAction\":[{\"@type\":\"ReadAction\",\"target\":[\"https:\/\/www.ull.es\/portal\/noticias\/2004\/la-fundacin-empresa-gestionar-un-curso-sobre-la-actualizacin-de-las-prcticas-psicoteraputicas-en-la-sanidad-pblica\/\"]}]},{\"@type\":\"BreadcrumbList\",\"@id\":\"https:\/\/www.ull.es\/portal\/noticias\/2004\/la-fundacin-empresa-gestionar-un-curso-sobre-la-actualizacin-de-las-prcticas-psicoteraputicas-en-la-sanidad-pblica\/#breadcrumb\",\"itemListElement\":[{\"@type\":\"ListItem\",\"position\":1,\"name\":\"Portada\",\"item\":\"https:\/\/www.ull.es\/portal\/noticias\/\"},{\"@type\":\"ListItem\",\"position\":2,\"name\":\"La Fundaci\u00f3n Empresa gestionar\u00e1 un curso sobre la actualizaci\u00f3n de las pr\u00e1cticas psicoterap\u00e9uticas en la Sanidad P\u00fablica\"}]},{\"@type\":\"WebSite\",\"@id\":\"https:\/\/www.ull.es\/portal\/noticias\/#website\",\"url\":\"https:\/\/www.ull.es\/portal\/noticias\/\",\"name\":\"ULL - Noticias\",\"description\":\"\",\"potentialAction\":[{\"@type\":\"SearchAction\",\"target\":{\"@type\":\"EntryPoint\",\"urlTemplate\":\"https:\/\/www.ull.es\/portal\/noticias\/?s={search_term_string}\"},\"query-input\":\"required name=search_term_string\"}],\"inLanguage\":\"es\"},{\"@type\":\"Person\",\"@id\":\"https:\/\/www.ull.es\/portal\/noticias\/#\/schema\/person\/c3b2aa857797592927a03740d6664376\",\"name\":\"prensa2\",\"image\":{\"@type\":\"ImageObject\",\"inLanguage\":\"es\",\"@id\":\"https:\/\/www.ull.es\/portal\/noticias\/#\/schema\/person\/image\/\",\"url\":\"https:\/\/secure.gravatar.com\/avatar\/b58f310a5de5feb33d1e026d2493f23c?s=96&d=mm&r=g\",\"contentUrl\":\"https:\/\/secure.gravatar.com\/avatar\/b58f310a5de5feb33d1e026d2493f23c?s=96&d=mm&r=g\",\"caption\":\"prensa2\"},\"url\":\"https:\/\/www.ull.es\/portal\/noticias\/author\/prensa2\/\"}]}<\/script>\n<!-- \/ Yoast SEO plugin. -->","yoast_head_json":{"title":"La Fundaci\u00f3n Empresa gestionar\u00e1 un curso sobre la actualizaci\u00f3n de las pr\u00e1cticas psicoterap\u00e9uticas en la Sanidad P\u00fablica - ULL - Noticias","robots":{"index":"index","follow":"follow","max-snippet":"max-snippet:-1","max-image-preview":"max-image-preview:large","max-video-preview":"max-video-preview:-1"},"canonical":"https:\/\/www.ull.es\/portal\/noticias\/2004\/la-fundacin-empresa-gestionar-un-curso-sobre-la-actualizacin-de-las-prcticas-psicoteraputicas-en-la-sanidad-pblica\/","og_locale":"es_ES","og_type":"article","og_title":"La Fundaci\u00f3n Empresa gestionar\u00e1 un curso sobre la actualizaci\u00f3n de las pr\u00e1cticas psicoterap\u00e9uticas en la Sanidad P\u00fablica - ULL - Noticias","og_description":"La Fundaci&oacute;n Empresa Universidad de La Laguna gestionar&aacute; un curso superior de especializaci&oacute;n sobre la actualizaci&oacute;n de las pr&aacute;cticas psicoterap&eacute;uticas...","og_url":"https:\/\/www.ull.es\/portal\/noticias\/2004\/la-fundacin-empresa-gestionar-un-curso-sobre-la-actualizacin-de-las-prcticas-psicoteraputicas-en-la-sanidad-pblica\/","og_site_name":"ULL - Noticias","article_publisher":"https:\/\/www.facebook.com\/universidaddelalaguna\/","article_published_time":"2004-10-13T00:00:00+00:00","og_image":[{"width":1200,"height":630,"url":"https:\/\/www.ull.es\/portal\/noticias\/wp-content\/uploads\/sites\/13\/2023\/06\/logo-redimensionado.png","type":"image\/png"}],"author":"prensa2","twitter_card":"summary_large_image","twitter_creator":"@CanalULL","twitter_site":"@CanalULL","twitter_misc":{"Escrito por":"prensa2","Tiempo de lectura":"3 minutos"},"schema":{"@context":"https:\/\/schema.org","@graph":[{"@type":"WebPage","@id":"https:\/\/www.ull.es\/portal\/noticias\/2004\/la-fundacin-empresa-gestionar-un-curso-sobre-la-actualizacin-de-las-prcticas-psicoteraputicas-en-la-sanidad-pblica\/","url":"https:\/\/www.ull.es\/portal\/noticias\/2004\/la-fundacin-empresa-gestionar-un-curso-sobre-la-actualizacin-de-las-prcticas-psicoteraputicas-en-la-sanidad-pblica\/","name":"La Fundaci\u00f3n Empresa gestionar\u00e1 un curso sobre la actualizaci\u00f3n de las pr\u00e1cticas psicoterap\u00e9uticas en la Sanidad P\u00fablica - ULL - Noticias","isPartOf":{"@id":"https:\/\/www.ull.es\/portal\/noticias\/#website"},"datePublished":"2004-10-13T00:00:00+00:00","dateModified":"2004-10-13T00:00:00+00:00","author":{"@id":"https:\/\/www.ull.es\/portal\/noticias\/#\/schema\/person\/c3b2aa857797592927a03740d6664376"},"breadcrumb":{"@id":"https:\/\/www.ull.es\/portal\/noticias\/2004\/la-fundacin-empresa-gestionar-un-curso-sobre-la-actualizacin-de-las-prcticas-psicoteraputicas-en-la-sanidad-pblica\/#breadcrumb"},"inLanguage":"es","potentialAction":[{"@type":"ReadAction","target":["https:\/\/www.ull.es\/portal\/noticias\/2004\/la-fundacin-empresa-gestionar-un-curso-sobre-la-actualizacin-de-las-prcticas-psicoteraputicas-en-la-sanidad-pblica\/"]}]},{"@type":"BreadcrumbList","@id":"https:\/\/www.ull.es\/portal\/noticias\/2004\/la-fundacin-empresa-gestionar-un-curso-sobre-la-actualizacin-de-las-prcticas-psicoteraputicas-en-la-sanidad-pblica\/#breadcrumb","itemListElement":[{"@type":"ListItem","position":1,"name":"Portada","item":"https:\/\/www.ull.es\/portal\/noticias\/"},{"@type":"ListItem","position":2,"name":"La Fundaci\u00f3n Empresa gestionar\u00e1 un curso sobre la actualizaci\u00f3n de las pr\u00e1cticas psicoterap\u00e9uticas en la Sanidad P\u00fablica"}]},{"@type":"WebSite","@id":"https:\/\/www.ull.es\/portal\/noticias\/#website","url":"https:\/\/www.ull.es\/portal\/noticias\/","name":"ULL - Noticias","description":"","potentialAction":[{"@type":"SearchAction","target":{"@type":"EntryPoint","urlTemplate":"https:\/\/www.ull.es\/portal\/noticias\/?s={search_term_string}"},"query-input":"required name=search_term_string"}],"inLanguage":"es"},{"@type":"Person","@id":"https:\/\/www.ull.es\/portal\/noticias\/#\/schema\/person\/c3b2aa857797592927a03740d6664376","name":"prensa2","image":{"@type":"ImageObject","inLanguage":"es","@id":"https:\/\/www.ull.es\/portal\/noticias\/#\/schema\/person\/image\/","url":"https:\/\/secure.gravatar.com\/avatar\/b58f310a5de5feb33d1e026d2493f23c?s=96&d=mm&r=g","contentUrl":"https:\/\/secure.gravatar.com\/avatar\/b58f310a5de5feb33d1e026d2493f23c?s=96&d=mm&r=g","caption":"prensa2"},"url":"https:\/\/www.ull.es\/portal\/noticias\/author\/prensa2\/"}]}},"primary_category":null,"featured_image_thumbnail_url":null,"_links":{"self":[{"href":"https:\/\/www.ull.es\/portal\/noticias\/wp-json\/wp\/v2\/posts\/13330"}],"collection":[{"href":"https:\/\/www.ull.es\/portal\/noticias\/wp-json\/wp\/v2\/posts"}],"about":[{"href":"https:\/\/www.ull.es\/portal\/noticias\/wp-json\/wp\/v2\/types\/post"}],"author":[{"embeddable":true,"href":"https:\/\/www.ull.es\/portal\/noticias\/wp-json\/wp\/v2\/users\/21"}],"replies":[{"embeddable":true,"href":"https:\/\/www.ull.es\/portal\/noticias\/wp-json\/wp\/v2\/comments?post=13330"}],"version-history":[{"count":0,"href":"https:\/\/www.ull.es\/portal\/noticias\/wp-json\/wp\/v2\/posts\/13330\/revisions"}],"wp:attachment":[{"href":"https:\/\/www.ull.es\/portal\/noticias\/wp-json\/wp\/v2\/media?parent=13330"}],"wp:term":[{"taxonomy":"category","embeddable":true,"href":"https:\/\/www.ull.es\/portal\/noticias\/wp-json\/wp\/v2\/categories?post=13330"},{"taxonomy":"post_tag","embeddable":true,"href":"https:\/\/www.ull.es\/portal\/noticias\/wp-json\/wp\/v2\/tags?post=13330"}],"curies":[{"name":"wp","href":"https:\/\/api.w.org\/{rel}","templated":true}]}}