{"id":13333,"date":"2004-10-20T00:00:00","date_gmt":"2004-10-20T00:00:00","guid":{"rendered":"http:\/\/ddigital.webs.ull.es\/extensin-universitariaimparti-ms-de-cien-cursos-durante-el-curso-pasado\/"},"modified":"2004-10-20T00:00:00","modified_gmt":"2004-10-20T00:00:00","slug":"extensin-universitariaimparti-ms-de-cien-cursos-durante-el-curso-pasado","status":"publish","type":"post","link":"https:\/\/www.ull.es\/portal\/noticias\/2004\/extensin-universitariaimparti-ms-de-cien-cursos-durante-el-curso-pasado\/","title":{"rendered":"Extensi\u00f3n Universitariaimparti\u00f3 m\u00e1s de cien cursos durante el curso pasado"},"content":{"rendered":"<p>Seg&uacute;n datos de la memoria acad&eacute;mica del curso 2003\/04 de la Universidad de La Laguna, el Vicerrectorado de Extensi&oacute;n Universitaria y Relaciones Internacionales organiz&oacute; un total de 129 cursos, y cont&oacute; con 4.065 alumnos matriculados a trav&eacute;s de las convocatorias de verano, invierno, cursos interdisciplinares o de aulas culturales, entre otros.<\/p>\n<p><P>En la isla de Tenerife se realizaron un total de 57 cursos, distribuidos entre las Universidad de Verano de Adeje, cursos de Oto&ntilde;o en Tegueste, de Primavera en la Comarca de Acentejo y El Rosario, la de Invierno en la Comarca Noroeste de Tenerife, o los cursos universitarios interdisciplinares. Otras islas que contaron con los cursos de Extensi&oacute;n Universitaria fueron Lanzarote, con 31 y una asistencia de m&aacute;s de 230 alumnos; La Gomera, con 4 seminarios y 191 matriculados; y La Palma, con 4 cursos y 388 estudiantes. <\/P><P>Otras jornadas fueron llevadas a cabo gracias a la colaboraci&oacute;n entre distintas entidades y el vicerrectorado, como los acordados con la Fundaci&oacute;n Empresa de la Universidad de La Laguna, Cabildo de Tenerife y el departamento de Pintura y Escultura de la facultad de Bellas Artes; o los realizados con la Federaci&oacute;n Canaria de Municipios (FECAM), la Fundaci&oacute;n Canaria Insular para la Formaci&oacute;n, el Empleo y el Desarrollo Empresarial (FIFEDE) y el Gobierno de Canarias.<\/P><P>Tambi&eacute;n destacan, de entre los acontecimientos realizados por el vicerrectorado, las actividades de tres c&aacute;tedras culturales, cient&iacute;ficas y tecnol&oacute;gicas desarrolladas durante el curso pasado, as&iacute; como las propuestas de aulas culturales en las que se impartieron desde talleres a conferencias, y que convocaron desde recitales hasta premios, como el XIV Curso y Festival de Piano o el Premio Internacional de Fotograf&iacute;a Rafael Ramos Garc&iacute;a. Otras actividades culturales tuvieron que ver con exposiciones, actuaciones musicales, ciclos de cine, presentaciones de libros y revistas, con un total de p&uacute;blico asistente de 19.623 personas en los 84 actos programados.<BR><\/P><\/p>\n","protected":false},"excerpt":{"rendered":"<p>Seg&uacute;n datos de la memoria acad&eacute;mica del curso 2003\/04 de la Universidad de La Laguna, el Vicerrectorado de Extensi&oacute;n Universitaria&#8230;<\/p>\n","protected":false},"author":21,"featured_media":0,"comment_status":"open","ping_status":"open","sticky":false,"template":"","format":"standard","meta":{"inline_featured_image":false,"footnotes":""},"categories":[346],"tags":[],"acf":[],"yoast_head":"<!-- This site is optimized with the Yoast SEO plugin v21.3 - https:\/\/yoast.com\/wordpress\/plugins\/seo\/ -->\n<title>Extensi\u00f3n Universitariaimparti\u00f3 m\u00e1s de cien cursos durante el curso pasado - ULL - Noticias<\/title>\n<meta name=\"robots\" content=\"index, follow, max-snippet:-1, max-image-preview:large, max-video-preview:-1\" \/>\n<link rel=\"canonical\" href=\"https:\/\/www.ull.es\/portal\/noticias\/2004\/extensin-universitariaimparti-ms-de-cien-cursos-durante-el-curso-pasado\/\" \/>\n<meta property=\"og:locale\" content=\"es_ES\" \/>\n<meta property=\"og:type\" content=\"article\" \/>\n<meta property=\"og:title\" content=\"Extensi\u00f3n Universitariaimparti\u00f3 m\u00e1s de cien cursos durante el curso pasado - ULL - Noticias\" \/>\n<meta property=\"og:description\" content=\"Seg&uacute;n datos de la memoria acad&eacute;mica del curso 2003\/04 de la Universidad de La Laguna, el Vicerrectorado de Extensi&oacute;n Universitaria...\" \/>\n<meta property=\"og:url\" content=\"https:\/\/www.ull.es\/portal\/noticias\/2004\/extensin-universitariaimparti-ms-de-cien-cursos-durante-el-curso-pasado\/\" \/>\n<meta property=\"og:site_name\" content=\"ULL - Noticias\" \/>\n<meta property=\"article:publisher\" content=\"https:\/\/www.facebook.com\/universidaddelalaguna\/\" \/>\n<meta property=\"article:published_time\" content=\"2004-10-20T00:00:00+00:00\" \/>\n<meta property=\"og:image\" content=\"https:\/\/www.ull.es\/portal\/noticias\/wp-content\/uploads\/sites\/13\/2023\/06\/logo-redimensionado.png\" \/>\n\t<meta property=\"og:image:width\" content=\"1200\" \/>\n\t<meta property=\"og:image:height\" content=\"630\" \/>\n\t<meta property=\"og:image:type\" content=\"image\/png\" \/>\n<meta name=\"author\" content=\"prensa2\" \/>\n<meta name=\"twitter:card\" content=\"summary_large_image\" \/>\n<meta name=\"twitter:creator\" content=\"@CanalULL\" \/>\n<meta name=\"twitter:site\" content=\"@CanalULL\" \/>\n<meta name=\"twitter:label1\" content=\"Escrito por\" \/>\n\t<meta name=\"twitter:data1\" content=\"prensa2\" \/>\n\t<meta name=\"twitter:label2\" content=\"Tiempo de lectura\" \/>\n\t<meta name=\"twitter:data2\" content=\"2 minutos\" \/>\n<script type=\"application\/ld+json\" class=\"yoast-schema-graph\">{\"@context\":\"https:\/\/schema.org\",\"@graph\":[{\"@type\":\"WebPage\",\"@id\":\"https:\/\/www.ull.es\/portal\/noticias\/2004\/extensin-universitariaimparti-ms-de-cien-cursos-durante-el-curso-pasado\/\",\"url\":\"https:\/\/www.ull.es\/portal\/noticias\/2004\/extensin-universitariaimparti-ms-de-cien-cursos-durante-el-curso-pasado\/\",\"name\":\"Extensi\u00f3n Universitariaimparti\u00f3 m\u00e1s de cien cursos durante el curso pasado - ULL - Noticias\",\"isPartOf\":{\"@id\":\"https:\/\/www.ull.es\/portal\/noticias\/#website\"},\"datePublished\":\"2004-10-20T00:00:00+00:00\",\"dateModified\":\"2004-10-20T00:00:00+00:00\",\"author\":{\"@id\":\"https:\/\/www.ull.es\/portal\/noticias\/#\/schema\/person\/c3b2aa857797592927a03740d6664376\"},\"breadcrumb\":{\"@id\":\"https:\/\/www.ull.es\/portal\/noticias\/2004\/extensin-universitariaimparti-ms-de-cien-cursos-durante-el-curso-pasado\/#breadcrumb\"},\"inLanguage\":\"es\",\"potentialAction\":[{\"@type\":\"ReadAction\",\"target\":[\"https:\/\/www.ull.es\/portal\/noticias\/2004\/extensin-universitariaimparti-ms-de-cien-cursos-durante-el-curso-pasado\/\"]}]},{\"@type\":\"BreadcrumbList\",\"@id\":\"https:\/\/www.ull.es\/portal\/noticias\/2004\/extensin-universitariaimparti-ms-de-cien-cursos-durante-el-curso-pasado\/#breadcrumb\",\"itemListElement\":[{\"@type\":\"ListItem\",\"position\":1,\"name\":\"Portada\",\"item\":\"https:\/\/www.ull.es\/portal\/noticias\/\"},{\"@type\":\"ListItem\",\"position\":2,\"name\":\"Extensi\u00f3n Universitariaimparti\u00f3 m\u00e1s de cien cursos durante el curso pasado\"}]},{\"@type\":\"WebSite\",\"@id\":\"https:\/\/www.ull.es\/portal\/noticias\/#website\",\"url\":\"https:\/\/www.ull.es\/portal\/noticias\/\",\"name\":\"ULL - Noticias\",\"description\":\"\",\"potentialAction\":[{\"@type\":\"SearchAction\",\"target\":{\"@type\":\"EntryPoint\",\"urlTemplate\":\"https:\/\/www.ull.es\/portal\/noticias\/?s={search_term_string}\"},\"query-input\":\"required name=search_term_string\"}],\"inLanguage\":\"es\"},{\"@type\":\"Person\",\"@id\":\"https:\/\/www.ull.es\/portal\/noticias\/#\/schema\/person\/c3b2aa857797592927a03740d6664376\",\"name\":\"prensa2\",\"image\":{\"@type\":\"ImageObject\",\"inLanguage\":\"es\",\"@id\":\"https:\/\/www.ull.es\/portal\/noticias\/#\/schema\/person\/image\/\",\"url\":\"https:\/\/secure.gravatar.com\/avatar\/b58f310a5de5feb33d1e026d2493f23c?s=96&d=mm&r=g\",\"contentUrl\":\"https:\/\/secure.gravatar.com\/avatar\/b58f310a5de5feb33d1e026d2493f23c?s=96&d=mm&r=g\",\"caption\":\"prensa2\"},\"url\":\"https:\/\/www.ull.es\/portal\/noticias\/author\/prensa2\/\"}]}<\/script>\n<!-- \/ Yoast SEO plugin. -->","yoast_head_json":{"title":"Extensi\u00f3n Universitariaimparti\u00f3 m\u00e1s de cien cursos durante el curso pasado - ULL - Noticias","robots":{"index":"index","follow":"follow","max-snippet":"max-snippet:-1","max-image-preview":"max-image-preview:large","max-video-preview":"max-video-preview:-1"},"canonical":"https:\/\/www.ull.es\/portal\/noticias\/2004\/extensin-universitariaimparti-ms-de-cien-cursos-durante-el-curso-pasado\/","og_locale":"es_ES","og_type":"article","og_title":"Extensi\u00f3n Universitariaimparti\u00f3 m\u00e1s de cien cursos durante el curso pasado - ULL - Noticias","og_description":"Seg&uacute;n datos de la memoria acad&eacute;mica del curso 2003\/04 de la Universidad de La Laguna, el Vicerrectorado de Extensi&oacute;n Universitaria...","og_url":"https:\/\/www.ull.es\/portal\/noticias\/2004\/extensin-universitariaimparti-ms-de-cien-cursos-durante-el-curso-pasado\/","og_site_name":"ULL - Noticias","article_publisher":"https:\/\/www.facebook.com\/universidaddelalaguna\/","article_published_time":"2004-10-20T00:00:00+00:00","og_image":[{"width":1200,"height":630,"url":"https:\/\/www.ull.es\/portal\/noticias\/wp-content\/uploads\/sites\/13\/2023\/06\/logo-redimensionado.png","type":"image\/png"}],"author":"prensa2","twitter_card":"summary_large_image","twitter_creator":"@CanalULL","twitter_site":"@CanalULL","twitter_misc":{"Escrito por":"prensa2","Tiempo de lectura":"2 minutos"},"schema":{"@context":"https:\/\/schema.org","@graph":[{"@type":"WebPage","@id":"https:\/\/www.ull.es\/portal\/noticias\/2004\/extensin-universitariaimparti-ms-de-cien-cursos-durante-el-curso-pasado\/","url":"https:\/\/www.ull.es\/portal\/noticias\/2004\/extensin-universitariaimparti-ms-de-cien-cursos-durante-el-curso-pasado\/","name":"Extensi\u00f3n Universitariaimparti\u00f3 m\u00e1s de cien cursos durante el curso pasado - ULL - Noticias","isPartOf":{"@id":"https:\/\/www.ull.es\/portal\/noticias\/#website"},"datePublished":"2004-10-20T00:00:00+00:00","dateModified":"2004-10-20T00:00:00+00:00","author":{"@id":"https:\/\/www.ull.es\/portal\/noticias\/#\/schema\/person\/c3b2aa857797592927a03740d6664376"},"breadcrumb":{"@id":"https:\/\/www.ull.es\/portal\/noticias\/2004\/extensin-universitariaimparti-ms-de-cien-cursos-durante-el-curso-pasado\/#breadcrumb"},"inLanguage":"es","potentialAction":[{"@type":"ReadAction","target":["https:\/\/www.ull.es\/portal\/noticias\/2004\/extensin-universitariaimparti-ms-de-cien-cursos-durante-el-curso-pasado\/"]}]},{"@type":"BreadcrumbList","@id":"https:\/\/www.ull.es\/portal\/noticias\/2004\/extensin-universitariaimparti-ms-de-cien-cursos-durante-el-curso-pasado\/#breadcrumb","itemListElement":[{"@type":"ListItem","position":1,"name":"Portada","item":"https:\/\/www.ull.es\/portal\/noticias\/"},{"@type":"ListItem","position":2,"name":"Extensi\u00f3n Universitariaimparti\u00f3 m\u00e1s de cien cursos durante el curso pasado"}]},{"@type":"WebSite","@id":"https:\/\/www.ull.es\/portal\/noticias\/#website","url":"https:\/\/www.ull.es\/portal\/noticias\/","name":"ULL - Noticias","description":"","potentialAction":[{"@type":"SearchAction","target":{"@type":"EntryPoint","urlTemplate":"https:\/\/www.ull.es\/portal\/noticias\/?s={search_term_string}"},"query-input":"required name=search_term_string"}],"inLanguage":"es"},{"@type":"Person","@id":"https:\/\/www.ull.es\/portal\/noticias\/#\/schema\/person\/c3b2aa857797592927a03740d6664376","name":"prensa2","image":{"@type":"ImageObject","inLanguage":"es","@id":"https:\/\/www.ull.es\/portal\/noticias\/#\/schema\/person\/image\/","url":"https:\/\/secure.gravatar.com\/avatar\/b58f310a5de5feb33d1e026d2493f23c?s=96&d=mm&r=g","contentUrl":"https:\/\/secure.gravatar.com\/avatar\/b58f310a5de5feb33d1e026d2493f23c?s=96&d=mm&r=g","caption":"prensa2"},"url":"https:\/\/www.ull.es\/portal\/noticias\/author\/prensa2\/"}]}},"primary_category":null,"featured_image_thumbnail_url":null,"_links":{"self":[{"href":"https:\/\/www.ull.es\/portal\/noticias\/wp-json\/wp\/v2\/posts\/13333"}],"collection":[{"href":"https:\/\/www.ull.es\/portal\/noticias\/wp-json\/wp\/v2\/posts"}],"about":[{"href":"https:\/\/www.ull.es\/portal\/noticias\/wp-json\/wp\/v2\/types\/post"}],"author":[{"embeddable":true,"href":"https:\/\/www.ull.es\/portal\/noticias\/wp-json\/wp\/v2\/users\/21"}],"replies":[{"embeddable":true,"href":"https:\/\/www.ull.es\/portal\/noticias\/wp-json\/wp\/v2\/comments?post=13333"}],"version-history":[{"count":0,"href":"https:\/\/www.ull.es\/portal\/noticias\/wp-json\/wp\/v2\/posts\/13333\/revisions"}],"wp:attachment":[{"href":"https:\/\/www.ull.es\/portal\/noticias\/wp-json\/wp\/v2\/media?parent=13333"}],"wp:term":[{"taxonomy":"category","embeddable":true,"href":"https:\/\/www.ull.es\/portal\/noticias\/wp-json\/wp\/v2\/categories?post=13333"},{"taxonomy":"post_tag","embeddable":true,"href":"https:\/\/www.ull.es\/portal\/noticias\/wp-json\/wp\/v2\/tags?post=13333"}],"curies":[{"name":"wp","href":"https:\/\/api.w.org\/{rel}","templated":true}]}}