{"id":13367,"date":"2005-06-24T00:00:00","date_gmt":"2005-06-24T00:00:00","guid":{"rendered":"http:\/\/ddigital.webs.ull.es\/el-mundo-seala-al-mster-de-interpretacin-de-la-ull-como-el-mejor-de-mbito-nacional\/"},"modified":"2005-06-24T00:00:00","modified_gmt":"2005-06-24T00:00:00","slug":"el-mundo-seala-al-mster-de-interpretacin-de-la-ull-como-el-mejor-de-mbito-nacional","status":"publish","type":"post","link":"https:\/\/www.ull.es\/portal\/noticias\/2005\/el-mundo-seala-al-mster-de-interpretacin-de-la-ull-como-el-mejor-de-mbito-nacional\/","title":{"rendered":"El Mundo se\u00f1ala al M\u00e1ster de interpretaci\u00f3n de la ULL como el mejor de \u00e1mbito nacional"},"content":{"rendered":"<p>El diario de tirada nacional El Mundo public&oacute; el pasado mi&eacute;rcoles, 22 de junio de 2005, una clasificaci&oacute;n con los 250 mejores m&aacute;ster universitarios, seg&uacute;n una baremaci&oacute;n elaborada por el propio peri&oacute;dico. El M&aacute;ster Europeo en Interpretaci&oacute;n de Conferencias que se imparte en la Universidad de La Laguna fue elegido el mejor de &aacute;mbito nacional en el apartado dedicado a posgrados de edici&oacute;n y traducci&oacute;n, dentro de la categor&iacute;a de Humanidades.<\/p>\n<p><P>Para realizar el estudio se han evaluado m&aacute;s de mil cuestionarios remitidos a m&aacute;ster de toda Espa&ntilde;a, y se han consultado clasificaciones internacionales y opiniones de expertosy alumnos. Se han tenido en cuenta 26 criterios objetivos, como la antigedad, relaci&oacute;n calidad\/precio, recursos materiales y humanos, horas de tutor&iacute;a, porcentaje de teor&iacute;a y pr&aacute;ctica, o tasa de &eacute;xito.<\/P><P>El M&aacute;ster Europeo de Interpretaci&oacute;n de Conferencias es una iniciativa docente consolidad, como demuestra el hecho de que durante el pr&oacute;ximo curso 2006\/2006 vaya a impartirse su d&eacute;cimo s&eacute;ptima edici&oacute;n. Como se&ntilde;ala Jos&eacute; Est&eacute;vez, secretario acad&eacute;mico del m&aacute;ster, uno de los secretos del \u00ab&eacute;xito del master es la limitaci&oacute;n del numero de alumnos a 16. Esto permite que en determinadas clases hayan dos profesores por estudiante\u00bb. <\/P><P>El alto n&uacute;mero de docentes obedece a la multiplicidad de idiomas admitidos en el curso. Existen los de modalidad A, que son las lenguas maternas, los B, que son lenguas no maternas, pero que se dominan con suficiente competencia como para poder traducir hacia ellas desde otros idiomas, y las C, que son los idiomas desde los que se interpreta. <\/P><P>La titulaci&oacute;n cuenta con ayudas del Parlamento y la Comisi&oacute;n Europea. Desde este curso, est&aacute; gestionado a trav&eacute;s de la Fundaci&oacute;n Empresa-Universidad de La Laguna, lo cual Est&eacute;vez valora, ya que les ha permitido agilizar la gesti&oacute;n e, incluso, acceder a ayudas y subvenciones europeas.<\/P><P>No es esta la &uacute;nica menci&oacute;n de calidad que ha recibido el t&iacute;tulo. Est&eacute;vez se&ntilde;ala que en una clasificaci&oacute;n realizada le a&ntilde;o pasado sobre los mejores m&aacute;ster en interpretaci&oacute;n del mundo, el de la Universidad de La laguna qued&oacute; quinto. Adem&aacute;s, recuerda que recientemente el jefe de cabinas de espa&ntilde;ol del Parlamento Europeo le inform&oacute; de que casi el 50% de los traductores al castellano que trabajan en dicho &oacute;rgano se han formado en el posgrado de la ULL.<\/P><P>Fuera de la clasificaci&oacute;n, el trabajo publicado por El Mundo hace menci&oacute;n especial a otros m&aacute;ster que se imparten en la Universidad de La Laguna. En la secci&oacute;n denominada \u00ab&uacute;nicos en su especie\u00bb, referida a t&iacute;tulos muy espec&iacute;ficos que s&oacute;lo se imparten en un punto del pa&iacute;s, se destaca el M&aacute;ster en Tanatolog&iacute;a de la ULL. En el apartado dedicado a estudios \u00abalternativos\u00bb, se menciona el M&aacute;ster en Educaci&oacute;n Sexual, Terapia Sexual y G&eacute;nero. <\/P><P>La oferta completa de m&aacute;ster de la Universidad de La Laguna est&aacute; disponible en la p&aacute;gina web institucional: <a href=\"http:\/\/www2.ull.es\/ullasp\/docencia\/masters.asp\" target=\"_blank\" rel=\"noopener\">www2.ull.es\/ullasp\/docencia\/masters.asp<\/A>. Con la aprobaci&oacute;n reciente de 18 nuevos t&iacute;tulos m&aacute;ster y expertos que se suman a los ya existentes, la oferta de posgrado de la Universidad <BR><\/P><\/p>\n","protected":false},"excerpt":{"rendered":"<p>El diario de tirada nacional El Mundo public&oacute; el pasado mi&eacute;rcoles, 22 de junio de 2005, una clasificaci&oacute;n con los&#8230;<\/p>\n","protected":false},"author":21,"featured_media":0,"comment_status":"open","ping_status":"open","sticky":false,"template":"","format":"standard","meta":{"inline_featured_image":false,"footnotes":""},"categories":[346,1],"tags":[],"acf":[],"yoast_head":"<!-- This site is optimized with the Yoast SEO plugin v21.3 - https:\/\/yoast.com\/wordpress\/plugins\/seo\/ -->\n<title>El Mundo se\u00f1ala al M\u00e1ster de interpretaci\u00f3n de la ULL como el mejor de \u00e1mbito nacional - ULL - Noticias<\/title>\n<meta name=\"robots\" content=\"index, follow, max-snippet:-1, max-image-preview:large, max-video-preview:-1\" \/>\n<link rel=\"canonical\" href=\"https:\/\/www.ull.es\/portal\/noticias\/2005\/el-mundo-seala-al-mster-de-interpretacin-de-la-ull-como-el-mejor-de-mbito-nacional\/\" \/>\n<meta property=\"og:locale\" content=\"es_ES\" \/>\n<meta property=\"og:type\" content=\"article\" \/>\n<meta property=\"og:title\" content=\"El Mundo se\u00f1ala al M\u00e1ster de interpretaci\u00f3n de la ULL como el mejor de \u00e1mbito nacional - ULL - Noticias\" \/>\n<meta property=\"og:description\" content=\"El diario de tirada nacional El Mundo public&oacute; el pasado mi&eacute;rcoles, 22 de junio de 2005, una clasificaci&oacute;n con los...\" \/>\n<meta property=\"og:url\" content=\"https:\/\/www.ull.es\/portal\/noticias\/2005\/el-mundo-seala-al-mster-de-interpretacin-de-la-ull-como-el-mejor-de-mbito-nacional\/\" \/>\n<meta property=\"og:site_name\" content=\"ULL - Noticias\" \/>\n<meta property=\"article:publisher\" content=\"https:\/\/www.facebook.com\/universidaddelalaguna\/\" \/>\n<meta property=\"article:published_time\" content=\"2005-06-24T00:00:00+00:00\" \/>\n<meta property=\"og:image\" content=\"https:\/\/www.ull.es\/portal\/noticias\/wp-content\/uploads\/sites\/13\/2023\/06\/logo-redimensionado.png\" \/>\n\t<meta property=\"og:image:width\" content=\"1200\" \/>\n\t<meta property=\"og:image:height\" content=\"630\" \/>\n\t<meta property=\"og:image:type\" content=\"image\/png\" \/>\n<meta name=\"author\" content=\"prensa2\" \/>\n<meta name=\"twitter:card\" content=\"summary_large_image\" \/>\n<meta name=\"twitter:creator\" content=\"@CanalULL\" \/>\n<meta name=\"twitter:site\" content=\"@CanalULL\" \/>\n<meta name=\"twitter:label1\" content=\"Escrito por\" \/>\n\t<meta name=\"twitter:data1\" content=\"prensa2\" \/>\n\t<meta name=\"twitter:label2\" content=\"Tiempo de lectura\" \/>\n\t<meta name=\"twitter:data2\" content=\"3 minutos\" \/>\n<script type=\"application\/ld+json\" class=\"yoast-schema-graph\">{\"@context\":\"https:\/\/schema.org\",\"@graph\":[{\"@type\":\"WebPage\",\"@id\":\"https:\/\/www.ull.es\/portal\/noticias\/2005\/el-mundo-seala-al-mster-de-interpretacin-de-la-ull-como-el-mejor-de-mbito-nacional\/\",\"url\":\"https:\/\/www.ull.es\/portal\/noticias\/2005\/el-mundo-seala-al-mster-de-interpretacin-de-la-ull-como-el-mejor-de-mbito-nacional\/\",\"name\":\"El Mundo se\u00f1ala al M\u00e1ster de interpretaci\u00f3n de la ULL como el mejor de \u00e1mbito nacional - ULL - Noticias\",\"isPartOf\":{\"@id\":\"https:\/\/www.ull.es\/portal\/noticias\/#website\"},\"datePublished\":\"2005-06-24T00:00:00+00:00\",\"dateModified\":\"2005-06-24T00:00:00+00:00\",\"author\":{\"@id\":\"https:\/\/www.ull.es\/portal\/noticias\/#\/schema\/person\/c3b2aa857797592927a03740d6664376\"},\"breadcrumb\":{\"@id\":\"https:\/\/www.ull.es\/portal\/noticias\/2005\/el-mundo-seala-al-mster-de-interpretacin-de-la-ull-como-el-mejor-de-mbito-nacional\/#breadcrumb\"},\"inLanguage\":\"es\",\"potentialAction\":[{\"@type\":\"ReadAction\",\"target\":[\"https:\/\/www.ull.es\/portal\/noticias\/2005\/el-mundo-seala-al-mster-de-interpretacin-de-la-ull-como-el-mejor-de-mbito-nacional\/\"]}]},{\"@type\":\"BreadcrumbList\",\"@id\":\"https:\/\/www.ull.es\/portal\/noticias\/2005\/el-mundo-seala-al-mster-de-interpretacin-de-la-ull-como-el-mejor-de-mbito-nacional\/#breadcrumb\",\"itemListElement\":[{\"@type\":\"ListItem\",\"position\":1,\"name\":\"Portada\",\"item\":\"https:\/\/www.ull.es\/portal\/noticias\/\"},{\"@type\":\"ListItem\",\"position\":2,\"name\":\"El Mundo se\u00f1ala al M\u00e1ster de interpretaci\u00f3n de la ULL como el mejor de \u00e1mbito nacional\"}]},{\"@type\":\"WebSite\",\"@id\":\"https:\/\/www.ull.es\/portal\/noticias\/#website\",\"url\":\"https:\/\/www.ull.es\/portal\/noticias\/\",\"name\":\"ULL - Noticias\",\"description\":\"\",\"potentialAction\":[{\"@type\":\"SearchAction\",\"target\":{\"@type\":\"EntryPoint\",\"urlTemplate\":\"https:\/\/www.ull.es\/portal\/noticias\/?s={search_term_string}\"},\"query-input\":\"required name=search_term_string\"}],\"inLanguage\":\"es\"},{\"@type\":\"Person\",\"@id\":\"https:\/\/www.ull.es\/portal\/noticias\/#\/schema\/person\/c3b2aa857797592927a03740d6664376\",\"name\":\"prensa2\",\"image\":{\"@type\":\"ImageObject\",\"inLanguage\":\"es\",\"@id\":\"https:\/\/www.ull.es\/portal\/noticias\/#\/schema\/person\/image\/\",\"url\":\"https:\/\/secure.gravatar.com\/avatar\/b58f310a5de5feb33d1e026d2493f23c?s=96&d=mm&r=g\",\"contentUrl\":\"https:\/\/secure.gravatar.com\/avatar\/b58f310a5de5feb33d1e026d2493f23c?s=96&d=mm&r=g\",\"caption\":\"prensa2\"},\"url\":\"https:\/\/www.ull.es\/portal\/noticias\/author\/prensa2\/\"}]}<\/script>\n<!-- \/ Yoast SEO plugin. -->","yoast_head_json":{"title":"El Mundo se\u00f1ala al M\u00e1ster de interpretaci\u00f3n de la ULL como el mejor de \u00e1mbito nacional - ULL - Noticias","robots":{"index":"index","follow":"follow","max-snippet":"max-snippet:-1","max-image-preview":"max-image-preview:large","max-video-preview":"max-video-preview:-1"},"canonical":"https:\/\/www.ull.es\/portal\/noticias\/2005\/el-mundo-seala-al-mster-de-interpretacin-de-la-ull-como-el-mejor-de-mbito-nacional\/","og_locale":"es_ES","og_type":"article","og_title":"El Mundo se\u00f1ala al M\u00e1ster de interpretaci\u00f3n de la ULL como el mejor de \u00e1mbito nacional - ULL - Noticias","og_description":"El diario de tirada nacional El Mundo public&oacute; el pasado mi&eacute;rcoles, 22 de junio de 2005, una clasificaci&oacute;n con los...","og_url":"https:\/\/www.ull.es\/portal\/noticias\/2005\/el-mundo-seala-al-mster-de-interpretacin-de-la-ull-como-el-mejor-de-mbito-nacional\/","og_site_name":"ULL - Noticias","article_publisher":"https:\/\/www.facebook.com\/universidaddelalaguna\/","article_published_time":"2005-06-24T00:00:00+00:00","og_image":[{"width":1200,"height":630,"url":"https:\/\/www.ull.es\/portal\/noticias\/wp-content\/uploads\/sites\/13\/2023\/06\/logo-redimensionado.png","type":"image\/png"}],"author":"prensa2","twitter_card":"summary_large_image","twitter_creator":"@CanalULL","twitter_site":"@CanalULL","twitter_misc":{"Escrito por":"prensa2","Tiempo de lectura":"3 minutos"},"schema":{"@context":"https:\/\/schema.org","@graph":[{"@type":"WebPage","@id":"https:\/\/www.ull.es\/portal\/noticias\/2005\/el-mundo-seala-al-mster-de-interpretacin-de-la-ull-como-el-mejor-de-mbito-nacional\/","url":"https:\/\/www.ull.es\/portal\/noticias\/2005\/el-mundo-seala-al-mster-de-interpretacin-de-la-ull-como-el-mejor-de-mbito-nacional\/","name":"El Mundo se\u00f1ala al M\u00e1ster de interpretaci\u00f3n de la ULL como el mejor de \u00e1mbito nacional - ULL - Noticias","isPartOf":{"@id":"https:\/\/www.ull.es\/portal\/noticias\/#website"},"datePublished":"2005-06-24T00:00:00+00:00","dateModified":"2005-06-24T00:00:00+00:00","author":{"@id":"https:\/\/www.ull.es\/portal\/noticias\/#\/schema\/person\/c3b2aa857797592927a03740d6664376"},"breadcrumb":{"@id":"https:\/\/www.ull.es\/portal\/noticias\/2005\/el-mundo-seala-al-mster-de-interpretacin-de-la-ull-como-el-mejor-de-mbito-nacional\/#breadcrumb"},"inLanguage":"es","potentialAction":[{"@type":"ReadAction","target":["https:\/\/www.ull.es\/portal\/noticias\/2005\/el-mundo-seala-al-mster-de-interpretacin-de-la-ull-como-el-mejor-de-mbito-nacional\/"]}]},{"@type":"BreadcrumbList","@id":"https:\/\/www.ull.es\/portal\/noticias\/2005\/el-mundo-seala-al-mster-de-interpretacin-de-la-ull-como-el-mejor-de-mbito-nacional\/#breadcrumb","itemListElement":[{"@type":"ListItem","position":1,"name":"Portada","item":"https:\/\/www.ull.es\/portal\/noticias\/"},{"@type":"ListItem","position":2,"name":"El Mundo se\u00f1ala al M\u00e1ster de interpretaci\u00f3n de la ULL como el mejor de \u00e1mbito nacional"}]},{"@type":"WebSite","@id":"https:\/\/www.ull.es\/portal\/noticias\/#website","url":"https:\/\/www.ull.es\/portal\/noticias\/","name":"ULL - Noticias","description":"","potentialAction":[{"@type":"SearchAction","target":{"@type":"EntryPoint","urlTemplate":"https:\/\/www.ull.es\/portal\/noticias\/?s={search_term_string}"},"query-input":"required name=search_term_string"}],"inLanguage":"es"},{"@type":"Person","@id":"https:\/\/www.ull.es\/portal\/noticias\/#\/schema\/person\/c3b2aa857797592927a03740d6664376","name":"prensa2","image":{"@type":"ImageObject","inLanguage":"es","@id":"https:\/\/www.ull.es\/portal\/noticias\/#\/schema\/person\/image\/","url":"https:\/\/secure.gravatar.com\/avatar\/b58f310a5de5feb33d1e026d2493f23c?s=96&d=mm&r=g","contentUrl":"https:\/\/secure.gravatar.com\/avatar\/b58f310a5de5feb33d1e026d2493f23c?s=96&d=mm&r=g","caption":"prensa2"},"url":"https:\/\/www.ull.es\/portal\/noticias\/author\/prensa2\/"}]}},"primary_category":null,"featured_image_thumbnail_url":null,"_links":{"self":[{"href":"https:\/\/www.ull.es\/portal\/noticias\/wp-json\/wp\/v2\/posts\/13367"}],"collection":[{"href":"https:\/\/www.ull.es\/portal\/noticias\/wp-json\/wp\/v2\/posts"}],"about":[{"href":"https:\/\/www.ull.es\/portal\/noticias\/wp-json\/wp\/v2\/types\/post"}],"author":[{"embeddable":true,"href":"https:\/\/www.ull.es\/portal\/noticias\/wp-json\/wp\/v2\/users\/21"}],"replies":[{"embeddable":true,"href":"https:\/\/www.ull.es\/portal\/noticias\/wp-json\/wp\/v2\/comments?post=13367"}],"version-history":[{"count":0,"href":"https:\/\/www.ull.es\/portal\/noticias\/wp-json\/wp\/v2\/posts\/13367\/revisions"}],"wp:attachment":[{"href":"https:\/\/www.ull.es\/portal\/noticias\/wp-json\/wp\/v2\/media?parent=13367"}],"wp:term":[{"taxonomy":"category","embeddable":true,"href":"https:\/\/www.ull.es\/portal\/noticias\/wp-json\/wp\/v2\/categories?post=13367"},{"taxonomy":"post_tag","embeddable":true,"href":"https:\/\/www.ull.es\/portal\/noticias\/wp-json\/wp\/v2\/tags?post=13367"}],"curies":[{"name":"wp","href":"https:\/\/api.w.org\/{rel}","templated":true}]}}