{"id":13373,"date":"2005-07-11T00:00:00","date_gmt":"2005-07-11T00:00:00","guid":{"rendered":"http:\/\/ddigital.webs.ull.es\/firmado-en-madrid-el-convenio-sobre-un-mster-en-diplomacia-que-tambin-impartir-la-ull\/"},"modified":"2005-07-11T00:00:00","modified_gmt":"2005-07-11T00:00:00","slug":"firmado-en-madrid-el-convenio-sobre-un-mster-en-diplomacia-que-tambin-impartir-la-ull","status":"publish","type":"post","link":"https:\/\/www.ull.es\/portal\/noticias\/2005\/firmado-en-madrid-el-convenio-sobre-un-mster-en-diplomacia-que-tambin-impartir-la-ull\/","title":{"rendered":"Firmado en Madrid el convenio sobre un m\u00e1ster en diplomacia que tambi\u00e9n impartir\u00e1 la ULL"},"content":{"rendered":"<p>El Ministerio de Asuntos Exteriores y de Cooperaci&oacute;n firmar&aacute; en Madrid hoy, lunes 11 de julio a las 18:30 horas, un convenio de colaboraci&oacute;n con seis universidades p&uacute;blicas para la puesta en marcha de una maestr&iacute;a titulada Diplomacia y Relaciones Internacionales. Esta r&uacute;brica permitir&aacute;, adem&aacute;s, avanzar en las negociaciones iniciadas con otras cinco universidades, entre ellas la de La Laguna, para que el t&iacute;tulo tambi&eacute;n se imparta en esas instituciones. En el caso del centro tinerfe&ntilde;o, la gesti&oacute;n se encuentra muy avanzada, y ya se cuenta con el compromiso financiero de la comunidad aut&oacute;noma canaria.<\/p>\n<p><P>Las universidades que firmar&aacute;n hoy son la Complutense de Madrid, Alcal&aacute;, Carlos III, Rey Juan Carlos, Nacional de Educaci&oacute;n a Distancia (UNED) y la Internacional Men&eacute;ndez Pelayo. Por su parte, la Universidad de La Laguna prev&eacute; sumarse al grupo de universidades que impartan el t&iacute;tulo a medio plazo. De hecho, el rector de la instituci&oacute;n, &aacute;ngel Guti&eacute;rrez, mantuvo el pasado 12 de mayo una reuni&oacute;n en el Puerto de la Cruz con el ministro de Asuntos Exteriores, Miguel &aacute;ngel Moratinos, para acordar la puesta en marcha de estos estudios en la ULL.<\/P><P>El objetivo del acuerdo es acelerar el proceso de apertura del Ministerio de Asuntos Exteriores a la sociedad civil, a trav&eacute;s de la Escuela Diplom&aacute;tica. La maestr&iacute;a ofrecer&aacute; a estudiantes espa&ntilde;oles y extranjeros la posibilidad de recibir una formaci&oacute;n altamente especializada en relaciones internacionales. Asimismo, esta maestr&iacute;a servir&aacute; para preparar a los alumnos en muchas de las materias exigidas en el examen de ingreso en la Carrera Diplom&aacute;tica.<\/P><P>La maestr&iacute;a en Diplomacia y Relaciones Internacionales aprobada hoy se impartir&aacute; en la Escuela Diplom&aacute;tica con car&aacute;cter anual a partir del pr&oacute;ximo mes de octubre. En cuanto se apruebe definitivamente la impartici&oacute;n en la Universidad de La Laguna, se prev&eacute; que la docencia se produzca en el propio centro de estudios tinerfe&ntilde;o. El t&iacute;tulo contar&aacute; con ocho asignaturas troncales y cinco m&oacute;dulos especializados: Uni&oacute;n Europea, Mediterr&aacute;neo y Mundo &aacute;rabe, Estudios Iberoamericanos, Econom&iacute;a Internacional y Presencia de la empresa espa&ntilde;ola en el exterior y Cooperaci&oacute;n al Desarrollo. <\/P><P>La duraci&oacute;n de la maestr&iacute;a ser&aacute; de un a&ntilde;o acad&eacute;mico, de octubre a junio, y se desarrollar&aacute; en tres trimestres. El plan de estudios contempla impartir un m&oacute;dulo general y cuatro m&oacute;dulos especializados sumando ambos un total de 55 cr&eacute;ditos correspondientes a 550 horas. Para los alumnos tanto espa&ntilde;oles como extranjeros con escasos recursos se ha dispuesto la creaci&oacute;n por parte del Ministerio de Asuntos Exteriores y de Cooperaci&oacute;n de un novedoso sistema de becas, que permitir&aacute; ampliar la oferta de esta maestr&iacute;a a un mayor n&uacute;mero de personas.<\/P><\/p>\n","protected":false},"excerpt":{"rendered":"<p>El Ministerio de Asuntos Exteriores y de Cooperaci&oacute;n firmar&aacute; en Madrid hoy, lunes 11 de julio a las 18:30 horas,&#8230;<\/p>\n","protected":false},"author":21,"featured_media":0,"comment_status":"open","ping_status":"open","sticky":false,"template":"","format":"standard","meta":{"inline_featured_image":false,"footnotes":""},"categories":[346,1],"tags":[],"acf":[],"yoast_head":"<!-- This site is optimized with the Yoast SEO plugin v21.3 - https:\/\/yoast.com\/wordpress\/plugins\/seo\/ -->\n<title>Firmado en Madrid el convenio sobre un m\u00e1ster en diplomacia que tambi\u00e9n impartir\u00e1 la ULL - ULL - Noticias<\/title>\n<meta name=\"robots\" content=\"index, follow, max-snippet:-1, max-image-preview:large, max-video-preview:-1\" \/>\n<link rel=\"canonical\" href=\"https:\/\/www.ull.es\/portal\/noticias\/2005\/firmado-en-madrid-el-convenio-sobre-un-mster-en-diplomacia-que-tambin-impartir-la-ull\/\" \/>\n<meta property=\"og:locale\" content=\"es_ES\" \/>\n<meta property=\"og:type\" content=\"article\" \/>\n<meta property=\"og:title\" content=\"Firmado en Madrid el convenio sobre un m\u00e1ster en diplomacia que tambi\u00e9n impartir\u00e1 la ULL - ULL - Noticias\" \/>\n<meta property=\"og:description\" content=\"El Ministerio de Asuntos Exteriores y de Cooperaci&oacute;n firmar&aacute; en Madrid hoy, lunes 11 de julio a las 18:30 horas,...\" \/>\n<meta property=\"og:url\" content=\"https:\/\/www.ull.es\/portal\/noticias\/2005\/firmado-en-madrid-el-convenio-sobre-un-mster-en-diplomacia-que-tambin-impartir-la-ull\/\" \/>\n<meta property=\"og:site_name\" content=\"ULL - Noticias\" \/>\n<meta property=\"article:publisher\" content=\"https:\/\/www.facebook.com\/universidaddelalaguna\/\" \/>\n<meta property=\"article:published_time\" content=\"2005-07-11T00:00:00+00:00\" \/>\n<meta property=\"og:image\" content=\"https:\/\/www.ull.es\/portal\/noticias\/wp-content\/uploads\/sites\/13\/2023\/06\/logo-redimensionado.png\" \/>\n\t<meta property=\"og:image:width\" content=\"1200\" \/>\n\t<meta property=\"og:image:height\" content=\"630\" \/>\n\t<meta property=\"og:image:type\" content=\"image\/png\" \/>\n<meta name=\"author\" content=\"prensa2\" \/>\n<meta name=\"twitter:card\" content=\"summary_large_image\" \/>\n<meta name=\"twitter:creator\" content=\"@CanalULL\" \/>\n<meta name=\"twitter:site\" content=\"@CanalULL\" \/>\n<meta name=\"twitter:label1\" content=\"Escrito por\" \/>\n\t<meta name=\"twitter:data1\" content=\"prensa2\" \/>\n\t<meta name=\"twitter:label2\" content=\"Tiempo de lectura\" \/>\n\t<meta name=\"twitter:data2\" content=\"3 minutos\" \/>\n<script type=\"application\/ld+json\" class=\"yoast-schema-graph\">{\"@context\":\"https:\/\/schema.org\",\"@graph\":[{\"@type\":\"WebPage\",\"@id\":\"https:\/\/www.ull.es\/portal\/noticias\/2005\/firmado-en-madrid-el-convenio-sobre-un-mster-en-diplomacia-que-tambin-impartir-la-ull\/\",\"url\":\"https:\/\/www.ull.es\/portal\/noticias\/2005\/firmado-en-madrid-el-convenio-sobre-un-mster-en-diplomacia-que-tambin-impartir-la-ull\/\",\"name\":\"Firmado en Madrid el convenio sobre un m\u00e1ster en diplomacia que tambi\u00e9n impartir\u00e1 la ULL - ULL - Noticias\",\"isPartOf\":{\"@id\":\"https:\/\/www.ull.es\/portal\/noticias\/#website\"},\"datePublished\":\"2005-07-11T00:00:00+00:00\",\"dateModified\":\"2005-07-11T00:00:00+00:00\",\"author\":{\"@id\":\"https:\/\/www.ull.es\/portal\/noticias\/#\/schema\/person\/c3b2aa857797592927a03740d6664376\"},\"breadcrumb\":{\"@id\":\"https:\/\/www.ull.es\/portal\/noticias\/2005\/firmado-en-madrid-el-convenio-sobre-un-mster-en-diplomacia-que-tambin-impartir-la-ull\/#breadcrumb\"},\"inLanguage\":\"es\",\"potentialAction\":[{\"@type\":\"ReadAction\",\"target\":[\"https:\/\/www.ull.es\/portal\/noticias\/2005\/firmado-en-madrid-el-convenio-sobre-un-mster-en-diplomacia-que-tambin-impartir-la-ull\/\"]}]},{\"@type\":\"BreadcrumbList\",\"@id\":\"https:\/\/www.ull.es\/portal\/noticias\/2005\/firmado-en-madrid-el-convenio-sobre-un-mster-en-diplomacia-que-tambin-impartir-la-ull\/#breadcrumb\",\"itemListElement\":[{\"@type\":\"ListItem\",\"position\":1,\"name\":\"Portada\",\"item\":\"https:\/\/www.ull.es\/portal\/noticias\/\"},{\"@type\":\"ListItem\",\"position\":2,\"name\":\"Firmado en Madrid el convenio sobre un m\u00e1ster en diplomacia que tambi\u00e9n impartir\u00e1 la ULL\"}]},{\"@type\":\"WebSite\",\"@id\":\"https:\/\/www.ull.es\/portal\/noticias\/#website\",\"url\":\"https:\/\/www.ull.es\/portal\/noticias\/\",\"name\":\"ULL - Noticias\",\"description\":\"\",\"potentialAction\":[{\"@type\":\"SearchAction\",\"target\":{\"@type\":\"EntryPoint\",\"urlTemplate\":\"https:\/\/www.ull.es\/portal\/noticias\/?s={search_term_string}\"},\"query-input\":\"required name=search_term_string\"}],\"inLanguage\":\"es\"},{\"@type\":\"Person\",\"@id\":\"https:\/\/www.ull.es\/portal\/noticias\/#\/schema\/person\/c3b2aa857797592927a03740d6664376\",\"name\":\"prensa2\",\"image\":{\"@type\":\"ImageObject\",\"inLanguage\":\"es\",\"@id\":\"https:\/\/www.ull.es\/portal\/noticias\/#\/schema\/person\/image\/\",\"url\":\"https:\/\/secure.gravatar.com\/avatar\/b58f310a5de5feb33d1e026d2493f23c?s=96&d=mm&r=g\",\"contentUrl\":\"https:\/\/secure.gravatar.com\/avatar\/b58f310a5de5feb33d1e026d2493f23c?s=96&d=mm&r=g\",\"caption\":\"prensa2\"},\"url\":\"https:\/\/www.ull.es\/portal\/noticias\/author\/prensa2\/\"}]}<\/script>\n<!-- \/ Yoast SEO plugin. -->","yoast_head_json":{"title":"Firmado en Madrid el convenio sobre un m\u00e1ster en diplomacia que tambi\u00e9n impartir\u00e1 la ULL - ULL - Noticias","robots":{"index":"index","follow":"follow","max-snippet":"max-snippet:-1","max-image-preview":"max-image-preview:large","max-video-preview":"max-video-preview:-1"},"canonical":"https:\/\/www.ull.es\/portal\/noticias\/2005\/firmado-en-madrid-el-convenio-sobre-un-mster-en-diplomacia-que-tambin-impartir-la-ull\/","og_locale":"es_ES","og_type":"article","og_title":"Firmado en Madrid el convenio sobre un m\u00e1ster en diplomacia que tambi\u00e9n impartir\u00e1 la ULL - ULL - Noticias","og_description":"El Ministerio de Asuntos Exteriores y de Cooperaci&oacute;n firmar&aacute; en Madrid hoy, lunes 11 de julio a las 18:30 horas,...","og_url":"https:\/\/www.ull.es\/portal\/noticias\/2005\/firmado-en-madrid-el-convenio-sobre-un-mster-en-diplomacia-que-tambin-impartir-la-ull\/","og_site_name":"ULL - Noticias","article_publisher":"https:\/\/www.facebook.com\/universidaddelalaguna\/","article_published_time":"2005-07-11T00:00:00+00:00","og_image":[{"width":1200,"height":630,"url":"https:\/\/www.ull.es\/portal\/noticias\/wp-content\/uploads\/sites\/13\/2023\/06\/logo-redimensionado.png","type":"image\/png"}],"author":"prensa2","twitter_card":"summary_large_image","twitter_creator":"@CanalULL","twitter_site":"@CanalULL","twitter_misc":{"Escrito por":"prensa2","Tiempo de lectura":"3 minutos"},"schema":{"@context":"https:\/\/schema.org","@graph":[{"@type":"WebPage","@id":"https:\/\/www.ull.es\/portal\/noticias\/2005\/firmado-en-madrid-el-convenio-sobre-un-mster-en-diplomacia-que-tambin-impartir-la-ull\/","url":"https:\/\/www.ull.es\/portal\/noticias\/2005\/firmado-en-madrid-el-convenio-sobre-un-mster-en-diplomacia-que-tambin-impartir-la-ull\/","name":"Firmado en Madrid el convenio sobre un m\u00e1ster en diplomacia que tambi\u00e9n impartir\u00e1 la ULL - ULL - Noticias","isPartOf":{"@id":"https:\/\/www.ull.es\/portal\/noticias\/#website"},"datePublished":"2005-07-11T00:00:00+00:00","dateModified":"2005-07-11T00:00:00+00:00","author":{"@id":"https:\/\/www.ull.es\/portal\/noticias\/#\/schema\/person\/c3b2aa857797592927a03740d6664376"},"breadcrumb":{"@id":"https:\/\/www.ull.es\/portal\/noticias\/2005\/firmado-en-madrid-el-convenio-sobre-un-mster-en-diplomacia-que-tambin-impartir-la-ull\/#breadcrumb"},"inLanguage":"es","potentialAction":[{"@type":"ReadAction","target":["https:\/\/www.ull.es\/portal\/noticias\/2005\/firmado-en-madrid-el-convenio-sobre-un-mster-en-diplomacia-que-tambin-impartir-la-ull\/"]}]},{"@type":"BreadcrumbList","@id":"https:\/\/www.ull.es\/portal\/noticias\/2005\/firmado-en-madrid-el-convenio-sobre-un-mster-en-diplomacia-que-tambin-impartir-la-ull\/#breadcrumb","itemListElement":[{"@type":"ListItem","position":1,"name":"Portada","item":"https:\/\/www.ull.es\/portal\/noticias\/"},{"@type":"ListItem","position":2,"name":"Firmado en Madrid el convenio sobre un m\u00e1ster en diplomacia que tambi\u00e9n impartir\u00e1 la ULL"}]},{"@type":"WebSite","@id":"https:\/\/www.ull.es\/portal\/noticias\/#website","url":"https:\/\/www.ull.es\/portal\/noticias\/","name":"ULL - Noticias","description":"","potentialAction":[{"@type":"SearchAction","target":{"@type":"EntryPoint","urlTemplate":"https:\/\/www.ull.es\/portal\/noticias\/?s={search_term_string}"},"query-input":"required name=search_term_string"}],"inLanguage":"es"},{"@type":"Person","@id":"https:\/\/www.ull.es\/portal\/noticias\/#\/schema\/person\/c3b2aa857797592927a03740d6664376","name":"prensa2","image":{"@type":"ImageObject","inLanguage":"es","@id":"https:\/\/www.ull.es\/portal\/noticias\/#\/schema\/person\/image\/","url":"https:\/\/secure.gravatar.com\/avatar\/b58f310a5de5feb33d1e026d2493f23c?s=96&d=mm&r=g","contentUrl":"https:\/\/secure.gravatar.com\/avatar\/b58f310a5de5feb33d1e026d2493f23c?s=96&d=mm&r=g","caption":"prensa2"},"url":"https:\/\/www.ull.es\/portal\/noticias\/author\/prensa2\/"}]}},"primary_category":null,"featured_image_thumbnail_url":null,"_links":{"self":[{"href":"https:\/\/www.ull.es\/portal\/noticias\/wp-json\/wp\/v2\/posts\/13373"}],"collection":[{"href":"https:\/\/www.ull.es\/portal\/noticias\/wp-json\/wp\/v2\/posts"}],"about":[{"href":"https:\/\/www.ull.es\/portal\/noticias\/wp-json\/wp\/v2\/types\/post"}],"author":[{"embeddable":true,"href":"https:\/\/www.ull.es\/portal\/noticias\/wp-json\/wp\/v2\/users\/21"}],"replies":[{"embeddable":true,"href":"https:\/\/www.ull.es\/portal\/noticias\/wp-json\/wp\/v2\/comments?post=13373"}],"version-history":[{"count":0,"href":"https:\/\/www.ull.es\/portal\/noticias\/wp-json\/wp\/v2\/posts\/13373\/revisions"}],"wp:attachment":[{"href":"https:\/\/www.ull.es\/portal\/noticias\/wp-json\/wp\/v2\/media?parent=13373"}],"wp:term":[{"taxonomy":"category","embeddable":true,"href":"https:\/\/www.ull.es\/portal\/noticias\/wp-json\/wp\/v2\/categories?post=13373"},{"taxonomy":"post_tag","embeddable":true,"href":"https:\/\/www.ull.es\/portal\/noticias\/wp-json\/wp\/v2\/tags?post=13373"}],"curies":[{"name":"wp","href":"https:\/\/api.w.org\/{rel}","templated":true}]}}