{"id":13380,"date":"2005-11-08T00:00:00","date_gmt":"2005-11-08T00:00:00","guid":{"rendered":"http:\/\/ddigital.webs.ull.es\/la-reunin-de-estudiantes-de-informtica-de-espaa-aboga-por-una-titulacin-de-grado-de-cuatro-aos\/"},"modified":"2005-11-08T00:00:00","modified_gmt":"2005-11-08T00:00:00","slug":"la-reunin-de-estudiantes-de-informtica-de-espaa-aboga-por-una-titulacin-de-grado-de-cuatro-aos","status":"publish","type":"post","link":"https:\/\/www.ull.es\/portal\/noticias\/2005\/la-reunin-de-estudiantes-de-informtica-de-espaa-aboga-por-una-titulacin-de-grado-de-cuatro-aos\/","title":{"rendered":"La Reuni\u00f3n de Estudiantes de Inform\u00e1tica de Espa\u00f1a aboga por una titulaci\u00f3n de grado de cuatro a\u00f1os"},"content":{"rendered":"<p>La XXIII Reuni&oacute;n de Estudiantes de Inform&aacute;tica de Espa&ntilde;a (RITSI) se celebr&oacute; entre el 2 y el 6 de noviembre de 2005, organizada conjuntamente por las universidades valencianas,y reuni&oacute; a representantes de centros que imparten ingenier&iacute;as e ingenier&iacute;as t&eacute;cnicas en inform&aacute;tica. Al finalizar, hzo p&uacute;blico un documento en el que reclamaba que la nueva titulaci&oacute;n que se cree seg&uacute;n las directrices del Espacio Europeo de Educaci&oacute;n Superior (EEES) sea un grado de cuatro a&ntilde;os.<\/p>\n<p><P>\u00abApostamos por un grado &uacute;nico en inform&aacute;tica de cuatro a&ntilde;os de duraci&oacute;n, al cual se le asignen las competencias plenas para el ejercicio de la profesi&oacute;n\u00bb, se&ntilde;ala el texto, que prosigue defendiendo el \u00abcar&aacute;cter de especializaci&oacute;n y profundizaci&oacute;n de conocimientos\u00bb del posgrado.<\/P><P>La RITSI tambi&eacute;n se&ntilde;al&oacute; la conveniencia de hallar los medios de flexibilizar los contenidos de las titulaciones inform&aacute;ticas para adaptarlas al mercado, ya que se trata de un sector sujeto a \u00abfuertes y peri&oacute;dicos cambios tecnol&oacute;gicos\u00bb <\/P><P>Otra petici&oacute;n expresada en el texto es que se relacione m&aacute;s la inform&aacute;tica con las ingenier&iacute;as en telecomunicaciones, pues \u00abambas titulaciones constituyen el tronco de las Tecnolog&iacute;as de Informaci&oacute;n y Comunicaci&oacute;n\u00bb. Por ello abogan por que la definici&oacute;n de ambos t&iacute;tulos de grados se realice simultaneamente.<\/P><P>La RITSI se refiri&oacute; al EEES en un sentido m&aacute;s amplio y no centrado exclusivamente en los intereses de sus titulaciones. As&iacute;, criticaron la \u00abposici&oacute;n esc&eacute;ptica de diversos sectores que no apuestan por un cambio real de la educaci&oacute;n universitaria y que est&aacute;n poniendo en peligro el verdadero esp&iacute;ritu de la reforma\u00bb. Asimismo, los estudiantes de inform&aacute;tica reclaman m&aacute;s informaci&oacute;n y participaci&oacute;n del alumnado en los procesos de debate de la convergencia europea.<\/P><P>Otro asunto que abord&oacute; el &oacute;rgano estudiantil fue la financiaci&oacute;n del proceso de adaptaci&oacute;n europea. \u00abUna cuesti&oacute;n pendiente es la creaci&oacute;n y mejora de infraestructuras () y una importante mejora de la inversi&oacute;n en el sistema de becas\u00bb. El texto tambi&eacute;n aclara la postura cr&iacute;tica de la RITSI ante los intentos de aprobar legislaciones que permitan las patentes de software. El documento &iacute;ntegro de estas conclusiones est&aacute; disponible en la web <a href=\"http:\/\/www.ritsi.org\/2005-11-08-nota-prensa-ConclusionesXXIIIRITSI.pdf\" target=\"_blank\" rel=\"noopener\">www.ritsi.org\/2005-11-08-nota-prensa-ConclusionesXXIIIRITSI.pdf<\/A>.<\/P><P><\/P><\/p>\n","protected":false},"excerpt":{"rendered":"<p>La XXIII Reuni&oacute;n de Estudiantes de Inform&aacute;tica de Espa&ntilde;a (RITSI) se celebr&oacute; entre el 2 y el 6 de noviembre&#8230;<\/p>\n","protected":false},"author":21,"featured_media":0,"comment_status":"open","ping_status":"open","sticky":false,"template":"","format":"standard","meta":{"inline_featured_image":false,"footnotes":""},"categories":[346,1],"tags":[],"acf":[],"yoast_head":"<!-- This site is optimized with the Yoast SEO plugin v21.3 - https:\/\/yoast.com\/wordpress\/plugins\/seo\/ -->\n<title>La Reuni\u00f3n de Estudiantes de Inform\u00e1tica de Espa\u00f1a aboga por una titulaci\u00f3n de grado de cuatro a\u00f1os - ULL - Noticias<\/title>\n<meta name=\"robots\" content=\"index, follow, max-snippet:-1, max-image-preview:large, max-video-preview:-1\" \/>\n<link rel=\"canonical\" href=\"https:\/\/www.ull.es\/portal\/noticias\/2005\/la-reunin-de-estudiantes-de-informtica-de-espaa-aboga-por-una-titulacin-de-grado-de-cuatro-aos\/\" \/>\n<meta property=\"og:locale\" content=\"es_ES\" \/>\n<meta property=\"og:type\" content=\"article\" \/>\n<meta property=\"og:title\" content=\"La Reuni\u00f3n de Estudiantes de Inform\u00e1tica de Espa\u00f1a aboga por una titulaci\u00f3n de grado de cuatro a\u00f1os - ULL - Noticias\" \/>\n<meta property=\"og:description\" content=\"La XXIII Reuni&oacute;n de Estudiantes de Inform&aacute;tica de Espa&ntilde;a (RITSI) se celebr&oacute; entre el 2 y el 6 de noviembre...\" \/>\n<meta property=\"og:url\" content=\"https:\/\/www.ull.es\/portal\/noticias\/2005\/la-reunin-de-estudiantes-de-informtica-de-espaa-aboga-por-una-titulacin-de-grado-de-cuatro-aos\/\" \/>\n<meta property=\"og:site_name\" content=\"ULL - Noticias\" \/>\n<meta property=\"article:publisher\" content=\"https:\/\/www.facebook.com\/universidaddelalaguna\/\" \/>\n<meta property=\"article:published_time\" content=\"2005-11-08T00:00:00+00:00\" \/>\n<meta property=\"og:image\" content=\"https:\/\/www.ull.es\/portal\/noticias\/wp-content\/uploads\/sites\/13\/2023\/06\/logo-redimensionado.png\" \/>\n\t<meta property=\"og:image:width\" content=\"1200\" \/>\n\t<meta property=\"og:image:height\" content=\"630\" \/>\n\t<meta property=\"og:image:type\" content=\"image\/png\" \/>\n<meta name=\"author\" content=\"prensa2\" \/>\n<meta name=\"twitter:card\" content=\"summary_large_image\" \/>\n<meta name=\"twitter:creator\" content=\"@CanalULL\" \/>\n<meta name=\"twitter:site\" content=\"@CanalULL\" \/>\n<meta name=\"twitter:label1\" content=\"Escrito por\" \/>\n\t<meta name=\"twitter:data1\" content=\"prensa2\" \/>\n\t<meta name=\"twitter:label2\" content=\"Tiempo de lectura\" \/>\n\t<meta name=\"twitter:data2\" content=\"2 minutos\" \/>\n<script type=\"application\/ld+json\" class=\"yoast-schema-graph\">{\"@context\":\"https:\/\/schema.org\",\"@graph\":[{\"@type\":\"WebPage\",\"@id\":\"https:\/\/www.ull.es\/portal\/noticias\/2005\/la-reunin-de-estudiantes-de-informtica-de-espaa-aboga-por-una-titulacin-de-grado-de-cuatro-aos\/\",\"url\":\"https:\/\/www.ull.es\/portal\/noticias\/2005\/la-reunin-de-estudiantes-de-informtica-de-espaa-aboga-por-una-titulacin-de-grado-de-cuatro-aos\/\",\"name\":\"La Reuni\u00f3n de Estudiantes de Inform\u00e1tica de Espa\u00f1a aboga por una titulaci\u00f3n de grado de cuatro a\u00f1os - ULL - Noticias\",\"isPartOf\":{\"@id\":\"https:\/\/www.ull.es\/portal\/noticias\/#website\"},\"datePublished\":\"2005-11-08T00:00:00+00:00\",\"dateModified\":\"2005-11-08T00:00:00+00:00\",\"author\":{\"@id\":\"https:\/\/www.ull.es\/portal\/noticias\/#\/schema\/person\/c3b2aa857797592927a03740d6664376\"},\"breadcrumb\":{\"@id\":\"https:\/\/www.ull.es\/portal\/noticias\/2005\/la-reunin-de-estudiantes-de-informtica-de-espaa-aboga-por-una-titulacin-de-grado-de-cuatro-aos\/#breadcrumb\"},\"inLanguage\":\"es\",\"potentialAction\":[{\"@type\":\"ReadAction\",\"target\":[\"https:\/\/www.ull.es\/portal\/noticias\/2005\/la-reunin-de-estudiantes-de-informtica-de-espaa-aboga-por-una-titulacin-de-grado-de-cuatro-aos\/\"]}]},{\"@type\":\"BreadcrumbList\",\"@id\":\"https:\/\/www.ull.es\/portal\/noticias\/2005\/la-reunin-de-estudiantes-de-informtica-de-espaa-aboga-por-una-titulacin-de-grado-de-cuatro-aos\/#breadcrumb\",\"itemListElement\":[{\"@type\":\"ListItem\",\"position\":1,\"name\":\"Portada\",\"item\":\"https:\/\/www.ull.es\/portal\/noticias\/\"},{\"@type\":\"ListItem\",\"position\":2,\"name\":\"La Reuni\u00f3n de Estudiantes de Inform\u00e1tica de Espa\u00f1a aboga por una titulaci\u00f3n de grado de cuatro a\u00f1os\"}]},{\"@type\":\"WebSite\",\"@id\":\"https:\/\/www.ull.es\/portal\/noticias\/#website\",\"url\":\"https:\/\/www.ull.es\/portal\/noticias\/\",\"name\":\"ULL - Noticias\",\"description\":\"\",\"potentialAction\":[{\"@type\":\"SearchAction\",\"target\":{\"@type\":\"EntryPoint\",\"urlTemplate\":\"https:\/\/www.ull.es\/portal\/noticias\/?s={search_term_string}\"},\"query-input\":\"required name=search_term_string\"}],\"inLanguage\":\"es\"},{\"@type\":\"Person\",\"@id\":\"https:\/\/www.ull.es\/portal\/noticias\/#\/schema\/person\/c3b2aa857797592927a03740d6664376\",\"name\":\"prensa2\",\"image\":{\"@type\":\"ImageObject\",\"inLanguage\":\"es\",\"@id\":\"https:\/\/www.ull.es\/portal\/noticias\/#\/schema\/person\/image\/\",\"url\":\"https:\/\/secure.gravatar.com\/avatar\/b58f310a5de5feb33d1e026d2493f23c?s=96&d=mm&r=g\",\"contentUrl\":\"https:\/\/secure.gravatar.com\/avatar\/b58f310a5de5feb33d1e026d2493f23c?s=96&d=mm&r=g\",\"caption\":\"prensa2\"},\"url\":\"https:\/\/www.ull.es\/portal\/noticias\/author\/prensa2\/\"}]}<\/script>\n<!-- \/ Yoast SEO plugin. -->","yoast_head_json":{"title":"La Reuni\u00f3n de Estudiantes de Inform\u00e1tica de Espa\u00f1a aboga por una titulaci\u00f3n de grado de cuatro a\u00f1os - ULL - Noticias","robots":{"index":"index","follow":"follow","max-snippet":"max-snippet:-1","max-image-preview":"max-image-preview:large","max-video-preview":"max-video-preview:-1"},"canonical":"https:\/\/www.ull.es\/portal\/noticias\/2005\/la-reunin-de-estudiantes-de-informtica-de-espaa-aboga-por-una-titulacin-de-grado-de-cuatro-aos\/","og_locale":"es_ES","og_type":"article","og_title":"La Reuni\u00f3n de Estudiantes de Inform\u00e1tica de Espa\u00f1a aboga por una titulaci\u00f3n de grado de cuatro a\u00f1os - ULL - Noticias","og_description":"La XXIII Reuni&oacute;n de Estudiantes de Inform&aacute;tica de Espa&ntilde;a (RITSI) se celebr&oacute; entre el 2 y el 6 de noviembre...","og_url":"https:\/\/www.ull.es\/portal\/noticias\/2005\/la-reunin-de-estudiantes-de-informtica-de-espaa-aboga-por-una-titulacin-de-grado-de-cuatro-aos\/","og_site_name":"ULL - Noticias","article_publisher":"https:\/\/www.facebook.com\/universidaddelalaguna\/","article_published_time":"2005-11-08T00:00:00+00:00","og_image":[{"width":1200,"height":630,"url":"https:\/\/www.ull.es\/portal\/noticias\/wp-content\/uploads\/sites\/13\/2023\/06\/logo-redimensionado.png","type":"image\/png"}],"author":"prensa2","twitter_card":"summary_large_image","twitter_creator":"@CanalULL","twitter_site":"@CanalULL","twitter_misc":{"Escrito por":"prensa2","Tiempo de lectura":"2 minutos"},"schema":{"@context":"https:\/\/schema.org","@graph":[{"@type":"WebPage","@id":"https:\/\/www.ull.es\/portal\/noticias\/2005\/la-reunin-de-estudiantes-de-informtica-de-espaa-aboga-por-una-titulacin-de-grado-de-cuatro-aos\/","url":"https:\/\/www.ull.es\/portal\/noticias\/2005\/la-reunin-de-estudiantes-de-informtica-de-espaa-aboga-por-una-titulacin-de-grado-de-cuatro-aos\/","name":"La Reuni\u00f3n de Estudiantes de Inform\u00e1tica de Espa\u00f1a aboga por una titulaci\u00f3n de grado de cuatro a\u00f1os - ULL - Noticias","isPartOf":{"@id":"https:\/\/www.ull.es\/portal\/noticias\/#website"},"datePublished":"2005-11-08T00:00:00+00:00","dateModified":"2005-11-08T00:00:00+00:00","author":{"@id":"https:\/\/www.ull.es\/portal\/noticias\/#\/schema\/person\/c3b2aa857797592927a03740d6664376"},"breadcrumb":{"@id":"https:\/\/www.ull.es\/portal\/noticias\/2005\/la-reunin-de-estudiantes-de-informtica-de-espaa-aboga-por-una-titulacin-de-grado-de-cuatro-aos\/#breadcrumb"},"inLanguage":"es","potentialAction":[{"@type":"ReadAction","target":["https:\/\/www.ull.es\/portal\/noticias\/2005\/la-reunin-de-estudiantes-de-informtica-de-espaa-aboga-por-una-titulacin-de-grado-de-cuatro-aos\/"]}]},{"@type":"BreadcrumbList","@id":"https:\/\/www.ull.es\/portal\/noticias\/2005\/la-reunin-de-estudiantes-de-informtica-de-espaa-aboga-por-una-titulacin-de-grado-de-cuatro-aos\/#breadcrumb","itemListElement":[{"@type":"ListItem","position":1,"name":"Portada","item":"https:\/\/www.ull.es\/portal\/noticias\/"},{"@type":"ListItem","position":2,"name":"La Reuni\u00f3n de Estudiantes de Inform\u00e1tica de Espa\u00f1a aboga por una titulaci\u00f3n de grado de cuatro a\u00f1os"}]},{"@type":"WebSite","@id":"https:\/\/www.ull.es\/portal\/noticias\/#website","url":"https:\/\/www.ull.es\/portal\/noticias\/","name":"ULL - Noticias","description":"","potentialAction":[{"@type":"SearchAction","target":{"@type":"EntryPoint","urlTemplate":"https:\/\/www.ull.es\/portal\/noticias\/?s={search_term_string}"},"query-input":"required name=search_term_string"}],"inLanguage":"es"},{"@type":"Person","@id":"https:\/\/www.ull.es\/portal\/noticias\/#\/schema\/person\/c3b2aa857797592927a03740d6664376","name":"prensa2","image":{"@type":"ImageObject","inLanguage":"es","@id":"https:\/\/www.ull.es\/portal\/noticias\/#\/schema\/person\/image\/","url":"https:\/\/secure.gravatar.com\/avatar\/b58f310a5de5feb33d1e026d2493f23c?s=96&d=mm&r=g","contentUrl":"https:\/\/secure.gravatar.com\/avatar\/b58f310a5de5feb33d1e026d2493f23c?s=96&d=mm&r=g","caption":"prensa2"},"url":"https:\/\/www.ull.es\/portal\/noticias\/author\/prensa2\/"}]}},"primary_category":null,"featured_image_thumbnail_url":null,"_links":{"self":[{"href":"https:\/\/www.ull.es\/portal\/noticias\/wp-json\/wp\/v2\/posts\/13380"}],"collection":[{"href":"https:\/\/www.ull.es\/portal\/noticias\/wp-json\/wp\/v2\/posts"}],"about":[{"href":"https:\/\/www.ull.es\/portal\/noticias\/wp-json\/wp\/v2\/types\/post"}],"author":[{"embeddable":true,"href":"https:\/\/www.ull.es\/portal\/noticias\/wp-json\/wp\/v2\/users\/21"}],"replies":[{"embeddable":true,"href":"https:\/\/www.ull.es\/portal\/noticias\/wp-json\/wp\/v2\/comments?post=13380"}],"version-history":[{"count":0,"href":"https:\/\/www.ull.es\/portal\/noticias\/wp-json\/wp\/v2\/posts\/13380\/revisions"}],"wp:attachment":[{"href":"https:\/\/www.ull.es\/portal\/noticias\/wp-json\/wp\/v2\/media?parent=13380"}],"wp:term":[{"taxonomy":"category","embeddable":true,"href":"https:\/\/www.ull.es\/portal\/noticias\/wp-json\/wp\/v2\/categories?post=13380"},{"taxonomy":"post_tag","embeddable":true,"href":"https:\/\/www.ull.es\/portal\/noticias\/wp-json\/wp\/v2\/tags?post=13380"}],"curies":[{"name":"wp","href":"https:\/\/api.w.org\/{rel}","templated":true}]}}