{"id":13384,"date":"2005-11-23T00:00:00","date_gmt":"2005-11-23T00:00:00","guid":{"rendered":"http:\/\/ddigital.webs.ull.es\/los-decanos-de-educacin-piden-que-se-incluya-pedagoga-y-educacin-social-en-el-catlogo-de-grado\/"},"modified":"2005-11-23T00:00:00","modified_gmt":"2005-11-23T00:00:00","slug":"los-decanos-de-educacin-piden-que-se-incluya-pedagoga-y-educacin-social-en-el-catlogo-de-grado","status":"publish","type":"post","link":"https:\/\/www.ull.es\/portal\/noticias\/2005\/los-decanos-de-educacin-piden-que-se-incluya-pedagoga-y-educacin-social-en-el-catlogo-de-grado\/","title":{"rendered":"Los decanos de Educaci\u00f3n piden que se incluya Pedagog\u00eda y Educaci\u00f3n Social en el cat\u00e1logo de grado"},"content":{"rendered":"<p>La III Conferencia de Decanos y Directores de Magisterio y Educaci&oacute;n, agrupaci&oacute;n que re&uacute;ne a los dirigentes nacionales de centros universitarios que imparten las titulaciones relacionadas con la formaci&oacute;n, se reuni&oacute; en Tenerife los pasado d&iacute;as 17 y 18 de noviembre bajo la coordinaci&oacute;n de la Facultad de Educaci&oacute;n de la Universidad de La Laguna. Entre otros acuerdos, este grupo solicita al Ministerio de Educaci&oacute;n (MEC) la inclusi&oacute;n en la pr&oacute;xima relaci&oacute;n del cat&aacute;logo de grados de los t&iacute;tulos de Pedagog&iacute;a y Educaci&oacute;n Social.<\/p>\n<p><P>La transici&oacute;n de las actuales titulaciones universitarias a las nuevas de grado y posgrado que surgen con motivo de la creaci&oacute;n del Espacio Europeo de Educaci&oacute;n Superior ha originado intensos debates en todas las disciplinas del saber, y centr&oacute; gran parte del inter&eacute;s de esta reuni&oacute;n. <\/P><P>As&iacute;, el primer acuerdo que se adopt&oacute; se refiere a continuar la defensa de la propuesta de los grados de Magisterio y Educaci&oacute;n conforme a lo establecido en los Libros Blancos. Dichos textos fueron elaborados por cada una de las &aacute;reas de conocimiento y enviados al MEC para que los tuvieran en cuenta a la hora de dise&ntilde;ar las nuevas titulaciones. Representan el dise&ntilde;o de titulaci&oacute;n que cada &aacute;rea considera m&aacute;s adecuado, aunque son &uacute;nicamente documentos consultivos y el ministerio podr&iacute;a obviarlos.<\/P><P>La Conferencia acord&oacute; igualmente asumir la \u00abresponsabilidad de liderar, coordinar y gestionar los postgrados de Psicopedagog&iacute;a y de Formaci&oacute;n del Profesorado de Secundaria\u00bb. La primera de estas titulaciones es actualmente de segundo ciclo y puede desaparecer del nuevo cat&aacute;logo, por lo que una posibilidad de que sobreviva ser&iacute;a reconvertirla en un t&iacute;tulo de posgrado.<\/P><P>Otras conclusiones del encuentro se refer&iacute;an a aumentar la vinculaci&oacute;n de la Conferencia con las tareas preparatorias de los nuevos grados. As&iacute;, se acord&oacute; elaborar un informe sobre el mapa de los programas oficiales de posgrado en Magisterio y Educaci&oacute;n antes de abril de 2006, y reclamar su papel de interlocutor v&aacute;lido ante instituciones como el MEC, el Consejo de Coordinaci&oacute;n Universitaria o la Conferencia de Rectores de Universidades Espa&ntilde;olas.<\/P><P>Asimismo, se consider&oacute; necesario establecer conversaciones con otras conferencias de decanos y redes de &aacute;reas de conocimiento diferentes a las de Magisterio. La agrupaci&oacute;n tambi&eacute;n decidi&oacute; apoyar el proceso negociador con el MEC del colectivo de profesorado Titular y Catedr&aacute;tico de Escuela Universitaria en sus reivindicaciones, que podr&iacute;a extinguirse si prospera la reforma de la Ley Org&aacute;nica de Universidades tal y como est&aacute; planteada.<\/P><\/p>\n","protected":false},"excerpt":{"rendered":"<p>La III Conferencia de Decanos y Directores de Magisterio y Educaci&oacute;n, agrupaci&oacute;n que re&uacute;ne a los dirigentes nacionales de centros&#8230;<\/p>\n","protected":false},"author":21,"featured_media":0,"comment_status":"open","ping_status":"open","sticky":false,"template":"","format":"standard","meta":{"inline_featured_image":false,"footnotes":""},"categories":[346,1],"tags":[],"acf":[],"yoast_head":"<!-- This site is optimized with the Yoast SEO plugin v21.3 - https:\/\/yoast.com\/wordpress\/plugins\/seo\/ -->\n<title>Los decanos de Educaci\u00f3n piden que se incluya Pedagog\u00eda y Educaci\u00f3n Social en el cat\u00e1logo de grado - ULL - Noticias<\/title>\n<meta name=\"robots\" content=\"index, follow, max-snippet:-1, max-image-preview:large, max-video-preview:-1\" \/>\n<link rel=\"canonical\" href=\"https:\/\/www.ull.es\/portal\/noticias\/2005\/los-decanos-de-educacin-piden-que-se-incluya-pedagoga-y-educacin-social-en-el-catlogo-de-grado\/\" \/>\n<meta property=\"og:locale\" content=\"es_ES\" \/>\n<meta property=\"og:type\" content=\"article\" \/>\n<meta property=\"og:title\" content=\"Los decanos de Educaci\u00f3n piden que se incluya Pedagog\u00eda y Educaci\u00f3n Social en el cat\u00e1logo de grado - ULL - Noticias\" \/>\n<meta property=\"og:description\" content=\"La III Conferencia de Decanos y Directores de Magisterio y Educaci&oacute;n, agrupaci&oacute;n que re&uacute;ne a los dirigentes nacionales de centros...\" \/>\n<meta property=\"og:url\" content=\"https:\/\/www.ull.es\/portal\/noticias\/2005\/los-decanos-de-educacin-piden-que-se-incluya-pedagoga-y-educacin-social-en-el-catlogo-de-grado\/\" \/>\n<meta property=\"og:site_name\" content=\"ULL - Noticias\" \/>\n<meta property=\"article:publisher\" content=\"https:\/\/www.facebook.com\/universidaddelalaguna\/\" \/>\n<meta property=\"article:published_time\" content=\"2005-11-23T00:00:00+00:00\" \/>\n<meta property=\"og:image\" content=\"https:\/\/www.ull.es\/portal\/noticias\/wp-content\/uploads\/sites\/13\/2023\/06\/logo-redimensionado.png\" \/>\n\t<meta property=\"og:image:width\" content=\"1200\" \/>\n\t<meta property=\"og:image:height\" content=\"630\" \/>\n\t<meta property=\"og:image:type\" content=\"image\/png\" \/>\n<meta name=\"author\" content=\"prensa2\" \/>\n<meta name=\"twitter:card\" content=\"summary_large_image\" \/>\n<meta name=\"twitter:creator\" content=\"@CanalULL\" \/>\n<meta name=\"twitter:site\" content=\"@CanalULL\" \/>\n<meta name=\"twitter:label1\" content=\"Escrito por\" \/>\n\t<meta name=\"twitter:data1\" content=\"prensa2\" \/>\n\t<meta name=\"twitter:label2\" content=\"Tiempo de lectura\" \/>\n\t<meta name=\"twitter:data2\" content=\"2 minutos\" \/>\n<script type=\"application\/ld+json\" class=\"yoast-schema-graph\">{\"@context\":\"https:\/\/schema.org\",\"@graph\":[{\"@type\":\"WebPage\",\"@id\":\"https:\/\/www.ull.es\/portal\/noticias\/2005\/los-decanos-de-educacin-piden-que-se-incluya-pedagoga-y-educacin-social-en-el-catlogo-de-grado\/\",\"url\":\"https:\/\/www.ull.es\/portal\/noticias\/2005\/los-decanos-de-educacin-piden-que-se-incluya-pedagoga-y-educacin-social-en-el-catlogo-de-grado\/\",\"name\":\"Los decanos de Educaci\u00f3n piden que se incluya Pedagog\u00eda y Educaci\u00f3n Social en el cat\u00e1logo de grado - ULL - Noticias\",\"isPartOf\":{\"@id\":\"https:\/\/www.ull.es\/portal\/noticias\/#website\"},\"datePublished\":\"2005-11-23T00:00:00+00:00\",\"dateModified\":\"2005-11-23T00:00:00+00:00\",\"author\":{\"@id\":\"https:\/\/www.ull.es\/portal\/noticias\/#\/schema\/person\/c3b2aa857797592927a03740d6664376\"},\"breadcrumb\":{\"@id\":\"https:\/\/www.ull.es\/portal\/noticias\/2005\/los-decanos-de-educacin-piden-que-se-incluya-pedagoga-y-educacin-social-en-el-catlogo-de-grado\/#breadcrumb\"},\"inLanguage\":\"es\",\"potentialAction\":[{\"@type\":\"ReadAction\",\"target\":[\"https:\/\/www.ull.es\/portal\/noticias\/2005\/los-decanos-de-educacin-piden-que-se-incluya-pedagoga-y-educacin-social-en-el-catlogo-de-grado\/\"]}]},{\"@type\":\"BreadcrumbList\",\"@id\":\"https:\/\/www.ull.es\/portal\/noticias\/2005\/los-decanos-de-educacin-piden-que-se-incluya-pedagoga-y-educacin-social-en-el-catlogo-de-grado\/#breadcrumb\",\"itemListElement\":[{\"@type\":\"ListItem\",\"position\":1,\"name\":\"Portada\",\"item\":\"https:\/\/www.ull.es\/portal\/noticias\/\"},{\"@type\":\"ListItem\",\"position\":2,\"name\":\"Los decanos de Educaci\u00f3n piden que se incluya Pedagog\u00eda y Educaci\u00f3n Social en el cat\u00e1logo de grado\"}]},{\"@type\":\"WebSite\",\"@id\":\"https:\/\/www.ull.es\/portal\/noticias\/#website\",\"url\":\"https:\/\/www.ull.es\/portal\/noticias\/\",\"name\":\"ULL - Noticias\",\"description\":\"\",\"potentialAction\":[{\"@type\":\"SearchAction\",\"target\":{\"@type\":\"EntryPoint\",\"urlTemplate\":\"https:\/\/www.ull.es\/portal\/noticias\/?s={search_term_string}\"},\"query-input\":\"required name=search_term_string\"}],\"inLanguage\":\"es\"},{\"@type\":\"Person\",\"@id\":\"https:\/\/www.ull.es\/portal\/noticias\/#\/schema\/person\/c3b2aa857797592927a03740d6664376\",\"name\":\"prensa2\",\"image\":{\"@type\":\"ImageObject\",\"inLanguage\":\"es\",\"@id\":\"https:\/\/www.ull.es\/portal\/noticias\/#\/schema\/person\/image\/\",\"url\":\"https:\/\/secure.gravatar.com\/avatar\/b58f310a5de5feb33d1e026d2493f23c?s=96&d=mm&r=g\",\"contentUrl\":\"https:\/\/secure.gravatar.com\/avatar\/b58f310a5de5feb33d1e026d2493f23c?s=96&d=mm&r=g\",\"caption\":\"prensa2\"},\"url\":\"https:\/\/www.ull.es\/portal\/noticias\/author\/prensa2\/\"}]}<\/script>\n<!-- \/ Yoast SEO plugin. -->","yoast_head_json":{"title":"Los decanos de Educaci\u00f3n piden que se incluya Pedagog\u00eda y Educaci\u00f3n Social en el cat\u00e1logo de grado - ULL - Noticias","robots":{"index":"index","follow":"follow","max-snippet":"max-snippet:-1","max-image-preview":"max-image-preview:large","max-video-preview":"max-video-preview:-1"},"canonical":"https:\/\/www.ull.es\/portal\/noticias\/2005\/los-decanos-de-educacin-piden-que-se-incluya-pedagoga-y-educacin-social-en-el-catlogo-de-grado\/","og_locale":"es_ES","og_type":"article","og_title":"Los decanos de Educaci\u00f3n piden que se incluya Pedagog\u00eda y Educaci\u00f3n Social en el cat\u00e1logo de grado - ULL - Noticias","og_description":"La III Conferencia de Decanos y Directores de Magisterio y Educaci&oacute;n, agrupaci&oacute;n que re&uacute;ne a los dirigentes nacionales de centros...","og_url":"https:\/\/www.ull.es\/portal\/noticias\/2005\/los-decanos-de-educacin-piden-que-se-incluya-pedagoga-y-educacin-social-en-el-catlogo-de-grado\/","og_site_name":"ULL - Noticias","article_publisher":"https:\/\/www.facebook.com\/universidaddelalaguna\/","article_published_time":"2005-11-23T00:00:00+00:00","og_image":[{"width":1200,"height":630,"url":"https:\/\/www.ull.es\/portal\/noticias\/wp-content\/uploads\/sites\/13\/2023\/06\/logo-redimensionado.png","type":"image\/png"}],"author":"prensa2","twitter_card":"summary_large_image","twitter_creator":"@CanalULL","twitter_site":"@CanalULL","twitter_misc":{"Escrito por":"prensa2","Tiempo de lectura":"2 minutos"},"schema":{"@context":"https:\/\/schema.org","@graph":[{"@type":"WebPage","@id":"https:\/\/www.ull.es\/portal\/noticias\/2005\/los-decanos-de-educacin-piden-que-se-incluya-pedagoga-y-educacin-social-en-el-catlogo-de-grado\/","url":"https:\/\/www.ull.es\/portal\/noticias\/2005\/los-decanos-de-educacin-piden-que-se-incluya-pedagoga-y-educacin-social-en-el-catlogo-de-grado\/","name":"Los decanos de Educaci\u00f3n piden que se incluya Pedagog\u00eda y Educaci\u00f3n Social en el cat\u00e1logo de grado - ULL - Noticias","isPartOf":{"@id":"https:\/\/www.ull.es\/portal\/noticias\/#website"},"datePublished":"2005-11-23T00:00:00+00:00","dateModified":"2005-11-23T00:00:00+00:00","author":{"@id":"https:\/\/www.ull.es\/portal\/noticias\/#\/schema\/person\/c3b2aa857797592927a03740d6664376"},"breadcrumb":{"@id":"https:\/\/www.ull.es\/portal\/noticias\/2005\/los-decanos-de-educacin-piden-que-se-incluya-pedagoga-y-educacin-social-en-el-catlogo-de-grado\/#breadcrumb"},"inLanguage":"es","potentialAction":[{"@type":"ReadAction","target":["https:\/\/www.ull.es\/portal\/noticias\/2005\/los-decanos-de-educacin-piden-que-se-incluya-pedagoga-y-educacin-social-en-el-catlogo-de-grado\/"]}]},{"@type":"BreadcrumbList","@id":"https:\/\/www.ull.es\/portal\/noticias\/2005\/los-decanos-de-educacin-piden-que-se-incluya-pedagoga-y-educacin-social-en-el-catlogo-de-grado\/#breadcrumb","itemListElement":[{"@type":"ListItem","position":1,"name":"Portada","item":"https:\/\/www.ull.es\/portal\/noticias\/"},{"@type":"ListItem","position":2,"name":"Los decanos de Educaci\u00f3n piden que se incluya Pedagog\u00eda y Educaci\u00f3n Social en el cat\u00e1logo de grado"}]},{"@type":"WebSite","@id":"https:\/\/www.ull.es\/portal\/noticias\/#website","url":"https:\/\/www.ull.es\/portal\/noticias\/","name":"ULL - Noticias","description":"","potentialAction":[{"@type":"SearchAction","target":{"@type":"EntryPoint","urlTemplate":"https:\/\/www.ull.es\/portal\/noticias\/?s={search_term_string}"},"query-input":"required name=search_term_string"}],"inLanguage":"es"},{"@type":"Person","@id":"https:\/\/www.ull.es\/portal\/noticias\/#\/schema\/person\/c3b2aa857797592927a03740d6664376","name":"prensa2","image":{"@type":"ImageObject","inLanguage":"es","@id":"https:\/\/www.ull.es\/portal\/noticias\/#\/schema\/person\/image\/","url":"https:\/\/secure.gravatar.com\/avatar\/b58f310a5de5feb33d1e026d2493f23c?s=96&d=mm&r=g","contentUrl":"https:\/\/secure.gravatar.com\/avatar\/b58f310a5de5feb33d1e026d2493f23c?s=96&d=mm&r=g","caption":"prensa2"},"url":"https:\/\/www.ull.es\/portal\/noticias\/author\/prensa2\/"}]}},"primary_category":null,"featured_image_thumbnail_url":null,"_links":{"self":[{"href":"https:\/\/www.ull.es\/portal\/noticias\/wp-json\/wp\/v2\/posts\/13384"}],"collection":[{"href":"https:\/\/www.ull.es\/portal\/noticias\/wp-json\/wp\/v2\/posts"}],"about":[{"href":"https:\/\/www.ull.es\/portal\/noticias\/wp-json\/wp\/v2\/types\/post"}],"author":[{"embeddable":true,"href":"https:\/\/www.ull.es\/portal\/noticias\/wp-json\/wp\/v2\/users\/21"}],"replies":[{"embeddable":true,"href":"https:\/\/www.ull.es\/portal\/noticias\/wp-json\/wp\/v2\/comments?post=13384"}],"version-history":[{"count":0,"href":"https:\/\/www.ull.es\/portal\/noticias\/wp-json\/wp\/v2\/posts\/13384\/revisions"}],"wp:attachment":[{"href":"https:\/\/www.ull.es\/portal\/noticias\/wp-json\/wp\/v2\/media?parent=13384"}],"wp:term":[{"taxonomy":"category","embeddable":true,"href":"https:\/\/www.ull.es\/portal\/noticias\/wp-json\/wp\/v2\/categories?post=13384"},{"taxonomy":"post_tag","embeddable":true,"href":"https:\/\/www.ull.es\/portal\/noticias\/wp-json\/wp\/v2\/tags?post=13384"}],"curies":[{"name":"wp","href":"https:\/\/api.w.org\/{rel}","templated":true}]}}