{"id":13389,"date":"2005-12-15T00:00:00","date_gmt":"2005-12-15T00:00:00","guid":{"rendered":"http:\/\/ddigital.webs.ull.es\/el-congreso-de-bellas-artes-aboga-por-la-disolucin-de-las-fronteras-entre-teora-y-prctica-artstica\/"},"modified":"2005-12-15T00:00:00","modified_gmt":"2005-12-15T00:00:00","slug":"el-congreso-de-bellas-artes-aboga-por-la-disolucin-de-las-fronteras-entre-teora-y-prctica-artstica","status":"publish","type":"post","link":"https:\/\/www.ull.es\/portal\/noticias\/2005\/el-congreso-de-bellas-artes-aboga-por-la-disolucin-de-las-fronteras-entre-teora-y-prctica-artstica\/","title":{"rendered":"El congreso de Bellas Artes aboga por la disoluci\u00f3n de las fronteras entre teor\u00eda y pr\u00e1ctica art\u00edstica"},"content":{"rendered":"<p>Las dos primeras jornadas del Congreso Nacional de Bellas Artes \u00abLas disciplinas art&iacute;sticas y su ense&ntilde;anza en la era in-disciplinar\u00bb, que se celebra hasta hoy, jueves 15 de diciembre en el Aulario de Guajara de la Universidad de La Laguna, se han centrado en reivindicar el papel de las facultades dedicadas a ense&ntilde;anzas art&iacute;sticas como centros generadores de conocimiento. Eso s&iacute;, dadas las especificidades de la materia que abordan, los ponentes en su mayor&iacute;a defendieron la necesidad de disolver las fronteras existentes entre teor&iacute;a y pr&aacute;ctica.<\/p>\n<p>El lunes 13 se abord&oacute; la situaci&oacute;n actual del arte contempor&aacute;neo en general, y de los m&eacute;todos de ense&ntilde;anza art&iacute;stica en particular. En este sentido, Josu Larra&ntilde;aga, director del departamento de Pintura de la Universidad Complutense de Madrid (UCM), sostuvo en su ponencia que la pr&aacute;ctica art&iacute;stica actual no puede reducirse a la mera producci&oacute;n de obras de arte, sino que debe reflexionar sobre las condiciones en que &eacute;stas son recibidas por el p&uacute;blico. <BR><BR>Daniel Lupi&oacute;n, profesor de pintura en el M&aacute;ster de Teor&iacute;a y Pr&aacute;ctica del Arte en la UCM, hizo una defensa de la especificidad de las pr&aacute;cticas art&iacute;sticas frente a la posici&oacute;n de los \u00abEstudios visuales\u00bb, que conciben el arte como un producto no diferenciado de cualquier otro tipo de imagen, como la publicidad o la televisi&oacute;n. M&aacute;s tarde, Ram&oacute;n Salas, director del departamento de Pintura y Escultura de la ULL, abog&oacute; por una revitalizaci&oacute;n de las facultades de Bellas Artes como centros culturales y por un impulso de la dimensi&oacute;n human&iacute;stica de la Universidad, frente a las tendencias que la quieren convertir en un mero instrumento para la formaci&oacute;n de profesionales.<BR><BR>Tambi&eacute;n durante la primera jornada Miguel &aacute;ngel Lomana, director del Departamento de Dibujo, Dise&ntilde;o y Est&eacute;tica de la ULL, manifest&oacute; su apoyo a la dimensi&oacute;n te&oacute;rico-pr&aacute;ctica de la formaci&oacute;n art&iacute;stica. Por su parte, Pilar Blanco, decana de la Facultad de Bellas Artes de la ULL, explic&oacute; la opini&oacute;n de la Conferencia de Decanos con respecto al proceso de reforma de los planes de estudio. <BR><BR>Estas ideas se debatieron en una mesa en la que se abund&oacute; en la importancia de eliminar la distinci&oacute;n entre teor&iacute;a y pr&aacute;ctica de las Bellas Artes. Existe cierta tradici&oacute;n seg&uacute;n la cual los artistas hacen arte y los historiadores de arte teorizan sobre el arte. Se argument&oacute;, sin embargo, que las Bellas Artes son un campo espec&iacute;fico con su propio corpus te&oacute;rico, algo que es as&iacute; desde Leonardo da Vinci. <BR><BR>Por otra parte, los ponentes afirmaron la necesidad del compromiso de las facultades de Bellas Artes con el arte contempor&aacute;neo. No cabe concebirlas como centros reservados para el culto a la tradici&oacute;n, sino que, como cualquier espacio universitario, debe estar actualizado en el campo del conocimiento que le es propio. <BR><BR>En la segunda jornada se abordaron los diferentes modelos de ense&ntilde;anza art&iacute;stica. Joan Llaver&iacute;a, decano de la Facultad de Bellas Artes de la Universidad Polit&eacute;cnica de Valencia, expuso los modelos que desde su facultad se han impulsado para buscar relaciones con la sociedad. Por su parte Jose Vicente Mart&iacute;n, profesor de pintura en la Universidad de Elche, reflexion&oacute; sobre la ense&ntilde;anza del arte moderno y Mariano de Blas, profesor de Pintura de la UCM, expuso el modelo ingl&eacute;s de ense&ntilde;anza del arte. <BR>A las intervenciones de Moustafa Al Yassin y Hagbard Sollos, que explicaron el modelo de ense&ntilde;anza en los pa&iacute;ses n&oacute;rdicos, sigui&oacute; la de Lourdes Florido, profesora de escultura en la ULL, que contrast&oacute; modelos acad&eacute;micos de Francia, Alemania y Finlandia. <BR><BR>En la mesa redonda de la tarde, los ponentes se manifestaron a favor de una ense&ntilde;anza del arte m&aacute;s abierta y din&aacute;mica, potenciando los talleres de creaci&oacute;n y el aprendizaje a partir de pr&aacute;cticas tutorizadas combinadas con la asistencia a seminarios y conferencias.<\/p>\n","protected":false},"excerpt":{"rendered":"<p>Las dos primeras jornadas del Congreso Nacional de Bellas Artes \u00abLas disciplinas art&iacute;sticas y su ense&ntilde;anza en la era in-disciplinar\u00bb,&#8230;<\/p>\n","protected":false},"author":21,"featured_media":13390,"comment_status":"open","ping_status":"open","sticky":false,"template":"","format":"standard","meta":{"inline_featured_image":false,"footnotes":""},"categories":[346,1],"tags":[],"acf":[],"yoast_head":"<!-- This site is optimized with the Yoast SEO plugin v21.3 - https:\/\/yoast.com\/wordpress\/plugins\/seo\/ -->\n<title>El congreso de Bellas Artes aboga por la disoluci\u00f3n de las fronteras entre teor\u00eda y pr\u00e1ctica art\u00edstica - ULL - Noticias<\/title>\n<meta name=\"robots\" content=\"index, follow, max-snippet:-1, max-image-preview:large, max-video-preview:-1\" \/>\n<link rel=\"canonical\" href=\"https:\/\/www.ull.es\/portal\/noticias\/2005\/el-congreso-de-bellas-artes-aboga-por-la-disolucin-de-las-fronteras-entre-teora-y-prctica-artstica\/\" \/>\n<meta property=\"og:locale\" content=\"es_ES\" \/>\n<meta property=\"og:type\" content=\"article\" \/>\n<meta property=\"og:title\" content=\"El congreso de Bellas Artes aboga por la disoluci\u00f3n de las fronteras entre teor\u00eda y pr\u00e1ctica art\u00edstica - ULL - Noticias\" \/>\n<meta property=\"og:description\" content=\"Las dos primeras jornadas del Congreso Nacional de Bellas Artes \u00abLas disciplinas art&iacute;sticas y su ense&ntilde;anza en la era in-disciplinar\u00bb,...\" \/>\n<meta property=\"og:url\" content=\"https:\/\/www.ull.es\/portal\/noticias\/2005\/el-congreso-de-bellas-artes-aboga-por-la-disolucin-de-las-fronteras-entre-teora-y-prctica-artstica\/\" \/>\n<meta property=\"og:site_name\" content=\"ULL - Noticias\" \/>\n<meta property=\"article:publisher\" content=\"https:\/\/www.facebook.com\/universidaddelalaguna\/\" \/>\n<meta property=\"article:published_time\" content=\"2005-12-15T00:00:00+00:00\" \/>\n<meta property=\"og:image\" content=\"https:\/\/www.ull.es\/portal\/noticias\/wp-content\/uploads\/sites\/13\/2015\/07\/bbaa.jpg\" \/>\n\t<meta property=\"og:image:width\" content=\"800\" \/>\n\t<meta property=\"og:image:height\" content=\"530\" \/>\n\t<meta property=\"og:image:type\" content=\"image\/jpeg\" \/>\n<meta name=\"author\" content=\"prensa2\" \/>\n<meta name=\"twitter:card\" content=\"summary_large_image\" \/>\n<meta name=\"twitter:creator\" content=\"@CanalULL\" \/>\n<meta name=\"twitter:site\" content=\"@CanalULL\" \/>\n<meta name=\"twitter:label1\" content=\"Escrito por\" \/>\n\t<meta name=\"twitter:data1\" content=\"prensa2\" \/>\n\t<meta name=\"twitter:label2\" content=\"Tiempo de lectura\" \/>\n\t<meta name=\"twitter:data2\" content=\"4 minutos\" \/>\n<script type=\"application\/ld+json\" class=\"yoast-schema-graph\">{\"@context\":\"https:\/\/schema.org\",\"@graph\":[{\"@type\":\"WebPage\",\"@id\":\"https:\/\/www.ull.es\/portal\/noticias\/2005\/el-congreso-de-bellas-artes-aboga-por-la-disolucin-de-las-fronteras-entre-teora-y-prctica-artstica\/\",\"url\":\"https:\/\/www.ull.es\/portal\/noticias\/2005\/el-congreso-de-bellas-artes-aboga-por-la-disolucin-de-las-fronteras-entre-teora-y-prctica-artstica\/\",\"name\":\"El congreso de Bellas Artes aboga por la disoluci\u00f3n de las fronteras entre teor\u00eda y pr\u00e1ctica art\u00edstica - ULL - Noticias\",\"isPartOf\":{\"@id\":\"https:\/\/www.ull.es\/portal\/noticias\/#website\"},\"datePublished\":\"2005-12-15T00:00:00+00:00\",\"dateModified\":\"2005-12-15T00:00:00+00:00\",\"author\":{\"@id\":\"https:\/\/www.ull.es\/portal\/noticias\/#\/schema\/person\/c3b2aa857797592927a03740d6664376\"},\"breadcrumb\":{\"@id\":\"https:\/\/www.ull.es\/portal\/noticias\/2005\/el-congreso-de-bellas-artes-aboga-por-la-disolucin-de-las-fronteras-entre-teora-y-prctica-artstica\/#breadcrumb\"},\"inLanguage\":\"es\",\"potentialAction\":[{\"@type\":\"ReadAction\",\"target\":[\"https:\/\/www.ull.es\/portal\/noticias\/2005\/el-congreso-de-bellas-artes-aboga-por-la-disolucin-de-las-fronteras-entre-teora-y-prctica-artstica\/\"]}]},{\"@type\":\"BreadcrumbList\",\"@id\":\"https:\/\/www.ull.es\/portal\/noticias\/2005\/el-congreso-de-bellas-artes-aboga-por-la-disolucin-de-las-fronteras-entre-teora-y-prctica-artstica\/#breadcrumb\",\"itemListElement\":[{\"@type\":\"ListItem\",\"position\":1,\"name\":\"Portada\",\"item\":\"https:\/\/www.ull.es\/portal\/noticias\/\"},{\"@type\":\"ListItem\",\"position\":2,\"name\":\"El congreso de Bellas Artes aboga por la disoluci\u00f3n de las fronteras entre teor\u00eda y pr\u00e1ctica art\u00edstica\"}]},{\"@type\":\"WebSite\",\"@id\":\"https:\/\/www.ull.es\/portal\/noticias\/#website\",\"url\":\"https:\/\/www.ull.es\/portal\/noticias\/\",\"name\":\"ULL - Noticias\",\"description\":\"\",\"potentialAction\":[{\"@type\":\"SearchAction\",\"target\":{\"@type\":\"EntryPoint\",\"urlTemplate\":\"https:\/\/www.ull.es\/portal\/noticias\/?s={search_term_string}\"},\"query-input\":\"required name=search_term_string\"}],\"inLanguage\":\"es\"},{\"@type\":\"Person\",\"@id\":\"https:\/\/www.ull.es\/portal\/noticias\/#\/schema\/person\/c3b2aa857797592927a03740d6664376\",\"name\":\"prensa2\",\"image\":{\"@type\":\"ImageObject\",\"inLanguage\":\"es\",\"@id\":\"https:\/\/www.ull.es\/portal\/noticias\/#\/schema\/person\/image\/\",\"url\":\"https:\/\/secure.gravatar.com\/avatar\/b58f310a5de5feb33d1e026d2493f23c?s=96&d=mm&r=g\",\"contentUrl\":\"https:\/\/secure.gravatar.com\/avatar\/b58f310a5de5feb33d1e026d2493f23c?s=96&d=mm&r=g\",\"caption\":\"prensa2\"},\"url\":\"https:\/\/www.ull.es\/portal\/noticias\/author\/prensa2\/\"}]}<\/script>\n<!-- \/ Yoast SEO plugin. -->","yoast_head_json":{"title":"El congreso de Bellas Artes aboga por la disoluci\u00f3n de las fronteras entre teor\u00eda y pr\u00e1ctica art\u00edstica - ULL - Noticias","robots":{"index":"index","follow":"follow","max-snippet":"max-snippet:-1","max-image-preview":"max-image-preview:large","max-video-preview":"max-video-preview:-1"},"canonical":"https:\/\/www.ull.es\/portal\/noticias\/2005\/el-congreso-de-bellas-artes-aboga-por-la-disolucin-de-las-fronteras-entre-teora-y-prctica-artstica\/","og_locale":"es_ES","og_type":"article","og_title":"El congreso de Bellas Artes aboga por la disoluci\u00f3n de las fronteras entre teor\u00eda y pr\u00e1ctica art\u00edstica - ULL - Noticias","og_description":"Las dos primeras jornadas del Congreso Nacional de Bellas Artes \u00abLas disciplinas art&iacute;sticas y su ense&ntilde;anza en la era in-disciplinar\u00bb,...","og_url":"https:\/\/www.ull.es\/portal\/noticias\/2005\/el-congreso-de-bellas-artes-aboga-por-la-disolucin-de-las-fronteras-entre-teora-y-prctica-artstica\/","og_site_name":"ULL - Noticias","article_publisher":"https:\/\/www.facebook.com\/universidaddelalaguna\/","article_published_time":"2005-12-15T00:00:00+00:00","og_image":[{"width":800,"height":530,"url":"https:\/\/www.ull.es\/portal\/noticias\/wp-content\/uploads\/sites\/13\/2015\/07\/bbaa.jpg","type":"image\/jpeg"}],"author":"prensa2","twitter_card":"summary_large_image","twitter_creator":"@CanalULL","twitter_site":"@CanalULL","twitter_misc":{"Escrito por":"prensa2","Tiempo de lectura":"4 minutos"},"schema":{"@context":"https:\/\/schema.org","@graph":[{"@type":"WebPage","@id":"https:\/\/www.ull.es\/portal\/noticias\/2005\/el-congreso-de-bellas-artes-aboga-por-la-disolucin-de-las-fronteras-entre-teora-y-prctica-artstica\/","url":"https:\/\/www.ull.es\/portal\/noticias\/2005\/el-congreso-de-bellas-artes-aboga-por-la-disolucin-de-las-fronteras-entre-teora-y-prctica-artstica\/","name":"El congreso de Bellas Artes aboga por la disoluci\u00f3n de las fronteras entre teor\u00eda y pr\u00e1ctica art\u00edstica - ULL - Noticias","isPartOf":{"@id":"https:\/\/www.ull.es\/portal\/noticias\/#website"},"datePublished":"2005-12-15T00:00:00+00:00","dateModified":"2005-12-15T00:00:00+00:00","author":{"@id":"https:\/\/www.ull.es\/portal\/noticias\/#\/schema\/person\/c3b2aa857797592927a03740d6664376"},"breadcrumb":{"@id":"https:\/\/www.ull.es\/portal\/noticias\/2005\/el-congreso-de-bellas-artes-aboga-por-la-disolucin-de-las-fronteras-entre-teora-y-prctica-artstica\/#breadcrumb"},"inLanguage":"es","potentialAction":[{"@type":"ReadAction","target":["https:\/\/www.ull.es\/portal\/noticias\/2005\/el-congreso-de-bellas-artes-aboga-por-la-disolucin-de-las-fronteras-entre-teora-y-prctica-artstica\/"]}]},{"@type":"BreadcrumbList","@id":"https:\/\/www.ull.es\/portal\/noticias\/2005\/el-congreso-de-bellas-artes-aboga-por-la-disolucin-de-las-fronteras-entre-teora-y-prctica-artstica\/#breadcrumb","itemListElement":[{"@type":"ListItem","position":1,"name":"Portada","item":"https:\/\/www.ull.es\/portal\/noticias\/"},{"@type":"ListItem","position":2,"name":"El congreso de Bellas Artes aboga por la disoluci\u00f3n de las fronteras entre teor\u00eda y pr\u00e1ctica art\u00edstica"}]},{"@type":"WebSite","@id":"https:\/\/www.ull.es\/portal\/noticias\/#website","url":"https:\/\/www.ull.es\/portal\/noticias\/","name":"ULL - Noticias","description":"","potentialAction":[{"@type":"SearchAction","target":{"@type":"EntryPoint","urlTemplate":"https:\/\/www.ull.es\/portal\/noticias\/?s={search_term_string}"},"query-input":"required name=search_term_string"}],"inLanguage":"es"},{"@type":"Person","@id":"https:\/\/www.ull.es\/portal\/noticias\/#\/schema\/person\/c3b2aa857797592927a03740d6664376","name":"prensa2","image":{"@type":"ImageObject","inLanguage":"es","@id":"https:\/\/www.ull.es\/portal\/noticias\/#\/schema\/person\/image\/","url":"https:\/\/secure.gravatar.com\/avatar\/b58f310a5de5feb33d1e026d2493f23c?s=96&d=mm&r=g","contentUrl":"https:\/\/secure.gravatar.com\/avatar\/b58f310a5de5feb33d1e026d2493f23c?s=96&d=mm&r=g","caption":"prensa2"},"url":"https:\/\/www.ull.es\/portal\/noticias\/author\/prensa2\/"}]}},"primary_category":null,"featured_image_thumbnail_url":"https:\/\/www.ull.es\/portal\/noticias\/wp-content\/uploads\/sites\/13\/2015\/07\/bbaa-300x199.jpg","_links":{"self":[{"href":"https:\/\/www.ull.es\/portal\/noticias\/wp-json\/wp\/v2\/posts\/13389"}],"collection":[{"href":"https:\/\/www.ull.es\/portal\/noticias\/wp-json\/wp\/v2\/posts"}],"about":[{"href":"https:\/\/www.ull.es\/portal\/noticias\/wp-json\/wp\/v2\/types\/post"}],"author":[{"embeddable":true,"href":"https:\/\/www.ull.es\/portal\/noticias\/wp-json\/wp\/v2\/users\/21"}],"replies":[{"embeddable":true,"href":"https:\/\/www.ull.es\/portal\/noticias\/wp-json\/wp\/v2\/comments?post=13389"}],"version-history":[{"count":0,"href":"https:\/\/www.ull.es\/portal\/noticias\/wp-json\/wp\/v2\/posts\/13389\/revisions"}],"wp:featuredmedia":[{"embeddable":true,"href":"https:\/\/www.ull.es\/portal\/noticias\/wp-json\/wp\/v2\/media\/13390"}],"wp:attachment":[{"href":"https:\/\/www.ull.es\/portal\/noticias\/wp-json\/wp\/v2\/media?parent=13389"}],"wp:term":[{"taxonomy":"category","embeddable":true,"href":"https:\/\/www.ull.es\/portal\/noticias\/wp-json\/wp\/v2\/categories?post=13389"},{"taxonomy":"post_tag","embeddable":true,"href":"https:\/\/www.ull.es\/portal\/noticias\/wp-json\/wp\/v2\/tags?post=13389"}],"curies":[{"name":"wp","href":"https:\/\/api.w.org\/{rel}","templated":true}]}}