{"id":13394,"date":"2006-01-11T00:00:00","date_gmt":"2006-01-11T00:00:00","guid":{"rendered":"http:\/\/ddigital.webs.ull.es\/el-ministro-de-exteriores-inaugura-el-mster-en-diplomacia-que-prximanete-se-impartir-en-la-ull\/"},"modified":"2006-01-11T00:00:00","modified_gmt":"2006-01-11T00:00:00","slug":"el-ministro-de-exteriores-inaugura-el-mster-en-diplomacia-que-prximanete-se-impartir-en-la-ull","status":"publish","type":"post","link":"https:\/\/www.ull.es\/portal\/noticias\/2006\/el-ministro-de-exteriores-inaugura-el-mster-en-diplomacia-que-prximanete-se-impartir-en-la-ull\/","title":{"rendered":"El ministro de Exteriores inaugura el M\u00e1ster en Diplomacia que pr\u00f3ximanete se impartir\u00e1 en la ULL"},"content":{"rendered":"<p>El ministro de Asuntos Exteriores, Miguel &aacute;ngel Moratinos, inaugur&oacute; el pasado lunes 9 de enero la nueva convocatoria del M&aacute;ster en Diplomacia y Relaciones Internacionales, organizado por la Escuela Diplom&aacute;tica en colaboraci&oacute;n con seis universidades espa&ntilde;olas: Alcal&aacute;, Complutense, Carlos III, Internacional Men&eacute;ndez Pelayo, Rey Juan Carlos y la UNED. Est&aacute;n avanzadas las negociaciones para que el t&iacute;tulo se imparta en otras universidades, entre las que se incluye La Laguna, cuya vicerrectora de Planes de Estudios y T&iacute;tulos Propios, Marta Jim&eacute;nez Ja&eacute;n, acudi&oacute; a la presentaci&oacute;n.<\/p>\n<p><P align=\"justify\">Las conversaciones para impartir el M&aacute;ster en Diplomacia y Relaciones Internacionales en la Universidad de La Laguna est&aacute;n muy avanzadas. De hecho, el rector de la instituci&oacute;n acad&eacute;mica, &aacute;ngel Guti&eacute;rrez, mantuvo por este motivo una reuni&oacute;n con el ministro de Exteriores el pasado 12 de mayo de 2005, celebrada en el Puerto de la Cruz. El centro tinerfe&ntilde;o de educaci&oacute;n superior cuenta con una amplia tradici&oacute;n en los estudios de Derecho y Relaciones Internacionales, complementados asimismo por la existencia de una Facultad de Ciencias Pol&iacute;ticas y Sociales.<\/P><P align=\"justify\">Moratinos se&ntilde;al&oacute; durante su intervenci&oacute;n que el nuevo t&iacute;tulo de posgrado est&aacute; adaptado a las directrices del Espacio Europeo de Educaci&oacute;n Superior y, lo que es m&aacute;s importante, que sus contenidos se ajustan \u00abal menos en un 70% al nuevo temario de la oposici&oacute;n de la carrera diplom&aacute;tica\u00bb. Por ello el ministro valor&oacute; que el dise&ntilde;o de la maestr&iacute;a \u00abfacilitar&aacute; que los alumnos espa&ntilde;oles que decidan con posterioridad acceder a la oposici&oacute;n de la Carrera Diplom&aacute;tica se hayan familiarizado con diversas materias; aunque esto no exime del esfuerzo y la dedicaci&oacute;n personal que requiere superar las pruebas de acceso\u00bb. <\/P><P align=\"justify\">El ministro afirm&oacute; que para evitar que las \u00abtrabas econ&oacute;micas impidan a los j&oacute;venes, y a los menos j&oacute;venes, disfrutar del conocimiento y satisfacer su curiosidad en estas &aacute;reas de estudio\u00bb, la Agencia Espa&ntilde;ola de Cooperaci&oacute;n Internacional ha convocado unas becas de ayudas para los alumnos matriculados procedentes de Iberoam&eacute;rica, otros pa&iacute;ses europeos, Asia y &aacute;frica. En cuanto a los espa&ntilde;oles, Moratinos indic&oacute; que se estaban ultimando detalles para que tambi&eacute;n pudieran acceder a ayudas.<\/P><P align=\"justify\"><\/P><P align=\"justify\">Adem&aacute;s de La Laguna, la Escuela Diplom&aacute;tica est&aacute; negociando la impartici&oacute;n del m&aacute;ster con las universidades de Santiago de Compostela, Internacional de Andaluc&iacute;a, Aut&oacute;noma de Barcelona y Pa&iacute;s Vasco. Adem&aacute;s, se est&aacute;n ultimando acuerdos para ofrecer el posgrado conjuntamente con centros de dos &aacute;reas especialmente importantes para la pol&iacute;tica exterior espa&ntilde;ola, como son Iberoam&eacute;rica y el Mediterr&aacute;neo. Se tratar&aacute; en el primer caso de universidades de Colombia, Ecuador y Per&uacute;, y de Marruecos, Argelia y Egipto en el segundo.<\/P><\/p>\n","protected":false},"excerpt":{"rendered":"<p>El ministro de Asuntos Exteriores, Miguel &aacute;ngel Moratinos, inaugur&oacute; el pasado lunes 9 de enero la nueva convocatoria del M&aacute;ster&#8230;<\/p>\n","protected":false},"author":21,"featured_media":0,"comment_status":"open","ping_status":"open","sticky":false,"template":"","format":"standard","meta":{"inline_featured_image":false,"footnotes":""},"categories":[346,1],"tags":[],"acf":[],"yoast_head":"<!-- This site is optimized with the Yoast SEO plugin v21.3 - https:\/\/yoast.com\/wordpress\/plugins\/seo\/ -->\n<title>El ministro de Exteriores inaugura el M\u00e1ster en Diplomacia que pr\u00f3ximanete se impartir\u00e1 en la ULL - ULL - Noticias<\/title>\n<meta name=\"robots\" content=\"index, follow, max-snippet:-1, max-image-preview:large, max-video-preview:-1\" \/>\n<link rel=\"canonical\" href=\"https:\/\/www.ull.es\/portal\/noticias\/2006\/el-ministro-de-exteriores-inaugura-el-mster-en-diplomacia-que-prximanete-se-impartir-en-la-ull\/\" \/>\n<meta property=\"og:locale\" content=\"es_ES\" \/>\n<meta property=\"og:type\" content=\"article\" \/>\n<meta property=\"og:title\" content=\"El ministro de Exteriores inaugura el M\u00e1ster en Diplomacia que pr\u00f3ximanete se impartir\u00e1 en la ULL - ULL - Noticias\" \/>\n<meta property=\"og:description\" content=\"El ministro de Asuntos Exteriores, Miguel &aacute;ngel Moratinos, inaugur&oacute; el pasado lunes 9 de enero la nueva convocatoria del M&aacute;ster...\" \/>\n<meta property=\"og:url\" content=\"https:\/\/www.ull.es\/portal\/noticias\/2006\/el-ministro-de-exteriores-inaugura-el-mster-en-diplomacia-que-prximanete-se-impartir-en-la-ull\/\" \/>\n<meta property=\"og:site_name\" content=\"ULL - Noticias\" \/>\n<meta property=\"article:publisher\" content=\"https:\/\/www.facebook.com\/universidaddelalaguna\/\" \/>\n<meta property=\"article:published_time\" content=\"2006-01-11T00:00:00+00:00\" \/>\n<meta property=\"og:image\" content=\"https:\/\/www.ull.es\/portal\/noticias\/wp-content\/uploads\/sites\/13\/2023\/06\/logo-redimensionado.png\" \/>\n\t<meta property=\"og:image:width\" content=\"1200\" \/>\n\t<meta property=\"og:image:height\" content=\"630\" \/>\n\t<meta property=\"og:image:type\" content=\"image\/png\" \/>\n<meta name=\"author\" content=\"prensa2\" \/>\n<meta name=\"twitter:card\" content=\"summary_large_image\" \/>\n<meta name=\"twitter:creator\" content=\"@CanalULL\" \/>\n<meta name=\"twitter:site\" content=\"@CanalULL\" \/>\n<meta name=\"twitter:label1\" content=\"Escrito por\" \/>\n\t<meta name=\"twitter:data1\" content=\"prensa2\" \/>\n\t<meta name=\"twitter:label2\" content=\"Tiempo de lectura\" \/>\n\t<meta name=\"twitter:data2\" content=\"3 minutos\" \/>\n<script type=\"application\/ld+json\" class=\"yoast-schema-graph\">{\"@context\":\"https:\/\/schema.org\",\"@graph\":[{\"@type\":\"WebPage\",\"@id\":\"https:\/\/www.ull.es\/portal\/noticias\/2006\/el-ministro-de-exteriores-inaugura-el-mster-en-diplomacia-que-prximanete-se-impartir-en-la-ull\/\",\"url\":\"https:\/\/www.ull.es\/portal\/noticias\/2006\/el-ministro-de-exteriores-inaugura-el-mster-en-diplomacia-que-prximanete-se-impartir-en-la-ull\/\",\"name\":\"El ministro de Exteriores inaugura el M\u00e1ster en Diplomacia que pr\u00f3ximanete se impartir\u00e1 en la ULL - ULL - Noticias\",\"isPartOf\":{\"@id\":\"https:\/\/www.ull.es\/portal\/noticias\/#website\"},\"datePublished\":\"2006-01-11T00:00:00+00:00\",\"dateModified\":\"2006-01-11T00:00:00+00:00\",\"author\":{\"@id\":\"https:\/\/www.ull.es\/portal\/noticias\/#\/schema\/person\/c3b2aa857797592927a03740d6664376\"},\"breadcrumb\":{\"@id\":\"https:\/\/www.ull.es\/portal\/noticias\/2006\/el-ministro-de-exteriores-inaugura-el-mster-en-diplomacia-que-prximanete-se-impartir-en-la-ull\/#breadcrumb\"},\"inLanguage\":\"es\",\"potentialAction\":[{\"@type\":\"ReadAction\",\"target\":[\"https:\/\/www.ull.es\/portal\/noticias\/2006\/el-ministro-de-exteriores-inaugura-el-mster-en-diplomacia-que-prximanete-se-impartir-en-la-ull\/\"]}]},{\"@type\":\"BreadcrumbList\",\"@id\":\"https:\/\/www.ull.es\/portal\/noticias\/2006\/el-ministro-de-exteriores-inaugura-el-mster-en-diplomacia-que-prximanete-se-impartir-en-la-ull\/#breadcrumb\",\"itemListElement\":[{\"@type\":\"ListItem\",\"position\":1,\"name\":\"Portada\",\"item\":\"https:\/\/www.ull.es\/portal\/noticias\/\"},{\"@type\":\"ListItem\",\"position\":2,\"name\":\"El ministro de Exteriores inaugura el M\u00e1ster en Diplomacia que pr\u00f3ximanete se impartir\u00e1 en la ULL\"}]},{\"@type\":\"WebSite\",\"@id\":\"https:\/\/www.ull.es\/portal\/noticias\/#website\",\"url\":\"https:\/\/www.ull.es\/portal\/noticias\/\",\"name\":\"ULL - Noticias\",\"description\":\"\",\"potentialAction\":[{\"@type\":\"SearchAction\",\"target\":{\"@type\":\"EntryPoint\",\"urlTemplate\":\"https:\/\/www.ull.es\/portal\/noticias\/?s={search_term_string}\"},\"query-input\":\"required name=search_term_string\"}],\"inLanguage\":\"es\"},{\"@type\":\"Person\",\"@id\":\"https:\/\/www.ull.es\/portal\/noticias\/#\/schema\/person\/c3b2aa857797592927a03740d6664376\",\"name\":\"prensa2\",\"image\":{\"@type\":\"ImageObject\",\"inLanguage\":\"es\",\"@id\":\"https:\/\/www.ull.es\/portal\/noticias\/#\/schema\/person\/image\/\",\"url\":\"https:\/\/secure.gravatar.com\/avatar\/b58f310a5de5feb33d1e026d2493f23c?s=96&d=mm&r=g\",\"contentUrl\":\"https:\/\/secure.gravatar.com\/avatar\/b58f310a5de5feb33d1e026d2493f23c?s=96&d=mm&r=g\",\"caption\":\"prensa2\"},\"url\":\"https:\/\/www.ull.es\/portal\/noticias\/author\/prensa2\/\"}]}<\/script>\n<!-- \/ Yoast SEO plugin. -->","yoast_head_json":{"title":"El ministro de Exteriores inaugura el M\u00e1ster en Diplomacia que pr\u00f3ximanete se impartir\u00e1 en la ULL - ULL - Noticias","robots":{"index":"index","follow":"follow","max-snippet":"max-snippet:-1","max-image-preview":"max-image-preview:large","max-video-preview":"max-video-preview:-1"},"canonical":"https:\/\/www.ull.es\/portal\/noticias\/2006\/el-ministro-de-exteriores-inaugura-el-mster-en-diplomacia-que-prximanete-se-impartir-en-la-ull\/","og_locale":"es_ES","og_type":"article","og_title":"El ministro de Exteriores inaugura el M\u00e1ster en Diplomacia que pr\u00f3ximanete se impartir\u00e1 en la ULL - ULL - Noticias","og_description":"El ministro de Asuntos Exteriores, Miguel &aacute;ngel Moratinos, inaugur&oacute; el pasado lunes 9 de enero la nueva convocatoria del M&aacute;ster...","og_url":"https:\/\/www.ull.es\/portal\/noticias\/2006\/el-ministro-de-exteriores-inaugura-el-mster-en-diplomacia-que-prximanete-se-impartir-en-la-ull\/","og_site_name":"ULL - Noticias","article_publisher":"https:\/\/www.facebook.com\/universidaddelalaguna\/","article_published_time":"2006-01-11T00:00:00+00:00","og_image":[{"width":1200,"height":630,"url":"https:\/\/www.ull.es\/portal\/noticias\/wp-content\/uploads\/sites\/13\/2023\/06\/logo-redimensionado.png","type":"image\/png"}],"author":"prensa2","twitter_card":"summary_large_image","twitter_creator":"@CanalULL","twitter_site":"@CanalULL","twitter_misc":{"Escrito por":"prensa2","Tiempo de lectura":"3 minutos"},"schema":{"@context":"https:\/\/schema.org","@graph":[{"@type":"WebPage","@id":"https:\/\/www.ull.es\/portal\/noticias\/2006\/el-ministro-de-exteriores-inaugura-el-mster-en-diplomacia-que-prximanete-se-impartir-en-la-ull\/","url":"https:\/\/www.ull.es\/portal\/noticias\/2006\/el-ministro-de-exteriores-inaugura-el-mster-en-diplomacia-que-prximanete-se-impartir-en-la-ull\/","name":"El ministro de Exteriores inaugura el M\u00e1ster en Diplomacia que pr\u00f3ximanete se impartir\u00e1 en la ULL - ULL - Noticias","isPartOf":{"@id":"https:\/\/www.ull.es\/portal\/noticias\/#website"},"datePublished":"2006-01-11T00:00:00+00:00","dateModified":"2006-01-11T00:00:00+00:00","author":{"@id":"https:\/\/www.ull.es\/portal\/noticias\/#\/schema\/person\/c3b2aa857797592927a03740d6664376"},"breadcrumb":{"@id":"https:\/\/www.ull.es\/portal\/noticias\/2006\/el-ministro-de-exteriores-inaugura-el-mster-en-diplomacia-que-prximanete-se-impartir-en-la-ull\/#breadcrumb"},"inLanguage":"es","potentialAction":[{"@type":"ReadAction","target":["https:\/\/www.ull.es\/portal\/noticias\/2006\/el-ministro-de-exteriores-inaugura-el-mster-en-diplomacia-que-prximanete-se-impartir-en-la-ull\/"]}]},{"@type":"BreadcrumbList","@id":"https:\/\/www.ull.es\/portal\/noticias\/2006\/el-ministro-de-exteriores-inaugura-el-mster-en-diplomacia-que-prximanete-se-impartir-en-la-ull\/#breadcrumb","itemListElement":[{"@type":"ListItem","position":1,"name":"Portada","item":"https:\/\/www.ull.es\/portal\/noticias\/"},{"@type":"ListItem","position":2,"name":"El ministro de Exteriores inaugura el M\u00e1ster en Diplomacia que pr\u00f3ximanete se impartir\u00e1 en la ULL"}]},{"@type":"WebSite","@id":"https:\/\/www.ull.es\/portal\/noticias\/#website","url":"https:\/\/www.ull.es\/portal\/noticias\/","name":"ULL - Noticias","description":"","potentialAction":[{"@type":"SearchAction","target":{"@type":"EntryPoint","urlTemplate":"https:\/\/www.ull.es\/portal\/noticias\/?s={search_term_string}"},"query-input":"required name=search_term_string"}],"inLanguage":"es"},{"@type":"Person","@id":"https:\/\/www.ull.es\/portal\/noticias\/#\/schema\/person\/c3b2aa857797592927a03740d6664376","name":"prensa2","image":{"@type":"ImageObject","inLanguage":"es","@id":"https:\/\/www.ull.es\/portal\/noticias\/#\/schema\/person\/image\/","url":"https:\/\/secure.gravatar.com\/avatar\/b58f310a5de5feb33d1e026d2493f23c?s=96&d=mm&r=g","contentUrl":"https:\/\/secure.gravatar.com\/avatar\/b58f310a5de5feb33d1e026d2493f23c?s=96&d=mm&r=g","caption":"prensa2"},"url":"https:\/\/www.ull.es\/portal\/noticias\/author\/prensa2\/"}]}},"primary_category":null,"featured_image_thumbnail_url":null,"_links":{"self":[{"href":"https:\/\/www.ull.es\/portal\/noticias\/wp-json\/wp\/v2\/posts\/13394"}],"collection":[{"href":"https:\/\/www.ull.es\/portal\/noticias\/wp-json\/wp\/v2\/posts"}],"about":[{"href":"https:\/\/www.ull.es\/portal\/noticias\/wp-json\/wp\/v2\/types\/post"}],"author":[{"embeddable":true,"href":"https:\/\/www.ull.es\/portal\/noticias\/wp-json\/wp\/v2\/users\/21"}],"replies":[{"embeddable":true,"href":"https:\/\/www.ull.es\/portal\/noticias\/wp-json\/wp\/v2\/comments?post=13394"}],"version-history":[{"count":0,"href":"https:\/\/www.ull.es\/portal\/noticias\/wp-json\/wp\/v2\/posts\/13394\/revisions"}],"wp:attachment":[{"href":"https:\/\/www.ull.es\/portal\/noticias\/wp-json\/wp\/v2\/media?parent=13394"}],"wp:term":[{"taxonomy":"category","embeddable":true,"href":"https:\/\/www.ull.es\/portal\/noticias\/wp-json\/wp\/v2\/categories?post=13394"},{"taxonomy":"post_tag","embeddable":true,"href":"https:\/\/www.ull.es\/portal\/noticias\/wp-json\/wp\/v2\/tags?post=13394"}],"curies":[{"name":"wp","href":"https:\/\/api.w.org\/{rel}","templated":true}]}}