{"id":13399,"date":"2006-01-24T00:00:00","date_gmt":"2006-01-24T00:00:00","guid":{"rendered":"http:\/\/ddigital.webs.ull.es\/abierta-la-preinscripcin-en-el-iv-curso-universitario-de-protocolo-relaciones-pblicas-y-comunicacin\/"},"modified":"2006-01-24T00:00:00","modified_gmt":"2006-01-24T00:00:00","slug":"abierta-la-preinscripcin-en-el-iv-curso-universitario-de-protocolo-relaciones-pblicas-y-comunicacin","status":"publish","type":"post","link":"https:\/\/www.ull.es\/portal\/noticias\/2006\/abierta-la-preinscripcin-en-el-iv-curso-universitario-de-protocolo-relaciones-pblicas-y-comunicacin\/","title":{"rendered":"Abierta la preinscripci\u00f3n en el IV Curso Universitario de Protocolo, Relaciones P\u00fablicas y Comunicaci\u00f3n"},"content":{"rendered":"<p>El IV Curso Superior Universitario de Protocolo, Relaciones P&uacute;blicas y Comunicaci&oacute;n que organiza el Vicerrectorado de Extensi&oacute;n Universitaria y Relaciones Institucionales de la Universidad de La Laguna abri&oacute; el pasado lunes, 23 de enero, su plazo de preinscripci&oacute;n. Este programa formativo se impartir&aacute; entre marzo y diciembre de 2006, y contar&aacute; con la participaci&oacute;n como docentes de especialistas y profesionales del &aacute;mbito del protocolo de diversas instituciones nacionales.<\/p>\n<p><P>El curso est&aacute; dirigido por Josefina G&oacute;mez, especialista en protocolo por la Escuela Diplom&aacute;tica y Universidad de Oviedo. El curso est&aacute; compuesto por ocho m&oacute;dulos que abordar&aacute;n, entre otros asuntos, la organizaci&oacute;n de actos p&uacute;blicos y privados, la imagen y comunicaci&oacute;n y el protocolo en &aacute;mbitos como las diferentes organizaciones, la empresa y el turismo, entre otros.<\/P><P>El coste de matr&iacute;cula para el curso completo es de 2.500 euros, aunque es posible matricularse &uacute;nicamente en uno de los ocho m&oacute;dulos del programa, a un coste de 390 euros cada uno. Los interesados en asistir a la totalidad del programa, pueden solicitar a CajaCanarias un cr&eacute;dito de bajo inter&eacute;s especialmente dise&ntilde;ado para el curso. La preinscripci&oacute;n se podr&aacute; realizar en las dependencias del vicerrectorado organizador, situadas en la calle Viana 50 de La Laguna, entre las 9 y las 14 horas, o bien en los tel&eacute;fonos 922 31 96 05\/ 16, en el mismo horario.<\/P><P>El curso pretende dar una formaci&oacute;n integral que abarque todas las materias necesarias para desempe&ntilde;ar las tareas necesarias de un agente de protocolo. As&iacute;, se analizar&aacute; la legislaci&oacute;n vigente, t&eacute;cnicas de organizaci&oacute;n y gesti&oacute;n de un departamento de protocolo.<\/P><P>Entre el numeroso profesorado del curso, cabe citar a Raimundo P&eacute;rez-Hern&aacute;ndez y Torra, Introductor de Embajadores del Ministerio de Asuntos Exteriores y de Cooperaci&oacute;n; Felio Vilarrubias Solanes, Director de los Cursos de Ceremonial y Protocolo de la Universidad de Oviedo y de la Escuela Diplom&aacute;tica y ex Jefe de Protocolo de los Premios Pr&iacute;ncipes de Asturias; Tom&aacute;s Solans Gistau, Jefe de Protocolo del Gobierno de Arag&oacute;n; Asela Pintado Sanz, Jefa de Protocolo de la Ministra de Educaci&oacute;n y Eloy Mart&iacute;nez de la Pera, ex jefe de protocolo de la Comisi&oacute;n Europea, entre otros.<\/P><\/p>\n","protected":false},"excerpt":{"rendered":"<p>El IV Curso Superior Universitario de Protocolo, Relaciones P&uacute;blicas y Comunicaci&oacute;n que organiza el Vicerrectorado de Extensi&oacute;n Universitaria y Relaciones&#8230;<\/p>\n","protected":false},"author":21,"featured_media":0,"comment_status":"open","ping_status":"open","sticky":false,"template":"","format":"standard","meta":{"inline_featured_image":false,"footnotes":""},"categories":[346,1],"tags":[],"acf":[],"yoast_head":"<!-- This site is optimized with the Yoast SEO plugin v21.3 - https:\/\/yoast.com\/wordpress\/plugins\/seo\/ -->\n<title>Abierta la preinscripci\u00f3n en el IV Curso Universitario de Protocolo, Relaciones P\u00fablicas y Comunicaci\u00f3n - ULL - Noticias<\/title>\n<meta name=\"robots\" content=\"index, follow, max-snippet:-1, max-image-preview:large, max-video-preview:-1\" \/>\n<link rel=\"canonical\" href=\"https:\/\/www.ull.es\/portal\/noticias\/2006\/abierta-la-preinscripcin-en-el-iv-curso-universitario-de-protocolo-relaciones-pblicas-y-comunicacin\/\" \/>\n<meta property=\"og:locale\" content=\"es_ES\" \/>\n<meta property=\"og:type\" content=\"article\" \/>\n<meta property=\"og:title\" content=\"Abierta la preinscripci\u00f3n en el IV Curso Universitario de Protocolo, Relaciones P\u00fablicas y Comunicaci\u00f3n - ULL - Noticias\" \/>\n<meta property=\"og:description\" content=\"El IV Curso Superior Universitario de Protocolo, Relaciones P&uacute;blicas y Comunicaci&oacute;n que organiza el Vicerrectorado de Extensi&oacute;n Universitaria y Relaciones...\" \/>\n<meta property=\"og:url\" content=\"https:\/\/www.ull.es\/portal\/noticias\/2006\/abierta-la-preinscripcin-en-el-iv-curso-universitario-de-protocolo-relaciones-pblicas-y-comunicacin\/\" \/>\n<meta property=\"og:site_name\" content=\"ULL - Noticias\" \/>\n<meta property=\"article:publisher\" content=\"https:\/\/www.facebook.com\/universidaddelalaguna\/\" \/>\n<meta property=\"article:published_time\" content=\"2006-01-24T00:00:00+00:00\" \/>\n<meta property=\"og:image\" content=\"https:\/\/www.ull.es\/portal\/noticias\/wp-content\/uploads\/sites\/13\/2023\/06\/logo-redimensionado.png\" \/>\n\t<meta property=\"og:image:width\" content=\"1200\" \/>\n\t<meta property=\"og:image:height\" content=\"630\" \/>\n\t<meta property=\"og:image:type\" content=\"image\/png\" \/>\n<meta name=\"author\" content=\"prensa2\" \/>\n<meta name=\"twitter:card\" content=\"summary_large_image\" \/>\n<meta name=\"twitter:creator\" content=\"@CanalULL\" \/>\n<meta name=\"twitter:site\" content=\"@CanalULL\" \/>\n<meta name=\"twitter:label1\" content=\"Escrito por\" \/>\n\t<meta name=\"twitter:data1\" content=\"prensa2\" \/>\n\t<meta name=\"twitter:label2\" content=\"Tiempo de lectura\" \/>\n\t<meta name=\"twitter:data2\" content=\"2 minutos\" \/>\n<script type=\"application\/ld+json\" class=\"yoast-schema-graph\">{\"@context\":\"https:\/\/schema.org\",\"@graph\":[{\"@type\":\"WebPage\",\"@id\":\"https:\/\/www.ull.es\/portal\/noticias\/2006\/abierta-la-preinscripcin-en-el-iv-curso-universitario-de-protocolo-relaciones-pblicas-y-comunicacin\/\",\"url\":\"https:\/\/www.ull.es\/portal\/noticias\/2006\/abierta-la-preinscripcin-en-el-iv-curso-universitario-de-protocolo-relaciones-pblicas-y-comunicacin\/\",\"name\":\"Abierta la preinscripci\u00f3n en el IV Curso Universitario de Protocolo, Relaciones P\u00fablicas y Comunicaci\u00f3n - ULL - Noticias\",\"isPartOf\":{\"@id\":\"https:\/\/www.ull.es\/portal\/noticias\/#website\"},\"datePublished\":\"2006-01-24T00:00:00+00:00\",\"dateModified\":\"2006-01-24T00:00:00+00:00\",\"author\":{\"@id\":\"https:\/\/www.ull.es\/portal\/noticias\/#\/schema\/person\/c3b2aa857797592927a03740d6664376\"},\"breadcrumb\":{\"@id\":\"https:\/\/www.ull.es\/portal\/noticias\/2006\/abierta-la-preinscripcin-en-el-iv-curso-universitario-de-protocolo-relaciones-pblicas-y-comunicacin\/#breadcrumb\"},\"inLanguage\":\"es\",\"potentialAction\":[{\"@type\":\"ReadAction\",\"target\":[\"https:\/\/www.ull.es\/portal\/noticias\/2006\/abierta-la-preinscripcin-en-el-iv-curso-universitario-de-protocolo-relaciones-pblicas-y-comunicacin\/\"]}]},{\"@type\":\"BreadcrumbList\",\"@id\":\"https:\/\/www.ull.es\/portal\/noticias\/2006\/abierta-la-preinscripcin-en-el-iv-curso-universitario-de-protocolo-relaciones-pblicas-y-comunicacin\/#breadcrumb\",\"itemListElement\":[{\"@type\":\"ListItem\",\"position\":1,\"name\":\"Portada\",\"item\":\"https:\/\/www.ull.es\/portal\/noticias\/\"},{\"@type\":\"ListItem\",\"position\":2,\"name\":\"Abierta la preinscripci\u00f3n en el IV Curso Universitario de Protocolo, Relaciones P\u00fablicas y Comunicaci\u00f3n\"}]},{\"@type\":\"WebSite\",\"@id\":\"https:\/\/www.ull.es\/portal\/noticias\/#website\",\"url\":\"https:\/\/www.ull.es\/portal\/noticias\/\",\"name\":\"ULL - Noticias\",\"description\":\"\",\"potentialAction\":[{\"@type\":\"SearchAction\",\"target\":{\"@type\":\"EntryPoint\",\"urlTemplate\":\"https:\/\/www.ull.es\/portal\/noticias\/?s={search_term_string}\"},\"query-input\":\"required name=search_term_string\"}],\"inLanguage\":\"es\"},{\"@type\":\"Person\",\"@id\":\"https:\/\/www.ull.es\/portal\/noticias\/#\/schema\/person\/c3b2aa857797592927a03740d6664376\",\"name\":\"prensa2\",\"image\":{\"@type\":\"ImageObject\",\"inLanguage\":\"es\",\"@id\":\"https:\/\/www.ull.es\/portal\/noticias\/#\/schema\/person\/image\/\",\"url\":\"https:\/\/secure.gravatar.com\/avatar\/b58f310a5de5feb33d1e026d2493f23c?s=96&d=mm&r=g\",\"contentUrl\":\"https:\/\/secure.gravatar.com\/avatar\/b58f310a5de5feb33d1e026d2493f23c?s=96&d=mm&r=g\",\"caption\":\"prensa2\"},\"url\":\"https:\/\/www.ull.es\/portal\/noticias\/author\/prensa2\/\"}]}<\/script>\n<!-- \/ Yoast SEO plugin. -->","yoast_head_json":{"title":"Abierta la preinscripci\u00f3n en el IV Curso Universitario de Protocolo, Relaciones P\u00fablicas y Comunicaci\u00f3n - ULL - Noticias","robots":{"index":"index","follow":"follow","max-snippet":"max-snippet:-1","max-image-preview":"max-image-preview:large","max-video-preview":"max-video-preview:-1"},"canonical":"https:\/\/www.ull.es\/portal\/noticias\/2006\/abierta-la-preinscripcin-en-el-iv-curso-universitario-de-protocolo-relaciones-pblicas-y-comunicacin\/","og_locale":"es_ES","og_type":"article","og_title":"Abierta la preinscripci\u00f3n en el IV Curso Universitario de Protocolo, Relaciones P\u00fablicas y Comunicaci\u00f3n - ULL - Noticias","og_description":"El IV Curso Superior Universitario de Protocolo, Relaciones P&uacute;blicas y Comunicaci&oacute;n que organiza el Vicerrectorado de Extensi&oacute;n Universitaria y Relaciones...","og_url":"https:\/\/www.ull.es\/portal\/noticias\/2006\/abierta-la-preinscripcin-en-el-iv-curso-universitario-de-protocolo-relaciones-pblicas-y-comunicacin\/","og_site_name":"ULL - Noticias","article_publisher":"https:\/\/www.facebook.com\/universidaddelalaguna\/","article_published_time":"2006-01-24T00:00:00+00:00","og_image":[{"width":1200,"height":630,"url":"https:\/\/www.ull.es\/portal\/noticias\/wp-content\/uploads\/sites\/13\/2023\/06\/logo-redimensionado.png","type":"image\/png"}],"author":"prensa2","twitter_card":"summary_large_image","twitter_creator":"@CanalULL","twitter_site":"@CanalULL","twitter_misc":{"Escrito por":"prensa2","Tiempo de lectura":"2 minutos"},"schema":{"@context":"https:\/\/schema.org","@graph":[{"@type":"WebPage","@id":"https:\/\/www.ull.es\/portal\/noticias\/2006\/abierta-la-preinscripcin-en-el-iv-curso-universitario-de-protocolo-relaciones-pblicas-y-comunicacin\/","url":"https:\/\/www.ull.es\/portal\/noticias\/2006\/abierta-la-preinscripcin-en-el-iv-curso-universitario-de-protocolo-relaciones-pblicas-y-comunicacin\/","name":"Abierta la preinscripci\u00f3n en el IV Curso Universitario de Protocolo, Relaciones P\u00fablicas y Comunicaci\u00f3n - ULL - Noticias","isPartOf":{"@id":"https:\/\/www.ull.es\/portal\/noticias\/#website"},"datePublished":"2006-01-24T00:00:00+00:00","dateModified":"2006-01-24T00:00:00+00:00","author":{"@id":"https:\/\/www.ull.es\/portal\/noticias\/#\/schema\/person\/c3b2aa857797592927a03740d6664376"},"breadcrumb":{"@id":"https:\/\/www.ull.es\/portal\/noticias\/2006\/abierta-la-preinscripcin-en-el-iv-curso-universitario-de-protocolo-relaciones-pblicas-y-comunicacin\/#breadcrumb"},"inLanguage":"es","potentialAction":[{"@type":"ReadAction","target":["https:\/\/www.ull.es\/portal\/noticias\/2006\/abierta-la-preinscripcin-en-el-iv-curso-universitario-de-protocolo-relaciones-pblicas-y-comunicacin\/"]}]},{"@type":"BreadcrumbList","@id":"https:\/\/www.ull.es\/portal\/noticias\/2006\/abierta-la-preinscripcin-en-el-iv-curso-universitario-de-protocolo-relaciones-pblicas-y-comunicacin\/#breadcrumb","itemListElement":[{"@type":"ListItem","position":1,"name":"Portada","item":"https:\/\/www.ull.es\/portal\/noticias\/"},{"@type":"ListItem","position":2,"name":"Abierta la preinscripci\u00f3n en el IV Curso Universitario de Protocolo, Relaciones P\u00fablicas y Comunicaci\u00f3n"}]},{"@type":"WebSite","@id":"https:\/\/www.ull.es\/portal\/noticias\/#website","url":"https:\/\/www.ull.es\/portal\/noticias\/","name":"ULL - Noticias","description":"","potentialAction":[{"@type":"SearchAction","target":{"@type":"EntryPoint","urlTemplate":"https:\/\/www.ull.es\/portal\/noticias\/?s={search_term_string}"},"query-input":"required name=search_term_string"}],"inLanguage":"es"},{"@type":"Person","@id":"https:\/\/www.ull.es\/portal\/noticias\/#\/schema\/person\/c3b2aa857797592927a03740d6664376","name":"prensa2","image":{"@type":"ImageObject","inLanguage":"es","@id":"https:\/\/www.ull.es\/portal\/noticias\/#\/schema\/person\/image\/","url":"https:\/\/secure.gravatar.com\/avatar\/b58f310a5de5feb33d1e026d2493f23c?s=96&d=mm&r=g","contentUrl":"https:\/\/secure.gravatar.com\/avatar\/b58f310a5de5feb33d1e026d2493f23c?s=96&d=mm&r=g","caption":"prensa2"},"url":"https:\/\/www.ull.es\/portal\/noticias\/author\/prensa2\/"}]}},"primary_category":null,"featured_image_thumbnail_url":null,"_links":{"self":[{"href":"https:\/\/www.ull.es\/portal\/noticias\/wp-json\/wp\/v2\/posts\/13399"}],"collection":[{"href":"https:\/\/www.ull.es\/portal\/noticias\/wp-json\/wp\/v2\/posts"}],"about":[{"href":"https:\/\/www.ull.es\/portal\/noticias\/wp-json\/wp\/v2\/types\/post"}],"author":[{"embeddable":true,"href":"https:\/\/www.ull.es\/portal\/noticias\/wp-json\/wp\/v2\/users\/21"}],"replies":[{"embeddable":true,"href":"https:\/\/www.ull.es\/portal\/noticias\/wp-json\/wp\/v2\/comments?post=13399"}],"version-history":[{"count":0,"href":"https:\/\/www.ull.es\/portal\/noticias\/wp-json\/wp\/v2\/posts\/13399\/revisions"}],"wp:attachment":[{"href":"https:\/\/www.ull.es\/portal\/noticias\/wp-json\/wp\/v2\/media?parent=13399"}],"wp:term":[{"taxonomy":"category","embeddable":true,"href":"https:\/\/www.ull.es\/portal\/noticias\/wp-json\/wp\/v2\/categories?post=13399"},{"taxonomy":"post_tag","embeddable":true,"href":"https:\/\/www.ull.es\/portal\/noticias\/wp-json\/wp\/v2\/tags?post=13399"}],"curies":[{"name":"wp","href":"https:\/\/api.w.org\/{rel}","templated":true}]}}