{"id":13405,"date":"2006-03-06T00:00:00","date_gmt":"2006-03-06T00:00:00","guid":{"rendered":"http:\/\/ddigital.webs.ull.es\/el-mster-en-educacin-sexual-asesora-a-vctimas-de-violencia-de-gnero\/"},"modified":"2006-03-06T00:00:00","modified_gmt":"2006-03-06T00:00:00","slug":"el-mster-en-educacin-sexual-asesora-a-vctimas-de-violencia-de-gnero","status":"publish","type":"post","link":"https:\/\/www.ull.es\/portal\/noticias\/2006\/el-mster-en-educacin-sexual-asesora-a-vctimas-de-violencia-de-gnero\/","title":{"rendered":"El M\u00e1ster en Educaci\u00f3n Sexual asesora a v\u00edctimas de violencia de g\u00e9nero"},"content":{"rendered":"<p>El M&aacute;ster Universitario en Educaci&oacute;n Sexual, Terapia Sexual y G&eacute;nero de la Universidad de La Laguna, que viene desarroll&aacute;ndose desde 1993, oferta en su actual edici&oacute;n 2004\/2006 un servicio gratuito de orientaci&oacute;n y terapia sexual a todas las personas interesadas en recibir ayuda o resolver cualquier problema relacionado con la sexualidad, as&iacute; como a mujeres que sean v&iacute;ctimas de violencia de g&eacute;nero. Este servicio se podr&aacute; en marcha a partir del 20 de marzo y hasta el 15 de septiembre de 2006.<\/p>\n<p><P align=\"justify\">Las consultas que se ofrecen ser&aacute;n atendidas por profesionales en pr&aacute;cticas del citado m&aacute;ster bajo la supervisi&oacute;n de la psic&oacute;loga Ana Infante, del Instituto de Sexolog&iacute;a de M&aacute;laga, y cubren un amplio campo de necesidades de la poblaci&oacute;n en general, como dudas sobre aspectos concretos como la educaci&oacute;n sexual de los hijos, problemas de deseo sexual o terapia de pareja.<\/P><P align=\"justify\"><\/P><P align=\"justify\">Los servicios son ofrecidos en horario de 17 a 20 horas de lunes a viernes en la sede del m&aacute;ster, situado en el campus central de la Universidad de La Laguna. Para recibir el servicio es necesario solicitar cita previa en los n&uacute;meros de tel&eacute;fono 922 319976\/78.<\/P><P align=\"justify\"><\/P><P align=\"justify\">Con una carga lectiva de 650 horas, este t&iacute;tulo propio universitario obedece en su conjunto al perfil plural del especialista en sexolog&iacute;a, y tiene como objeto el entrenamiento y la capacitaci&oacute;n de profesionales para las tareas de informaci&oacute;n, orientaci&oacute;n, educaci&oacute;n e investigaci&oacute;n en terapia sexual, as&iacute; como formaci&oacute;n en el tratamiento de la violencia de g&eacute;nero. <\/P><P align=\"justify\"><\/P><P align=\"justify\">Est&aacute; dirigido a titulados cuyo campo de actuaci&oacute;n se relaciona con la sexualidad humana en alguna de sus dimensiones: Pedagog&iacute;a; Psicolog&iacute;a, Medicina, Enfermer&iacute;a, Trabajo Social o Psicopedagog&iacute;a, entre otros. Topda la informaci&oacute;n sobre este t&iacute;tulo de posgrado puede encontrarse en <a class=\"sumario\" href=\"http:\/\/www2.ull.es\/master\/medsex\/index.htm\" target=\"_new\" target=\"_blank\" rel=\"noopener\">http:\/\/www2.ull.es\/master\/medsex\/index.htm<\/A><\/P><\/p>\n","protected":false},"excerpt":{"rendered":"<p>El M&aacute;ster Universitario en Educaci&oacute;n Sexual, Terapia Sexual y G&eacute;nero de la Universidad de La Laguna, que viene desarroll&aacute;ndose desde&#8230;<\/p>\n","protected":false},"author":21,"featured_media":0,"comment_status":"open","ping_status":"open","sticky":false,"template":"","format":"standard","meta":{"inline_featured_image":false,"footnotes":""},"categories":[346,1],"tags":[],"acf":[],"yoast_head":"<!-- This site is optimized with the Yoast SEO plugin v21.3 - https:\/\/yoast.com\/wordpress\/plugins\/seo\/ -->\n<title>El M\u00e1ster en Educaci\u00f3n Sexual asesora a v\u00edctimas de violencia de g\u00e9nero - ULL - Noticias<\/title>\n<meta name=\"robots\" content=\"index, follow, max-snippet:-1, max-image-preview:large, max-video-preview:-1\" \/>\n<link rel=\"canonical\" href=\"https:\/\/www.ull.es\/portal\/noticias\/2006\/el-mster-en-educacin-sexual-asesora-a-vctimas-de-violencia-de-gnero\/\" \/>\n<meta property=\"og:locale\" content=\"es_ES\" \/>\n<meta property=\"og:type\" content=\"article\" \/>\n<meta property=\"og:title\" content=\"El M\u00e1ster en Educaci\u00f3n Sexual asesora a v\u00edctimas de violencia de g\u00e9nero - ULL - Noticias\" \/>\n<meta property=\"og:description\" content=\"El M&aacute;ster Universitario en Educaci&oacute;n Sexual, Terapia Sexual y G&eacute;nero de la Universidad de La Laguna, que viene desarroll&aacute;ndose desde...\" \/>\n<meta property=\"og:url\" content=\"https:\/\/www.ull.es\/portal\/noticias\/2006\/el-mster-en-educacin-sexual-asesora-a-vctimas-de-violencia-de-gnero\/\" \/>\n<meta property=\"og:site_name\" content=\"ULL - Noticias\" \/>\n<meta property=\"article:publisher\" content=\"https:\/\/www.facebook.com\/universidaddelalaguna\/\" \/>\n<meta property=\"article:published_time\" content=\"2006-03-06T00:00:00+00:00\" \/>\n<meta property=\"og:image\" content=\"https:\/\/www.ull.es\/portal\/noticias\/wp-content\/uploads\/sites\/13\/2023\/06\/logo-redimensionado.png\" \/>\n\t<meta property=\"og:image:width\" content=\"1200\" \/>\n\t<meta property=\"og:image:height\" content=\"630\" \/>\n\t<meta property=\"og:image:type\" content=\"image\/png\" \/>\n<meta name=\"author\" content=\"prensa2\" \/>\n<meta name=\"twitter:card\" content=\"summary_large_image\" \/>\n<meta name=\"twitter:creator\" content=\"@CanalULL\" \/>\n<meta name=\"twitter:site\" content=\"@CanalULL\" \/>\n<meta name=\"twitter:label1\" content=\"Escrito por\" \/>\n\t<meta name=\"twitter:data1\" content=\"prensa2\" \/>\n\t<meta name=\"twitter:label2\" content=\"Tiempo de lectura\" \/>\n\t<meta name=\"twitter:data2\" content=\"2 minutos\" \/>\n<script type=\"application\/ld+json\" class=\"yoast-schema-graph\">{\"@context\":\"https:\/\/schema.org\",\"@graph\":[{\"@type\":\"WebPage\",\"@id\":\"https:\/\/www.ull.es\/portal\/noticias\/2006\/el-mster-en-educacin-sexual-asesora-a-vctimas-de-violencia-de-gnero\/\",\"url\":\"https:\/\/www.ull.es\/portal\/noticias\/2006\/el-mster-en-educacin-sexual-asesora-a-vctimas-de-violencia-de-gnero\/\",\"name\":\"El M\u00e1ster en Educaci\u00f3n Sexual asesora a v\u00edctimas de violencia de g\u00e9nero - ULL - Noticias\",\"isPartOf\":{\"@id\":\"https:\/\/www.ull.es\/portal\/noticias\/#website\"},\"datePublished\":\"2006-03-06T00:00:00+00:00\",\"dateModified\":\"2006-03-06T00:00:00+00:00\",\"author\":{\"@id\":\"https:\/\/www.ull.es\/portal\/noticias\/#\/schema\/person\/c3b2aa857797592927a03740d6664376\"},\"breadcrumb\":{\"@id\":\"https:\/\/www.ull.es\/portal\/noticias\/2006\/el-mster-en-educacin-sexual-asesora-a-vctimas-de-violencia-de-gnero\/#breadcrumb\"},\"inLanguage\":\"es\",\"potentialAction\":[{\"@type\":\"ReadAction\",\"target\":[\"https:\/\/www.ull.es\/portal\/noticias\/2006\/el-mster-en-educacin-sexual-asesora-a-vctimas-de-violencia-de-gnero\/\"]}]},{\"@type\":\"BreadcrumbList\",\"@id\":\"https:\/\/www.ull.es\/portal\/noticias\/2006\/el-mster-en-educacin-sexual-asesora-a-vctimas-de-violencia-de-gnero\/#breadcrumb\",\"itemListElement\":[{\"@type\":\"ListItem\",\"position\":1,\"name\":\"Portada\",\"item\":\"https:\/\/www.ull.es\/portal\/noticias\/\"},{\"@type\":\"ListItem\",\"position\":2,\"name\":\"El M\u00e1ster en Educaci\u00f3n Sexual asesora a v\u00edctimas de violencia de g\u00e9nero\"}]},{\"@type\":\"WebSite\",\"@id\":\"https:\/\/www.ull.es\/portal\/noticias\/#website\",\"url\":\"https:\/\/www.ull.es\/portal\/noticias\/\",\"name\":\"ULL - Noticias\",\"description\":\"\",\"potentialAction\":[{\"@type\":\"SearchAction\",\"target\":{\"@type\":\"EntryPoint\",\"urlTemplate\":\"https:\/\/www.ull.es\/portal\/noticias\/?s={search_term_string}\"},\"query-input\":\"required name=search_term_string\"}],\"inLanguage\":\"es\"},{\"@type\":\"Person\",\"@id\":\"https:\/\/www.ull.es\/portal\/noticias\/#\/schema\/person\/c3b2aa857797592927a03740d6664376\",\"name\":\"prensa2\",\"image\":{\"@type\":\"ImageObject\",\"inLanguage\":\"es\",\"@id\":\"https:\/\/www.ull.es\/portal\/noticias\/#\/schema\/person\/image\/\",\"url\":\"https:\/\/secure.gravatar.com\/avatar\/b58f310a5de5feb33d1e026d2493f23c?s=96&d=mm&r=g\",\"contentUrl\":\"https:\/\/secure.gravatar.com\/avatar\/b58f310a5de5feb33d1e026d2493f23c?s=96&d=mm&r=g\",\"caption\":\"prensa2\"},\"url\":\"https:\/\/www.ull.es\/portal\/noticias\/author\/prensa2\/\"}]}<\/script>\n<!-- \/ Yoast SEO plugin. -->","yoast_head_json":{"title":"El M\u00e1ster en Educaci\u00f3n Sexual asesora a v\u00edctimas de violencia de g\u00e9nero - ULL - Noticias","robots":{"index":"index","follow":"follow","max-snippet":"max-snippet:-1","max-image-preview":"max-image-preview:large","max-video-preview":"max-video-preview:-1"},"canonical":"https:\/\/www.ull.es\/portal\/noticias\/2006\/el-mster-en-educacin-sexual-asesora-a-vctimas-de-violencia-de-gnero\/","og_locale":"es_ES","og_type":"article","og_title":"El M\u00e1ster en Educaci\u00f3n Sexual asesora a v\u00edctimas de violencia de g\u00e9nero - ULL - Noticias","og_description":"El M&aacute;ster Universitario en Educaci&oacute;n Sexual, Terapia Sexual y G&eacute;nero de la Universidad de La Laguna, que viene desarroll&aacute;ndose desde...","og_url":"https:\/\/www.ull.es\/portal\/noticias\/2006\/el-mster-en-educacin-sexual-asesora-a-vctimas-de-violencia-de-gnero\/","og_site_name":"ULL - Noticias","article_publisher":"https:\/\/www.facebook.com\/universidaddelalaguna\/","article_published_time":"2006-03-06T00:00:00+00:00","og_image":[{"width":1200,"height":630,"url":"https:\/\/www.ull.es\/portal\/noticias\/wp-content\/uploads\/sites\/13\/2023\/06\/logo-redimensionado.png","type":"image\/png"}],"author":"prensa2","twitter_card":"summary_large_image","twitter_creator":"@CanalULL","twitter_site":"@CanalULL","twitter_misc":{"Escrito por":"prensa2","Tiempo de lectura":"2 minutos"},"schema":{"@context":"https:\/\/schema.org","@graph":[{"@type":"WebPage","@id":"https:\/\/www.ull.es\/portal\/noticias\/2006\/el-mster-en-educacin-sexual-asesora-a-vctimas-de-violencia-de-gnero\/","url":"https:\/\/www.ull.es\/portal\/noticias\/2006\/el-mster-en-educacin-sexual-asesora-a-vctimas-de-violencia-de-gnero\/","name":"El M\u00e1ster en Educaci\u00f3n Sexual asesora a v\u00edctimas de violencia de g\u00e9nero - ULL - Noticias","isPartOf":{"@id":"https:\/\/www.ull.es\/portal\/noticias\/#website"},"datePublished":"2006-03-06T00:00:00+00:00","dateModified":"2006-03-06T00:00:00+00:00","author":{"@id":"https:\/\/www.ull.es\/portal\/noticias\/#\/schema\/person\/c3b2aa857797592927a03740d6664376"},"breadcrumb":{"@id":"https:\/\/www.ull.es\/portal\/noticias\/2006\/el-mster-en-educacin-sexual-asesora-a-vctimas-de-violencia-de-gnero\/#breadcrumb"},"inLanguage":"es","potentialAction":[{"@type":"ReadAction","target":["https:\/\/www.ull.es\/portal\/noticias\/2006\/el-mster-en-educacin-sexual-asesora-a-vctimas-de-violencia-de-gnero\/"]}]},{"@type":"BreadcrumbList","@id":"https:\/\/www.ull.es\/portal\/noticias\/2006\/el-mster-en-educacin-sexual-asesora-a-vctimas-de-violencia-de-gnero\/#breadcrumb","itemListElement":[{"@type":"ListItem","position":1,"name":"Portada","item":"https:\/\/www.ull.es\/portal\/noticias\/"},{"@type":"ListItem","position":2,"name":"El M\u00e1ster en Educaci\u00f3n Sexual asesora a v\u00edctimas de violencia de g\u00e9nero"}]},{"@type":"WebSite","@id":"https:\/\/www.ull.es\/portal\/noticias\/#website","url":"https:\/\/www.ull.es\/portal\/noticias\/","name":"ULL - Noticias","description":"","potentialAction":[{"@type":"SearchAction","target":{"@type":"EntryPoint","urlTemplate":"https:\/\/www.ull.es\/portal\/noticias\/?s={search_term_string}"},"query-input":"required name=search_term_string"}],"inLanguage":"es"},{"@type":"Person","@id":"https:\/\/www.ull.es\/portal\/noticias\/#\/schema\/person\/c3b2aa857797592927a03740d6664376","name":"prensa2","image":{"@type":"ImageObject","inLanguage":"es","@id":"https:\/\/www.ull.es\/portal\/noticias\/#\/schema\/person\/image\/","url":"https:\/\/secure.gravatar.com\/avatar\/b58f310a5de5feb33d1e026d2493f23c?s=96&d=mm&r=g","contentUrl":"https:\/\/secure.gravatar.com\/avatar\/b58f310a5de5feb33d1e026d2493f23c?s=96&d=mm&r=g","caption":"prensa2"},"url":"https:\/\/www.ull.es\/portal\/noticias\/author\/prensa2\/"}]}},"primary_category":null,"featured_image_thumbnail_url":null,"_links":{"self":[{"href":"https:\/\/www.ull.es\/portal\/noticias\/wp-json\/wp\/v2\/posts\/13405"}],"collection":[{"href":"https:\/\/www.ull.es\/portal\/noticias\/wp-json\/wp\/v2\/posts"}],"about":[{"href":"https:\/\/www.ull.es\/portal\/noticias\/wp-json\/wp\/v2\/types\/post"}],"author":[{"embeddable":true,"href":"https:\/\/www.ull.es\/portal\/noticias\/wp-json\/wp\/v2\/users\/21"}],"replies":[{"embeddable":true,"href":"https:\/\/www.ull.es\/portal\/noticias\/wp-json\/wp\/v2\/comments?post=13405"}],"version-history":[{"count":0,"href":"https:\/\/www.ull.es\/portal\/noticias\/wp-json\/wp\/v2\/posts\/13405\/revisions"}],"wp:attachment":[{"href":"https:\/\/www.ull.es\/portal\/noticias\/wp-json\/wp\/v2\/media?parent=13405"}],"wp:term":[{"taxonomy":"category","embeddable":true,"href":"https:\/\/www.ull.es\/portal\/noticias\/wp-json\/wp\/v2\/categories?post=13405"},{"taxonomy":"post_tag","embeddable":true,"href":"https:\/\/www.ull.es\/portal\/noticias\/wp-json\/wp\/v2\/tags?post=13405"}],"curies":[{"name":"wp","href":"https:\/\/api.w.org\/{rel}","templated":true}]}}