{"id":13412,"date":"2006-03-17T00:00:00","date_gmt":"2006-03-17T00:00:00","guid":{"rendered":"http:\/\/ddigital.webs.ull.es\/la-ull-pone-en-marcha-el-mster-en-estudios-feministas-polticas-de-igualdad-y-violencia-de-gnero\/"},"modified":"2006-03-17T00:00:00","modified_gmt":"2006-03-17T00:00:00","slug":"la-ull-pone-en-marcha-el-mster-en-estudios-feministas-polticas-de-igualdad-y-violencia-de-gnero","status":"publish","type":"post","link":"https:\/\/www.ull.es\/portal\/noticias\/2006\/la-ull-pone-en-marcha-el-mster-en-estudios-feministas-polticas-de-igualdad-y-violencia-de-gnero\/","title":{"rendered":"La ULL pone en marcha el M\u00e1ster en Estudios Feministas, Pol\u00edticas de Igualdad y Violencia de G\u00e9nero"},"content":{"rendered":"<p><P>El Instituto Universitario de Estudios de las Mujeres de la Universidad de La Laguna present&oacute; ayer jueves 16 de marzo en el Sal&oacute;n de Grados del Aulario de Guajara la primera edici&oacute;n del M&aacute;ster en Estudios Feministas, Pol&iacute;ticas de Igualdad y Violencia de G&eacute;nero, conjuntamente con los t&iacute;tulos de experto en G&eacute;nero y Pol&iacute;ticas de Igualdad y experto en Violencia de G&eacute;nero.<\/P><\/p>\n<p><P align=\"justify\">Estos t&iacute;tulos propios son una iniciativa del ahora extinto Centro de Estudios de la Mujer de la instituci&oacute;n acad&eacute;mica, con la pretensi&oacute;n de generar estudios de especializaci&oacute;n que ya se est&aacute;n impartiendo en otras universidades, seg&uacute;n se&ntilde;ala una de sus coordinadoras, M Eugenia Monz&oacute;n. Dicho m&aacute;ster posibilitar&aacute; que los alumnos puedan desempe&ntilde;ar funciones de asesores, expertos o agentes de igualdad de oportunidades, as&iacute; como su intervenci&oacute;n como especialistas en violencia de g&eacute;nero.<\/P><P align=\"justify\"><\/P><P align=\"justify\">Los contenidos est&aacute;n dirigidos a profesionales con formaci&oacute;n espec&iacute;fica y que desempe&ntilde;en su labor en el &aacute;mbito de la igualdad de oportunidades o la atenci&oacute;n a la violencia de g&eacute;nero, adem&aacute;s de personas interesadas en orientar su vida profesional hacia este &aacute;mbito de trabajo.<\/P><P align=\"justify\"><\/P><B><P align=\"justify\">El plan de estudios<\/P><\/B><P align=\"justify\"><\/P><P align=\"justify\">La formaci&oacute;n de posgrado se divide en tres ejes fundamentales: estudios feministas, g&eacute;nero y pol&iacute;ticas de Igualdad y, por &uacute;ltimo, violencia de g&eacute;nero. En el primero de estos apartados el alumnado recibir&aacute; todos los contenidos te&oacute;ricos de los estudios de g&eacute;nero desde una perspectiva feminista, tal y como se&ntilde;ala Monz&oacute;n. \u00abCreemos que este punto de vista constituye el pilar m&aacute;s s&oacute;lido sobre el que se sustentan los estudios sobre las mujeres y de g&eacute;nero\u00bb.<\/P><P align=\"justify\"><\/P><P align=\"justify\">La segunda parte se centrar&iacute;a en analizar las pol&iacute;ticas de igualdad, tanto desde la perspectiva te&oacute;rica como de su dimensi&oacute;n pr&aacute;ctica, traduci&eacute;ndose en la elaboraci&oacute;n de un plan de igualdad para una entidad determinada, mientras que la tercera parte se especializar&iacute;a en violencia de g&eacute;nero.<\/P><P align=\"justify\"><\/P><P align=\"justify\">Por &uacute;ltimo, Monz&oacute;n asegura que con esta primera oferta formativa en materia de g&eacute;nero se pretende contribuir a la implantaci&oacute;n y desarrollo de las pol&iacute;ticas de igualdad en todos los campos, a trav&eacute;s de la cualificaci&oacute;n de profesionales que puedan llevar a cabo dichas iniciativas desde una perspectiva de g&eacute;nero.<\/P><P align=\"justify\"><\/P><P align=\"justify\">\u00abUno de los retos que se plantean a hombres y mujeres es conseguir impregnar el entorno en el que viven de valores igualitarios que les hagan avanzar hacia una sociedad m&aacute;s justa, equitativa y democr&aacute;tica\u00bb, concluye la profesora.<\/P><\/p>\n","protected":false},"excerpt":{"rendered":"<p>El Instituto Universitario de Estudios de las Mujeres de la Universidad de La Laguna present&oacute; ayer jueves 16 de marzo&#8230;<\/p>\n","protected":false},"author":21,"featured_media":13416,"comment_status":"open","ping_status":"open","sticky":false,"template":"","format":"standard","meta":{"inline_featured_image":false,"footnotes":""},"categories":[346,1],"tags":[],"acf":[],"yoast_head":"<!-- This site is optimized with the Yoast SEO plugin v21.3 - https:\/\/yoast.com\/wordpress\/plugins\/seo\/ -->\n<title>La ULL pone en marcha el M\u00e1ster en Estudios Feministas, Pol\u00edticas de Igualdad y Violencia de G\u00e9nero - ULL - Noticias<\/title>\n<meta name=\"robots\" content=\"index, follow, max-snippet:-1, max-image-preview:large, max-video-preview:-1\" \/>\n<link rel=\"canonical\" href=\"https:\/\/www.ull.es\/portal\/noticias\/2006\/la-ull-pone-en-marcha-el-mster-en-estudios-feministas-polticas-de-igualdad-y-violencia-de-gnero\/\" \/>\n<meta property=\"og:locale\" content=\"es_ES\" \/>\n<meta property=\"og:type\" content=\"article\" \/>\n<meta property=\"og:title\" content=\"La ULL pone en marcha el M\u00e1ster en Estudios Feministas, Pol\u00edticas de Igualdad y Violencia de G\u00e9nero - ULL - Noticias\" \/>\n<meta property=\"og:description\" content=\"El Instituto Universitario de Estudios de las Mujeres de la Universidad de La Laguna present&oacute; ayer jueves 16 de marzo...\" \/>\n<meta property=\"og:url\" content=\"https:\/\/www.ull.es\/portal\/noticias\/2006\/la-ull-pone-en-marcha-el-mster-en-estudios-feministas-polticas-de-igualdad-y-violencia-de-gnero\/\" \/>\n<meta property=\"og:site_name\" content=\"ULL - Noticias\" \/>\n<meta property=\"article:publisher\" content=\"https:\/\/www.facebook.com\/universidaddelalaguna\/\" \/>\n<meta property=\"article:published_time\" content=\"2006-03-17T00:00:00+00:00\" \/>\n<meta property=\"og:image\" content=\"https:\/\/www.ull.es\/portal\/noticias\/wp-content\/uploads\/sites\/13\/2015\/07\/feminismo.jpg\" \/>\n\t<meta property=\"og:image:width\" content=\"800\" \/>\n\t<meta property=\"og:image:height\" content=\"534\" \/>\n\t<meta property=\"og:image:type\" content=\"image\/jpeg\" \/>\n<meta name=\"author\" content=\"prensa2\" \/>\n<meta name=\"twitter:card\" content=\"summary_large_image\" \/>\n<meta name=\"twitter:creator\" content=\"@CanalULL\" \/>\n<meta name=\"twitter:site\" content=\"@CanalULL\" \/>\n<meta name=\"twitter:label1\" content=\"Escrito por\" \/>\n\t<meta name=\"twitter:data1\" content=\"prensa2\" \/>\n\t<meta name=\"twitter:label2\" content=\"Tiempo de lectura\" \/>\n\t<meta name=\"twitter:data2\" content=\"3 minutos\" \/>\n<script type=\"application\/ld+json\" class=\"yoast-schema-graph\">{\"@context\":\"https:\/\/schema.org\",\"@graph\":[{\"@type\":\"WebPage\",\"@id\":\"https:\/\/www.ull.es\/portal\/noticias\/2006\/la-ull-pone-en-marcha-el-mster-en-estudios-feministas-polticas-de-igualdad-y-violencia-de-gnero\/\",\"url\":\"https:\/\/www.ull.es\/portal\/noticias\/2006\/la-ull-pone-en-marcha-el-mster-en-estudios-feministas-polticas-de-igualdad-y-violencia-de-gnero\/\",\"name\":\"La ULL pone en marcha el M\u00e1ster en Estudios Feministas, Pol\u00edticas de Igualdad y Violencia de G\u00e9nero - ULL - Noticias\",\"isPartOf\":{\"@id\":\"https:\/\/www.ull.es\/portal\/noticias\/#website\"},\"datePublished\":\"2006-03-17T00:00:00+00:00\",\"dateModified\":\"2006-03-17T00:00:00+00:00\",\"author\":{\"@id\":\"https:\/\/www.ull.es\/portal\/noticias\/#\/schema\/person\/c3b2aa857797592927a03740d6664376\"},\"breadcrumb\":{\"@id\":\"https:\/\/www.ull.es\/portal\/noticias\/2006\/la-ull-pone-en-marcha-el-mster-en-estudios-feministas-polticas-de-igualdad-y-violencia-de-gnero\/#breadcrumb\"},\"inLanguage\":\"es\",\"potentialAction\":[{\"@type\":\"ReadAction\",\"target\":[\"https:\/\/www.ull.es\/portal\/noticias\/2006\/la-ull-pone-en-marcha-el-mster-en-estudios-feministas-polticas-de-igualdad-y-violencia-de-gnero\/\"]}]},{\"@type\":\"BreadcrumbList\",\"@id\":\"https:\/\/www.ull.es\/portal\/noticias\/2006\/la-ull-pone-en-marcha-el-mster-en-estudios-feministas-polticas-de-igualdad-y-violencia-de-gnero\/#breadcrumb\",\"itemListElement\":[{\"@type\":\"ListItem\",\"position\":1,\"name\":\"Portada\",\"item\":\"https:\/\/www.ull.es\/portal\/noticias\/\"},{\"@type\":\"ListItem\",\"position\":2,\"name\":\"La ULL pone en marcha el M\u00e1ster en Estudios Feministas, Pol\u00edticas de Igualdad y Violencia de G\u00e9nero\"}]},{\"@type\":\"WebSite\",\"@id\":\"https:\/\/www.ull.es\/portal\/noticias\/#website\",\"url\":\"https:\/\/www.ull.es\/portal\/noticias\/\",\"name\":\"ULL - Noticias\",\"description\":\"\",\"potentialAction\":[{\"@type\":\"SearchAction\",\"target\":{\"@type\":\"EntryPoint\",\"urlTemplate\":\"https:\/\/www.ull.es\/portal\/noticias\/?s={search_term_string}\"},\"query-input\":\"required name=search_term_string\"}],\"inLanguage\":\"es\"},{\"@type\":\"Person\",\"@id\":\"https:\/\/www.ull.es\/portal\/noticias\/#\/schema\/person\/c3b2aa857797592927a03740d6664376\",\"name\":\"prensa2\",\"image\":{\"@type\":\"ImageObject\",\"inLanguage\":\"es\",\"@id\":\"https:\/\/www.ull.es\/portal\/noticias\/#\/schema\/person\/image\/\",\"url\":\"https:\/\/secure.gravatar.com\/avatar\/b58f310a5de5feb33d1e026d2493f23c?s=96&d=mm&r=g\",\"contentUrl\":\"https:\/\/secure.gravatar.com\/avatar\/b58f310a5de5feb33d1e026d2493f23c?s=96&d=mm&r=g\",\"caption\":\"prensa2\"},\"url\":\"https:\/\/www.ull.es\/portal\/noticias\/author\/prensa2\/\"}]}<\/script>\n<!-- \/ Yoast SEO plugin. -->","yoast_head_json":{"title":"La ULL pone en marcha el M\u00e1ster en Estudios Feministas, Pol\u00edticas de Igualdad y Violencia de G\u00e9nero - ULL - Noticias","robots":{"index":"index","follow":"follow","max-snippet":"max-snippet:-1","max-image-preview":"max-image-preview:large","max-video-preview":"max-video-preview:-1"},"canonical":"https:\/\/www.ull.es\/portal\/noticias\/2006\/la-ull-pone-en-marcha-el-mster-en-estudios-feministas-polticas-de-igualdad-y-violencia-de-gnero\/","og_locale":"es_ES","og_type":"article","og_title":"La ULL pone en marcha el M\u00e1ster en Estudios Feministas, Pol\u00edticas de Igualdad y Violencia de G\u00e9nero - ULL - Noticias","og_description":"El Instituto Universitario de Estudios de las Mujeres de la Universidad de La Laguna present&oacute; ayer jueves 16 de marzo...","og_url":"https:\/\/www.ull.es\/portal\/noticias\/2006\/la-ull-pone-en-marcha-el-mster-en-estudios-feministas-polticas-de-igualdad-y-violencia-de-gnero\/","og_site_name":"ULL - Noticias","article_publisher":"https:\/\/www.facebook.com\/universidaddelalaguna\/","article_published_time":"2006-03-17T00:00:00+00:00","og_image":[{"width":800,"height":534,"url":"https:\/\/www.ull.es\/portal\/noticias\/wp-content\/uploads\/sites\/13\/2015\/07\/feminismo.jpg","type":"image\/jpeg"}],"author":"prensa2","twitter_card":"summary_large_image","twitter_creator":"@CanalULL","twitter_site":"@CanalULL","twitter_misc":{"Escrito por":"prensa2","Tiempo de lectura":"3 minutos"},"schema":{"@context":"https:\/\/schema.org","@graph":[{"@type":"WebPage","@id":"https:\/\/www.ull.es\/portal\/noticias\/2006\/la-ull-pone-en-marcha-el-mster-en-estudios-feministas-polticas-de-igualdad-y-violencia-de-gnero\/","url":"https:\/\/www.ull.es\/portal\/noticias\/2006\/la-ull-pone-en-marcha-el-mster-en-estudios-feministas-polticas-de-igualdad-y-violencia-de-gnero\/","name":"La ULL pone en marcha el M\u00e1ster en Estudios Feministas, Pol\u00edticas de Igualdad y Violencia de G\u00e9nero - ULL - Noticias","isPartOf":{"@id":"https:\/\/www.ull.es\/portal\/noticias\/#website"},"datePublished":"2006-03-17T00:00:00+00:00","dateModified":"2006-03-17T00:00:00+00:00","author":{"@id":"https:\/\/www.ull.es\/portal\/noticias\/#\/schema\/person\/c3b2aa857797592927a03740d6664376"},"breadcrumb":{"@id":"https:\/\/www.ull.es\/portal\/noticias\/2006\/la-ull-pone-en-marcha-el-mster-en-estudios-feministas-polticas-de-igualdad-y-violencia-de-gnero\/#breadcrumb"},"inLanguage":"es","potentialAction":[{"@type":"ReadAction","target":["https:\/\/www.ull.es\/portal\/noticias\/2006\/la-ull-pone-en-marcha-el-mster-en-estudios-feministas-polticas-de-igualdad-y-violencia-de-gnero\/"]}]},{"@type":"BreadcrumbList","@id":"https:\/\/www.ull.es\/portal\/noticias\/2006\/la-ull-pone-en-marcha-el-mster-en-estudios-feministas-polticas-de-igualdad-y-violencia-de-gnero\/#breadcrumb","itemListElement":[{"@type":"ListItem","position":1,"name":"Portada","item":"https:\/\/www.ull.es\/portal\/noticias\/"},{"@type":"ListItem","position":2,"name":"La ULL pone en marcha el M\u00e1ster en Estudios Feministas, Pol\u00edticas de Igualdad y Violencia de G\u00e9nero"}]},{"@type":"WebSite","@id":"https:\/\/www.ull.es\/portal\/noticias\/#website","url":"https:\/\/www.ull.es\/portal\/noticias\/","name":"ULL - Noticias","description":"","potentialAction":[{"@type":"SearchAction","target":{"@type":"EntryPoint","urlTemplate":"https:\/\/www.ull.es\/portal\/noticias\/?s={search_term_string}"},"query-input":"required name=search_term_string"}],"inLanguage":"es"},{"@type":"Person","@id":"https:\/\/www.ull.es\/portal\/noticias\/#\/schema\/person\/c3b2aa857797592927a03740d6664376","name":"prensa2","image":{"@type":"ImageObject","inLanguage":"es","@id":"https:\/\/www.ull.es\/portal\/noticias\/#\/schema\/person\/image\/","url":"https:\/\/secure.gravatar.com\/avatar\/b58f310a5de5feb33d1e026d2493f23c?s=96&d=mm&r=g","contentUrl":"https:\/\/secure.gravatar.com\/avatar\/b58f310a5de5feb33d1e026d2493f23c?s=96&d=mm&r=g","caption":"prensa2"},"url":"https:\/\/www.ull.es\/portal\/noticias\/author\/prensa2\/"}]}},"primary_category":null,"featured_image_thumbnail_url":"https:\/\/www.ull.es\/portal\/noticias\/wp-content\/uploads\/sites\/13\/2015\/07\/feminismo-300x200.jpg","_links":{"self":[{"href":"https:\/\/www.ull.es\/portal\/noticias\/wp-json\/wp\/v2\/posts\/13412"}],"collection":[{"href":"https:\/\/www.ull.es\/portal\/noticias\/wp-json\/wp\/v2\/posts"}],"about":[{"href":"https:\/\/www.ull.es\/portal\/noticias\/wp-json\/wp\/v2\/types\/post"}],"author":[{"embeddable":true,"href":"https:\/\/www.ull.es\/portal\/noticias\/wp-json\/wp\/v2\/users\/21"}],"replies":[{"embeddable":true,"href":"https:\/\/www.ull.es\/portal\/noticias\/wp-json\/wp\/v2\/comments?post=13412"}],"version-history":[{"count":0,"href":"https:\/\/www.ull.es\/portal\/noticias\/wp-json\/wp\/v2\/posts\/13412\/revisions"}],"wp:featuredmedia":[{"embeddable":true,"href":"https:\/\/www.ull.es\/portal\/noticias\/wp-json\/wp\/v2\/media\/13416"}],"wp:attachment":[{"href":"https:\/\/www.ull.es\/portal\/noticias\/wp-json\/wp\/v2\/media?parent=13412"}],"wp:term":[{"taxonomy":"category","embeddable":true,"href":"https:\/\/www.ull.es\/portal\/noticias\/wp-json\/wp\/v2\/categories?post=13412"},{"taxonomy":"post_tag","embeddable":true,"href":"https:\/\/www.ull.es\/portal\/noticias\/wp-json\/wp\/v2\/tags?post=13412"}],"curies":[{"name":"wp","href":"https:\/\/api.w.org\/{rel}","templated":true}]}}