{"id":13426,"date":"2006-05-02T00:00:00","date_gmt":"2006-05-02T00:00:00","guid":{"rendered":"http:\/\/ddigital.webs.ull.es\/la-asociacin-espaola-de-normalizacin-y-certificacin-impartir-un-curso-sobre-gestin-de-calidad-en-la-ull\/"},"modified":"2006-05-02T00:00:00","modified_gmt":"2006-05-02T00:00:00","slug":"la-asociacin-espaola-de-normalizacin-y-certificacin-impartir-un-curso-sobre-gestin-de-calidad-en-la-ull","status":"publish","type":"post","link":"https:\/\/www.ull.es\/portal\/noticias\/2006\/la-asociacin-espaola-de-normalizacin-y-certificacin-impartir-un-curso-sobre-gestin-de-calidad-en-la-ull\/","title":{"rendered":"La Asociaci\u00f3n Espa\u00f1ola de Normalizaci\u00f3n y Certificaci\u00f3n impartir\u00e1 un curso sobre gesti\u00f3n de calidad en la ULL"},"content":{"rendered":"<p>La Oficina de Transferencia de Resultados de Investigaci&oacute;n (OTRI) de la Universidad de La Laguna organiza un curso sobre principios b&aacute;sicos de la gesti&oacute;n de la calidad. La jornada t&eacute;cnica ser&aacute; impartida durante el pr&oacute;ximo viernes, 5 de mayo, por personal el centro de formaci&oacute;n de la Asociaci&oacute;n Espa&ntilde;ola de Normalizaci&oacute;n y Certificaci&oacute;n (AENOR), en la sede de la OTRI ubicada en la calle Viana, 50 de La Laguna.<BR><\/p>\n<p><P>El curso est&aacute; dirigido a directores, t&eacute;cnicos y profesionales que quieran tener una visi&oacute;n global de la calidad en la empresa, entendida como \u00abla propiedad que poseen los productos, servicios y procesos de satisfacer plenamente a todos aquellos involucrados en su realizaci&oacute;n y usufructo\u00bb, seg&uacute;n define la OTRI en la convocatoria del curso. Con esta iniciativa se pretende dar a conocer el enfoque general de la familia de normas ISO 9000 de 2000 y de los requisitos de la Norma UNE-EN ISO 9001:2000, y los beneficios derivados de una adecuada gesti&oacute;n de la calidad.<\/P><P>La jornada t&eacute;cnica se desarrollar&aacute; en horario de ma&ntilde;ana y tarde, de 10 a 14 horas y de 16 a 19 horas. A lo largo del d&iacute;a se abordar&aacute;n los siguientes ep&iacute;grafes: \u00abLa evoluci&oacute;n de la calidad\u00bb, \u00abLa familia de normas ISO 9000 de 2000\u00bb, \u00abLos ocho principios de gesti&oacute;n de la calidad\u00bb, \u00abEl enfoque basado en procesos\u00bb y \u00abLa norma UNE-EN ISO 9001:2000\u00bb.<\/P><P>La convocatoria de este curso ha sido acogida con gran inter&eacute;s, hasta el punto de que actualmente no hay plazas disponibles, y la OTRI tuvo que realizar un proceso selectivo de candidatos, pues las solicitudes de plazas exced&iacute;an el cupo previsto.<\/P><\/p>\n","protected":false},"excerpt":{"rendered":"<p>La Oficina de Transferencia de Resultados de Investigaci&oacute;n (OTRI) de la Universidad de La Laguna organiza un curso sobre principios&#8230;<\/p>\n","protected":false},"author":21,"featured_media":0,"comment_status":"open","ping_status":"open","sticky":false,"template":"","format":"standard","meta":{"inline_featured_image":false,"footnotes":""},"categories":[346,1],"tags":[],"acf":[],"yoast_head":"<!-- This site is optimized with the Yoast SEO plugin v21.3 - https:\/\/yoast.com\/wordpress\/plugins\/seo\/ -->\n<title>La Asociaci\u00f3n Espa\u00f1ola de Normalizaci\u00f3n y Certificaci\u00f3n impartir\u00e1 un curso sobre gesti\u00f3n de calidad en la ULL - ULL - Noticias<\/title>\n<meta name=\"robots\" content=\"index, follow, max-snippet:-1, max-image-preview:large, max-video-preview:-1\" \/>\n<link rel=\"canonical\" href=\"https:\/\/www.ull.es\/portal\/noticias\/2006\/la-asociacin-espaola-de-normalizacin-y-certificacin-impartir-un-curso-sobre-gestin-de-calidad-en-la-ull\/\" \/>\n<meta property=\"og:locale\" content=\"es_ES\" \/>\n<meta property=\"og:type\" content=\"article\" \/>\n<meta property=\"og:title\" content=\"La Asociaci\u00f3n Espa\u00f1ola de Normalizaci\u00f3n y Certificaci\u00f3n impartir\u00e1 un curso sobre gesti\u00f3n de calidad en la ULL - ULL - Noticias\" \/>\n<meta property=\"og:description\" content=\"La Oficina de Transferencia de Resultados de Investigaci&oacute;n (OTRI) de la Universidad de La Laguna organiza un curso sobre principios...\" \/>\n<meta property=\"og:url\" content=\"https:\/\/www.ull.es\/portal\/noticias\/2006\/la-asociacin-espaola-de-normalizacin-y-certificacin-impartir-un-curso-sobre-gestin-de-calidad-en-la-ull\/\" \/>\n<meta property=\"og:site_name\" content=\"ULL - Noticias\" \/>\n<meta property=\"article:publisher\" content=\"https:\/\/www.facebook.com\/universidaddelalaguna\/\" \/>\n<meta property=\"article:published_time\" content=\"2006-05-02T00:00:00+00:00\" \/>\n<meta property=\"og:image\" content=\"https:\/\/www.ull.es\/portal\/noticias\/wp-content\/uploads\/sites\/13\/2023\/06\/logo-redimensionado.png\" \/>\n\t<meta property=\"og:image:width\" content=\"1200\" \/>\n\t<meta property=\"og:image:height\" content=\"630\" \/>\n\t<meta property=\"og:image:type\" content=\"image\/png\" \/>\n<meta name=\"author\" content=\"prensa2\" \/>\n<meta name=\"twitter:card\" content=\"summary_large_image\" \/>\n<meta name=\"twitter:creator\" content=\"@CanalULL\" \/>\n<meta name=\"twitter:site\" content=\"@CanalULL\" \/>\n<meta name=\"twitter:label1\" content=\"Escrito por\" \/>\n\t<meta name=\"twitter:data1\" content=\"prensa2\" \/>\n\t<meta name=\"twitter:label2\" content=\"Tiempo de lectura\" \/>\n\t<meta name=\"twitter:data2\" content=\"2 minutos\" \/>\n<script type=\"application\/ld+json\" class=\"yoast-schema-graph\">{\"@context\":\"https:\/\/schema.org\",\"@graph\":[{\"@type\":\"WebPage\",\"@id\":\"https:\/\/www.ull.es\/portal\/noticias\/2006\/la-asociacin-espaola-de-normalizacin-y-certificacin-impartir-un-curso-sobre-gestin-de-calidad-en-la-ull\/\",\"url\":\"https:\/\/www.ull.es\/portal\/noticias\/2006\/la-asociacin-espaola-de-normalizacin-y-certificacin-impartir-un-curso-sobre-gestin-de-calidad-en-la-ull\/\",\"name\":\"La Asociaci\u00f3n Espa\u00f1ola de Normalizaci\u00f3n y Certificaci\u00f3n impartir\u00e1 un curso sobre gesti\u00f3n de calidad en la ULL - ULL - Noticias\",\"isPartOf\":{\"@id\":\"https:\/\/www.ull.es\/portal\/noticias\/#website\"},\"datePublished\":\"2006-05-02T00:00:00+00:00\",\"dateModified\":\"2006-05-02T00:00:00+00:00\",\"author\":{\"@id\":\"https:\/\/www.ull.es\/portal\/noticias\/#\/schema\/person\/c3b2aa857797592927a03740d6664376\"},\"breadcrumb\":{\"@id\":\"https:\/\/www.ull.es\/portal\/noticias\/2006\/la-asociacin-espaola-de-normalizacin-y-certificacin-impartir-un-curso-sobre-gestin-de-calidad-en-la-ull\/#breadcrumb\"},\"inLanguage\":\"es\",\"potentialAction\":[{\"@type\":\"ReadAction\",\"target\":[\"https:\/\/www.ull.es\/portal\/noticias\/2006\/la-asociacin-espaola-de-normalizacin-y-certificacin-impartir-un-curso-sobre-gestin-de-calidad-en-la-ull\/\"]}]},{\"@type\":\"BreadcrumbList\",\"@id\":\"https:\/\/www.ull.es\/portal\/noticias\/2006\/la-asociacin-espaola-de-normalizacin-y-certificacin-impartir-un-curso-sobre-gestin-de-calidad-en-la-ull\/#breadcrumb\",\"itemListElement\":[{\"@type\":\"ListItem\",\"position\":1,\"name\":\"Portada\",\"item\":\"https:\/\/www.ull.es\/portal\/noticias\/\"},{\"@type\":\"ListItem\",\"position\":2,\"name\":\"La Asociaci\u00f3n Espa\u00f1ola de Normalizaci\u00f3n y Certificaci\u00f3n impartir\u00e1 un curso sobre gesti\u00f3n de calidad en la ULL\"}]},{\"@type\":\"WebSite\",\"@id\":\"https:\/\/www.ull.es\/portal\/noticias\/#website\",\"url\":\"https:\/\/www.ull.es\/portal\/noticias\/\",\"name\":\"ULL - Noticias\",\"description\":\"\",\"potentialAction\":[{\"@type\":\"SearchAction\",\"target\":{\"@type\":\"EntryPoint\",\"urlTemplate\":\"https:\/\/www.ull.es\/portal\/noticias\/?s={search_term_string}\"},\"query-input\":\"required name=search_term_string\"}],\"inLanguage\":\"es\"},{\"@type\":\"Person\",\"@id\":\"https:\/\/www.ull.es\/portal\/noticias\/#\/schema\/person\/c3b2aa857797592927a03740d6664376\",\"name\":\"prensa2\",\"image\":{\"@type\":\"ImageObject\",\"inLanguage\":\"es\",\"@id\":\"https:\/\/www.ull.es\/portal\/noticias\/#\/schema\/person\/image\/\",\"url\":\"https:\/\/secure.gravatar.com\/avatar\/b58f310a5de5feb33d1e026d2493f23c?s=96&d=mm&r=g\",\"contentUrl\":\"https:\/\/secure.gravatar.com\/avatar\/b58f310a5de5feb33d1e026d2493f23c?s=96&d=mm&r=g\",\"caption\":\"prensa2\"},\"url\":\"https:\/\/www.ull.es\/portal\/noticias\/author\/prensa2\/\"}]}<\/script>\n<!-- \/ Yoast SEO plugin. -->","yoast_head_json":{"title":"La Asociaci\u00f3n Espa\u00f1ola de Normalizaci\u00f3n y Certificaci\u00f3n impartir\u00e1 un curso sobre gesti\u00f3n de calidad en la ULL - ULL - Noticias","robots":{"index":"index","follow":"follow","max-snippet":"max-snippet:-1","max-image-preview":"max-image-preview:large","max-video-preview":"max-video-preview:-1"},"canonical":"https:\/\/www.ull.es\/portal\/noticias\/2006\/la-asociacin-espaola-de-normalizacin-y-certificacin-impartir-un-curso-sobre-gestin-de-calidad-en-la-ull\/","og_locale":"es_ES","og_type":"article","og_title":"La Asociaci\u00f3n Espa\u00f1ola de Normalizaci\u00f3n y Certificaci\u00f3n impartir\u00e1 un curso sobre gesti\u00f3n de calidad en la ULL - ULL - Noticias","og_description":"La Oficina de Transferencia de Resultados de Investigaci&oacute;n (OTRI) de la Universidad de La Laguna organiza un curso sobre principios...","og_url":"https:\/\/www.ull.es\/portal\/noticias\/2006\/la-asociacin-espaola-de-normalizacin-y-certificacin-impartir-un-curso-sobre-gestin-de-calidad-en-la-ull\/","og_site_name":"ULL - Noticias","article_publisher":"https:\/\/www.facebook.com\/universidaddelalaguna\/","article_published_time":"2006-05-02T00:00:00+00:00","og_image":[{"width":1200,"height":630,"url":"https:\/\/www.ull.es\/portal\/noticias\/wp-content\/uploads\/sites\/13\/2023\/06\/logo-redimensionado.png","type":"image\/png"}],"author":"prensa2","twitter_card":"summary_large_image","twitter_creator":"@CanalULL","twitter_site":"@CanalULL","twitter_misc":{"Escrito por":"prensa2","Tiempo de lectura":"2 minutos"},"schema":{"@context":"https:\/\/schema.org","@graph":[{"@type":"WebPage","@id":"https:\/\/www.ull.es\/portal\/noticias\/2006\/la-asociacin-espaola-de-normalizacin-y-certificacin-impartir-un-curso-sobre-gestin-de-calidad-en-la-ull\/","url":"https:\/\/www.ull.es\/portal\/noticias\/2006\/la-asociacin-espaola-de-normalizacin-y-certificacin-impartir-un-curso-sobre-gestin-de-calidad-en-la-ull\/","name":"La Asociaci\u00f3n Espa\u00f1ola de Normalizaci\u00f3n y Certificaci\u00f3n impartir\u00e1 un curso sobre gesti\u00f3n de calidad en la ULL - ULL - Noticias","isPartOf":{"@id":"https:\/\/www.ull.es\/portal\/noticias\/#website"},"datePublished":"2006-05-02T00:00:00+00:00","dateModified":"2006-05-02T00:00:00+00:00","author":{"@id":"https:\/\/www.ull.es\/portal\/noticias\/#\/schema\/person\/c3b2aa857797592927a03740d6664376"},"breadcrumb":{"@id":"https:\/\/www.ull.es\/portal\/noticias\/2006\/la-asociacin-espaola-de-normalizacin-y-certificacin-impartir-un-curso-sobre-gestin-de-calidad-en-la-ull\/#breadcrumb"},"inLanguage":"es","potentialAction":[{"@type":"ReadAction","target":["https:\/\/www.ull.es\/portal\/noticias\/2006\/la-asociacin-espaola-de-normalizacin-y-certificacin-impartir-un-curso-sobre-gestin-de-calidad-en-la-ull\/"]}]},{"@type":"BreadcrumbList","@id":"https:\/\/www.ull.es\/portal\/noticias\/2006\/la-asociacin-espaola-de-normalizacin-y-certificacin-impartir-un-curso-sobre-gestin-de-calidad-en-la-ull\/#breadcrumb","itemListElement":[{"@type":"ListItem","position":1,"name":"Portada","item":"https:\/\/www.ull.es\/portal\/noticias\/"},{"@type":"ListItem","position":2,"name":"La Asociaci\u00f3n Espa\u00f1ola de Normalizaci\u00f3n y Certificaci\u00f3n impartir\u00e1 un curso sobre gesti\u00f3n de calidad en la ULL"}]},{"@type":"WebSite","@id":"https:\/\/www.ull.es\/portal\/noticias\/#website","url":"https:\/\/www.ull.es\/portal\/noticias\/","name":"ULL - Noticias","description":"","potentialAction":[{"@type":"SearchAction","target":{"@type":"EntryPoint","urlTemplate":"https:\/\/www.ull.es\/portal\/noticias\/?s={search_term_string}"},"query-input":"required name=search_term_string"}],"inLanguage":"es"},{"@type":"Person","@id":"https:\/\/www.ull.es\/portal\/noticias\/#\/schema\/person\/c3b2aa857797592927a03740d6664376","name":"prensa2","image":{"@type":"ImageObject","inLanguage":"es","@id":"https:\/\/www.ull.es\/portal\/noticias\/#\/schema\/person\/image\/","url":"https:\/\/secure.gravatar.com\/avatar\/b58f310a5de5feb33d1e026d2493f23c?s=96&d=mm&r=g","contentUrl":"https:\/\/secure.gravatar.com\/avatar\/b58f310a5de5feb33d1e026d2493f23c?s=96&d=mm&r=g","caption":"prensa2"},"url":"https:\/\/www.ull.es\/portal\/noticias\/author\/prensa2\/"}]}},"primary_category":null,"featured_image_thumbnail_url":null,"_links":{"self":[{"href":"https:\/\/www.ull.es\/portal\/noticias\/wp-json\/wp\/v2\/posts\/13426"}],"collection":[{"href":"https:\/\/www.ull.es\/portal\/noticias\/wp-json\/wp\/v2\/posts"}],"about":[{"href":"https:\/\/www.ull.es\/portal\/noticias\/wp-json\/wp\/v2\/types\/post"}],"author":[{"embeddable":true,"href":"https:\/\/www.ull.es\/portal\/noticias\/wp-json\/wp\/v2\/users\/21"}],"replies":[{"embeddable":true,"href":"https:\/\/www.ull.es\/portal\/noticias\/wp-json\/wp\/v2\/comments?post=13426"}],"version-history":[{"count":0,"href":"https:\/\/www.ull.es\/portal\/noticias\/wp-json\/wp\/v2\/posts\/13426\/revisions"}],"wp:attachment":[{"href":"https:\/\/www.ull.es\/portal\/noticias\/wp-json\/wp\/v2\/media?parent=13426"}],"wp:term":[{"taxonomy":"category","embeddable":true,"href":"https:\/\/www.ull.es\/portal\/noticias\/wp-json\/wp\/v2\/categories?post=13426"},{"taxonomy":"post_tag","embeddable":true,"href":"https:\/\/www.ull.es\/portal\/noticias\/wp-json\/wp\/v2\/tags?post=13426"}],"curies":[{"name":"wp","href":"https:\/\/api.w.org\/{rel}","templated":true}]}}