{"id":13449,"date":"2006-09-22T00:00:00","date_gmt":"2006-09-22T00:00:00","guid":{"rendered":"http:\/\/ddigital.webs.ull.es\/la-universidad-organiza-un-mster-en-psicogeriatra-y-gerontologa-social\/"},"modified":"2006-09-22T00:00:00","modified_gmt":"2006-09-22T00:00:00","slug":"la-universidad-organiza-un-mster-en-psicogeriatra-y-gerontologa-social","status":"publish","type":"post","link":"https:\/\/www.ull.es\/portal\/noticias\/2006\/la-universidad-organiza-un-mster-en-psicogeriatra-y-gerontologa-social\/","title":{"rendered":"La universidad organiza un M\u00e1ster en Psicogeriatr\u00eda y Gerontolog\u00eda Social"},"content":{"rendered":"<p><P align=\"justify\">La Universidad de La Laguna impartir&aacute; a partir del curso 2006\/07 un M&aacute;ster Universitario en Psicogeriatr&iacute;a y Gerontolog&iacute;a Social que, en opini&oacute;n de su director acad&eacute;mico, el profesor Pedro Javier Casta&ntilde;eda Garc&iacute;a, \u00abpretende dar una respuesta formativa integral a uno de los retos sociales y sanitarios m&aacute;s importantes que tenemos en la actualidad: el envejecimiento de la poblaci&oacute;n y los distintos grados de dependencia personal asociados\u00bb.<\/P><\/p>\n<p><P align=\"justify\">\u00abNo se libra nuestra regi&oacute;n insular de los problemas sociosanitarios asociados a un envejecimiento r&aacute;pido de su poblaci&oacute;n y sus grados de dependencia\u00bb, prosigue Casta&ntilde;eda. \u00abAunque parezca que la cifra global de personas mayores de 65 a&ntilde;os en Canarias no es alta (a&ntilde;o 2001: 11,8%), este dato es err&oacute;neo, al aplicar un promedio peninsular est&aacute;ndar a la regi&oacute;n como si fuera un territorio continuo\u00bb. <\/P><P align=\"justify\"><\/P><P align=\"justify\">El experto explica que la realidad demogr&aacute;fica del archipi&eacute;lago es diferente para cada una de las islas. As&iacute;, en 2001 (datos del Istac) ten&iacute;amos unos &iacute;ndices de gran envejecimiento poblacional, 19,9%, en El Hierro, La Gomera con 18,2% y La Palma con 17,4% frente a otras cifras opuestas, del 6,2% de media en Fuerteventura (aunque Betancuria alcanzaba un 17,8%) y Lanzarote con 7,4%, (pero con 15,3% en Har&iacute;a), mientras que las islas capitalinas se situaban en unas puntuaciones intermedias, 11-13%. <\/P><P align=\"justify\"><\/P><P align=\"justify\">\u00abEstas diferencias tan grandes en los &iacute;ndices de personas mayores, muchas de ellas medio y gran dependientes, no tienen, por el momento, un tratamiento diferente en cuanto a pol&iacute;ticas insulares geri&aacute;tricas ni planes municipales de intervenci&oacute;n gerontol&oacute;gica. Es urgente, por tanto, formar al mayor n&uacute;mero posible de t&eacute;cnicos y especialistas en envejecimiento humano, tanto normal como patol&oacute;gico, para que puedan hacer aportaciones inmediatas a una organizaci&oacute;n mejorada de la atenci&oacute;n individualizada y de los recursos destinados a esas personas mayores\u00bb, asegura el director del m&aacute;ster. \u00abY que, todo ello\u00bb, a&ntilde;ade, \u00abrepercuta en unos menores costes econ&oacute;micos y de sufrimiento para todos: instituciones, familias y las personas cuidadas con sus cuidadores\u00bb.<\/P><P align=\"justify\"><\/P><P align=\"justify\">Esta formaci&oacute;n de posgrado se basa en la capacitaci&oacute;n profesional, tanto desde un punto de vista paliativo como preventivo, que favorezca una mayor calidad de vida en la segunda mitad de la vida. \u00abPor ello incluimos una parte de psicogeriatr&iacute;a y otra de gerontolog&iacute;a; ambas de manera presencial, por la importancia demostrada que sigue teniendo esta modalidad en un aprendizaje m&aacute;s s&oacute;lido y participativo\u00bb, apunta Casta&ntilde;eda.<\/P><P align=\"justify\"><\/P><P align=\"justify\">Estas dos partes suponen una especializaci&oacute;n complementaria para los matriculados que provengan de Ciencias Sociales y Jur&iacute;dicas (t&eacute;cnicos de servicios sociales, psic&oacute;logos, pedagogos, maestros, trabajadores sociales, abogados, etc.) y para los que procedan de Ciencias de la Salud (m&eacute;dicos, enfermeros, fisioterapeutas, etc.), al ampliar, los primeros, sus conocimientos en la parte cl&iacute;nica y, los segundos, en la parte psicosocial.<\/P><P align=\"justify\"><\/P><P align=\"justify\">En cuanto a las pr&aacute;cticas, &eacute;stas tendr&aacute;n un desarrollo en dos fases: una primera de tipo rotatorio, para conocer los servicios que hay con personas mayores y otra fase, a continuaci&oacute;n, seg&uacute;n la especialidad previa de cada uno, y en la que se plantear&aacute; un programa para llevar a cabo en un centro particular, sea en la propia isla de residencia o en cualquier otra. <\/P><P align=\"justify\"><\/P><P align=\"justify\">\u00abDado que la nueva Ley de Dependencia entra en vigor a principios del pr&oacute;ximo a&ntilde;o de 2007 queremos profesionalizar al colectivo que trabaja, o lo har&aacute; con mayores, en este primer bienio del master, comprendido entre octubre de 2006 y julio de 2008\u00bb. Todos los contenidos del posgrado se encuentran disponibles en la p&aacute;gina web <U><FONT color=\"#0000ff\"><a class=\"sumario\" href=\"http:\/\/webpages.ull.es\/users\/geronto\" target=\"_new\" target=\"_blank\" rel=\"noopener\">http:\/\/webpages.ull.es\/users\/geronto\/<\/A><\/P><\/U><\/FONT><\/p>\n","protected":false},"excerpt":{"rendered":"<p>La Universidad de La Laguna impartir&aacute; a partir del curso 2006\/07 un M&aacute;ster Universitario en Psicogeriatr&iacute;a y Gerontolog&iacute;a Social que,&#8230;<\/p>\n","protected":false},"author":21,"featured_media":13450,"comment_status":"open","ping_status":"open","sticky":false,"template":"","format":"standard","meta":{"inline_featured_image":false,"footnotes":""},"categories":[346,1],"tags":[],"acf":[],"yoast_head":"<!-- This site is optimized with the Yoast SEO plugin v21.3 - https:\/\/yoast.com\/wordpress\/plugins\/seo\/ -->\n<title>La universidad organiza un M\u00e1ster en Psicogeriatr\u00eda y Gerontolog\u00eda Social - ULL - Noticias<\/title>\n<meta name=\"robots\" content=\"index, follow, max-snippet:-1, max-image-preview:large, max-video-preview:-1\" \/>\n<link rel=\"canonical\" href=\"https:\/\/www.ull.es\/portal\/noticias\/2006\/la-universidad-organiza-un-mster-en-psicogeriatra-y-gerontologa-social\/\" \/>\n<meta property=\"og:locale\" content=\"es_ES\" \/>\n<meta property=\"og:type\" content=\"article\" \/>\n<meta property=\"og:title\" content=\"La universidad organiza un M\u00e1ster en Psicogeriatr\u00eda y Gerontolog\u00eda Social - ULL - Noticias\" \/>\n<meta property=\"og:description\" content=\"La Universidad de La Laguna impartir&aacute; a partir del curso 2006\/07 un M&aacute;ster Universitario en Psicogeriatr&iacute;a y Gerontolog&iacute;a Social que,...\" \/>\n<meta property=\"og:url\" content=\"https:\/\/www.ull.es\/portal\/noticias\/2006\/la-universidad-organiza-un-mster-en-psicogeriatra-y-gerontologa-social\/\" \/>\n<meta property=\"og:site_name\" content=\"ULL - Noticias\" \/>\n<meta property=\"article:publisher\" content=\"https:\/\/www.facebook.com\/universidaddelalaguna\/\" \/>\n<meta property=\"article:published_time\" content=\"2006-09-22T00:00:00+00:00\" \/>\n<meta property=\"og:image\" content=\"https:\/\/www.ull.es\/portal\/noticias\/wp-content\/uploads\/sites\/13\/2015\/07\/gerontologia.jpg\" \/>\n\t<meta property=\"og:image:width\" content=\"300\" \/>\n\t<meta property=\"og:image:height\" content=\"423\" \/>\n\t<meta property=\"og:image:type\" content=\"image\/jpeg\" \/>\n<meta name=\"author\" content=\"prensa2\" \/>\n<meta name=\"twitter:card\" content=\"summary_large_image\" \/>\n<meta name=\"twitter:creator\" content=\"@CanalULL\" \/>\n<meta name=\"twitter:site\" content=\"@CanalULL\" \/>\n<meta name=\"twitter:label1\" content=\"Escrito por\" \/>\n\t<meta name=\"twitter:data1\" content=\"prensa2\" \/>\n\t<meta name=\"twitter:label2\" content=\"Tiempo de lectura\" \/>\n\t<meta name=\"twitter:data2\" content=\"3 minutos\" \/>\n<script type=\"application\/ld+json\" class=\"yoast-schema-graph\">{\"@context\":\"https:\/\/schema.org\",\"@graph\":[{\"@type\":\"WebPage\",\"@id\":\"https:\/\/www.ull.es\/portal\/noticias\/2006\/la-universidad-organiza-un-mster-en-psicogeriatra-y-gerontologa-social\/\",\"url\":\"https:\/\/www.ull.es\/portal\/noticias\/2006\/la-universidad-organiza-un-mster-en-psicogeriatra-y-gerontologa-social\/\",\"name\":\"La universidad organiza un M\u00e1ster en Psicogeriatr\u00eda y Gerontolog\u00eda Social - ULL - Noticias\",\"isPartOf\":{\"@id\":\"https:\/\/www.ull.es\/portal\/noticias\/#website\"},\"datePublished\":\"2006-09-22T00:00:00+00:00\",\"dateModified\":\"2006-09-22T00:00:00+00:00\",\"author\":{\"@id\":\"https:\/\/www.ull.es\/portal\/noticias\/#\/schema\/person\/c3b2aa857797592927a03740d6664376\"},\"breadcrumb\":{\"@id\":\"https:\/\/www.ull.es\/portal\/noticias\/2006\/la-universidad-organiza-un-mster-en-psicogeriatra-y-gerontologa-social\/#breadcrumb\"},\"inLanguage\":\"es\",\"potentialAction\":[{\"@type\":\"ReadAction\",\"target\":[\"https:\/\/www.ull.es\/portal\/noticias\/2006\/la-universidad-organiza-un-mster-en-psicogeriatra-y-gerontologa-social\/\"]}]},{\"@type\":\"BreadcrumbList\",\"@id\":\"https:\/\/www.ull.es\/portal\/noticias\/2006\/la-universidad-organiza-un-mster-en-psicogeriatra-y-gerontologa-social\/#breadcrumb\",\"itemListElement\":[{\"@type\":\"ListItem\",\"position\":1,\"name\":\"Portada\",\"item\":\"https:\/\/www.ull.es\/portal\/noticias\/\"},{\"@type\":\"ListItem\",\"position\":2,\"name\":\"La universidad organiza un M\u00e1ster en Psicogeriatr\u00eda y Gerontolog\u00eda Social\"}]},{\"@type\":\"WebSite\",\"@id\":\"https:\/\/www.ull.es\/portal\/noticias\/#website\",\"url\":\"https:\/\/www.ull.es\/portal\/noticias\/\",\"name\":\"ULL - Noticias\",\"description\":\"\",\"potentialAction\":[{\"@type\":\"SearchAction\",\"target\":{\"@type\":\"EntryPoint\",\"urlTemplate\":\"https:\/\/www.ull.es\/portal\/noticias\/?s={search_term_string}\"},\"query-input\":\"required name=search_term_string\"}],\"inLanguage\":\"es\"},{\"@type\":\"Person\",\"@id\":\"https:\/\/www.ull.es\/portal\/noticias\/#\/schema\/person\/c3b2aa857797592927a03740d6664376\",\"name\":\"prensa2\",\"image\":{\"@type\":\"ImageObject\",\"inLanguage\":\"es\",\"@id\":\"https:\/\/www.ull.es\/portal\/noticias\/#\/schema\/person\/image\/\",\"url\":\"https:\/\/secure.gravatar.com\/avatar\/b58f310a5de5feb33d1e026d2493f23c?s=96&d=mm&r=g\",\"contentUrl\":\"https:\/\/secure.gravatar.com\/avatar\/b58f310a5de5feb33d1e026d2493f23c?s=96&d=mm&r=g\",\"caption\":\"prensa2\"},\"url\":\"https:\/\/www.ull.es\/portal\/noticias\/author\/prensa2\/\"}]}<\/script>\n<!-- \/ Yoast SEO plugin. -->","yoast_head_json":{"title":"La universidad organiza un M\u00e1ster en Psicogeriatr\u00eda y Gerontolog\u00eda Social - ULL - Noticias","robots":{"index":"index","follow":"follow","max-snippet":"max-snippet:-1","max-image-preview":"max-image-preview:large","max-video-preview":"max-video-preview:-1"},"canonical":"https:\/\/www.ull.es\/portal\/noticias\/2006\/la-universidad-organiza-un-mster-en-psicogeriatra-y-gerontologa-social\/","og_locale":"es_ES","og_type":"article","og_title":"La universidad organiza un M\u00e1ster en Psicogeriatr\u00eda y Gerontolog\u00eda Social - ULL - Noticias","og_description":"La Universidad de La Laguna impartir&aacute; a partir del curso 2006\/07 un M&aacute;ster Universitario en Psicogeriatr&iacute;a y Gerontolog&iacute;a Social que,...","og_url":"https:\/\/www.ull.es\/portal\/noticias\/2006\/la-universidad-organiza-un-mster-en-psicogeriatra-y-gerontologa-social\/","og_site_name":"ULL - Noticias","article_publisher":"https:\/\/www.facebook.com\/universidaddelalaguna\/","article_published_time":"2006-09-22T00:00:00+00:00","og_image":[{"width":300,"height":423,"url":"https:\/\/www.ull.es\/portal\/noticias\/wp-content\/uploads\/sites\/13\/2015\/07\/gerontologia.jpg","type":"image\/jpeg"}],"author":"prensa2","twitter_card":"summary_large_image","twitter_creator":"@CanalULL","twitter_site":"@CanalULL","twitter_misc":{"Escrito por":"prensa2","Tiempo de lectura":"3 minutos"},"schema":{"@context":"https:\/\/schema.org","@graph":[{"@type":"WebPage","@id":"https:\/\/www.ull.es\/portal\/noticias\/2006\/la-universidad-organiza-un-mster-en-psicogeriatra-y-gerontologa-social\/","url":"https:\/\/www.ull.es\/portal\/noticias\/2006\/la-universidad-organiza-un-mster-en-psicogeriatra-y-gerontologa-social\/","name":"La universidad organiza un M\u00e1ster en Psicogeriatr\u00eda y Gerontolog\u00eda Social - ULL - Noticias","isPartOf":{"@id":"https:\/\/www.ull.es\/portal\/noticias\/#website"},"datePublished":"2006-09-22T00:00:00+00:00","dateModified":"2006-09-22T00:00:00+00:00","author":{"@id":"https:\/\/www.ull.es\/portal\/noticias\/#\/schema\/person\/c3b2aa857797592927a03740d6664376"},"breadcrumb":{"@id":"https:\/\/www.ull.es\/portal\/noticias\/2006\/la-universidad-organiza-un-mster-en-psicogeriatra-y-gerontologa-social\/#breadcrumb"},"inLanguage":"es","potentialAction":[{"@type":"ReadAction","target":["https:\/\/www.ull.es\/portal\/noticias\/2006\/la-universidad-organiza-un-mster-en-psicogeriatra-y-gerontologa-social\/"]}]},{"@type":"BreadcrumbList","@id":"https:\/\/www.ull.es\/portal\/noticias\/2006\/la-universidad-organiza-un-mster-en-psicogeriatra-y-gerontologa-social\/#breadcrumb","itemListElement":[{"@type":"ListItem","position":1,"name":"Portada","item":"https:\/\/www.ull.es\/portal\/noticias\/"},{"@type":"ListItem","position":2,"name":"La universidad organiza un M\u00e1ster en Psicogeriatr\u00eda y Gerontolog\u00eda Social"}]},{"@type":"WebSite","@id":"https:\/\/www.ull.es\/portal\/noticias\/#website","url":"https:\/\/www.ull.es\/portal\/noticias\/","name":"ULL - Noticias","description":"","potentialAction":[{"@type":"SearchAction","target":{"@type":"EntryPoint","urlTemplate":"https:\/\/www.ull.es\/portal\/noticias\/?s={search_term_string}"},"query-input":"required name=search_term_string"}],"inLanguage":"es"},{"@type":"Person","@id":"https:\/\/www.ull.es\/portal\/noticias\/#\/schema\/person\/c3b2aa857797592927a03740d6664376","name":"prensa2","image":{"@type":"ImageObject","inLanguage":"es","@id":"https:\/\/www.ull.es\/portal\/noticias\/#\/schema\/person\/image\/","url":"https:\/\/secure.gravatar.com\/avatar\/b58f310a5de5feb33d1e026d2493f23c?s=96&d=mm&r=g","contentUrl":"https:\/\/secure.gravatar.com\/avatar\/b58f310a5de5feb33d1e026d2493f23c?s=96&d=mm&r=g","caption":"prensa2"},"url":"https:\/\/www.ull.es\/portal\/noticias\/author\/prensa2\/"}]}},"primary_category":null,"featured_image_thumbnail_url":"https:\/\/www.ull.es\/portal\/noticias\/wp-content\/uploads\/sites\/13\/2015\/07\/gerontologia-213x300.jpg","_links":{"self":[{"href":"https:\/\/www.ull.es\/portal\/noticias\/wp-json\/wp\/v2\/posts\/13449"}],"collection":[{"href":"https:\/\/www.ull.es\/portal\/noticias\/wp-json\/wp\/v2\/posts"}],"about":[{"href":"https:\/\/www.ull.es\/portal\/noticias\/wp-json\/wp\/v2\/types\/post"}],"author":[{"embeddable":true,"href":"https:\/\/www.ull.es\/portal\/noticias\/wp-json\/wp\/v2\/users\/21"}],"replies":[{"embeddable":true,"href":"https:\/\/www.ull.es\/portal\/noticias\/wp-json\/wp\/v2\/comments?post=13449"}],"version-history":[{"count":0,"href":"https:\/\/www.ull.es\/portal\/noticias\/wp-json\/wp\/v2\/posts\/13449\/revisions"}],"wp:featuredmedia":[{"embeddable":true,"href":"https:\/\/www.ull.es\/portal\/noticias\/wp-json\/wp\/v2\/media\/13450"}],"wp:attachment":[{"href":"https:\/\/www.ull.es\/portal\/noticias\/wp-json\/wp\/v2\/media?parent=13449"}],"wp:term":[{"taxonomy":"category","embeddable":true,"href":"https:\/\/www.ull.es\/portal\/noticias\/wp-json\/wp\/v2\/categories?post=13449"},{"taxonomy":"post_tag","embeddable":true,"href":"https:\/\/www.ull.es\/portal\/noticias\/wp-json\/wp\/v2\/tags?post=13449"}],"curies":[{"name":"wp","href":"https:\/\/api.w.org\/{rel}","templated":true}]}}