{"id":13451,"date":"2006-10-04T00:00:00","date_gmt":"2006-10-04T00:00:00","guid":{"rendered":"http:\/\/ddigital.webs.ull.es\/el-prximo-lunes-se-abre-la-matrcula-para-los-cursos-de-extensin-universitaria-tegueste-2006\/"},"modified":"2006-10-04T00:00:00","modified_gmt":"2006-10-04T00:00:00","slug":"el-prximo-lunes-se-abre-la-matrcula-para-los-cursos-de-extensin-universitaria-tegueste-2006","status":"publish","type":"post","link":"https:\/\/www.ull.es\/portal\/noticias\/2006\/el-prximo-lunes-se-abre-la-matrcula-para-los-cursos-de-extensin-universitaria-tegueste-2006\/","title":{"rendered":"El pr\u00f3ximo lunes se abre la matr\u00edcula para los cursos de Extensi\u00f3n Universitaria Tegueste 2006"},"content":{"rendered":"<p>Una de las citas de cursos habituales de las convocadas anualmente por el Vicerrectorado de Extensi&oacute;n Universitaria y Relaciones Institucionales de la Universidad de La Laguna es la que se celebra en Tegueste cada oto&ntilde;o. La matr&iacute;cula para los tres seminarios de 2006 comenzar&aacute; el pr&oacute;ximo lunes 9 de octubre, y permanecer&aacute; abierto hasta agotar las plazas. La presentaci&oacute;n oficial de los cursos se celebrar&aacute; el 23 de octubre a las 16 horas, en el teatro Pr&iacute;ncipe Felipe del municipio anfitri&oacute;n.<\/p>\n<p><P>Los cursos de este a&ntilde;o son \u00abArchiv&iacute;stica y archivos en el siglo XXI\u00bb, que se celebrar&aacute; entre el 23 y el 28 de octubre; \u00abMetodolog&iacute;as para la recuperaci&oacute;n y tematizaci&oacute;n de caminos tradicionales\u00bb, del 25 de octubre al 4 de noviembre; y \u00abLa educaci&oacute;n a distancia a trav&eacute;s de Internet. Aulas virtuales para teleformaci&oacute;n\u00bb, del 27 de octubre al 24 de noviembre, en d&iacute;as no consecutivos.<\/P><P>La matr&iacute;cula podr&aacute; formalizarse en las dependencias del vicerrectorado, situadas en la calle Viana, 50 de La Laguna, de 10 a 13 horas, o en el &aacute;rea de educaci&oacute;n y cultura del Ayuntamiento de Tegueste, de 10 a 14 horas. Las personas empadronadas en le municipio anfitri&oacute;n tendr&aacute; un 30% de descuento sobre el precio de matr&iacute;cula.<\/P><P>El curso \u00abArchiv&iacute;stica y archivos en el siglo XXI\u00bb est&aacute; dirigido por la profesora de Historia Medieval de la Universidad de La Laguna Ana del Carmen Vi&ntilde;a Brito, y su precio de inscripci&oacute;n es de 75 euros. Incluye contenidos generales sobre las nuevas v&iacute;as de difusi&oacute;n en la era digital y m&aacute;s concretos sobre la salvaguarda de documentaci&oacute;n. Su objetivo es dar a conocer los problemas y perspectivas que plantean los nuevos soportes documentales dentro de un sistema de gesti&oacute;n archiv&iacute;stica desde el punto de vista de la organizaci&oacute;n, acceso y conservaci&oacute;n, as&iacute; como el papel del archivero ante estos nuevos retos<\/P><P>Por su parte, el curso sobre \u00abMetodolog&iacute;as para la recuperaci&oacute;n y tematizaci&oacute;n de caminos tradicionales\u00bb, est&aacute; dirigido por Vicente Zapata Hern&aacute;ndez, profesor de Geograf&iacute;a Humana y Director del Aula de Turismo Cultural de la ULL, y Gabriel Santos Garc&iacute;a, de la Asociaci&oacute;n Juvenil Tajinaste, y su matr&iacute;cula asciende a 80. Entre sus aspiraciones se cuentan dar a conocer las bases conceptuales y las herramientas metodol&oacute;gicas asociadas a la recuperaci&oacute;n de caminos en peligro de desaparici&oacute;n.<\/P><P>El &uacute;ltimo curso es La educaci&oacute;n a distancia a trav&eacute;s de Internet. Aulas virtuales para teleformaci&oacute;n, dirigido por F&aacute;tima Castro Le&oacute;n, profesora de Did&aacute;ctica y Organizaci&oacute;n Escolar de la ULL. El seminario, cuyo coste es de 60 euros, pretende reflexionar sobre los retos de las nuevas tecnolog&iacute;as de la informaci&oacute;n y comunicaci&oacute;n en la educaci&oacute;n., ofrecer fundamentos te&oacute;ricos con relaci&oacute;n a la educaci&oacute;n a distancia y desarrollar pr&aacute;cticas con materiales did&aacute;cticos en la educaci&oacute;n a distancia.<\/P><\/p>\n","protected":false},"excerpt":{"rendered":"<p>Una de las citas de cursos habituales de las convocadas anualmente por el Vicerrectorado de Extensi&oacute;n Universitaria y Relaciones Institucionales&#8230;<\/p>\n","protected":false},"author":21,"featured_media":0,"comment_status":"open","ping_status":"open","sticky":false,"template":"","format":"standard","meta":{"inline_featured_image":false,"footnotes":""},"categories":[346,1],"tags":[],"acf":[],"yoast_head":"<!-- This site is optimized with the Yoast SEO plugin v21.3 - https:\/\/yoast.com\/wordpress\/plugins\/seo\/ -->\n<title>El pr\u00f3ximo lunes se abre la matr\u00edcula para los cursos de Extensi\u00f3n Universitaria Tegueste 2006 - ULL - Noticias<\/title>\n<meta name=\"robots\" content=\"index, follow, max-snippet:-1, max-image-preview:large, max-video-preview:-1\" \/>\n<link rel=\"canonical\" href=\"https:\/\/www.ull.es\/portal\/noticias\/2006\/el-prximo-lunes-se-abre-la-matrcula-para-los-cursos-de-extensin-universitaria-tegueste-2006\/\" \/>\n<meta property=\"og:locale\" content=\"es_ES\" \/>\n<meta property=\"og:type\" content=\"article\" \/>\n<meta property=\"og:title\" content=\"El pr\u00f3ximo lunes se abre la matr\u00edcula para los cursos de Extensi\u00f3n Universitaria Tegueste 2006 - ULL - Noticias\" \/>\n<meta property=\"og:description\" content=\"Una de las citas de cursos habituales de las convocadas anualmente por el Vicerrectorado de Extensi&oacute;n Universitaria y Relaciones Institucionales...\" \/>\n<meta property=\"og:url\" content=\"https:\/\/www.ull.es\/portal\/noticias\/2006\/el-prximo-lunes-se-abre-la-matrcula-para-los-cursos-de-extensin-universitaria-tegueste-2006\/\" \/>\n<meta property=\"og:site_name\" content=\"ULL - Noticias\" \/>\n<meta property=\"article:publisher\" content=\"https:\/\/www.facebook.com\/universidaddelalaguna\/\" \/>\n<meta property=\"article:published_time\" content=\"2006-10-04T00:00:00+00:00\" \/>\n<meta property=\"og:image\" content=\"https:\/\/www.ull.es\/portal\/noticias\/wp-content\/uploads\/sites\/13\/2023\/06\/logo-redimensionado.png\" \/>\n\t<meta property=\"og:image:width\" content=\"1200\" \/>\n\t<meta property=\"og:image:height\" content=\"630\" \/>\n\t<meta property=\"og:image:type\" content=\"image\/png\" \/>\n<meta name=\"author\" content=\"prensa2\" \/>\n<meta name=\"twitter:card\" content=\"summary_large_image\" \/>\n<meta name=\"twitter:creator\" content=\"@CanalULL\" \/>\n<meta name=\"twitter:site\" content=\"@CanalULL\" \/>\n<meta name=\"twitter:label1\" content=\"Escrito por\" \/>\n\t<meta name=\"twitter:data1\" content=\"prensa2\" \/>\n\t<meta name=\"twitter:label2\" content=\"Tiempo de lectura\" \/>\n\t<meta name=\"twitter:data2\" content=\"3 minutos\" \/>\n<script type=\"application\/ld+json\" class=\"yoast-schema-graph\">{\"@context\":\"https:\/\/schema.org\",\"@graph\":[{\"@type\":\"WebPage\",\"@id\":\"https:\/\/www.ull.es\/portal\/noticias\/2006\/el-prximo-lunes-se-abre-la-matrcula-para-los-cursos-de-extensin-universitaria-tegueste-2006\/\",\"url\":\"https:\/\/www.ull.es\/portal\/noticias\/2006\/el-prximo-lunes-se-abre-la-matrcula-para-los-cursos-de-extensin-universitaria-tegueste-2006\/\",\"name\":\"El pr\u00f3ximo lunes se abre la matr\u00edcula para los cursos de Extensi\u00f3n Universitaria Tegueste 2006 - ULL - Noticias\",\"isPartOf\":{\"@id\":\"https:\/\/www.ull.es\/portal\/noticias\/#website\"},\"datePublished\":\"2006-10-04T00:00:00+00:00\",\"dateModified\":\"2006-10-04T00:00:00+00:00\",\"author\":{\"@id\":\"https:\/\/www.ull.es\/portal\/noticias\/#\/schema\/person\/c3b2aa857797592927a03740d6664376\"},\"breadcrumb\":{\"@id\":\"https:\/\/www.ull.es\/portal\/noticias\/2006\/el-prximo-lunes-se-abre-la-matrcula-para-los-cursos-de-extensin-universitaria-tegueste-2006\/#breadcrumb\"},\"inLanguage\":\"es\",\"potentialAction\":[{\"@type\":\"ReadAction\",\"target\":[\"https:\/\/www.ull.es\/portal\/noticias\/2006\/el-prximo-lunes-se-abre-la-matrcula-para-los-cursos-de-extensin-universitaria-tegueste-2006\/\"]}]},{\"@type\":\"BreadcrumbList\",\"@id\":\"https:\/\/www.ull.es\/portal\/noticias\/2006\/el-prximo-lunes-se-abre-la-matrcula-para-los-cursos-de-extensin-universitaria-tegueste-2006\/#breadcrumb\",\"itemListElement\":[{\"@type\":\"ListItem\",\"position\":1,\"name\":\"Portada\",\"item\":\"https:\/\/www.ull.es\/portal\/noticias\/\"},{\"@type\":\"ListItem\",\"position\":2,\"name\":\"El pr\u00f3ximo lunes se abre la matr\u00edcula para los cursos de Extensi\u00f3n Universitaria Tegueste 2006\"}]},{\"@type\":\"WebSite\",\"@id\":\"https:\/\/www.ull.es\/portal\/noticias\/#website\",\"url\":\"https:\/\/www.ull.es\/portal\/noticias\/\",\"name\":\"ULL - Noticias\",\"description\":\"\",\"potentialAction\":[{\"@type\":\"SearchAction\",\"target\":{\"@type\":\"EntryPoint\",\"urlTemplate\":\"https:\/\/www.ull.es\/portal\/noticias\/?s={search_term_string}\"},\"query-input\":\"required name=search_term_string\"}],\"inLanguage\":\"es\"},{\"@type\":\"Person\",\"@id\":\"https:\/\/www.ull.es\/portal\/noticias\/#\/schema\/person\/c3b2aa857797592927a03740d6664376\",\"name\":\"prensa2\",\"image\":{\"@type\":\"ImageObject\",\"inLanguage\":\"es\",\"@id\":\"https:\/\/www.ull.es\/portal\/noticias\/#\/schema\/person\/image\/\",\"url\":\"https:\/\/secure.gravatar.com\/avatar\/b58f310a5de5feb33d1e026d2493f23c?s=96&d=mm&r=g\",\"contentUrl\":\"https:\/\/secure.gravatar.com\/avatar\/b58f310a5de5feb33d1e026d2493f23c?s=96&d=mm&r=g\",\"caption\":\"prensa2\"},\"url\":\"https:\/\/www.ull.es\/portal\/noticias\/author\/prensa2\/\"}]}<\/script>\n<!-- \/ Yoast SEO plugin. -->","yoast_head_json":{"title":"El pr\u00f3ximo lunes se abre la matr\u00edcula para los cursos de Extensi\u00f3n Universitaria Tegueste 2006 - ULL - Noticias","robots":{"index":"index","follow":"follow","max-snippet":"max-snippet:-1","max-image-preview":"max-image-preview:large","max-video-preview":"max-video-preview:-1"},"canonical":"https:\/\/www.ull.es\/portal\/noticias\/2006\/el-prximo-lunes-se-abre-la-matrcula-para-los-cursos-de-extensin-universitaria-tegueste-2006\/","og_locale":"es_ES","og_type":"article","og_title":"El pr\u00f3ximo lunes se abre la matr\u00edcula para los cursos de Extensi\u00f3n Universitaria Tegueste 2006 - ULL - Noticias","og_description":"Una de las citas de cursos habituales de las convocadas anualmente por el Vicerrectorado de Extensi&oacute;n Universitaria y Relaciones Institucionales...","og_url":"https:\/\/www.ull.es\/portal\/noticias\/2006\/el-prximo-lunes-se-abre-la-matrcula-para-los-cursos-de-extensin-universitaria-tegueste-2006\/","og_site_name":"ULL - Noticias","article_publisher":"https:\/\/www.facebook.com\/universidaddelalaguna\/","article_published_time":"2006-10-04T00:00:00+00:00","og_image":[{"width":1200,"height":630,"url":"https:\/\/www.ull.es\/portal\/noticias\/wp-content\/uploads\/sites\/13\/2023\/06\/logo-redimensionado.png","type":"image\/png"}],"author":"prensa2","twitter_card":"summary_large_image","twitter_creator":"@CanalULL","twitter_site":"@CanalULL","twitter_misc":{"Escrito por":"prensa2","Tiempo de lectura":"3 minutos"},"schema":{"@context":"https:\/\/schema.org","@graph":[{"@type":"WebPage","@id":"https:\/\/www.ull.es\/portal\/noticias\/2006\/el-prximo-lunes-se-abre-la-matrcula-para-los-cursos-de-extensin-universitaria-tegueste-2006\/","url":"https:\/\/www.ull.es\/portal\/noticias\/2006\/el-prximo-lunes-se-abre-la-matrcula-para-los-cursos-de-extensin-universitaria-tegueste-2006\/","name":"El pr\u00f3ximo lunes se abre la matr\u00edcula para los cursos de Extensi\u00f3n Universitaria Tegueste 2006 - ULL - Noticias","isPartOf":{"@id":"https:\/\/www.ull.es\/portal\/noticias\/#website"},"datePublished":"2006-10-04T00:00:00+00:00","dateModified":"2006-10-04T00:00:00+00:00","author":{"@id":"https:\/\/www.ull.es\/portal\/noticias\/#\/schema\/person\/c3b2aa857797592927a03740d6664376"},"breadcrumb":{"@id":"https:\/\/www.ull.es\/portal\/noticias\/2006\/el-prximo-lunes-se-abre-la-matrcula-para-los-cursos-de-extensin-universitaria-tegueste-2006\/#breadcrumb"},"inLanguage":"es","potentialAction":[{"@type":"ReadAction","target":["https:\/\/www.ull.es\/portal\/noticias\/2006\/el-prximo-lunes-se-abre-la-matrcula-para-los-cursos-de-extensin-universitaria-tegueste-2006\/"]}]},{"@type":"BreadcrumbList","@id":"https:\/\/www.ull.es\/portal\/noticias\/2006\/el-prximo-lunes-se-abre-la-matrcula-para-los-cursos-de-extensin-universitaria-tegueste-2006\/#breadcrumb","itemListElement":[{"@type":"ListItem","position":1,"name":"Portada","item":"https:\/\/www.ull.es\/portal\/noticias\/"},{"@type":"ListItem","position":2,"name":"El pr\u00f3ximo lunes se abre la matr\u00edcula para los cursos de Extensi\u00f3n Universitaria Tegueste 2006"}]},{"@type":"WebSite","@id":"https:\/\/www.ull.es\/portal\/noticias\/#website","url":"https:\/\/www.ull.es\/portal\/noticias\/","name":"ULL - Noticias","description":"","potentialAction":[{"@type":"SearchAction","target":{"@type":"EntryPoint","urlTemplate":"https:\/\/www.ull.es\/portal\/noticias\/?s={search_term_string}"},"query-input":"required name=search_term_string"}],"inLanguage":"es"},{"@type":"Person","@id":"https:\/\/www.ull.es\/portal\/noticias\/#\/schema\/person\/c3b2aa857797592927a03740d6664376","name":"prensa2","image":{"@type":"ImageObject","inLanguage":"es","@id":"https:\/\/www.ull.es\/portal\/noticias\/#\/schema\/person\/image\/","url":"https:\/\/secure.gravatar.com\/avatar\/b58f310a5de5feb33d1e026d2493f23c?s=96&d=mm&r=g","contentUrl":"https:\/\/secure.gravatar.com\/avatar\/b58f310a5de5feb33d1e026d2493f23c?s=96&d=mm&r=g","caption":"prensa2"},"url":"https:\/\/www.ull.es\/portal\/noticias\/author\/prensa2\/"}]}},"primary_category":null,"featured_image_thumbnail_url":null,"_links":{"self":[{"href":"https:\/\/www.ull.es\/portal\/noticias\/wp-json\/wp\/v2\/posts\/13451"}],"collection":[{"href":"https:\/\/www.ull.es\/portal\/noticias\/wp-json\/wp\/v2\/posts"}],"about":[{"href":"https:\/\/www.ull.es\/portal\/noticias\/wp-json\/wp\/v2\/types\/post"}],"author":[{"embeddable":true,"href":"https:\/\/www.ull.es\/portal\/noticias\/wp-json\/wp\/v2\/users\/21"}],"replies":[{"embeddable":true,"href":"https:\/\/www.ull.es\/portal\/noticias\/wp-json\/wp\/v2\/comments?post=13451"}],"version-history":[{"count":0,"href":"https:\/\/www.ull.es\/portal\/noticias\/wp-json\/wp\/v2\/posts\/13451\/revisions"}],"wp:attachment":[{"href":"https:\/\/www.ull.es\/portal\/noticias\/wp-json\/wp\/v2\/media?parent=13451"}],"wp:term":[{"taxonomy":"category","embeddable":true,"href":"https:\/\/www.ull.es\/portal\/noticias\/wp-json\/wp\/v2\/categories?post=13451"},{"taxonomy":"post_tag","embeddable":true,"href":"https:\/\/www.ull.es\/portal\/noticias\/wp-json\/wp\/v2\/tags?post=13451"}],"curies":[{"name":"wp","href":"https:\/\/api.w.org\/{rel}","templated":true}]}}