{"id":13452,"date":"2006-10-06T00:00:00","date_gmt":"2006-10-06T00:00:00","guid":{"rendered":"http:\/\/ddigital.webs.ull.es\/la-ull-celebra-la-cuarta-edicin-del-curso-interdisciplinar-sociedad-ciencia-tecnologa-y-matemticas\/"},"modified":"2006-10-06T00:00:00","modified_gmt":"2006-10-06T00:00:00","slug":"la-ull-celebra-la-cuarta-edicin-del-curso-interdisciplinar-sociedad-ciencia-tecnologa-y-matemticas","status":"publish","type":"post","link":"https:\/\/www.ull.es\/portal\/noticias\/2006\/la-ull-celebra-la-cuarta-edicin-del-curso-interdisciplinar-sociedad-ciencia-tecnologa-y-matemticas\/","title":{"rendered":"La ULL celebra la cuarta edici\u00f3n del curso interdisciplinar Sociedad, Ciencia, Tecnolog\u00eda y Matem\u00e1ticas"},"content":{"rendered":"<p>El pr&oacute;ximo lunes, 9 de octubre, dar&aacute; comienzo la cuarta edici&oacute;n del Curso Interuniversitario Sociedad, Ciencia, Tecnolog&iacute;a y Matem&aacute;ticas, que se integra en la programaci&oacute;n de seminarios interdisciplinares del Vicerrectorado de Extensi&oacute;n Universitaria y Relaciones Institucionales de la Universidad de La Laguna. Esta iniciativa docente tambi&eacute;n se celebrar&aacute; simult&aacute;neamente en la Universidad de Las Palmas de Gran Canaria, como ya sucediera en la pasada edici&oacute;n.<\/p>\n<p><P>El curso se estructura en tres m&oacute;dulos que se pueden cursar independientemente, con una carga lectiva de dos cr&eacute;ditos de libre elecci&oacute;n cada uno. El primero estar&aacute; dedicado a las matem&aacute;ticas en la ciencia y la cultura contempor&aacute;neas, mientras que los dos restantes ser&aacute;n talleres m&aacute;s pr&aacute;cticos destinados a exponer recursos did&aacute;cticos que ayuden a los profesores a promover desde el aula la apreciaci&oacute;n social de esta ciencia. Este curso est&aacute; dirigido por los profesores Isabel Marrero Rodr&iacute;guez (ULL) y Juan Rocha Mart&iacute;n (ULPGC).<\/P><P>El precio de un m&oacute;dulo es de 44 euros para el p&uacute;blico general, aunque para profesores y personal de administraci&oacute;n y servicios de la ULL se reducen a 38,60 euros, y a&uacute;n m&aacute;s para alumnos y desempleados (30,80). Por dos m&oacute;dulos, la matr&iacute;cula ascender&aacute; a 83,60 euros en general, 75,24 para profesores y PAS y 58,52 para alumnos y desempleados. Para tres, la matr&iacute;cula ascender&aacute; a 123,20, 110,88 o 86,24, respectivamente. La inscripci&oacute;n podr&aacute; realizarse en la sede del vicerrectorado convocante, en la calle Viana 50 de La Laguna.<\/P><P>El primer m&oacute;dulo, \u00abMatem&aacute;ticas en la ciencia y la cultura contempor&aacute;neas\u00bb se impartir&aacute; entre el 9 y el 18 de octubre, y se abrir&aacute; con la conferencia \u00abLas ecuaciones de las flores\u00bb, que impartir&aacute; Antonio P&eacute;rez Sanz, miembro de la Comisi&oacute;n de Divulgaci&oacute;n de la Real Sociedad Matem&aacute;tica Espa&ntilde;ola. Esta parte del curso abordar&aacute; entre otras materias el &aacute;lgebra que se esconde tras los buscadores de Internet, las matem&aacute;ticas aplicadas al deporte o la importancia de esta ciencia en la navegaci&oacute;n desde la antigedad.<\/P><P>El segundo m&oacute;dulo, \u00abRecursos did&aacute;cticos en Matem&aacute;ticas: Cine, magia y papiroflexia\u00bb ser&aacute; un taller pr&aacute;ctico que se impartir&aacute; entre el 23 de octubre y el 8 de noviembre, en el cual se mostrar&aacute; c&oacute;mo emplear las disciplinas del t&iacute;tulo para mejorar la docencia de las ciencias exactas. El tercer m&oacute;dulo, que se desarrollar&aacute; del 20 al 28 de noviembre, ser&aacute; de nuevo un taller sobre did&aacute;ctica, en este caso centrado enel programa inform&aacute;tico Descartes y las im&aacute;genes fractales por ordenador.<\/P><\/p>\n","protected":false},"excerpt":{"rendered":"<p>El pr&oacute;ximo lunes, 9 de octubre, dar&aacute; comienzo la cuarta edici&oacute;n del Curso Interuniversitario Sociedad, Ciencia, Tecnolog&iacute;a y Matem&aacute;ticas, que&#8230;<\/p>\n","protected":false},"author":21,"featured_media":0,"comment_status":"open","ping_status":"open","sticky":false,"template":"","format":"standard","meta":{"inline_featured_image":false,"footnotes":""},"categories":[346,1],"tags":[],"acf":[],"yoast_head":"<!-- This site is optimized with the Yoast SEO plugin v21.3 - https:\/\/yoast.com\/wordpress\/plugins\/seo\/ -->\n<title>La ULL celebra la cuarta edici\u00f3n del curso interdisciplinar Sociedad, Ciencia, Tecnolog\u00eda y Matem\u00e1ticas - ULL - Noticias<\/title>\n<meta name=\"robots\" content=\"index, follow, max-snippet:-1, max-image-preview:large, max-video-preview:-1\" \/>\n<link rel=\"canonical\" href=\"https:\/\/www.ull.es\/portal\/noticias\/2006\/la-ull-celebra-la-cuarta-edicin-del-curso-interdisciplinar-sociedad-ciencia-tecnologa-y-matemticas\/\" \/>\n<meta property=\"og:locale\" content=\"es_ES\" \/>\n<meta property=\"og:type\" content=\"article\" \/>\n<meta property=\"og:title\" content=\"La ULL celebra la cuarta edici\u00f3n del curso interdisciplinar Sociedad, Ciencia, Tecnolog\u00eda y Matem\u00e1ticas - ULL - Noticias\" \/>\n<meta property=\"og:description\" content=\"El pr&oacute;ximo lunes, 9 de octubre, dar&aacute; comienzo la cuarta edici&oacute;n del Curso Interuniversitario Sociedad, Ciencia, Tecnolog&iacute;a y Matem&aacute;ticas, que...\" \/>\n<meta property=\"og:url\" content=\"https:\/\/www.ull.es\/portal\/noticias\/2006\/la-ull-celebra-la-cuarta-edicin-del-curso-interdisciplinar-sociedad-ciencia-tecnologa-y-matemticas\/\" \/>\n<meta property=\"og:site_name\" content=\"ULL - Noticias\" \/>\n<meta property=\"article:publisher\" content=\"https:\/\/www.facebook.com\/universidaddelalaguna\/\" \/>\n<meta property=\"article:published_time\" content=\"2006-10-06T00:00:00+00:00\" \/>\n<meta property=\"og:image\" content=\"https:\/\/www.ull.es\/portal\/noticias\/wp-content\/uploads\/sites\/13\/2023\/06\/logo-redimensionado.png\" \/>\n\t<meta property=\"og:image:width\" content=\"1200\" \/>\n\t<meta property=\"og:image:height\" content=\"630\" \/>\n\t<meta property=\"og:image:type\" content=\"image\/png\" \/>\n<meta name=\"author\" content=\"prensa2\" \/>\n<meta name=\"twitter:card\" content=\"summary_large_image\" \/>\n<meta name=\"twitter:creator\" content=\"@CanalULL\" \/>\n<meta name=\"twitter:site\" content=\"@CanalULL\" \/>\n<meta name=\"twitter:label1\" content=\"Escrito por\" \/>\n\t<meta name=\"twitter:data1\" content=\"prensa2\" \/>\n\t<meta name=\"twitter:label2\" content=\"Tiempo de lectura\" \/>\n\t<meta name=\"twitter:data2\" content=\"3 minutos\" \/>\n<script type=\"application\/ld+json\" class=\"yoast-schema-graph\">{\"@context\":\"https:\/\/schema.org\",\"@graph\":[{\"@type\":\"WebPage\",\"@id\":\"https:\/\/www.ull.es\/portal\/noticias\/2006\/la-ull-celebra-la-cuarta-edicin-del-curso-interdisciplinar-sociedad-ciencia-tecnologa-y-matemticas\/\",\"url\":\"https:\/\/www.ull.es\/portal\/noticias\/2006\/la-ull-celebra-la-cuarta-edicin-del-curso-interdisciplinar-sociedad-ciencia-tecnologa-y-matemticas\/\",\"name\":\"La ULL celebra la cuarta edici\u00f3n del curso interdisciplinar Sociedad, Ciencia, Tecnolog\u00eda y Matem\u00e1ticas - ULL - Noticias\",\"isPartOf\":{\"@id\":\"https:\/\/www.ull.es\/portal\/noticias\/#website\"},\"datePublished\":\"2006-10-06T00:00:00+00:00\",\"dateModified\":\"2006-10-06T00:00:00+00:00\",\"author\":{\"@id\":\"https:\/\/www.ull.es\/portal\/noticias\/#\/schema\/person\/c3b2aa857797592927a03740d6664376\"},\"breadcrumb\":{\"@id\":\"https:\/\/www.ull.es\/portal\/noticias\/2006\/la-ull-celebra-la-cuarta-edicin-del-curso-interdisciplinar-sociedad-ciencia-tecnologa-y-matemticas\/#breadcrumb\"},\"inLanguage\":\"es\",\"potentialAction\":[{\"@type\":\"ReadAction\",\"target\":[\"https:\/\/www.ull.es\/portal\/noticias\/2006\/la-ull-celebra-la-cuarta-edicin-del-curso-interdisciplinar-sociedad-ciencia-tecnologa-y-matemticas\/\"]}]},{\"@type\":\"BreadcrumbList\",\"@id\":\"https:\/\/www.ull.es\/portal\/noticias\/2006\/la-ull-celebra-la-cuarta-edicin-del-curso-interdisciplinar-sociedad-ciencia-tecnologa-y-matemticas\/#breadcrumb\",\"itemListElement\":[{\"@type\":\"ListItem\",\"position\":1,\"name\":\"Portada\",\"item\":\"https:\/\/www.ull.es\/portal\/noticias\/\"},{\"@type\":\"ListItem\",\"position\":2,\"name\":\"La ULL celebra la cuarta edici\u00f3n del curso interdisciplinar Sociedad, Ciencia, Tecnolog\u00eda y Matem\u00e1ticas\"}]},{\"@type\":\"WebSite\",\"@id\":\"https:\/\/www.ull.es\/portal\/noticias\/#website\",\"url\":\"https:\/\/www.ull.es\/portal\/noticias\/\",\"name\":\"ULL - Noticias\",\"description\":\"\",\"potentialAction\":[{\"@type\":\"SearchAction\",\"target\":{\"@type\":\"EntryPoint\",\"urlTemplate\":\"https:\/\/www.ull.es\/portal\/noticias\/?s={search_term_string}\"},\"query-input\":\"required name=search_term_string\"}],\"inLanguage\":\"es\"},{\"@type\":\"Person\",\"@id\":\"https:\/\/www.ull.es\/portal\/noticias\/#\/schema\/person\/c3b2aa857797592927a03740d6664376\",\"name\":\"prensa2\",\"image\":{\"@type\":\"ImageObject\",\"inLanguage\":\"es\",\"@id\":\"https:\/\/www.ull.es\/portal\/noticias\/#\/schema\/person\/image\/\",\"url\":\"https:\/\/secure.gravatar.com\/avatar\/b58f310a5de5feb33d1e026d2493f23c?s=96&d=mm&r=g\",\"contentUrl\":\"https:\/\/secure.gravatar.com\/avatar\/b58f310a5de5feb33d1e026d2493f23c?s=96&d=mm&r=g\",\"caption\":\"prensa2\"},\"url\":\"https:\/\/www.ull.es\/portal\/noticias\/author\/prensa2\/\"}]}<\/script>\n<!-- \/ Yoast SEO plugin. -->","yoast_head_json":{"title":"La ULL celebra la cuarta edici\u00f3n del curso interdisciplinar Sociedad, Ciencia, Tecnolog\u00eda y Matem\u00e1ticas - ULL - Noticias","robots":{"index":"index","follow":"follow","max-snippet":"max-snippet:-1","max-image-preview":"max-image-preview:large","max-video-preview":"max-video-preview:-1"},"canonical":"https:\/\/www.ull.es\/portal\/noticias\/2006\/la-ull-celebra-la-cuarta-edicin-del-curso-interdisciplinar-sociedad-ciencia-tecnologa-y-matemticas\/","og_locale":"es_ES","og_type":"article","og_title":"La ULL celebra la cuarta edici\u00f3n del curso interdisciplinar Sociedad, Ciencia, Tecnolog\u00eda y Matem\u00e1ticas - ULL - Noticias","og_description":"El pr&oacute;ximo lunes, 9 de octubre, dar&aacute; comienzo la cuarta edici&oacute;n del Curso Interuniversitario Sociedad, Ciencia, Tecnolog&iacute;a y Matem&aacute;ticas, que...","og_url":"https:\/\/www.ull.es\/portal\/noticias\/2006\/la-ull-celebra-la-cuarta-edicin-del-curso-interdisciplinar-sociedad-ciencia-tecnologa-y-matemticas\/","og_site_name":"ULL - Noticias","article_publisher":"https:\/\/www.facebook.com\/universidaddelalaguna\/","article_published_time":"2006-10-06T00:00:00+00:00","og_image":[{"width":1200,"height":630,"url":"https:\/\/www.ull.es\/portal\/noticias\/wp-content\/uploads\/sites\/13\/2023\/06\/logo-redimensionado.png","type":"image\/png"}],"author":"prensa2","twitter_card":"summary_large_image","twitter_creator":"@CanalULL","twitter_site":"@CanalULL","twitter_misc":{"Escrito por":"prensa2","Tiempo de lectura":"3 minutos"},"schema":{"@context":"https:\/\/schema.org","@graph":[{"@type":"WebPage","@id":"https:\/\/www.ull.es\/portal\/noticias\/2006\/la-ull-celebra-la-cuarta-edicin-del-curso-interdisciplinar-sociedad-ciencia-tecnologa-y-matemticas\/","url":"https:\/\/www.ull.es\/portal\/noticias\/2006\/la-ull-celebra-la-cuarta-edicin-del-curso-interdisciplinar-sociedad-ciencia-tecnologa-y-matemticas\/","name":"La ULL celebra la cuarta edici\u00f3n del curso interdisciplinar Sociedad, Ciencia, Tecnolog\u00eda y Matem\u00e1ticas - ULL - Noticias","isPartOf":{"@id":"https:\/\/www.ull.es\/portal\/noticias\/#website"},"datePublished":"2006-10-06T00:00:00+00:00","dateModified":"2006-10-06T00:00:00+00:00","author":{"@id":"https:\/\/www.ull.es\/portal\/noticias\/#\/schema\/person\/c3b2aa857797592927a03740d6664376"},"breadcrumb":{"@id":"https:\/\/www.ull.es\/portal\/noticias\/2006\/la-ull-celebra-la-cuarta-edicin-del-curso-interdisciplinar-sociedad-ciencia-tecnologa-y-matemticas\/#breadcrumb"},"inLanguage":"es","potentialAction":[{"@type":"ReadAction","target":["https:\/\/www.ull.es\/portal\/noticias\/2006\/la-ull-celebra-la-cuarta-edicin-del-curso-interdisciplinar-sociedad-ciencia-tecnologa-y-matemticas\/"]}]},{"@type":"BreadcrumbList","@id":"https:\/\/www.ull.es\/portal\/noticias\/2006\/la-ull-celebra-la-cuarta-edicin-del-curso-interdisciplinar-sociedad-ciencia-tecnologa-y-matemticas\/#breadcrumb","itemListElement":[{"@type":"ListItem","position":1,"name":"Portada","item":"https:\/\/www.ull.es\/portal\/noticias\/"},{"@type":"ListItem","position":2,"name":"La ULL celebra la cuarta edici\u00f3n del curso interdisciplinar Sociedad, Ciencia, Tecnolog\u00eda y Matem\u00e1ticas"}]},{"@type":"WebSite","@id":"https:\/\/www.ull.es\/portal\/noticias\/#website","url":"https:\/\/www.ull.es\/portal\/noticias\/","name":"ULL - Noticias","description":"","potentialAction":[{"@type":"SearchAction","target":{"@type":"EntryPoint","urlTemplate":"https:\/\/www.ull.es\/portal\/noticias\/?s={search_term_string}"},"query-input":"required name=search_term_string"}],"inLanguage":"es"},{"@type":"Person","@id":"https:\/\/www.ull.es\/portal\/noticias\/#\/schema\/person\/c3b2aa857797592927a03740d6664376","name":"prensa2","image":{"@type":"ImageObject","inLanguage":"es","@id":"https:\/\/www.ull.es\/portal\/noticias\/#\/schema\/person\/image\/","url":"https:\/\/secure.gravatar.com\/avatar\/b58f310a5de5feb33d1e026d2493f23c?s=96&d=mm&r=g","contentUrl":"https:\/\/secure.gravatar.com\/avatar\/b58f310a5de5feb33d1e026d2493f23c?s=96&d=mm&r=g","caption":"prensa2"},"url":"https:\/\/www.ull.es\/portal\/noticias\/author\/prensa2\/"}]}},"primary_category":null,"featured_image_thumbnail_url":null,"_links":{"self":[{"href":"https:\/\/www.ull.es\/portal\/noticias\/wp-json\/wp\/v2\/posts\/13452"}],"collection":[{"href":"https:\/\/www.ull.es\/portal\/noticias\/wp-json\/wp\/v2\/posts"}],"about":[{"href":"https:\/\/www.ull.es\/portal\/noticias\/wp-json\/wp\/v2\/types\/post"}],"author":[{"embeddable":true,"href":"https:\/\/www.ull.es\/portal\/noticias\/wp-json\/wp\/v2\/users\/21"}],"replies":[{"embeddable":true,"href":"https:\/\/www.ull.es\/portal\/noticias\/wp-json\/wp\/v2\/comments?post=13452"}],"version-history":[{"count":0,"href":"https:\/\/www.ull.es\/portal\/noticias\/wp-json\/wp\/v2\/posts\/13452\/revisions"}],"wp:attachment":[{"href":"https:\/\/www.ull.es\/portal\/noticias\/wp-json\/wp\/v2\/media?parent=13452"}],"wp:term":[{"taxonomy":"category","embeddable":true,"href":"https:\/\/www.ull.es\/portal\/noticias\/wp-json\/wp\/v2\/categories?post=13452"},{"taxonomy":"post_tag","embeddable":true,"href":"https:\/\/www.ull.es\/portal\/noticias\/wp-json\/wp\/v2\/tags?post=13452"}],"curies":[{"name":"wp","href":"https:\/\/api.w.org\/{rel}","templated":true}]}}