{"id":13458,"date":"2006-10-26T00:00:00","date_gmt":"2006-10-26T00:00:00","guid":{"rendered":"http:\/\/ddigital.webs.ull.es\/la-universidad-organiza-por-segunda-vez-el-congreso-nacional-de-la-sociedad-espaola-de-farmacologa-clnica\/"},"modified":"2006-10-26T00:00:00","modified_gmt":"2006-10-26T00:00:00","slug":"la-universidad-organiza-por-segunda-vez-el-congreso-nacional-de-la-sociedad-espaola-de-farmacologa-clnica","status":"publish","type":"post","link":"https:\/\/www.ull.es\/portal\/noticias\/2006\/la-universidad-organiza-por-segunda-vez-el-congreso-nacional-de-la-sociedad-espaola-de-farmacologa-clnica\/","title":{"rendered":"La universidad organiza por segunda vez el congreso nacional de la Sociedad Espa\u00f1ola de Farmacolog\u00eda Cl\u00ednica"},"content":{"rendered":"<p>La unidad docente de Farmacolog&iacute;a Experimental y Cl&iacute;nica de la Universidad de La Laguna y el Servicio de Farmacolog&iacute;a Cl&iacute;nica del Hospital Universitario de Canarias han sido los encargados de organizar el XX Congreso Nacional de la Sociedad Espa&ntilde;ola de Farmacolog&iacute;a Cl&iacute;nica, que se celebrar&aacute; entre el 29 de octubre y el 2 de noviembre en el Hotel Turquesa del Puerto de la Cruz. Esta es la segunda vez que la ULL es la encargada de preparar esta cita, pues ya hizo lo propio en 1990.<\/p>\n<p><P><BR>En el programa del evento el presidente del comit&eacute; organizador, el profesor del departamento de Medicina F&iacute;sica y Farmacolog&iacute;a de la ULL Jos&eacute; Nicol&aacute;s Boada, celebra que ya se han logrado cuatro objetivos que se persegu&iacute;an con el congreso: publicar los res&uacute;menes y las ponencias en una revista internacional con factor de impacto, en este caso la danesa \u00abBasic and Clinical Pharmacology\u00bb; resaltar el hecho de que se trata de la vig&eacute;sima edici&oacute;n; dinamizar las sesiones de comunicaciones libres e incidir m&aacute;s en el campo de la farmacovigilancia, para lo cual se ha conseguido que el comit&eacute; t&eacute;cnico del Sistema Espa&ntilde;ol de Farmacovigilancia celebre durante el evento una de sus reuniones.<\/P><P>Durante el congreso, se alternar&aacute;n las sesiones plenarias con simposios que abordar&aacute;n asuntos como el control de la demanda de medicamentos por parte de la poblaci&oacute;n, entre otros. En cuanto a las comunicaciones libres y posters, se han presentado m&aacute;s d e90, que ser&aacute;n discutidas en seis sesiones repartidas a lo largo del congreso. Adicionalmente, fuera del programa pero tambi&eacute;n relacionado con esta cita, el viernes 3 de noviembre se celebrar&aacute; en la misma sede la reuni&oacute;n anual de Comit&eacute;s &eacute;ticos de Investigaci&oacute;n Cl&iacute;nica.<BR><BR>Toda la informaci&oacute;n sobre esta convocatoria est&aacute; disponible en la p&aacute;gina de Internet <a href=\"http:\/\/www.se-fc.org\/resumenes_XX.php\" target=\"_blank\" rel=\"noopener\">http:\/\/www.se-fc.org\/resumenes_XX.php<\/A><\/P><\/p>\n","protected":false},"excerpt":{"rendered":"<p>La unidad docente de Farmacolog&iacute;a Experimental y Cl&iacute;nica de la Universidad de La Laguna y el Servicio de Farmacolog&iacute;a Cl&iacute;nica&#8230;<\/p>\n","protected":false},"author":21,"featured_media":13459,"comment_status":"open","ping_status":"open","sticky":false,"template":"","format":"standard","meta":{"inline_featured_image":false,"footnotes":""},"categories":[346,1],"tags":[],"acf":[],"yoast_head":"<!-- This site is optimized with the Yoast SEO plugin v21.3 - https:\/\/yoast.com\/wordpress\/plugins\/seo\/ -->\n<title>La universidad organiza por segunda vez el congreso nacional de la Sociedad Espa\u00f1ola de Farmacolog\u00eda Cl\u00ednica - ULL - Noticias<\/title>\n<meta name=\"robots\" content=\"index, follow, max-snippet:-1, max-image-preview:large, max-video-preview:-1\" \/>\n<link rel=\"canonical\" href=\"https:\/\/www.ull.es\/portal\/noticias\/2006\/la-universidad-organiza-por-segunda-vez-el-congreso-nacional-de-la-sociedad-espaola-de-farmacologa-clnica\/\" \/>\n<meta property=\"og:locale\" content=\"es_ES\" \/>\n<meta property=\"og:type\" content=\"article\" \/>\n<meta property=\"og:title\" content=\"La universidad organiza por segunda vez el congreso nacional de la Sociedad Espa\u00f1ola de Farmacolog\u00eda Cl\u00ednica - ULL - Noticias\" \/>\n<meta property=\"og:description\" content=\"La unidad docente de Farmacolog&iacute;a Experimental y Cl&iacute;nica de la Universidad de La Laguna y el Servicio de Farmacolog&iacute;a Cl&iacute;nica...\" \/>\n<meta property=\"og:url\" content=\"https:\/\/www.ull.es\/portal\/noticias\/2006\/la-universidad-organiza-por-segunda-vez-el-congreso-nacional-de-la-sociedad-espaola-de-farmacologa-clnica\/\" \/>\n<meta property=\"og:site_name\" content=\"ULL - Noticias\" \/>\n<meta property=\"article:publisher\" content=\"https:\/\/www.facebook.com\/universidaddelalaguna\/\" \/>\n<meta property=\"article:published_time\" content=\"2006-10-26T00:00:00+00:00\" \/>\n<meta property=\"og:image\" content=\"https:\/\/www.ull.es\/portal\/noticias\/wp-content\/uploads\/sites\/13\/2015\/07\/congreso_farmacologia.jpg\" \/>\n\t<meta property=\"og:image:width\" content=\"600\" \/>\n\t<meta property=\"og:image:height\" content=\"800\" \/>\n\t<meta property=\"og:image:type\" content=\"image\/jpeg\" \/>\n<meta name=\"author\" content=\"prensa2\" \/>\n<meta name=\"twitter:card\" content=\"summary_large_image\" \/>\n<meta name=\"twitter:creator\" content=\"@CanalULL\" \/>\n<meta name=\"twitter:site\" content=\"@CanalULL\" \/>\n<meta name=\"twitter:label1\" content=\"Escrito por\" \/>\n\t<meta name=\"twitter:data1\" content=\"prensa2\" \/>\n\t<meta name=\"twitter:label2\" content=\"Tiempo de lectura\" \/>\n\t<meta name=\"twitter:data2\" content=\"2 minutos\" \/>\n<script type=\"application\/ld+json\" class=\"yoast-schema-graph\">{\"@context\":\"https:\/\/schema.org\",\"@graph\":[{\"@type\":\"WebPage\",\"@id\":\"https:\/\/www.ull.es\/portal\/noticias\/2006\/la-universidad-organiza-por-segunda-vez-el-congreso-nacional-de-la-sociedad-espaola-de-farmacologa-clnica\/\",\"url\":\"https:\/\/www.ull.es\/portal\/noticias\/2006\/la-universidad-organiza-por-segunda-vez-el-congreso-nacional-de-la-sociedad-espaola-de-farmacologa-clnica\/\",\"name\":\"La universidad organiza por segunda vez el congreso nacional de la Sociedad Espa\u00f1ola de Farmacolog\u00eda Cl\u00ednica - ULL - Noticias\",\"isPartOf\":{\"@id\":\"https:\/\/www.ull.es\/portal\/noticias\/#website\"},\"datePublished\":\"2006-10-26T00:00:00+00:00\",\"dateModified\":\"2006-10-26T00:00:00+00:00\",\"author\":{\"@id\":\"https:\/\/www.ull.es\/portal\/noticias\/#\/schema\/person\/c3b2aa857797592927a03740d6664376\"},\"breadcrumb\":{\"@id\":\"https:\/\/www.ull.es\/portal\/noticias\/2006\/la-universidad-organiza-por-segunda-vez-el-congreso-nacional-de-la-sociedad-espaola-de-farmacologa-clnica\/#breadcrumb\"},\"inLanguage\":\"es\",\"potentialAction\":[{\"@type\":\"ReadAction\",\"target\":[\"https:\/\/www.ull.es\/portal\/noticias\/2006\/la-universidad-organiza-por-segunda-vez-el-congreso-nacional-de-la-sociedad-espaola-de-farmacologa-clnica\/\"]}]},{\"@type\":\"BreadcrumbList\",\"@id\":\"https:\/\/www.ull.es\/portal\/noticias\/2006\/la-universidad-organiza-por-segunda-vez-el-congreso-nacional-de-la-sociedad-espaola-de-farmacologa-clnica\/#breadcrumb\",\"itemListElement\":[{\"@type\":\"ListItem\",\"position\":1,\"name\":\"Portada\",\"item\":\"https:\/\/www.ull.es\/portal\/noticias\/\"},{\"@type\":\"ListItem\",\"position\":2,\"name\":\"La universidad organiza por segunda vez el congreso nacional de la Sociedad Espa\u00f1ola de Farmacolog\u00eda Cl\u00ednica\"}]},{\"@type\":\"WebSite\",\"@id\":\"https:\/\/www.ull.es\/portal\/noticias\/#website\",\"url\":\"https:\/\/www.ull.es\/portal\/noticias\/\",\"name\":\"ULL - Noticias\",\"description\":\"\",\"potentialAction\":[{\"@type\":\"SearchAction\",\"target\":{\"@type\":\"EntryPoint\",\"urlTemplate\":\"https:\/\/www.ull.es\/portal\/noticias\/?s={search_term_string}\"},\"query-input\":\"required name=search_term_string\"}],\"inLanguage\":\"es\"},{\"@type\":\"Person\",\"@id\":\"https:\/\/www.ull.es\/portal\/noticias\/#\/schema\/person\/c3b2aa857797592927a03740d6664376\",\"name\":\"prensa2\",\"image\":{\"@type\":\"ImageObject\",\"inLanguage\":\"es\",\"@id\":\"https:\/\/www.ull.es\/portal\/noticias\/#\/schema\/person\/image\/\",\"url\":\"https:\/\/secure.gravatar.com\/avatar\/b58f310a5de5feb33d1e026d2493f23c?s=96&d=mm&r=g\",\"contentUrl\":\"https:\/\/secure.gravatar.com\/avatar\/b58f310a5de5feb33d1e026d2493f23c?s=96&d=mm&r=g\",\"caption\":\"prensa2\"},\"url\":\"https:\/\/www.ull.es\/portal\/noticias\/author\/prensa2\/\"}]}<\/script>\n<!-- \/ Yoast SEO plugin. -->","yoast_head_json":{"title":"La universidad organiza por segunda vez el congreso nacional de la Sociedad Espa\u00f1ola de Farmacolog\u00eda Cl\u00ednica - ULL - Noticias","robots":{"index":"index","follow":"follow","max-snippet":"max-snippet:-1","max-image-preview":"max-image-preview:large","max-video-preview":"max-video-preview:-1"},"canonical":"https:\/\/www.ull.es\/portal\/noticias\/2006\/la-universidad-organiza-por-segunda-vez-el-congreso-nacional-de-la-sociedad-espaola-de-farmacologa-clnica\/","og_locale":"es_ES","og_type":"article","og_title":"La universidad organiza por segunda vez el congreso nacional de la Sociedad Espa\u00f1ola de Farmacolog\u00eda Cl\u00ednica - ULL - Noticias","og_description":"La unidad docente de Farmacolog&iacute;a Experimental y Cl&iacute;nica de la Universidad de La Laguna y el Servicio de Farmacolog&iacute;a Cl&iacute;nica...","og_url":"https:\/\/www.ull.es\/portal\/noticias\/2006\/la-universidad-organiza-por-segunda-vez-el-congreso-nacional-de-la-sociedad-espaola-de-farmacologa-clnica\/","og_site_name":"ULL - Noticias","article_publisher":"https:\/\/www.facebook.com\/universidaddelalaguna\/","article_published_time":"2006-10-26T00:00:00+00:00","og_image":[{"width":600,"height":800,"url":"https:\/\/www.ull.es\/portal\/noticias\/wp-content\/uploads\/sites\/13\/2015\/07\/congreso_farmacologia.jpg","type":"image\/jpeg"}],"author":"prensa2","twitter_card":"summary_large_image","twitter_creator":"@CanalULL","twitter_site":"@CanalULL","twitter_misc":{"Escrito por":"prensa2","Tiempo de lectura":"2 minutos"},"schema":{"@context":"https:\/\/schema.org","@graph":[{"@type":"WebPage","@id":"https:\/\/www.ull.es\/portal\/noticias\/2006\/la-universidad-organiza-por-segunda-vez-el-congreso-nacional-de-la-sociedad-espaola-de-farmacologa-clnica\/","url":"https:\/\/www.ull.es\/portal\/noticias\/2006\/la-universidad-organiza-por-segunda-vez-el-congreso-nacional-de-la-sociedad-espaola-de-farmacologa-clnica\/","name":"La universidad organiza por segunda vez el congreso nacional de la Sociedad Espa\u00f1ola de Farmacolog\u00eda Cl\u00ednica - ULL - Noticias","isPartOf":{"@id":"https:\/\/www.ull.es\/portal\/noticias\/#website"},"datePublished":"2006-10-26T00:00:00+00:00","dateModified":"2006-10-26T00:00:00+00:00","author":{"@id":"https:\/\/www.ull.es\/portal\/noticias\/#\/schema\/person\/c3b2aa857797592927a03740d6664376"},"breadcrumb":{"@id":"https:\/\/www.ull.es\/portal\/noticias\/2006\/la-universidad-organiza-por-segunda-vez-el-congreso-nacional-de-la-sociedad-espaola-de-farmacologa-clnica\/#breadcrumb"},"inLanguage":"es","potentialAction":[{"@type":"ReadAction","target":["https:\/\/www.ull.es\/portal\/noticias\/2006\/la-universidad-organiza-por-segunda-vez-el-congreso-nacional-de-la-sociedad-espaola-de-farmacologa-clnica\/"]}]},{"@type":"BreadcrumbList","@id":"https:\/\/www.ull.es\/portal\/noticias\/2006\/la-universidad-organiza-por-segunda-vez-el-congreso-nacional-de-la-sociedad-espaola-de-farmacologa-clnica\/#breadcrumb","itemListElement":[{"@type":"ListItem","position":1,"name":"Portada","item":"https:\/\/www.ull.es\/portal\/noticias\/"},{"@type":"ListItem","position":2,"name":"La universidad organiza por segunda vez el congreso nacional de la Sociedad Espa\u00f1ola de Farmacolog\u00eda Cl\u00ednica"}]},{"@type":"WebSite","@id":"https:\/\/www.ull.es\/portal\/noticias\/#website","url":"https:\/\/www.ull.es\/portal\/noticias\/","name":"ULL - Noticias","description":"","potentialAction":[{"@type":"SearchAction","target":{"@type":"EntryPoint","urlTemplate":"https:\/\/www.ull.es\/portal\/noticias\/?s={search_term_string}"},"query-input":"required name=search_term_string"}],"inLanguage":"es"},{"@type":"Person","@id":"https:\/\/www.ull.es\/portal\/noticias\/#\/schema\/person\/c3b2aa857797592927a03740d6664376","name":"prensa2","image":{"@type":"ImageObject","inLanguage":"es","@id":"https:\/\/www.ull.es\/portal\/noticias\/#\/schema\/person\/image\/","url":"https:\/\/secure.gravatar.com\/avatar\/b58f310a5de5feb33d1e026d2493f23c?s=96&d=mm&r=g","contentUrl":"https:\/\/secure.gravatar.com\/avatar\/b58f310a5de5feb33d1e026d2493f23c?s=96&d=mm&r=g","caption":"prensa2"},"url":"https:\/\/www.ull.es\/portal\/noticias\/author\/prensa2\/"}]}},"primary_category":null,"featured_image_thumbnail_url":"https:\/\/www.ull.es\/portal\/noticias\/wp-content\/uploads\/sites\/13\/2015\/07\/congreso_farmacologia-225x300.jpg","_links":{"self":[{"href":"https:\/\/www.ull.es\/portal\/noticias\/wp-json\/wp\/v2\/posts\/13458"}],"collection":[{"href":"https:\/\/www.ull.es\/portal\/noticias\/wp-json\/wp\/v2\/posts"}],"about":[{"href":"https:\/\/www.ull.es\/portal\/noticias\/wp-json\/wp\/v2\/types\/post"}],"author":[{"embeddable":true,"href":"https:\/\/www.ull.es\/portal\/noticias\/wp-json\/wp\/v2\/users\/21"}],"replies":[{"embeddable":true,"href":"https:\/\/www.ull.es\/portal\/noticias\/wp-json\/wp\/v2\/comments?post=13458"}],"version-history":[{"count":0,"href":"https:\/\/www.ull.es\/portal\/noticias\/wp-json\/wp\/v2\/posts\/13458\/revisions"}],"wp:featuredmedia":[{"embeddable":true,"href":"https:\/\/www.ull.es\/portal\/noticias\/wp-json\/wp\/v2\/media\/13459"}],"wp:attachment":[{"href":"https:\/\/www.ull.es\/portal\/noticias\/wp-json\/wp\/v2\/media?parent=13458"}],"wp:term":[{"taxonomy":"category","embeddable":true,"href":"https:\/\/www.ull.es\/portal\/noticias\/wp-json\/wp\/v2\/categories?post=13458"},{"taxonomy":"post_tag","embeddable":true,"href":"https:\/\/www.ull.es\/portal\/noticias\/wp-json\/wp\/v2\/tags?post=13458"}],"curies":[{"name":"wp","href":"https:\/\/api.w.org\/{rel}","templated":true}]}}