{"id":13463,"date":"2006-11-08T00:00:00","date_gmt":"2006-11-08T00:00:00","guid":{"rendered":"http:\/\/ddigital.webs.ull.es\/el-sindicato-de-prensa-upcc-y-ciencias-de-la-informacin-organizan-un-curso-de-comunicacin-cientfica\/"},"modified":"2006-11-08T00:00:00","modified_gmt":"2006-11-08T00:00:00","slug":"el-sindicato-de-prensa-upcc-y-ciencias-de-la-informacin-organizan-un-curso-de-comunicacin-cientfica","status":"publish","type":"post","link":"https:\/\/www.ull.es\/portal\/noticias\/2006\/el-sindicato-de-prensa-upcc-y-ciencias-de-la-informacin-organizan-un-curso-de-comunicacin-cientfica\/","title":{"rendered":"El sindicato de prensa UPCC y Ciencias de la Informaci\u00f3n organizan un curso de comunicaci\u00f3n cient\u00edfica"},"content":{"rendered":"<p>La Uni&oacute;n de Profesionales de la Comunicaci&oacute;n de Canarias (UPCC) y la Facultad de Ciencias de la Informaci&oacute;n de la Universidad de La Laguna han organizado un curso de comunicaci&oacute;n cient&iacute;fica que se desarrollar&aacute; desde el lunes 13 hasta el viernes 17 de noviembre en la sede de la Mutua de Accidentes de Canarias, en Santa Cruz de Tenerife.<\/p>\n<p><P>Esta actividad, en cuya organizaci&oacute;n tambi&eacute;n colabora la Fundaci&oacute;n Empresa Universidad de La Laguna, est&aacute; enteramente financiada por la Oficina de Ciencia, Tecnolog&iacute;a e Innovaci&oacute;n del Gobierno de Canarias. Convalidable por tres cr&eacute;ditos de libre elecci&oacute;n, se celebrar&aacute; en horario de tarde durante toda la semana, a partir de las 16.30 horas.<\/P><P>El curso, que lleva por t&iacute;tulo &#8216;Comunicaci&oacute;n cient&iacute;fica: Del laboratorio a los medios informativos&#8217;, pretende valorar el estado actual de la ciencia y su repercusi&oacute;n en los medios de comunicaci&oacute;n, al tiempo que formar en las destrezas profesionales precisas para la comunicaci&oacute;n cient&iacute;fica y orientar el inter&eacute;s informativo hacia los campos cient&iacute;ficos en auge.<\/P><P>Por este motivo, los ponentes que participan en esta iniciativa cubren los perfiles necesarios que deben encontrarse en el &aacute;mbito de la comunicaci&oacute;n cient&iacute;fica: por un lado, habr&aacute; presencia de profesionales de medios nacionales y locales que trabajan diariamente en la difusi&oacute;n de noticias cient&iacute;ficas; por otro, el curso tambi&eacute;n dar&aacute; cabida a te&oacute;ricos de la comunicaci&oacute;n especializada y, por &uacute;ltimo, y no menos importante, existir&aacute; un contacto directo con los actores de los campos cient&iacute;ficos en auge en Canarias, los investigadores.<\/P><P>Dividido en cuatro bloques, el curso aborda en el primero lo referido a la &#8216;Ciencia y la divulgaci&oacute;n cient&iacute;fica&#8217;, con una referencia hist&oacute;rica al nacimiento de la ciencia moderna y las academias cient&iacute;ficas. El segundo bloque, denominado &#8216;Ciencia, mensaje y sociedad&#8217;, se centra en la percepci&oacute;n p&uacute;blica de la ciencia, las fuentes de informaci&oacute;n y la &eacute;tica de la comunicaci&oacute;n cient&iacute;fica.<\/P><P>El tercer bloque del curso lleva por nombre &#8216;La ciencia en portada&#8217;, y estar&aacute; dedicado al proceso de construcci&oacute;n de la noticia cient&iacute;fica, las diferencias entre el periodismo cient&iacute;fico y otro tipo de periodismo especializado y las diferencias de lenguaje y modo de hacer entre cient&iacute;ficos y periodistas.<\/P><P>Por &uacute;ltimo, el bloque cuarto analiza la formaci&oacute;n period&iacute;stica y los campos cient&iacute;ficos en auge, con la participaci&oacute;n de cient&iacute;ficos especializados en ecolog&iacute;a, recursos marinos, biomedicina, energ&iacute;as renovables y la neurociencia cognitiva.<BR>Toda la informaci&oacute;n sobre esta actividad se encuentra disponible en la p&aacute;gina web de la Uni&oacute;n de Profesionales de la Comunicaci&oacute;n de Canarias, en <a href=\"http:\/\/www.upccanarias.com\" target=\"_blank\" rel=\"noopener\">www.upccanarias.com<\/A>. El periodo de matr&iacute;cula permanecer&aacute; abierto hasta el viernes 10 de noviembre, y los interesados en participar deben inscribirse en la direcci&oacute;n <a href=\"http:\/\/www.feu.ull.es\/ComunicacionCientifica\" target=\"_blank\" rel=\"noopener\">www.feu.ull.es\/ComunicacionCientifica<\/A>.<\/P><\/p>\n","protected":false},"excerpt":{"rendered":"<p>La Uni&oacute;n de Profesionales de la Comunicaci&oacute;n de Canarias (UPCC) y la Facultad de Ciencias de la Informaci&oacute;n de la&#8230;<\/p>\n","protected":false},"author":21,"featured_media":0,"comment_status":"open","ping_status":"open","sticky":false,"template":"","format":"standard","meta":{"inline_featured_image":false,"footnotes":""},"categories":[346,1],"tags":[],"acf":[],"yoast_head":"<!-- This site is optimized with the Yoast SEO plugin v21.3 - https:\/\/yoast.com\/wordpress\/plugins\/seo\/ -->\n<title>El sindicato de prensa UPCC y Ciencias de la Informaci\u00f3n organizan un curso de comunicaci\u00f3n cient\u00edfica - ULL - Noticias<\/title>\n<meta name=\"robots\" content=\"index, follow, max-snippet:-1, max-image-preview:large, max-video-preview:-1\" \/>\n<link rel=\"canonical\" href=\"https:\/\/www.ull.es\/portal\/noticias\/2006\/el-sindicato-de-prensa-upcc-y-ciencias-de-la-informacin-organizan-un-curso-de-comunicacin-cientfica\/\" \/>\n<meta property=\"og:locale\" content=\"es_ES\" \/>\n<meta property=\"og:type\" content=\"article\" \/>\n<meta property=\"og:title\" content=\"El sindicato de prensa UPCC y Ciencias de la Informaci\u00f3n organizan un curso de comunicaci\u00f3n cient\u00edfica - ULL - Noticias\" \/>\n<meta property=\"og:description\" content=\"La Uni&oacute;n de Profesionales de la Comunicaci&oacute;n de Canarias (UPCC) y la Facultad de Ciencias de la Informaci&oacute;n de la...\" \/>\n<meta property=\"og:url\" content=\"https:\/\/www.ull.es\/portal\/noticias\/2006\/el-sindicato-de-prensa-upcc-y-ciencias-de-la-informacin-organizan-un-curso-de-comunicacin-cientfica\/\" \/>\n<meta property=\"og:site_name\" content=\"ULL - Noticias\" \/>\n<meta property=\"article:publisher\" content=\"https:\/\/www.facebook.com\/universidaddelalaguna\/\" \/>\n<meta property=\"article:published_time\" content=\"2006-11-08T00:00:00+00:00\" \/>\n<meta property=\"og:image\" content=\"https:\/\/www.ull.es\/portal\/noticias\/wp-content\/uploads\/sites\/13\/2023\/06\/logo-redimensionado.png\" \/>\n\t<meta property=\"og:image:width\" content=\"1200\" \/>\n\t<meta property=\"og:image:height\" content=\"630\" \/>\n\t<meta property=\"og:image:type\" content=\"image\/png\" \/>\n<meta name=\"author\" content=\"prensa2\" \/>\n<meta name=\"twitter:card\" content=\"summary_large_image\" \/>\n<meta name=\"twitter:creator\" content=\"@CanalULL\" \/>\n<meta name=\"twitter:site\" content=\"@CanalULL\" \/>\n<meta name=\"twitter:label1\" content=\"Escrito por\" \/>\n\t<meta name=\"twitter:data1\" content=\"prensa2\" \/>\n\t<meta name=\"twitter:label2\" content=\"Tiempo de lectura\" \/>\n\t<meta name=\"twitter:data2\" content=\"3 minutos\" \/>\n<script type=\"application\/ld+json\" class=\"yoast-schema-graph\">{\"@context\":\"https:\/\/schema.org\",\"@graph\":[{\"@type\":\"WebPage\",\"@id\":\"https:\/\/www.ull.es\/portal\/noticias\/2006\/el-sindicato-de-prensa-upcc-y-ciencias-de-la-informacin-organizan-un-curso-de-comunicacin-cientfica\/\",\"url\":\"https:\/\/www.ull.es\/portal\/noticias\/2006\/el-sindicato-de-prensa-upcc-y-ciencias-de-la-informacin-organizan-un-curso-de-comunicacin-cientfica\/\",\"name\":\"El sindicato de prensa UPCC y Ciencias de la Informaci\u00f3n organizan un curso de comunicaci\u00f3n cient\u00edfica - ULL - Noticias\",\"isPartOf\":{\"@id\":\"https:\/\/www.ull.es\/portal\/noticias\/#website\"},\"datePublished\":\"2006-11-08T00:00:00+00:00\",\"dateModified\":\"2006-11-08T00:00:00+00:00\",\"author\":{\"@id\":\"https:\/\/www.ull.es\/portal\/noticias\/#\/schema\/person\/c3b2aa857797592927a03740d6664376\"},\"breadcrumb\":{\"@id\":\"https:\/\/www.ull.es\/portal\/noticias\/2006\/el-sindicato-de-prensa-upcc-y-ciencias-de-la-informacin-organizan-un-curso-de-comunicacin-cientfica\/#breadcrumb\"},\"inLanguage\":\"es\",\"potentialAction\":[{\"@type\":\"ReadAction\",\"target\":[\"https:\/\/www.ull.es\/portal\/noticias\/2006\/el-sindicato-de-prensa-upcc-y-ciencias-de-la-informacin-organizan-un-curso-de-comunicacin-cientfica\/\"]}]},{\"@type\":\"BreadcrumbList\",\"@id\":\"https:\/\/www.ull.es\/portal\/noticias\/2006\/el-sindicato-de-prensa-upcc-y-ciencias-de-la-informacin-organizan-un-curso-de-comunicacin-cientfica\/#breadcrumb\",\"itemListElement\":[{\"@type\":\"ListItem\",\"position\":1,\"name\":\"Portada\",\"item\":\"https:\/\/www.ull.es\/portal\/noticias\/\"},{\"@type\":\"ListItem\",\"position\":2,\"name\":\"El sindicato de prensa UPCC y Ciencias de la Informaci\u00f3n organizan un curso de comunicaci\u00f3n cient\u00edfica\"}]},{\"@type\":\"WebSite\",\"@id\":\"https:\/\/www.ull.es\/portal\/noticias\/#website\",\"url\":\"https:\/\/www.ull.es\/portal\/noticias\/\",\"name\":\"ULL - Noticias\",\"description\":\"\",\"potentialAction\":[{\"@type\":\"SearchAction\",\"target\":{\"@type\":\"EntryPoint\",\"urlTemplate\":\"https:\/\/www.ull.es\/portal\/noticias\/?s={search_term_string}\"},\"query-input\":\"required name=search_term_string\"}],\"inLanguage\":\"es\"},{\"@type\":\"Person\",\"@id\":\"https:\/\/www.ull.es\/portal\/noticias\/#\/schema\/person\/c3b2aa857797592927a03740d6664376\",\"name\":\"prensa2\",\"image\":{\"@type\":\"ImageObject\",\"inLanguage\":\"es\",\"@id\":\"https:\/\/www.ull.es\/portal\/noticias\/#\/schema\/person\/image\/\",\"url\":\"https:\/\/secure.gravatar.com\/avatar\/b58f310a5de5feb33d1e026d2493f23c?s=96&d=mm&r=g\",\"contentUrl\":\"https:\/\/secure.gravatar.com\/avatar\/b58f310a5de5feb33d1e026d2493f23c?s=96&d=mm&r=g\",\"caption\":\"prensa2\"},\"url\":\"https:\/\/www.ull.es\/portal\/noticias\/author\/prensa2\/\"}]}<\/script>\n<!-- \/ Yoast SEO plugin. -->","yoast_head_json":{"title":"El sindicato de prensa UPCC y Ciencias de la Informaci\u00f3n organizan un curso de comunicaci\u00f3n cient\u00edfica - ULL - Noticias","robots":{"index":"index","follow":"follow","max-snippet":"max-snippet:-1","max-image-preview":"max-image-preview:large","max-video-preview":"max-video-preview:-1"},"canonical":"https:\/\/www.ull.es\/portal\/noticias\/2006\/el-sindicato-de-prensa-upcc-y-ciencias-de-la-informacin-organizan-un-curso-de-comunicacin-cientfica\/","og_locale":"es_ES","og_type":"article","og_title":"El sindicato de prensa UPCC y Ciencias de la Informaci\u00f3n organizan un curso de comunicaci\u00f3n cient\u00edfica - ULL - Noticias","og_description":"La Uni&oacute;n de Profesionales de la Comunicaci&oacute;n de Canarias (UPCC) y la Facultad de Ciencias de la Informaci&oacute;n de la...","og_url":"https:\/\/www.ull.es\/portal\/noticias\/2006\/el-sindicato-de-prensa-upcc-y-ciencias-de-la-informacin-organizan-un-curso-de-comunicacin-cientfica\/","og_site_name":"ULL - Noticias","article_publisher":"https:\/\/www.facebook.com\/universidaddelalaguna\/","article_published_time":"2006-11-08T00:00:00+00:00","og_image":[{"width":1200,"height":630,"url":"https:\/\/www.ull.es\/portal\/noticias\/wp-content\/uploads\/sites\/13\/2023\/06\/logo-redimensionado.png","type":"image\/png"}],"author":"prensa2","twitter_card":"summary_large_image","twitter_creator":"@CanalULL","twitter_site":"@CanalULL","twitter_misc":{"Escrito por":"prensa2","Tiempo de lectura":"3 minutos"},"schema":{"@context":"https:\/\/schema.org","@graph":[{"@type":"WebPage","@id":"https:\/\/www.ull.es\/portal\/noticias\/2006\/el-sindicato-de-prensa-upcc-y-ciencias-de-la-informacin-organizan-un-curso-de-comunicacin-cientfica\/","url":"https:\/\/www.ull.es\/portal\/noticias\/2006\/el-sindicato-de-prensa-upcc-y-ciencias-de-la-informacin-organizan-un-curso-de-comunicacin-cientfica\/","name":"El sindicato de prensa UPCC y Ciencias de la Informaci\u00f3n organizan un curso de comunicaci\u00f3n cient\u00edfica - ULL - Noticias","isPartOf":{"@id":"https:\/\/www.ull.es\/portal\/noticias\/#website"},"datePublished":"2006-11-08T00:00:00+00:00","dateModified":"2006-11-08T00:00:00+00:00","author":{"@id":"https:\/\/www.ull.es\/portal\/noticias\/#\/schema\/person\/c3b2aa857797592927a03740d6664376"},"breadcrumb":{"@id":"https:\/\/www.ull.es\/portal\/noticias\/2006\/el-sindicato-de-prensa-upcc-y-ciencias-de-la-informacin-organizan-un-curso-de-comunicacin-cientfica\/#breadcrumb"},"inLanguage":"es","potentialAction":[{"@type":"ReadAction","target":["https:\/\/www.ull.es\/portal\/noticias\/2006\/el-sindicato-de-prensa-upcc-y-ciencias-de-la-informacin-organizan-un-curso-de-comunicacin-cientfica\/"]}]},{"@type":"BreadcrumbList","@id":"https:\/\/www.ull.es\/portal\/noticias\/2006\/el-sindicato-de-prensa-upcc-y-ciencias-de-la-informacin-organizan-un-curso-de-comunicacin-cientfica\/#breadcrumb","itemListElement":[{"@type":"ListItem","position":1,"name":"Portada","item":"https:\/\/www.ull.es\/portal\/noticias\/"},{"@type":"ListItem","position":2,"name":"El sindicato de prensa UPCC y Ciencias de la Informaci\u00f3n organizan un curso de comunicaci\u00f3n cient\u00edfica"}]},{"@type":"WebSite","@id":"https:\/\/www.ull.es\/portal\/noticias\/#website","url":"https:\/\/www.ull.es\/portal\/noticias\/","name":"ULL - Noticias","description":"","potentialAction":[{"@type":"SearchAction","target":{"@type":"EntryPoint","urlTemplate":"https:\/\/www.ull.es\/portal\/noticias\/?s={search_term_string}"},"query-input":"required name=search_term_string"}],"inLanguage":"es"},{"@type":"Person","@id":"https:\/\/www.ull.es\/portal\/noticias\/#\/schema\/person\/c3b2aa857797592927a03740d6664376","name":"prensa2","image":{"@type":"ImageObject","inLanguage":"es","@id":"https:\/\/www.ull.es\/portal\/noticias\/#\/schema\/person\/image\/","url":"https:\/\/secure.gravatar.com\/avatar\/b58f310a5de5feb33d1e026d2493f23c?s=96&d=mm&r=g","contentUrl":"https:\/\/secure.gravatar.com\/avatar\/b58f310a5de5feb33d1e026d2493f23c?s=96&d=mm&r=g","caption":"prensa2"},"url":"https:\/\/www.ull.es\/portal\/noticias\/author\/prensa2\/"}]}},"primary_category":null,"featured_image_thumbnail_url":null,"_links":{"self":[{"href":"https:\/\/www.ull.es\/portal\/noticias\/wp-json\/wp\/v2\/posts\/13463"}],"collection":[{"href":"https:\/\/www.ull.es\/portal\/noticias\/wp-json\/wp\/v2\/posts"}],"about":[{"href":"https:\/\/www.ull.es\/portal\/noticias\/wp-json\/wp\/v2\/types\/post"}],"author":[{"embeddable":true,"href":"https:\/\/www.ull.es\/portal\/noticias\/wp-json\/wp\/v2\/users\/21"}],"replies":[{"embeddable":true,"href":"https:\/\/www.ull.es\/portal\/noticias\/wp-json\/wp\/v2\/comments?post=13463"}],"version-history":[{"count":0,"href":"https:\/\/www.ull.es\/portal\/noticias\/wp-json\/wp\/v2\/posts\/13463\/revisions"}],"wp:attachment":[{"href":"https:\/\/www.ull.es\/portal\/noticias\/wp-json\/wp\/v2\/media?parent=13463"}],"wp:term":[{"taxonomy":"category","embeddable":true,"href":"https:\/\/www.ull.es\/portal\/noticias\/wp-json\/wp\/v2\/categories?post=13463"},{"taxonomy":"post_tag","embeddable":true,"href":"https:\/\/www.ull.es\/portal\/noticias\/wp-json\/wp\/v2\/tags?post=13463"}],"curies":[{"name":"wp","href":"https:\/\/api.w.org\/{rel}","templated":true}]}}