{"id":13469,"date":"2006-11-15T00:00:00","date_gmt":"2006-11-15T00:00:00","guid":{"rendered":"http:\/\/ddigital.webs.ull.es\/un-seminario-de-la-universidad-analizar-durante-tres-das-el-estado-de-la-cuestin-de-la-historia-de-la-ciudadana\/"},"modified":"2006-11-15T00:00:00","modified_gmt":"2006-11-15T00:00:00","slug":"un-seminario-de-la-universidad-analizar-durante-tres-das-el-estado-de-la-cuestin-de-la-historia-de-la-ciudadana","status":"publish","type":"post","link":"https:\/\/www.ull.es\/portal\/noticias\/2006\/un-seminario-de-la-universidad-analizar-durante-tres-das-el-estado-de-la-cuestin-de-la-historia-de-la-ciudadana\/","title":{"rendered":"Un seminario de la universidad analizar\u00e1 durante tres d\u00edas el estado de la cuesti\u00f3n de la Historia de la Ciudadan\u00eda"},"content":{"rendered":"<p>El departamento de Historia de la Universidad de La Laguna organiza un seminario en el que se presentar&aacute; el estado actual de la Historia de la Ciudadan&iacute;a, un campo de estudio que ha cobrado gran importancia durante los &uacute;ltimos a&ntilde;os en el &aacute;mbito de las ciencias sociales. El encuentro se impartir&aacute; los d&iacute;as 17, 20 y 21 de noviembre en la sala de audiovisuales del departamento organizador, a partir de las 17 horas, y estar&aacute; impartido por tres reconocidos especialistas de prestigio en esta materia. La entrada al evento ser&aacute; libre y gratuita, y no ser&aacute; necesaria ninguna matriculaci&oacute;n.<BR><\/p>\n<p><P>Jes&uacute;s Izquierdo Mart&iacute;n, profesor de Historia Contempor&aacute;nea de la Universidad de Murcia, abrir&aacute; el seminario el viernes 17 con la ponencia \u00abLa cara oscura de la ciudadan&iacute;a: sujeto, comunidad y contingencia\u00bb. Al d&iacute;a siguuiente participar&aacute; Florencia Peyrou Tubert, doctora en Historia Contempor&aacute;nea, especialista en los debates te&oacute;ricos internacionales sobre historia de la ciudadan&iacute;a, qua abordar&aacute; \u00abEl discurso ciudadano dem&oacute;crata-republicano, 1840-1868\u00bb. Para cerrar el ciclo, el martes 21, intervendr&aacute; Manual P&eacute;rez Ledesma, catedr&aacute;tico de Historia Contempor&aacute;nea de la Universidad Aut&oacute;noma de Madrid, que disertar&aacute; sobre \u00abEl lenguaje de la ciudadan&iacute;a en la Espa&ntilde;a contempor&aacute;nea. 1808-2006\u00bb.<\/P><P>La Historia de la Ciudadan&iacute;a es en Espa&ntilde;a un campo de estudio de desarrollo reciente, pero cuya relevancia est&aacute; incrementando de manera muy r&aacute;pida. En la actualidad, hay numerosas investigaciones en curso y se dispone ya de una primera y valiosa contribuci&oacute;n bibliogr&aacute;fica sobre la g&eacute;nesis y evoluci&oacute;n de la ciudadan&iacute;a pol&iacute;tica y social espa&ntilde;ola. <\/P><P>En el seminario se analizar&aacute;n y discutir&aacute;n tanto los resultados recientes de la investigaci&oacute;n espa&ntilde;ola e internacional en este campo, como los debates te&oacute;ricos y las innovaciones conceptuales que se han producido durante los &uacute;ltimos a&ntilde;os. Su objetivo es dar a conocer los avances m&aacute;s relevantes producidos en un campo de estudio cuya preeminencia acad&eacute;mica y pol&iacute;tica es cada vez mayor.<\/P><\/p>\n","protected":false},"excerpt":{"rendered":"<p>El departamento de Historia de la Universidad de La Laguna organiza un seminario en el que se presentar&aacute; el estado&#8230;<\/p>\n","protected":false},"author":21,"featured_media":0,"comment_status":"open","ping_status":"open","sticky":false,"template":"","format":"standard","meta":{"inline_featured_image":false,"footnotes":""},"categories":[346,1],"tags":[],"acf":[],"yoast_head":"<!-- This site is optimized with the Yoast SEO plugin v21.3 - https:\/\/yoast.com\/wordpress\/plugins\/seo\/ -->\n<title>Un seminario de la universidad analizar\u00e1 durante tres d\u00edas el estado de la cuesti\u00f3n de la Historia de la Ciudadan\u00eda - ULL - Noticias<\/title>\n<meta name=\"robots\" content=\"index, follow, max-snippet:-1, max-image-preview:large, max-video-preview:-1\" \/>\n<link rel=\"canonical\" href=\"https:\/\/www.ull.es\/portal\/noticias\/2006\/un-seminario-de-la-universidad-analizar-durante-tres-das-el-estado-de-la-cuestin-de-la-historia-de-la-ciudadana\/\" \/>\n<meta property=\"og:locale\" content=\"es_ES\" \/>\n<meta property=\"og:type\" content=\"article\" \/>\n<meta property=\"og:title\" content=\"Un seminario de la universidad analizar\u00e1 durante tres d\u00edas el estado de la cuesti\u00f3n de la Historia de la Ciudadan\u00eda - ULL - Noticias\" \/>\n<meta property=\"og:description\" content=\"El departamento de Historia de la Universidad de La Laguna organiza un seminario en el que se presentar&aacute; el estado...\" \/>\n<meta property=\"og:url\" content=\"https:\/\/www.ull.es\/portal\/noticias\/2006\/un-seminario-de-la-universidad-analizar-durante-tres-das-el-estado-de-la-cuestin-de-la-historia-de-la-ciudadana\/\" \/>\n<meta property=\"og:site_name\" content=\"ULL - Noticias\" \/>\n<meta property=\"article:publisher\" content=\"https:\/\/www.facebook.com\/universidaddelalaguna\/\" \/>\n<meta property=\"article:published_time\" content=\"2006-11-15T00:00:00+00:00\" \/>\n<meta property=\"og:image\" content=\"https:\/\/www.ull.es\/portal\/noticias\/wp-content\/uploads\/sites\/13\/2023\/06\/logo-redimensionado.png\" \/>\n\t<meta property=\"og:image:width\" content=\"1200\" \/>\n\t<meta property=\"og:image:height\" content=\"630\" \/>\n\t<meta property=\"og:image:type\" content=\"image\/png\" \/>\n<meta name=\"author\" content=\"prensa2\" \/>\n<meta name=\"twitter:card\" content=\"summary_large_image\" \/>\n<meta name=\"twitter:creator\" content=\"@CanalULL\" \/>\n<meta name=\"twitter:site\" content=\"@CanalULL\" \/>\n<meta name=\"twitter:label1\" content=\"Escrito por\" \/>\n\t<meta name=\"twitter:data1\" content=\"prensa2\" \/>\n\t<meta name=\"twitter:label2\" content=\"Tiempo de lectura\" \/>\n\t<meta name=\"twitter:data2\" content=\"2 minutos\" \/>\n<script type=\"application\/ld+json\" class=\"yoast-schema-graph\">{\"@context\":\"https:\/\/schema.org\",\"@graph\":[{\"@type\":\"WebPage\",\"@id\":\"https:\/\/www.ull.es\/portal\/noticias\/2006\/un-seminario-de-la-universidad-analizar-durante-tres-das-el-estado-de-la-cuestin-de-la-historia-de-la-ciudadana\/\",\"url\":\"https:\/\/www.ull.es\/portal\/noticias\/2006\/un-seminario-de-la-universidad-analizar-durante-tres-das-el-estado-de-la-cuestin-de-la-historia-de-la-ciudadana\/\",\"name\":\"Un seminario de la universidad analizar\u00e1 durante tres d\u00edas el estado de la cuesti\u00f3n de la Historia de la Ciudadan\u00eda - ULL - Noticias\",\"isPartOf\":{\"@id\":\"https:\/\/www.ull.es\/portal\/noticias\/#website\"},\"datePublished\":\"2006-11-15T00:00:00+00:00\",\"dateModified\":\"2006-11-15T00:00:00+00:00\",\"author\":{\"@id\":\"https:\/\/www.ull.es\/portal\/noticias\/#\/schema\/person\/c3b2aa857797592927a03740d6664376\"},\"breadcrumb\":{\"@id\":\"https:\/\/www.ull.es\/portal\/noticias\/2006\/un-seminario-de-la-universidad-analizar-durante-tres-das-el-estado-de-la-cuestin-de-la-historia-de-la-ciudadana\/#breadcrumb\"},\"inLanguage\":\"es\",\"potentialAction\":[{\"@type\":\"ReadAction\",\"target\":[\"https:\/\/www.ull.es\/portal\/noticias\/2006\/un-seminario-de-la-universidad-analizar-durante-tres-das-el-estado-de-la-cuestin-de-la-historia-de-la-ciudadana\/\"]}]},{\"@type\":\"BreadcrumbList\",\"@id\":\"https:\/\/www.ull.es\/portal\/noticias\/2006\/un-seminario-de-la-universidad-analizar-durante-tres-das-el-estado-de-la-cuestin-de-la-historia-de-la-ciudadana\/#breadcrumb\",\"itemListElement\":[{\"@type\":\"ListItem\",\"position\":1,\"name\":\"Portada\",\"item\":\"https:\/\/www.ull.es\/portal\/noticias\/\"},{\"@type\":\"ListItem\",\"position\":2,\"name\":\"Un seminario de la universidad analizar\u00e1 durante tres d\u00edas el estado de la cuesti\u00f3n de la Historia de la Ciudadan\u00eda\"}]},{\"@type\":\"WebSite\",\"@id\":\"https:\/\/www.ull.es\/portal\/noticias\/#website\",\"url\":\"https:\/\/www.ull.es\/portal\/noticias\/\",\"name\":\"ULL - Noticias\",\"description\":\"\",\"potentialAction\":[{\"@type\":\"SearchAction\",\"target\":{\"@type\":\"EntryPoint\",\"urlTemplate\":\"https:\/\/www.ull.es\/portal\/noticias\/?s={search_term_string}\"},\"query-input\":\"required name=search_term_string\"}],\"inLanguage\":\"es\"},{\"@type\":\"Person\",\"@id\":\"https:\/\/www.ull.es\/portal\/noticias\/#\/schema\/person\/c3b2aa857797592927a03740d6664376\",\"name\":\"prensa2\",\"image\":{\"@type\":\"ImageObject\",\"inLanguage\":\"es\",\"@id\":\"https:\/\/www.ull.es\/portal\/noticias\/#\/schema\/person\/image\/\",\"url\":\"https:\/\/secure.gravatar.com\/avatar\/b58f310a5de5feb33d1e026d2493f23c?s=96&d=mm&r=g\",\"contentUrl\":\"https:\/\/secure.gravatar.com\/avatar\/b58f310a5de5feb33d1e026d2493f23c?s=96&d=mm&r=g\",\"caption\":\"prensa2\"},\"url\":\"https:\/\/www.ull.es\/portal\/noticias\/author\/prensa2\/\"}]}<\/script>\n<!-- \/ Yoast SEO plugin. -->","yoast_head_json":{"title":"Un seminario de la universidad analizar\u00e1 durante tres d\u00edas el estado de la cuesti\u00f3n de la Historia de la Ciudadan\u00eda - ULL - Noticias","robots":{"index":"index","follow":"follow","max-snippet":"max-snippet:-1","max-image-preview":"max-image-preview:large","max-video-preview":"max-video-preview:-1"},"canonical":"https:\/\/www.ull.es\/portal\/noticias\/2006\/un-seminario-de-la-universidad-analizar-durante-tres-das-el-estado-de-la-cuestin-de-la-historia-de-la-ciudadana\/","og_locale":"es_ES","og_type":"article","og_title":"Un seminario de la universidad analizar\u00e1 durante tres d\u00edas el estado de la cuesti\u00f3n de la Historia de la Ciudadan\u00eda - ULL - Noticias","og_description":"El departamento de Historia de la Universidad de La Laguna organiza un seminario en el que se presentar&aacute; el estado...","og_url":"https:\/\/www.ull.es\/portal\/noticias\/2006\/un-seminario-de-la-universidad-analizar-durante-tres-das-el-estado-de-la-cuestin-de-la-historia-de-la-ciudadana\/","og_site_name":"ULL - Noticias","article_publisher":"https:\/\/www.facebook.com\/universidaddelalaguna\/","article_published_time":"2006-11-15T00:00:00+00:00","og_image":[{"width":1200,"height":630,"url":"https:\/\/www.ull.es\/portal\/noticias\/wp-content\/uploads\/sites\/13\/2023\/06\/logo-redimensionado.png","type":"image\/png"}],"author":"prensa2","twitter_card":"summary_large_image","twitter_creator":"@CanalULL","twitter_site":"@CanalULL","twitter_misc":{"Escrito por":"prensa2","Tiempo de lectura":"2 minutos"},"schema":{"@context":"https:\/\/schema.org","@graph":[{"@type":"WebPage","@id":"https:\/\/www.ull.es\/portal\/noticias\/2006\/un-seminario-de-la-universidad-analizar-durante-tres-das-el-estado-de-la-cuestin-de-la-historia-de-la-ciudadana\/","url":"https:\/\/www.ull.es\/portal\/noticias\/2006\/un-seminario-de-la-universidad-analizar-durante-tres-das-el-estado-de-la-cuestin-de-la-historia-de-la-ciudadana\/","name":"Un seminario de la universidad analizar\u00e1 durante tres d\u00edas el estado de la cuesti\u00f3n de la Historia de la Ciudadan\u00eda - ULL - Noticias","isPartOf":{"@id":"https:\/\/www.ull.es\/portal\/noticias\/#website"},"datePublished":"2006-11-15T00:00:00+00:00","dateModified":"2006-11-15T00:00:00+00:00","author":{"@id":"https:\/\/www.ull.es\/portal\/noticias\/#\/schema\/person\/c3b2aa857797592927a03740d6664376"},"breadcrumb":{"@id":"https:\/\/www.ull.es\/portal\/noticias\/2006\/un-seminario-de-la-universidad-analizar-durante-tres-das-el-estado-de-la-cuestin-de-la-historia-de-la-ciudadana\/#breadcrumb"},"inLanguage":"es","potentialAction":[{"@type":"ReadAction","target":["https:\/\/www.ull.es\/portal\/noticias\/2006\/un-seminario-de-la-universidad-analizar-durante-tres-das-el-estado-de-la-cuestin-de-la-historia-de-la-ciudadana\/"]}]},{"@type":"BreadcrumbList","@id":"https:\/\/www.ull.es\/portal\/noticias\/2006\/un-seminario-de-la-universidad-analizar-durante-tres-das-el-estado-de-la-cuestin-de-la-historia-de-la-ciudadana\/#breadcrumb","itemListElement":[{"@type":"ListItem","position":1,"name":"Portada","item":"https:\/\/www.ull.es\/portal\/noticias\/"},{"@type":"ListItem","position":2,"name":"Un seminario de la universidad analizar\u00e1 durante tres d\u00edas el estado de la cuesti\u00f3n de la Historia de la Ciudadan\u00eda"}]},{"@type":"WebSite","@id":"https:\/\/www.ull.es\/portal\/noticias\/#website","url":"https:\/\/www.ull.es\/portal\/noticias\/","name":"ULL - Noticias","description":"","potentialAction":[{"@type":"SearchAction","target":{"@type":"EntryPoint","urlTemplate":"https:\/\/www.ull.es\/portal\/noticias\/?s={search_term_string}"},"query-input":"required name=search_term_string"}],"inLanguage":"es"},{"@type":"Person","@id":"https:\/\/www.ull.es\/portal\/noticias\/#\/schema\/person\/c3b2aa857797592927a03740d6664376","name":"prensa2","image":{"@type":"ImageObject","inLanguage":"es","@id":"https:\/\/www.ull.es\/portal\/noticias\/#\/schema\/person\/image\/","url":"https:\/\/secure.gravatar.com\/avatar\/b58f310a5de5feb33d1e026d2493f23c?s=96&d=mm&r=g","contentUrl":"https:\/\/secure.gravatar.com\/avatar\/b58f310a5de5feb33d1e026d2493f23c?s=96&d=mm&r=g","caption":"prensa2"},"url":"https:\/\/www.ull.es\/portal\/noticias\/author\/prensa2\/"}]}},"primary_category":null,"featured_image_thumbnail_url":null,"_links":{"self":[{"href":"https:\/\/www.ull.es\/portal\/noticias\/wp-json\/wp\/v2\/posts\/13469"}],"collection":[{"href":"https:\/\/www.ull.es\/portal\/noticias\/wp-json\/wp\/v2\/posts"}],"about":[{"href":"https:\/\/www.ull.es\/portal\/noticias\/wp-json\/wp\/v2\/types\/post"}],"author":[{"embeddable":true,"href":"https:\/\/www.ull.es\/portal\/noticias\/wp-json\/wp\/v2\/users\/21"}],"replies":[{"embeddable":true,"href":"https:\/\/www.ull.es\/portal\/noticias\/wp-json\/wp\/v2\/comments?post=13469"}],"version-history":[{"count":0,"href":"https:\/\/www.ull.es\/portal\/noticias\/wp-json\/wp\/v2\/posts\/13469\/revisions"}],"wp:attachment":[{"href":"https:\/\/www.ull.es\/portal\/noticias\/wp-json\/wp\/v2\/media?parent=13469"}],"wp:term":[{"taxonomy":"category","embeddable":true,"href":"https:\/\/www.ull.es\/portal\/noticias\/wp-json\/wp\/v2\/categories?post=13469"},{"taxonomy":"post_tag","embeddable":true,"href":"https:\/\/www.ull.es\/portal\/noticias\/wp-json\/wp\/v2\/tags?post=13469"}],"curies":[{"name":"wp","href":"https:\/\/api.w.org\/{rel}","templated":true}]}}