{"id":13477,"date":"2007-03-09T00:00:00","date_gmt":"2007-03-09T00:00:00","guid":{"rendered":"http:\/\/ddigital.webs.ull.es\/jorge-ramos-la-difusin-cientfica-acelera-los-procesos-de-innovacin\/"},"modified":"2007-03-09T00:00:00","modified_gmt":"2007-03-09T00:00:00","slug":"jorge-ramos-la-difusin-cientfica-acelera-los-procesos-de-innovacin","status":"publish","type":"post","link":"https:\/\/www.ull.es\/portal\/noticias\/2007\/jorge-ramos-la-difusin-cientfica-acelera-los-procesos-de-innovacin\/","title":{"rendered":"Jorge Ramos: \u00abLa difusi\u00f3n cient\u00edfica acelera los procesos de innovaci\u00f3n\u00bb"},"content":{"rendered":"<p><P>El Aula Tom&aacute;s y Valiente de la Facultad de Derecho de la Universidad de La Laguna acogi&oacute; ayer jueves 8 de marzo la inauguraci&oacute;n de la s&eacute;ptima edici&oacute;n del curso interdisciplinar Ciencia y pseudociencias, a cargo del profesor Jos&eacute; Mar&iacute;a Riol Cimas, quien a su vez es director del Aula Cultural de Divulgaci&oacute;n Cient&iacute;fica de la instituci&oacute;n acad&eacute;mica. En el acto estuvo presente el jefe de secci&oacute;n de Impulso a la Informaci&oacute;n de I+D+I de la Oficina de Ciencia y Tecnolog&iacute;a del Gobierno de Canarias (OCTI), Jorge Ramos, quien declar&oacute; que \u00abla difusi&oacute;n de la ciencia acelera los procesos de innovaci&oacute;n\u00bb y que este elemento es considerado ya vital en el proceso de creaci&oacute;n cient&iacute;fica.<\/P><\/p>\n<p><P align=\"justify\">Para Ramos, el apoyo a este curso \u00abencaja perfectamente\u00bb en una de las l&iacute;neas estrat&eacute;gicas de la OCTI. \u00abLa difusi&oacute;n de la ciencia es un elemento estructural de las pol&iacute;ticas\u00bb, a&ntilde;adi&oacute;, y, de hecho, en el pr&oacute;ximo plan canario de I+D+I se ha establecido un programa propio con acciones y presupuesto destinado a este fin.<\/P><P align=\"justify\"><\/P><P align=\"justify\">Por su parte, Riol Cimas explic&oacute; que esta actividad es la m&aacute;s consolidada dentro de la oferta de cursos interdisciplinares que anualmente convoca el Vicerrectorado de Extensi&oacute;n Universitaria y Relaciones Institucionales. Dividido en dos m&oacute;dulos, Un panorama de la ciencia contempor&aacute;nea, que se celebrar&aacute; del 8 al 30 de marzo, y El individuo, la sociedad y las pseudociencias, que tendr&aacute; lugar desde el 12 de abril al 9 de mayo, es previsible que en esta edici&oacute;n supere los 150 alumnos con los que cont&oacute; el a&ntilde;o pasado.<\/P><P align=\"justify\"><\/P><P align=\"justify\">Este curso tiene un triple objetivo, seg&uacute;n destac&oacute; su director: contribuir a la oferta de cr&eacute;ditos de libre elecci&oacute;n con que cuenta la universidad, divulgar la ciencia y, por &uacute;ltimo, consolidar este curso de tal forma que sea un referente nacional en la divulgaci&oacute;n cient&iacute;fica y, a su vez, se convierta en una de las voces m&aacute;s cr&iacute;ticas con las pseudociencias.<\/P><P align=\"justify\"><\/P><P align=\"justify\">El rector de la Universidad de La Laguna, &aacute;ngel M. Guti&eacute;rrez, cerr&oacute; el acto de inauguraci&oacute;n afirmando que este curso \u00abes una necesidad dentro de la universidad\u00bb, en el sentido de que los cient&iacute;ficos son poco propicios a salir de los laboratorios para explicar al p&uacute;blico general los resultados de sus trabajos y, adem&aacute;s, porque esta iniciativa cuestiona directamente las medias verdades que circulan sobre la ciencia sin rigor alguno, y que atienden a creencias o suposiciones que no est&aacute;n contrastadas emp&iacute;ricamente.<\/P><P align=\"justify\"><\/P><P align=\"justify\">Por &uacute;ltimo, record&oacute; que dentro de unos d&iacute;as se celebrar&aacute; el primer aniversario de la muerte de Javier Corzo, un profesor universitario que estuvo muy comprometido con este curso y que fue sabedor de la importancia de la divulgaci&oacute;n cient&iacute;fica. \u00abEra la persona m&aacute;s independiente que he conocido\u00bb.<\/P><P align=\"justify\">Todo el programa sobre este curso se encuentra disponible en la p&aacute;gina web <a class=\"sumario\" href=\"http:\/\/webpages.ull.es\/users\/esceptic\/\" target=\"_new\" target=\"_blank\" rel=\"noopener\">http:\/\/webpages.ull.es\/users\/esceptic\/<\/A><\/P><\/p>\n","protected":false},"excerpt":{"rendered":"<p>El Aula Tom&aacute;s y Valiente de la Facultad de Derecho de la Universidad de La Laguna acogi&oacute; ayer jueves 8&#8230;<\/p>\n","protected":false},"author":21,"featured_media":13478,"comment_status":"open","ping_status":"open","sticky":false,"template":"","format":"standard","meta":{"inline_featured_image":false,"footnotes":""},"categories":[346,1],"tags":[],"acf":[],"yoast_head":"<!-- This site is optimized with the Yoast SEO plugin v21.3 - https:\/\/yoast.com\/wordpress\/plugins\/seo\/ -->\n<title>Jorge Ramos: &quot;La difusi\u00f3n cient\u00edfica acelera los procesos de innovaci\u00f3n&quot; - ULL - Noticias<\/title>\n<meta name=\"robots\" content=\"index, follow, max-snippet:-1, max-image-preview:large, max-video-preview:-1\" \/>\n<link rel=\"canonical\" href=\"https:\/\/www.ull.es\/portal\/noticias\/2007\/jorge-ramos-la-difusin-cientfica-acelera-los-procesos-de-innovacin\/\" \/>\n<meta property=\"og:locale\" content=\"es_ES\" \/>\n<meta property=\"og:type\" content=\"article\" \/>\n<meta property=\"og:title\" content=\"Jorge Ramos: &quot;La difusi\u00f3n cient\u00edfica acelera los procesos de innovaci\u00f3n&quot; - ULL - Noticias\" \/>\n<meta property=\"og:description\" content=\"El Aula Tom&aacute;s y Valiente de la Facultad de Derecho de la Universidad de La Laguna acogi&oacute; ayer jueves 8...\" \/>\n<meta property=\"og:url\" content=\"https:\/\/www.ull.es\/portal\/noticias\/2007\/jorge-ramos-la-difusin-cientfica-acelera-los-procesos-de-innovacin\/\" \/>\n<meta property=\"og:site_name\" content=\"ULL - Noticias\" \/>\n<meta property=\"article:publisher\" content=\"https:\/\/www.facebook.com\/universidaddelalaguna\/\" \/>\n<meta property=\"article:published_time\" content=\"2007-03-09T00:00:00+00:00\" \/>\n<meta property=\"og:image\" content=\"https:\/\/www.ull.es\/portal\/noticias\/wp-content\/uploads\/sites\/13\/2015\/07\/pseudociencias.jpg\" \/>\n\t<meta property=\"og:image:width\" content=\"800\" \/>\n\t<meta property=\"og:image:height\" content=\"534\" \/>\n\t<meta property=\"og:image:type\" content=\"image\/jpeg\" \/>\n<meta name=\"author\" content=\"prensa2\" \/>\n<meta name=\"twitter:card\" content=\"summary_large_image\" \/>\n<meta name=\"twitter:creator\" content=\"@CanalULL\" \/>\n<meta name=\"twitter:site\" content=\"@CanalULL\" \/>\n<meta name=\"twitter:label1\" content=\"Escrito por\" \/>\n\t<meta name=\"twitter:data1\" content=\"prensa2\" \/>\n\t<meta name=\"twitter:label2\" content=\"Tiempo de lectura\" \/>\n\t<meta name=\"twitter:data2\" content=\"3 minutos\" \/>\n<script type=\"application\/ld+json\" class=\"yoast-schema-graph\">{\"@context\":\"https:\/\/schema.org\",\"@graph\":[{\"@type\":\"WebPage\",\"@id\":\"https:\/\/www.ull.es\/portal\/noticias\/2007\/jorge-ramos-la-difusin-cientfica-acelera-los-procesos-de-innovacin\/\",\"url\":\"https:\/\/www.ull.es\/portal\/noticias\/2007\/jorge-ramos-la-difusin-cientfica-acelera-los-procesos-de-innovacin\/\",\"name\":\"Jorge Ramos: \\\"La difusi\u00f3n cient\u00edfica acelera los procesos de innovaci\u00f3n\\\" - ULL - Noticias\",\"isPartOf\":{\"@id\":\"https:\/\/www.ull.es\/portal\/noticias\/#website\"},\"datePublished\":\"2007-03-09T00:00:00+00:00\",\"dateModified\":\"2007-03-09T00:00:00+00:00\",\"author\":{\"@id\":\"https:\/\/www.ull.es\/portal\/noticias\/#\/schema\/person\/c3b2aa857797592927a03740d6664376\"},\"breadcrumb\":{\"@id\":\"https:\/\/www.ull.es\/portal\/noticias\/2007\/jorge-ramos-la-difusin-cientfica-acelera-los-procesos-de-innovacin\/#breadcrumb\"},\"inLanguage\":\"es\",\"potentialAction\":[{\"@type\":\"ReadAction\",\"target\":[\"https:\/\/www.ull.es\/portal\/noticias\/2007\/jorge-ramos-la-difusin-cientfica-acelera-los-procesos-de-innovacin\/\"]}]},{\"@type\":\"BreadcrumbList\",\"@id\":\"https:\/\/www.ull.es\/portal\/noticias\/2007\/jorge-ramos-la-difusin-cientfica-acelera-los-procesos-de-innovacin\/#breadcrumb\",\"itemListElement\":[{\"@type\":\"ListItem\",\"position\":1,\"name\":\"Portada\",\"item\":\"https:\/\/www.ull.es\/portal\/noticias\/\"},{\"@type\":\"ListItem\",\"position\":2,\"name\":\"Jorge Ramos: \u00abLa difusi\u00f3n cient\u00edfica acelera los procesos de innovaci\u00f3n\u00bb\"}]},{\"@type\":\"WebSite\",\"@id\":\"https:\/\/www.ull.es\/portal\/noticias\/#website\",\"url\":\"https:\/\/www.ull.es\/portal\/noticias\/\",\"name\":\"ULL - Noticias\",\"description\":\"\",\"potentialAction\":[{\"@type\":\"SearchAction\",\"target\":{\"@type\":\"EntryPoint\",\"urlTemplate\":\"https:\/\/www.ull.es\/portal\/noticias\/?s={search_term_string}\"},\"query-input\":\"required name=search_term_string\"}],\"inLanguage\":\"es\"},{\"@type\":\"Person\",\"@id\":\"https:\/\/www.ull.es\/portal\/noticias\/#\/schema\/person\/c3b2aa857797592927a03740d6664376\",\"name\":\"prensa2\",\"image\":{\"@type\":\"ImageObject\",\"inLanguage\":\"es\",\"@id\":\"https:\/\/www.ull.es\/portal\/noticias\/#\/schema\/person\/image\/\",\"url\":\"https:\/\/secure.gravatar.com\/avatar\/b58f310a5de5feb33d1e026d2493f23c?s=96&d=mm&r=g\",\"contentUrl\":\"https:\/\/secure.gravatar.com\/avatar\/b58f310a5de5feb33d1e026d2493f23c?s=96&d=mm&r=g\",\"caption\":\"prensa2\"},\"url\":\"https:\/\/www.ull.es\/portal\/noticias\/author\/prensa2\/\"}]}<\/script>\n<!-- \/ Yoast SEO plugin. -->","yoast_head_json":{"title":"Jorge Ramos: \"La difusi\u00f3n cient\u00edfica acelera los procesos de innovaci\u00f3n\" - ULL - Noticias","robots":{"index":"index","follow":"follow","max-snippet":"max-snippet:-1","max-image-preview":"max-image-preview:large","max-video-preview":"max-video-preview:-1"},"canonical":"https:\/\/www.ull.es\/portal\/noticias\/2007\/jorge-ramos-la-difusin-cientfica-acelera-los-procesos-de-innovacin\/","og_locale":"es_ES","og_type":"article","og_title":"Jorge Ramos: \"La difusi\u00f3n cient\u00edfica acelera los procesos de innovaci\u00f3n\" - ULL - Noticias","og_description":"El Aula Tom&aacute;s y Valiente de la Facultad de Derecho de la Universidad de La Laguna acogi&oacute; ayer jueves 8...","og_url":"https:\/\/www.ull.es\/portal\/noticias\/2007\/jorge-ramos-la-difusin-cientfica-acelera-los-procesos-de-innovacin\/","og_site_name":"ULL - Noticias","article_publisher":"https:\/\/www.facebook.com\/universidaddelalaguna\/","article_published_time":"2007-03-09T00:00:00+00:00","og_image":[{"width":800,"height":534,"url":"https:\/\/www.ull.es\/portal\/noticias\/wp-content\/uploads\/sites\/13\/2015\/07\/pseudociencias.jpg","type":"image\/jpeg"}],"author":"prensa2","twitter_card":"summary_large_image","twitter_creator":"@CanalULL","twitter_site":"@CanalULL","twitter_misc":{"Escrito por":"prensa2","Tiempo de lectura":"3 minutos"},"schema":{"@context":"https:\/\/schema.org","@graph":[{"@type":"WebPage","@id":"https:\/\/www.ull.es\/portal\/noticias\/2007\/jorge-ramos-la-difusin-cientfica-acelera-los-procesos-de-innovacin\/","url":"https:\/\/www.ull.es\/portal\/noticias\/2007\/jorge-ramos-la-difusin-cientfica-acelera-los-procesos-de-innovacin\/","name":"Jorge Ramos: \"La difusi\u00f3n cient\u00edfica acelera los procesos de innovaci\u00f3n\" - ULL - Noticias","isPartOf":{"@id":"https:\/\/www.ull.es\/portal\/noticias\/#website"},"datePublished":"2007-03-09T00:00:00+00:00","dateModified":"2007-03-09T00:00:00+00:00","author":{"@id":"https:\/\/www.ull.es\/portal\/noticias\/#\/schema\/person\/c3b2aa857797592927a03740d6664376"},"breadcrumb":{"@id":"https:\/\/www.ull.es\/portal\/noticias\/2007\/jorge-ramos-la-difusin-cientfica-acelera-los-procesos-de-innovacin\/#breadcrumb"},"inLanguage":"es","potentialAction":[{"@type":"ReadAction","target":["https:\/\/www.ull.es\/portal\/noticias\/2007\/jorge-ramos-la-difusin-cientfica-acelera-los-procesos-de-innovacin\/"]}]},{"@type":"BreadcrumbList","@id":"https:\/\/www.ull.es\/portal\/noticias\/2007\/jorge-ramos-la-difusin-cientfica-acelera-los-procesos-de-innovacin\/#breadcrumb","itemListElement":[{"@type":"ListItem","position":1,"name":"Portada","item":"https:\/\/www.ull.es\/portal\/noticias\/"},{"@type":"ListItem","position":2,"name":"Jorge Ramos: \u00abLa difusi\u00f3n cient\u00edfica acelera los procesos de innovaci\u00f3n\u00bb"}]},{"@type":"WebSite","@id":"https:\/\/www.ull.es\/portal\/noticias\/#website","url":"https:\/\/www.ull.es\/portal\/noticias\/","name":"ULL - Noticias","description":"","potentialAction":[{"@type":"SearchAction","target":{"@type":"EntryPoint","urlTemplate":"https:\/\/www.ull.es\/portal\/noticias\/?s={search_term_string}"},"query-input":"required name=search_term_string"}],"inLanguage":"es"},{"@type":"Person","@id":"https:\/\/www.ull.es\/portal\/noticias\/#\/schema\/person\/c3b2aa857797592927a03740d6664376","name":"prensa2","image":{"@type":"ImageObject","inLanguage":"es","@id":"https:\/\/www.ull.es\/portal\/noticias\/#\/schema\/person\/image\/","url":"https:\/\/secure.gravatar.com\/avatar\/b58f310a5de5feb33d1e026d2493f23c?s=96&d=mm&r=g","contentUrl":"https:\/\/secure.gravatar.com\/avatar\/b58f310a5de5feb33d1e026d2493f23c?s=96&d=mm&r=g","caption":"prensa2"},"url":"https:\/\/www.ull.es\/portal\/noticias\/author\/prensa2\/"}]}},"primary_category":null,"featured_image_thumbnail_url":"https:\/\/www.ull.es\/portal\/noticias\/wp-content\/uploads\/sites\/13\/2015\/07\/pseudociencias-300x200.jpg","_links":{"self":[{"href":"https:\/\/www.ull.es\/portal\/noticias\/wp-json\/wp\/v2\/posts\/13477"}],"collection":[{"href":"https:\/\/www.ull.es\/portal\/noticias\/wp-json\/wp\/v2\/posts"}],"about":[{"href":"https:\/\/www.ull.es\/portal\/noticias\/wp-json\/wp\/v2\/types\/post"}],"author":[{"embeddable":true,"href":"https:\/\/www.ull.es\/portal\/noticias\/wp-json\/wp\/v2\/users\/21"}],"replies":[{"embeddable":true,"href":"https:\/\/www.ull.es\/portal\/noticias\/wp-json\/wp\/v2\/comments?post=13477"}],"version-history":[{"count":0,"href":"https:\/\/www.ull.es\/portal\/noticias\/wp-json\/wp\/v2\/posts\/13477\/revisions"}],"wp:featuredmedia":[{"embeddable":true,"href":"https:\/\/www.ull.es\/portal\/noticias\/wp-json\/wp\/v2\/media\/13478"}],"wp:attachment":[{"href":"https:\/\/www.ull.es\/portal\/noticias\/wp-json\/wp\/v2\/media?parent=13477"}],"wp:term":[{"taxonomy":"category","embeddable":true,"href":"https:\/\/www.ull.es\/portal\/noticias\/wp-json\/wp\/v2\/categories?post=13477"},{"taxonomy":"post_tag","embeddable":true,"href":"https:\/\/www.ull.es\/portal\/noticias\/wp-json\/wp\/v2\/tags?post=13477"}],"curies":[{"name":"wp","href":"https:\/\/api.w.org\/{rel}","templated":true}]}}