{"id":13490,"date":"2007-04-13T00:00:00","date_gmt":"2007-04-13T00:00:00","guid":{"rendered":"http:\/\/ddigital.webs.ull.es\/la-universidad-dedica-un-curso-a-la-relacin-entre-los-medios-de-comunicacin-la-tica-y-la-democracia\/"},"modified":"2007-04-13T00:00:00","modified_gmt":"2007-04-13T00:00:00","slug":"la-universidad-dedica-un-curso-a-la-relacin-entre-los-medios-de-comunicacin-la-tica-y-la-democracia","status":"publish","type":"post","link":"https:\/\/www.ull.es\/portal\/noticias\/2007\/la-universidad-dedica-un-curso-a-la-relacin-entre-los-medios-de-comunicacin-la-tica-y-la-democracia\/","title":{"rendered":"La universidad dedica un curso a la relaci\u00f3n entre los medios de comunicaci\u00f3n, la \u00e9tica y la democracia"},"content":{"rendered":"<p>Los periodistas y el mundo de la pol&iacute;tica mantienen en la actualidad una relaci&oacute;n en la que los l&iacute;mites &eacute;ticos de ambas actividades son continuamente bordeados. Esta situaci&oacute;n ser&aacute; la que centre el inter&eacute;s de uno de los cursos interdisciplinares que convoca la Universidad de La Laguna a trav&eacute;s de su Vicerrectorado de Extensi&oacute;n Universitaria. Bajo el t&iacute;tulo \u00abMedios de comunicaci&oacute;n, &eacute;tica y democracia\u00bb, este seminario comenzar&aacute; el 16 de abril y se prolongar&aacute; hasta el mes de noviembre, ya que sus contenidos se han estructurado en tres m&oacute;dulos que se desarrollar&aacute;n en diferentes momentos del a&ntilde;o.<\/p>\n<p><P>As&iacute;, el primero, titulado \u00abFilosof&iacute;a, Sociedad y Medios de Comunicaci&oacute;n\u00bb se celebrar&aacute; entre el 16 y el 20 de abril. El segundo, \u00abEntre lo Global y lo Local. Los Medios en Transformaci&oacute;n\u00bb se celebrar&aacute; del 14 a 18 de mayo, mientras que el tercero, \u00ab&eacute;tica y Pol&iacute;tica de la Informaci&oacute;n\u00bb, se desarrollar&aacute; entre el 24 a 28 de noviembre. En cada uno de los m&oacute;dulos del curso participar&aacute;n profesores de distintas universidades y profesionales de los medios de comunicaci&oacute;n con la idea de abrir un espacio de reflexi&oacute;n sobre la construcci&oacute;n medi&aacute;tica de la realidad al tiempo que se expondr&aacute;n los riesgos y oportunidades de la actual sociedad de la informaci&oacute;n. El curso ser&aacute; dirigido por los profesores de Filosof&iacute;a Moral Mar&iacute;a Jos&eacute; Guerra Palmero y Domingo Fern&aacute;ndez Agis y por el profesor de Periodismo Rodrigo Fidel Rodr&iacute;guez Borges.<\/P><P>El objetivo principal del curso es ofrecer una visi&oacute;n plural y contrastada de los medios de comunicaci&oacute;n, atendiendo tanto a su funcionamiento real como a sus implicaciones &eacute;ticas, jur&iacute;dicas y pol&iacute;ticas. La revoluci&oacute;n de las tecnolog&iacute;as de la informaci&oacute;n hace que cada nueva informaci&oacute;n conocida pueda ser transmitida al instante, sin que parezca haber tiempo para la verificaci&oacute;n de la informaci&oacute;n, la reflexi&oacute;n sobre su importancia o para la evaluaci&oacute;n &eacute;tica de las consecuencias de su divulgaci&oacute;n. <\/P><P>Los conflictos y situaciones sangrantes permanecen invisibles si no hay cobertura informativa, hasta el punto de que para \u00abser\u00bb en la sociedad actual equivale a \u00abaparecer\u00bb en los medios de informaci&oacute;n. Por otra parte, nunca la humanidad, televidente, radioyente o intern&aacute;utica, ha tenido acceso a tanta cantidad de informaci&oacute;n. Sin embargo, esta abundancia no garantiza su calidad. Controlar los flujos informativos y de opini&oacute;n desde los poderes econ&oacute;micos, sociales y pol&iacute;ticos parece ser una obsesi&oacute;n, tal y como ejemplifican numerosos casos recientes.<\/P><P>El programa completo del curso est&aacute; disponible en la web institucional <a href=\"http:\/\/www2.ull.es\/extenuni\/interdisciplinares\/medios_comunicacion07.pdf\" target=\"_blank\" rel=\"noopener\">www2.ull.es\/extenuni\/interdisciplinares\/medios_comunicacion07.pdf<\/A>.<\/P><\/p>\n","protected":false},"excerpt":{"rendered":"<p>Los periodistas y el mundo de la pol&iacute;tica mantienen en la actualidad una relaci&oacute;n en la que los l&iacute;mites &eacute;ticos&#8230;<\/p>\n","protected":false},"author":21,"featured_media":0,"comment_status":"open","ping_status":"open","sticky":false,"template":"","format":"standard","meta":{"inline_featured_image":false,"footnotes":""},"categories":[346],"tags":[],"acf":[],"yoast_head":"<!-- This site is optimized with the Yoast SEO plugin v21.3 - https:\/\/yoast.com\/wordpress\/plugins\/seo\/ -->\n<title>La universidad dedica un curso a la relaci\u00f3n entre los medios de comunicaci\u00f3n, la \u00e9tica y la democracia - ULL - Noticias<\/title>\n<meta name=\"robots\" content=\"index, follow, max-snippet:-1, max-image-preview:large, max-video-preview:-1\" \/>\n<link rel=\"canonical\" href=\"https:\/\/www.ull.es\/portal\/noticias\/2007\/la-universidad-dedica-un-curso-a-la-relacin-entre-los-medios-de-comunicacin-la-tica-y-la-democracia\/\" \/>\n<meta property=\"og:locale\" content=\"es_ES\" \/>\n<meta property=\"og:type\" content=\"article\" \/>\n<meta property=\"og:title\" content=\"La universidad dedica un curso a la relaci\u00f3n entre los medios de comunicaci\u00f3n, la \u00e9tica y la democracia - ULL - Noticias\" \/>\n<meta property=\"og:description\" content=\"Los periodistas y el mundo de la pol&iacute;tica mantienen en la actualidad una relaci&oacute;n en la que los l&iacute;mites &eacute;ticos...\" \/>\n<meta property=\"og:url\" content=\"https:\/\/www.ull.es\/portal\/noticias\/2007\/la-universidad-dedica-un-curso-a-la-relacin-entre-los-medios-de-comunicacin-la-tica-y-la-democracia\/\" \/>\n<meta property=\"og:site_name\" content=\"ULL - Noticias\" \/>\n<meta property=\"article:publisher\" content=\"https:\/\/www.facebook.com\/universidaddelalaguna\/\" \/>\n<meta property=\"article:published_time\" content=\"2007-04-13T00:00:00+00:00\" \/>\n<meta property=\"og:image\" content=\"https:\/\/www.ull.es\/portal\/noticias\/wp-content\/uploads\/sites\/13\/2023\/06\/logo-redimensionado.png\" \/>\n\t<meta property=\"og:image:width\" content=\"1200\" \/>\n\t<meta property=\"og:image:height\" content=\"630\" \/>\n\t<meta property=\"og:image:type\" content=\"image\/png\" \/>\n<meta name=\"author\" content=\"prensa2\" \/>\n<meta name=\"twitter:card\" content=\"summary_large_image\" \/>\n<meta name=\"twitter:creator\" content=\"@CanalULL\" \/>\n<meta name=\"twitter:site\" content=\"@CanalULL\" \/>\n<meta name=\"twitter:label1\" content=\"Escrito por\" \/>\n\t<meta name=\"twitter:data1\" content=\"prensa2\" \/>\n\t<meta name=\"twitter:label2\" content=\"Tiempo de lectura\" \/>\n\t<meta name=\"twitter:data2\" content=\"3 minutos\" \/>\n<script type=\"application\/ld+json\" class=\"yoast-schema-graph\">{\"@context\":\"https:\/\/schema.org\",\"@graph\":[{\"@type\":\"WebPage\",\"@id\":\"https:\/\/www.ull.es\/portal\/noticias\/2007\/la-universidad-dedica-un-curso-a-la-relacin-entre-los-medios-de-comunicacin-la-tica-y-la-democracia\/\",\"url\":\"https:\/\/www.ull.es\/portal\/noticias\/2007\/la-universidad-dedica-un-curso-a-la-relacin-entre-los-medios-de-comunicacin-la-tica-y-la-democracia\/\",\"name\":\"La universidad dedica un curso a la relaci\u00f3n entre los medios de comunicaci\u00f3n, la \u00e9tica y la democracia - ULL - Noticias\",\"isPartOf\":{\"@id\":\"https:\/\/www.ull.es\/portal\/noticias\/#website\"},\"datePublished\":\"2007-04-13T00:00:00+00:00\",\"dateModified\":\"2007-04-13T00:00:00+00:00\",\"author\":{\"@id\":\"https:\/\/www.ull.es\/portal\/noticias\/#\/schema\/person\/c3b2aa857797592927a03740d6664376\"},\"breadcrumb\":{\"@id\":\"https:\/\/www.ull.es\/portal\/noticias\/2007\/la-universidad-dedica-un-curso-a-la-relacin-entre-los-medios-de-comunicacin-la-tica-y-la-democracia\/#breadcrumb\"},\"inLanguage\":\"es\",\"potentialAction\":[{\"@type\":\"ReadAction\",\"target\":[\"https:\/\/www.ull.es\/portal\/noticias\/2007\/la-universidad-dedica-un-curso-a-la-relacin-entre-los-medios-de-comunicacin-la-tica-y-la-democracia\/\"]}]},{\"@type\":\"BreadcrumbList\",\"@id\":\"https:\/\/www.ull.es\/portal\/noticias\/2007\/la-universidad-dedica-un-curso-a-la-relacin-entre-los-medios-de-comunicacin-la-tica-y-la-democracia\/#breadcrumb\",\"itemListElement\":[{\"@type\":\"ListItem\",\"position\":1,\"name\":\"Portada\",\"item\":\"https:\/\/www.ull.es\/portal\/noticias\/\"},{\"@type\":\"ListItem\",\"position\":2,\"name\":\"La universidad dedica un curso a la relaci\u00f3n entre los medios de comunicaci\u00f3n, la \u00e9tica y la democracia\"}]},{\"@type\":\"WebSite\",\"@id\":\"https:\/\/www.ull.es\/portal\/noticias\/#website\",\"url\":\"https:\/\/www.ull.es\/portal\/noticias\/\",\"name\":\"ULL - Noticias\",\"description\":\"\",\"potentialAction\":[{\"@type\":\"SearchAction\",\"target\":{\"@type\":\"EntryPoint\",\"urlTemplate\":\"https:\/\/www.ull.es\/portal\/noticias\/?s={search_term_string}\"},\"query-input\":\"required name=search_term_string\"}],\"inLanguage\":\"es\"},{\"@type\":\"Person\",\"@id\":\"https:\/\/www.ull.es\/portal\/noticias\/#\/schema\/person\/c3b2aa857797592927a03740d6664376\",\"name\":\"prensa2\",\"image\":{\"@type\":\"ImageObject\",\"inLanguage\":\"es\",\"@id\":\"https:\/\/www.ull.es\/portal\/noticias\/#\/schema\/person\/image\/\",\"url\":\"https:\/\/secure.gravatar.com\/avatar\/b58f310a5de5feb33d1e026d2493f23c?s=96&d=mm&r=g\",\"contentUrl\":\"https:\/\/secure.gravatar.com\/avatar\/b58f310a5de5feb33d1e026d2493f23c?s=96&d=mm&r=g\",\"caption\":\"prensa2\"},\"url\":\"https:\/\/www.ull.es\/portal\/noticias\/author\/prensa2\/\"}]}<\/script>\n<!-- \/ Yoast SEO plugin. -->","yoast_head_json":{"title":"La universidad dedica un curso a la relaci\u00f3n entre los medios de comunicaci\u00f3n, la \u00e9tica y la democracia - ULL - Noticias","robots":{"index":"index","follow":"follow","max-snippet":"max-snippet:-1","max-image-preview":"max-image-preview:large","max-video-preview":"max-video-preview:-1"},"canonical":"https:\/\/www.ull.es\/portal\/noticias\/2007\/la-universidad-dedica-un-curso-a-la-relacin-entre-los-medios-de-comunicacin-la-tica-y-la-democracia\/","og_locale":"es_ES","og_type":"article","og_title":"La universidad dedica un curso a la relaci\u00f3n entre los medios de comunicaci\u00f3n, la \u00e9tica y la democracia - ULL - Noticias","og_description":"Los periodistas y el mundo de la pol&iacute;tica mantienen en la actualidad una relaci&oacute;n en la que los l&iacute;mites &eacute;ticos...","og_url":"https:\/\/www.ull.es\/portal\/noticias\/2007\/la-universidad-dedica-un-curso-a-la-relacin-entre-los-medios-de-comunicacin-la-tica-y-la-democracia\/","og_site_name":"ULL - Noticias","article_publisher":"https:\/\/www.facebook.com\/universidaddelalaguna\/","article_published_time":"2007-04-13T00:00:00+00:00","og_image":[{"width":1200,"height":630,"url":"https:\/\/www.ull.es\/portal\/noticias\/wp-content\/uploads\/sites\/13\/2023\/06\/logo-redimensionado.png","type":"image\/png"}],"author":"prensa2","twitter_card":"summary_large_image","twitter_creator":"@CanalULL","twitter_site":"@CanalULL","twitter_misc":{"Escrito por":"prensa2","Tiempo de lectura":"3 minutos"},"schema":{"@context":"https:\/\/schema.org","@graph":[{"@type":"WebPage","@id":"https:\/\/www.ull.es\/portal\/noticias\/2007\/la-universidad-dedica-un-curso-a-la-relacin-entre-los-medios-de-comunicacin-la-tica-y-la-democracia\/","url":"https:\/\/www.ull.es\/portal\/noticias\/2007\/la-universidad-dedica-un-curso-a-la-relacin-entre-los-medios-de-comunicacin-la-tica-y-la-democracia\/","name":"La universidad dedica un curso a la relaci\u00f3n entre los medios de comunicaci\u00f3n, la \u00e9tica y la democracia - ULL - Noticias","isPartOf":{"@id":"https:\/\/www.ull.es\/portal\/noticias\/#website"},"datePublished":"2007-04-13T00:00:00+00:00","dateModified":"2007-04-13T00:00:00+00:00","author":{"@id":"https:\/\/www.ull.es\/portal\/noticias\/#\/schema\/person\/c3b2aa857797592927a03740d6664376"},"breadcrumb":{"@id":"https:\/\/www.ull.es\/portal\/noticias\/2007\/la-universidad-dedica-un-curso-a-la-relacin-entre-los-medios-de-comunicacin-la-tica-y-la-democracia\/#breadcrumb"},"inLanguage":"es","potentialAction":[{"@type":"ReadAction","target":["https:\/\/www.ull.es\/portal\/noticias\/2007\/la-universidad-dedica-un-curso-a-la-relacin-entre-los-medios-de-comunicacin-la-tica-y-la-democracia\/"]}]},{"@type":"BreadcrumbList","@id":"https:\/\/www.ull.es\/portal\/noticias\/2007\/la-universidad-dedica-un-curso-a-la-relacin-entre-los-medios-de-comunicacin-la-tica-y-la-democracia\/#breadcrumb","itemListElement":[{"@type":"ListItem","position":1,"name":"Portada","item":"https:\/\/www.ull.es\/portal\/noticias\/"},{"@type":"ListItem","position":2,"name":"La universidad dedica un curso a la relaci\u00f3n entre los medios de comunicaci\u00f3n, la \u00e9tica y la democracia"}]},{"@type":"WebSite","@id":"https:\/\/www.ull.es\/portal\/noticias\/#website","url":"https:\/\/www.ull.es\/portal\/noticias\/","name":"ULL - Noticias","description":"","potentialAction":[{"@type":"SearchAction","target":{"@type":"EntryPoint","urlTemplate":"https:\/\/www.ull.es\/portal\/noticias\/?s={search_term_string}"},"query-input":"required name=search_term_string"}],"inLanguage":"es"},{"@type":"Person","@id":"https:\/\/www.ull.es\/portal\/noticias\/#\/schema\/person\/c3b2aa857797592927a03740d6664376","name":"prensa2","image":{"@type":"ImageObject","inLanguage":"es","@id":"https:\/\/www.ull.es\/portal\/noticias\/#\/schema\/person\/image\/","url":"https:\/\/secure.gravatar.com\/avatar\/b58f310a5de5feb33d1e026d2493f23c?s=96&d=mm&r=g","contentUrl":"https:\/\/secure.gravatar.com\/avatar\/b58f310a5de5feb33d1e026d2493f23c?s=96&d=mm&r=g","caption":"prensa2"},"url":"https:\/\/www.ull.es\/portal\/noticias\/author\/prensa2\/"}]}},"primary_category":null,"featured_image_thumbnail_url":null,"_links":{"self":[{"href":"https:\/\/www.ull.es\/portal\/noticias\/wp-json\/wp\/v2\/posts\/13490"}],"collection":[{"href":"https:\/\/www.ull.es\/portal\/noticias\/wp-json\/wp\/v2\/posts"}],"about":[{"href":"https:\/\/www.ull.es\/portal\/noticias\/wp-json\/wp\/v2\/types\/post"}],"author":[{"embeddable":true,"href":"https:\/\/www.ull.es\/portal\/noticias\/wp-json\/wp\/v2\/users\/21"}],"replies":[{"embeddable":true,"href":"https:\/\/www.ull.es\/portal\/noticias\/wp-json\/wp\/v2\/comments?post=13490"}],"version-history":[{"count":0,"href":"https:\/\/www.ull.es\/portal\/noticias\/wp-json\/wp\/v2\/posts\/13490\/revisions"}],"wp:attachment":[{"href":"https:\/\/www.ull.es\/portal\/noticias\/wp-json\/wp\/v2\/media?parent=13490"}],"wp:term":[{"taxonomy":"category","embeddable":true,"href":"https:\/\/www.ull.es\/portal\/noticias\/wp-json\/wp\/v2\/categories?post=13490"},{"taxonomy":"post_tag","embeddable":true,"href":"https:\/\/www.ull.es\/portal\/noticias\/wp-json\/wp\/v2\/tags?post=13490"}],"curies":[{"name":"wp","href":"https:\/\/api.w.org\/{rel}","templated":true}]}}