{"id":13498,"date":"2007-09-10T00:00:00","date_gmt":"2007-09-10T00:00:00","guid":{"rendered":"http:\/\/ddigital.webs.ull.es\/direccin-de-comercio-exterior-y-de-planificacin-del-turismo-mster-oficiales-de-la-escuela-de-empresariales\/"},"modified":"2007-09-10T00:00:00","modified_gmt":"2007-09-10T00:00:00","slug":"direccin-de-comercio-exterior-y-de-planificacin-del-turismo-mster-oficiales-de-la-escuela-de-empresariales","status":"publish","type":"post","link":"https:\/\/www.ull.es\/portal\/noticias\/2007\/direccin-de-comercio-exterior-y-de-planificacin-del-turismo-mster-oficiales-de-la-escuela-de-empresariales\/","title":{"rendered":"Direcci\u00f3n de Comercio Exterior y de Planificaci\u00f3n del Turismo, m\u00e1ster oficiales de la Escuela de Empresariales"},"content":{"rendered":"<p><P>La Escuela Universitaria de Ciencias Empresariales de la Universidad de La Laguna contar&aacute; en este curso 2007\/08 con dos programas oficiales de posgrado: M&aacute;ster en Direcci&oacute;n de Comercio Exterior y M&aacute;ster en Direcci&oacute;n de Planificaci&oacute;n del Turismo. Sendos t&iacute;tulos han sido adaptados a los criterios de la convergencia europea y disponen por tanto de validez en todo el territorio de la Uni&oacute;n.<\/P><\/p>\n<p><P align=\"justify\">Seg&uacute;n explica Francisco Garc&iacute;a, subdirector de Ordenaci&oacute;n Acad&eacute;mica de la escuela universitaria, \u00aben el actual contexto econ&oacute;mico de creciente globalizaci&oacute;n, liberalizaci&oacute;n y competitividad, la internacionalizaci&oacute;n constituye una estrategia empresarial fundamental. Esto es especialmente relevante en el caso de las empresas canarias, en la medida que nuestra regi&oacute;n se encuentra en una posici&oacute;n privilegiada para convertirse en la principal plataforma de conexi&oacute;n estrat&eacute;gica, desde el punto de vista log&iacute;stico, comercial y financiero entre los continentes de Europa, &aacute;frica y Am&eacute;rica. Para el aprovechamiento de esta potencialidad va a resultar determinante la existencia en Canarias de recursos humanos de m&aacute;ximo nivel de preparaci&oacute;n, para lo cual han de jugar un papel clave sus universidades y centros de formaci&oacute;n superior\u00bb.<\/P><P align=\"justify\"><\/P><P align=\"justify\">El M&aacute;ster Oficial en Direcci&oacute;n de Comercio Exterior, en cuya organizaci&oacute;n participa tambi&eacute;n la C&aacute;mara de Comercio, Industria y Navegaci&oacute;n de Santa Cruz de Tenerife, cuenta con 300 horas de formaci&oacute;n te&oacute;rico-pr&aacute;ctica en el aula. Este t&iacute;tulo dispone de un plan de estudios que permite la incorporaci&oacute;n al mundo profesional a trav&eacute;s de la especializaci&oacute;n en un &aacute;mbito empresarial con gran potencial de demanda en el entorno. <\/P><P align=\"justify\"><\/P><P align=\"justify\">Adem&aacute;s de las pr&aacute;cticas profesionales en empresas con vocaci&oacute;n internacional, el alumno deber&aacute; realizar un trabajo fin de m&aacute;ster, consistente en un proyecto de creaci&oacute;n de una empresa de importaci&oacute;n-exportaci&oacute;n desde Canarias.<\/P><P align=\"justify\"><\/P><P align=\"justify\">Con este m&aacute;ster la direcci&oacute;n de la escuela universitaria asegura la adquisici&oacute;n de las destrezas y habilidades transversales necesarias: trabajo en equipo, dominio de las herramientas de comunicaci&oacute;n comercial, habilidad para la resoluci&oacute;n de problemas en entornos nuevos, complejos y poco conocidos, dentro de contextos multidisciplinares.<\/P><P align=\"justify\"><\/P><P align=\"justify\"><B><FONT face=\"Helvetica\">Planificar el turismo<\/P><\/B><\/FONT><P align=\"justify\"><\/P><P align=\"justify\">El M&aacute;ster Oficial en Direcci&oacute;n y Planificaci&oacute;n del Turismo parte de la base de que el turismo constituye la actividad motriz de la econom&iacute;a canaria, as&iacute; como uno de los sectores m&aacute;s din&aacute;micos en el concierto internacional. Cuenta con unas expectativas de empleo cualificado importante, puesto que se encuentra en una encrucijada de cambio, de adaptaci&oacute;n y apuesta por la calidad y la profesionalizaci&oacute;n. <\/P><P align=\"justify\"><\/P><P align=\"justify\">Los objetivos espec&iacute;ficos de esta formaci&oacute;n de posgrado son, entre otros, preparar profesionales para la toma de decisiones en puestos de alta responsabilidad en empresas, actividades e instituciones de turismo; capacitar a los profesionales para dar respuesta a las exigencias de sostenibilidad, diversidad y calidad de los mercados tur&iacute;sticos; formar en la aplicaci&oacute;n de m&eacute;todos, instrumentos y pr&aacute;cticas para el desarrollo y la gesti&oacute;n eficiente de las actividades tur&iacute;sticas y facilitar la incorporaci&oacute;n de soluciones tecnol&oacute;gicas en la gesti&oacute;n de establecimientos, actividades y destinos.<\/P><P align=\"justify\"><\/P><P align=\"justify\">La preinscripci&oacute;n en el M&aacute;ster en Direcci&oacute;n de Comercio Exterior (<U><a class=\"sumario\" href=\"http:\/\/webpages.ull.es\/users\/comext\" target=\"_new\" target=\"_blank\" rel=\"noopener\">http:\/\/webpages.ull.es\/users\/comext<\/A><\/U>) y en el de Direcci&oacute;n y Planificaci&oacute;n del Turismo (<U><a class=\"sumario\" href=\"http:\/\/webpages.ull.users\/pturismo\" target=\"_new\" target=\"_blank\" rel=\"noopener\">http:\/\/webpages.ull.es\/users\/pturismo<\/A><\/U>) se podr&aacute; llevar a cabo en la Secretar&iacute;a Escuela Universitaria de Ciencias Empresariales en estos d&iacute;as.<\/P><\/p>\n","protected":false},"excerpt":{"rendered":"<p>La Escuela Universitaria de Ciencias Empresariales de la Universidad de La Laguna contar&aacute; en este curso 2007\/08 con dos programas&#8230;<\/p>\n","protected":false},"author":21,"featured_media":0,"comment_status":"open","ping_status":"open","sticky":false,"template":"","format":"standard","meta":{"inline_featured_image":false,"footnotes":""},"categories":[346],"tags":[],"acf":[],"yoast_head":"<!-- This site is optimized with the Yoast SEO plugin v21.3 - https:\/\/yoast.com\/wordpress\/plugins\/seo\/ -->\n<title>Direcci\u00f3n de Comercio Exterior y de Planificaci\u00f3n del Turismo, m\u00e1ster oficiales de la Escuela de Empresariales - ULL - Noticias<\/title>\n<meta name=\"robots\" content=\"index, follow, max-snippet:-1, max-image-preview:large, max-video-preview:-1\" \/>\n<link rel=\"canonical\" href=\"https:\/\/www.ull.es\/portal\/noticias\/2007\/direccin-de-comercio-exterior-y-de-planificacin-del-turismo-mster-oficiales-de-la-escuela-de-empresariales\/\" \/>\n<meta property=\"og:locale\" content=\"es_ES\" \/>\n<meta property=\"og:type\" content=\"article\" \/>\n<meta property=\"og:title\" content=\"Direcci\u00f3n de Comercio Exterior y de Planificaci\u00f3n del Turismo, m\u00e1ster oficiales de la Escuela de Empresariales - ULL - Noticias\" \/>\n<meta property=\"og:description\" content=\"La Escuela Universitaria de Ciencias Empresariales de la Universidad de La Laguna contar&aacute; en este curso 2007\/08 con dos programas...\" \/>\n<meta property=\"og:url\" content=\"https:\/\/www.ull.es\/portal\/noticias\/2007\/direccin-de-comercio-exterior-y-de-planificacin-del-turismo-mster-oficiales-de-la-escuela-de-empresariales\/\" \/>\n<meta property=\"og:site_name\" content=\"ULL - Noticias\" \/>\n<meta property=\"article:publisher\" content=\"https:\/\/www.facebook.com\/universidaddelalaguna\/\" \/>\n<meta property=\"article:published_time\" content=\"2007-09-10T00:00:00+00:00\" \/>\n<meta property=\"og:image\" content=\"https:\/\/www.ull.es\/portal\/noticias\/wp-content\/uploads\/sites\/13\/2023\/06\/logo-redimensionado.png\" \/>\n\t<meta property=\"og:image:width\" content=\"1200\" \/>\n\t<meta property=\"og:image:height\" content=\"630\" \/>\n\t<meta property=\"og:image:type\" content=\"image\/png\" \/>\n<meta name=\"author\" content=\"prensa2\" \/>\n<meta name=\"twitter:card\" content=\"summary_large_image\" \/>\n<meta name=\"twitter:creator\" content=\"@CanalULL\" \/>\n<meta name=\"twitter:site\" content=\"@CanalULL\" \/>\n<meta name=\"twitter:label1\" content=\"Escrito por\" \/>\n\t<meta name=\"twitter:data1\" content=\"prensa2\" \/>\n\t<meta name=\"twitter:label2\" content=\"Tiempo de lectura\" \/>\n\t<meta name=\"twitter:data2\" content=\"3 minutos\" \/>\n<script type=\"application\/ld+json\" class=\"yoast-schema-graph\">{\"@context\":\"https:\/\/schema.org\",\"@graph\":[{\"@type\":\"WebPage\",\"@id\":\"https:\/\/www.ull.es\/portal\/noticias\/2007\/direccin-de-comercio-exterior-y-de-planificacin-del-turismo-mster-oficiales-de-la-escuela-de-empresariales\/\",\"url\":\"https:\/\/www.ull.es\/portal\/noticias\/2007\/direccin-de-comercio-exterior-y-de-planificacin-del-turismo-mster-oficiales-de-la-escuela-de-empresariales\/\",\"name\":\"Direcci\u00f3n de Comercio Exterior y de Planificaci\u00f3n del Turismo, m\u00e1ster oficiales de la Escuela de Empresariales - ULL - Noticias\",\"isPartOf\":{\"@id\":\"https:\/\/www.ull.es\/portal\/noticias\/#website\"},\"datePublished\":\"2007-09-10T00:00:00+00:00\",\"dateModified\":\"2007-09-10T00:00:00+00:00\",\"author\":{\"@id\":\"https:\/\/www.ull.es\/portal\/noticias\/#\/schema\/person\/c3b2aa857797592927a03740d6664376\"},\"breadcrumb\":{\"@id\":\"https:\/\/www.ull.es\/portal\/noticias\/2007\/direccin-de-comercio-exterior-y-de-planificacin-del-turismo-mster-oficiales-de-la-escuela-de-empresariales\/#breadcrumb\"},\"inLanguage\":\"es\",\"potentialAction\":[{\"@type\":\"ReadAction\",\"target\":[\"https:\/\/www.ull.es\/portal\/noticias\/2007\/direccin-de-comercio-exterior-y-de-planificacin-del-turismo-mster-oficiales-de-la-escuela-de-empresariales\/\"]}]},{\"@type\":\"BreadcrumbList\",\"@id\":\"https:\/\/www.ull.es\/portal\/noticias\/2007\/direccin-de-comercio-exterior-y-de-planificacin-del-turismo-mster-oficiales-de-la-escuela-de-empresariales\/#breadcrumb\",\"itemListElement\":[{\"@type\":\"ListItem\",\"position\":1,\"name\":\"Portada\",\"item\":\"https:\/\/www.ull.es\/portal\/noticias\/\"},{\"@type\":\"ListItem\",\"position\":2,\"name\":\"Direcci\u00f3n de Comercio Exterior y de Planificaci\u00f3n del Turismo, m\u00e1ster oficiales de la Escuela de Empresariales\"}]},{\"@type\":\"WebSite\",\"@id\":\"https:\/\/www.ull.es\/portal\/noticias\/#website\",\"url\":\"https:\/\/www.ull.es\/portal\/noticias\/\",\"name\":\"ULL - Noticias\",\"description\":\"\",\"potentialAction\":[{\"@type\":\"SearchAction\",\"target\":{\"@type\":\"EntryPoint\",\"urlTemplate\":\"https:\/\/www.ull.es\/portal\/noticias\/?s={search_term_string}\"},\"query-input\":\"required name=search_term_string\"}],\"inLanguage\":\"es\"},{\"@type\":\"Person\",\"@id\":\"https:\/\/www.ull.es\/portal\/noticias\/#\/schema\/person\/c3b2aa857797592927a03740d6664376\",\"name\":\"prensa2\",\"image\":{\"@type\":\"ImageObject\",\"inLanguage\":\"es\",\"@id\":\"https:\/\/www.ull.es\/portal\/noticias\/#\/schema\/person\/image\/\",\"url\":\"https:\/\/secure.gravatar.com\/avatar\/b58f310a5de5feb33d1e026d2493f23c?s=96&d=mm&r=g\",\"contentUrl\":\"https:\/\/secure.gravatar.com\/avatar\/b58f310a5de5feb33d1e026d2493f23c?s=96&d=mm&r=g\",\"caption\":\"prensa2\"},\"url\":\"https:\/\/www.ull.es\/portal\/noticias\/author\/prensa2\/\"}]}<\/script>\n<!-- \/ Yoast SEO plugin. -->","yoast_head_json":{"title":"Direcci\u00f3n de Comercio Exterior y de Planificaci\u00f3n del Turismo, m\u00e1ster oficiales de la Escuela de Empresariales - ULL - Noticias","robots":{"index":"index","follow":"follow","max-snippet":"max-snippet:-1","max-image-preview":"max-image-preview:large","max-video-preview":"max-video-preview:-1"},"canonical":"https:\/\/www.ull.es\/portal\/noticias\/2007\/direccin-de-comercio-exterior-y-de-planificacin-del-turismo-mster-oficiales-de-la-escuela-de-empresariales\/","og_locale":"es_ES","og_type":"article","og_title":"Direcci\u00f3n de Comercio Exterior y de Planificaci\u00f3n del Turismo, m\u00e1ster oficiales de la Escuela de Empresariales - ULL - Noticias","og_description":"La Escuela Universitaria de Ciencias Empresariales de la Universidad de La Laguna contar&aacute; en este curso 2007\/08 con dos programas...","og_url":"https:\/\/www.ull.es\/portal\/noticias\/2007\/direccin-de-comercio-exterior-y-de-planificacin-del-turismo-mster-oficiales-de-la-escuela-de-empresariales\/","og_site_name":"ULL - Noticias","article_publisher":"https:\/\/www.facebook.com\/universidaddelalaguna\/","article_published_time":"2007-09-10T00:00:00+00:00","og_image":[{"width":1200,"height":630,"url":"https:\/\/www.ull.es\/portal\/noticias\/wp-content\/uploads\/sites\/13\/2023\/06\/logo-redimensionado.png","type":"image\/png"}],"author":"prensa2","twitter_card":"summary_large_image","twitter_creator":"@CanalULL","twitter_site":"@CanalULL","twitter_misc":{"Escrito por":"prensa2","Tiempo de lectura":"3 minutos"},"schema":{"@context":"https:\/\/schema.org","@graph":[{"@type":"WebPage","@id":"https:\/\/www.ull.es\/portal\/noticias\/2007\/direccin-de-comercio-exterior-y-de-planificacin-del-turismo-mster-oficiales-de-la-escuela-de-empresariales\/","url":"https:\/\/www.ull.es\/portal\/noticias\/2007\/direccin-de-comercio-exterior-y-de-planificacin-del-turismo-mster-oficiales-de-la-escuela-de-empresariales\/","name":"Direcci\u00f3n de Comercio Exterior y de Planificaci\u00f3n del Turismo, m\u00e1ster oficiales de la Escuela de Empresariales - ULL - Noticias","isPartOf":{"@id":"https:\/\/www.ull.es\/portal\/noticias\/#website"},"datePublished":"2007-09-10T00:00:00+00:00","dateModified":"2007-09-10T00:00:00+00:00","author":{"@id":"https:\/\/www.ull.es\/portal\/noticias\/#\/schema\/person\/c3b2aa857797592927a03740d6664376"},"breadcrumb":{"@id":"https:\/\/www.ull.es\/portal\/noticias\/2007\/direccin-de-comercio-exterior-y-de-planificacin-del-turismo-mster-oficiales-de-la-escuela-de-empresariales\/#breadcrumb"},"inLanguage":"es","potentialAction":[{"@type":"ReadAction","target":["https:\/\/www.ull.es\/portal\/noticias\/2007\/direccin-de-comercio-exterior-y-de-planificacin-del-turismo-mster-oficiales-de-la-escuela-de-empresariales\/"]}]},{"@type":"BreadcrumbList","@id":"https:\/\/www.ull.es\/portal\/noticias\/2007\/direccin-de-comercio-exterior-y-de-planificacin-del-turismo-mster-oficiales-de-la-escuela-de-empresariales\/#breadcrumb","itemListElement":[{"@type":"ListItem","position":1,"name":"Portada","item":"https:\/\/www.ull.es\/portal\/noticias\/"},{"@type":"ListItem","position":2,"name":"Direcci\u00f3n de Comercio Exterior y de Planificaci\u00f3n del Turismo, m\u00e1ster oficiales de la Escuela de Empresariales"}]},{"@type":"WebSite","@id":"https:\/\/www.ull.es\/portal\/noticias\/#website","url":"https:\/\/www.ull.es\/portal\/noticias\/","name":"ULL - Noticias","description":"","potentialAction":[{"@type":"SearchAction","target":{"@type":"EntryPoint","urlTemplate":"https:\/\/www.ull.es\/portal\/noticias\/?s={search_term_string}"},"query-input":"required name=search_term_string"}],"inLanguage":"es"},{"@type":"Person","@id":"https:\/\/www.ull.es\/portal\/noticias\/#\/schema\/person\/c3b2aa857797592927a03740d6664376","name":"prensa2","image":{"@type":"ImageObject","inLanguage":"es","@id":"https:\/\/www.ull.es\/portal\/noticias\/#\/schema\/person\/image\/","url":"https:\/\/secure.gravatar.com\/avatar\/b58f310a5de5feb33d1e026d2493f23c?s=96&d=mm&r=g","contentUrl":"https:\/\/secure.gravatar.com\/avatar\/b58f310a5de5feb33d1e026d2493f23c?s=96&d=mm&r=g","caption":"prensa2"},"url":"https:\/\/www.ull.es\/portal\/noticias\/author\/prensa2\/"}]}},"primary_category":null,"featured_image_thumbnail_url":null,"_links":{"self":[{"href":"https:\/\/www.ull.es\/portal\/noticias\/wp-json\/wp\/v2\/posts\/13498"}],"collection":[{"href":"https:\/\/www.ull.es\/portal\/noticias\/wp-json\/wp\/v2\/posts"}],"about":[{"href":"https:\/\/www.ull.es\/portal\/noticias\/wp-json\/wp\/v2\/types\/post"}],"author":[{"embeddable":true,"href":"https:\/\/www.ull.es\/portal\/noticias\/wp-json\/wp\/v2\/users\/21"}],"replies":[{"embeddable":true,"href":"https:\/\/www.ull.es\/portal\/noticias\/wp-json\/wp\/v2\/comments?post=13498"}],"version-history":[{"count":0,"href":"https:\/\/www.ull.es\/portal\/noticias\/wp-json\/wp\/v2\/posts\/13498\/revisions"}],"wp:attachment":[{"href":"https:\/\/www.ull.es\/portal\/noticias\/wp-json\/wp\/v2\/media?parent=13498"}],"wp:term":[{"taxonomy":"category","embeddable":true,"href":"https:\/\/www.ull.es\/portal\/noticias\/wp-json\/wp\/v2\/categories?post=13498"},{"taxonomy":"post_tag","embeddable":true,"href":"https:\/\/www.ull.es\/portal\/noticias\/wp-json\/wp\/v2\/tags?post=13498"}],"curies":[{"name":"wp","href":"https:\/\/api.w.org\/{rel}","templated":true}]}}