{"id":13514,"date":"2007-10-15T00:00:00","date_gmt":"2007-10-15T00:00:00","guid":{"rendered":"http:\/\/ddigital.webs.ull.es\/unas-jornadas-acercarn-la-docencia-de-ingeniera-tcnica-industrial-a-la-prctica-profesional\/"},"modified":"2007-10-15T00:00:00","modified_gmt":"2007-10-15T00:00:00","slug":"unas-jornadas-acercarn-la-docencia-de-ingeniera-tcnica-industrial-a-la-prctica-profesional","status":"publish","type":"post","link":"https:\/\/www.ull.es\/portal\/noticias\/2007\/unas-jornadas-acercarn-la-docencia-de-ingeniera-tcnica-industrial-a-la-prctica-profesional\/","title":{"rendered":"Unas jornadas acercar\u00e1n la docencia de ingenier\u00eda t\u00e9cnica industrial a la pr\u00e1ctica profesional"},"content":{"rendered":"<p>La Escuela T&eacute;cnica Superior de Ingenier&iacute;a Civil e Industrial de la Universidad de La Laguna y el Colegio Oficial de Ingenieros T&eacute;cnicos Industriales de Santa Cruz de Tenerife han organizado unas jornadas que se celebrar&aacute;n los d&iacute;as 18 y 19 de octubre, con la intenci&oacute;n de acercar los mundos de la docencia y de la pr&aacute;ctica profesional de esta disciplina.<\/p>\n<p><P>De este modo, el d&iacute;a 18 la jornada se celebrar&aacute; en el edificio de las facultades de F&iacute;sica y Matem&aacute;ticas de la ULL, y en ella componentes del colegio profesional presentar&aacute;n al alumnado de la instituci&oacute;n acad&eacute;mica cu&aacute;les son sus actividades. Y el d&iacute;a 19 suceder&aacute; justo lo contrario: la cita ser&aacute; en las dependencias del Colegio Oficial de Ingenieros T&eacute;cnicos Industriales, y en ella ser&aacute; la ULL la que presente sus actividades al colectivo de profesionales.<\/P><P>Con estas jornadas, la direcci&oacute;n de la escuela universitaria pretende estrechar lazos con el entorno profesional, y en especial con los colegios profesionales. As&iacute;, adem&aacute;s del el Colegio Oficial de Ingenieros T&eacute;cnicos Industriales, tambi&eacute;n ha habido contactos con el Colegio de Ingenier&iacute;a en Obras P&uacute;blicas y con el Colegio de Ingenieros Superiores, con el fin de cubrir el espectro de todas las disciplinas sobre las que se imparte docencia en el centro docente.<\/P><P>Las relaciones con el Colegio de Ingenieros T&eacute;cnicos Industriales de Santa Cruz de Tenerife est&aacute;n siendo especialmente fecundas, ya que el &oacute;rgano profesional ha donado recientemente a la escuela un aula de inform&aacute;tica dotada con doce ordenadores de &uacute;ltima generaci&oacute;n, motivo por el cual se colocar&aacute; una placa de agradecimiento en la nueva dependencia al inicio de la jornada. Adem&aacute;s, la escuela y el colegio han organizado el premio a los mejores proyectos de fin de carrera de 2007, que se entregar&aacute;n el d&iacute;a 19 como cierre del evento.<\/P><P>Este premio, con una dotaci&oacute;n econ&oacute;mica de 1.000 euros, ha reca&iacute;do en los alumnos Miguel &aacute;ngel Est&eacute;vez P&eacute;rez y Alejandro Gonz&aacute;lez Sarasola, por un proyecto de veh&iacute;culo dom&eacute;stico de ayuda a personas con movilidad reducida. Tambi&eacute;n se entregar&aacute; un acc&eacute;sit de 500 euros a Lorena Hern&aacute;ndez Hern&aacute;ndez y Yunilba Vargas Mart&iacute;n por su proyecto de instalaci&oacute;n dom&oacute;tica de una vivienda.<\/P><P><STRONG>Programa<\/STRONG><\/P><P>El jornada del d&iacute;a 18 se impartir&aacute; en el aula 19 de la Escuela T&eacute;cnica Superior de Ingenier&iacute;a Civil e Industrial de la Universidad de La Laguna a partir de las 16 horas. Tras inaugurar el aula de inform&aacute;tica cedida por el organismo profesional, abrir&aacute; el evento el decano del mismo, Antonio M. Rodr&iacute;guez Mart&iacute;nez, con la charla Para qu&eacute; un Colegio Profesional de Ingenier&iacute;a T&eacute;cnica Industrial? Continuar&aacute; el secretario de la misma instituci&oacute;n, Andr&eacute;s F. Baute Guti&eacute;rrez, con la intervenci&oacute;n El profesional Ingeniero T&eacute;cnico Industrial. Seguidamente, ambos ponentes responder&aacute;n a un turno de preguntas del alumnado.<\/P><P>El d&iacute;a 19 la jornada se trasladar&aacute; a las dependencias del Colegio Oficial de Ingenieros T&eacute;cnicos Industriales de Santa Cruz de Tenerife, siguiendo una estructura similar: abrir&aacute; la directora de la escuela universitaria, Rosa Mar&iacute;a Aguilar Chinea, con una presentaci&oacute;n institucional de su centro, y la seguir&aacute; una profesora del mismo, Silvia Alay&oacute;n Miranda, cuya intervenci&oacute;n versar&aacute; sobre la colaboraci&oacute;n entre las empresas y la escuela, ya sea mediante pr&aacute;cticas o proyectos fin de carrera. Como sucediera en la jornada anterior, ambas participantes responder&aacute;n las preguntas de los asistentes al acto.<\/P><\/p>\n","protected":false},"excerpt":{"rendered":"<p>La Escuela T&eacute;cnica Superior de Ingenier&iacute;a Civil e Industrial de la Universidad de La Laguna y el Colegio Oficial de&#8230;<\/p>\n","protected":false},"author":21,"featured_media":0,"comment_status":"open","ping_status":"open","sticky":false,"template":"","format":"standard","meta":{"inline_featured_image":false,"footnotes":""},"categories":[346],"tags":[],"acf":[],"yoast_head":"<!-- This site is optimized with the Yoast SEO plugin v21.3 - https:\/\/yoast.com\/wordpress\/plugins\/seo\/ -->\n<title>Unas jornadas acercar\u00e1n la docencia de ingenier\u00eda t\u00e9cnica industrial a la pr\u00e1ctica profesional - ULL - Noticias<\/title>\n<meta name=\"robots\" content=\"index, follow, max-snippet:-1, max-image-preview:large, max-video-preview:-1\" \/>\n<link rel=\"canonical\" href=\"https:\/\/www.ull.es\/portal\/noticias\/2007\/unas-jornadas-acercarn-la-docencia-de-ingeniera-tcnica-industrial-a-la-prctica-profesional\/\" \/>\n<meta property=\"og:locale\" content=\"es_ES\" \/>\n<meta property=\"og:type\" content=\"article\" \/>\n<meta property=\"og:title\" content=\"Unas jornadas acercar\u00e1n la docencia de ingenier\u00eda t\u00e9cnica industrial a la pr\u00e1ctica profesional - ULL - Noticias\" \/>\n<meta property=\"og:description\" content=\"La Escuela T&eacute;cnica Superior de Ingenier&iacute;a Civil e Industrial de la Universidad de La Laguna y el Colegio Oficial de...\" \/>\n<meta property=\"og:url\" content=\"https:\/\/www.ull.es\/portal\/noticias\/2007\/unas-jornadas-acercarn-la-docencia-de-ingeniera-tcnica-industrial-a-la-prctica-profesional\/\" \/>\n<meta property=\"og:site_name\" content=\"ULL - Noticias\" \/>\n<meta property=\"article:publisher\" content=\"https:\/\/www.facebook.com\/universidaddelalaguna\/\" \/>\n<meta property=\"article:published_time\" content=\"2007-10-15T00:00:00+00:00\" \/>\n<meta property=\"og:image\" content=\"https:\/\/www.ull.es\/portal\/noticias\/wp-content\/uploads\/sites\/13\/2023\/06\/logo-redimensionado.png\" \/>\n\t<meta property=\"og:image:width\" content=\"1200\" \/>\n\t<meta property=\"og:image:height\" content=\"630\" \/>\n\t<meta property=\"og:image:type\" content=\"image\/png\" \/>\n<meta name=\"author\" content=\"prensa2\" \/>\n<meta name=\"twitter:card\" content=\"summary_large_image\" \/>\n<meta name=\"twitter:creator\" content=\"@CanalULL\" \/>\n<meta name=\"twitter:site\" content=\"@CanalULL\" \/>\n<meta name=\"twitter:label1\" content=\"Escrito por\" \/>\n\t<meta name=\"twitter:data1\" content=\"prensa2\" \/>\n\t<meta name=\"twitter:label2\" content=\"Tiempo de lectura\" \/>\n\t<meta name=\"twitter:data2\" content=\"3 minutos\" \/>\n<script type=\"application\/ld+json\" class=\"yoast-schema-graph\">{\"@context\":\"https:\/\/schema.org\",\"@graph\":[{\"@type\":\"WebPage\",\"@id\":\"https:\/\/www.ull.es\/portal\/noticias\/2007\/unas-jornadas-acercarn-la-docencia-de-ingeniera-tcnica-industrial-a-la-prctica-profesional\/\",\"url\":\"https:\/\/www.ull.es\/portal\/noticias\/2007\/unas-jornadas-acercarn-la-docencia-de-ingeniera-tcnica-industrial-a-la-prctica-profesional\/\",\"name\":\"Unas jornadas acercar\u00e1n la docencia de ingenier\u00eda t\u00e9cnica industrial a la pr\u00e1ctica profesional - ULL - Noticias\",\"isPartOf\":{\"@id\":\"https:\/\/www.ull.es\/portal\/noticias\/#website\"},\"datePublished\":\"2007-10-15T00:00:00+00:00\",\"dateModified\":\"2007-10-15T00:00:00+00:00\",\"author\":{\"@id\":\"https:\/\/www.ull.es\/portal\/noticias\/#\/schema\/person\/c3b2aa857797592927a03740d6664376\"},\"breadcrumb\":{\"@id\":\"https:\/\/www.ull.es\/portal\/noticias\/2007\/unas-jornadas-acercarn-la-docencia-de-ingeniera-tcnica-industrial-a-la-prctica-profesional\/#breadcrumb\"},\"inLanguage\":\"es\",\"potentialAction\":[{\"@type\":\"ReadAction\",\"target\":[\"https:\/\/www.ull.es\/portal\/noticias\/2007\/unas-jornadas-acercarn-la-docencia-de-ingeniera-tcnica-industrial-a-la-prctica-profesional\/\"]}]},{\"@type\":\"BreadcrumbList\",\"@id\":\"https:\/\/www.ull.es\/portal\/noticias\/2007\/unas-jornadas-acercarn-la-docencia-de-ingeniera-tcnica-industrial-a-la-prctica-profesional\/#breadcrumb\",\"itemListElement\":[{\"@type\":\"ListItem\",\"position\":1,\"name\":\"Portada\",\"item\":\"https:\/\/www.ull.es\/portal\/noticias\/\"},{\"@type\":\"ListItem\",\"position\":2,\"name\":\"Unas jornadas acercar\u00e1n la docencia de ingenier\u00eda t\u00e9cnica industrial a la pr\u00e1ctica profesional\"}]},{\"@type\":\"WebSite\",\"@id\":\"https:\/\/www.ull.es\/portal\/noticias\/#website\",\"url\":\"https:\/\/www.ull.es\/portal\/noticias\/\",\"name\":\"ULL - Noticias\",\"description\":\"\",\"potentialAction\":[{\"@type\":\"SearchAction\",\"target\":{\"@type\":\"EntryPoint\",\"urlTemplate\":\"https:\/\/www.ull.es\/portal\/noticias\/?s={search_term_string}\"},\"query-input\":\"required name=search_term_string\"}],\"inLanguage\":\"es\"},{\"@type\":\"Person\",\"@id\":\"https:\/\/www.ull.es\/portal\/noticias\/#\/schema\/person\/c3b2aa857797592927a03740d6664376\",\"name\":\"prensa2\",\"image\":{\"@type\":\"ImageObject\",\"inLanguage\":\"es\",\"@id\":\"https:\/\/www.ull.es\/portal\/noticias\/#\/schema\/person\/image\/\",\"url\":\"https:\/\/secure.gravatar.com\/avatar\/b58f310a5de5feb33d1e026d2493f23c?s=96&d=mm&r=g\",\"contentUrl\":\"https:\/\/secure.gravatar.com\/avatar\/b58f310a5de5feb33d1e026d2493f23c?s=96&d=mm&r=g\",\"caption\":\"prensa2\"},\"url\":\"https:\/\/www.ull.es\/portal\/noticias\/author\/prensa2\/\"}]}<\/script>\n<!-- \/ Yoast SEO plugin. -->","yoast_head_json":{"title":"Unas jornadas acercar\u00e1n la docencia de ingenier\u00eda t\u00e9cnica industrial a la pr\u00e1ctica profesional - ULL - Noticias","robots":{"index":"index","follow":"follow","max-snippet":"max-snippet:-1","max-image-preview":"max-image-preview:large","max-video-preview":"max-video-preview:-1"},"canonical":"https:\/\/www.ull.es\/portal\/noticias\/2007\/unas-jornadas-acercarn-la-docencia-de-ingeniera-tcnica-industrial-a-la-prctica-profesional\/","og_locale":"es_ES","og_type":"article","og_title":"Unas jornadas acercar\u00e1n la docencia de ingenier\u00eda t\u00e9cnica industrial a la pr\u00e1ctica profesional - ULL - Noticias","og_description":"La Escuela T&eacute;cnica Superior de Ingenier&iacute;a Civil e Industrial de la Universidad de La Laguna y el Colegio Oficial de...","og_url":"https:\/\/www.ull.es\/portal\/noticias\/2007\/unas-jornadas-acercarn-la-docencia-de-ingeniera-tcnica-industrial-a-la-prctica-profesional\/","og_site_name":"ULL - Noticias","article_publisher":"https:\/\/www.facebook.com\/universidaddelalaguna\/","article_published_time":"2007-10-15T00:00:00+00:00","og_image":[{"width":1200,"height":630,"url":"https:\/\/www.ull.es\/portal\/noticias\/wp-content\/uploads\/sites\/13\/2023\/06\/logo-redimensionado.png","type":"image\/png"}],"author":"prensa2","twitter_card":"summary_large_image","twitter_creator":"@CanalULL","twitter_site":"@CanalULL","twitter_misc":{"Escrito por":"prensa2","Tiempo de lectura":"3 minutos"},"schema":{"@context":"https:\/\/schema.org","@graph":[{"@type":"WebPage","@id":"https:\/\/www.ull.es\/portal\/noticias\/2007\/unas-jornadas-acercarn-la-docencia-de-ingeniera-tcnica-industrial-a-la-prctica-profesional\/","url":"https:\/\/www.ull.es\/portal\/noticias\/2007\/unas-jornadas-acercarn-la-docencia-de-ingeniera-tcnica-industrial-a-la-prctica-profesional\/","name":"Unas jornadas acercar\u00e1n la docencia de ingenier\u00eda t\u00e9cnica industrial a la pr\u00e1ctica profesional - ULL - Noticias","isPartOf":{"@id":"https:\/\/www.ull.es\/portal\/noticias\/#website"},"datePublished":"2007-10-15T00:00:00+00:00","dateModified":"2007-10-15T00:00:00+00:00","author":{"@id":"https:\/\/www.ull.es\/portal\/noticias\/#\/schema\/person\/c3b2aa857797592927a03740d6664376"},"breadcrumb":{"@id":"https:\/\/www.ull.es\/portal\/noticias\/2007\/unas-jornadas-acercarn-la-docencia-de-ingeniera-tcnica-industrial-a-la-prctica-profesional\/#breadcrumb"},"inLanguage":"es","potentialAction":[{"@type":"ReadAction","target":["https:\/\/www.ull.es\/portal\/noticias\/2007\/unas-jornadas-acercarn-la-docencia-de-ingeniera-tcnica-industrial-a-la-prctica-profesional\/"]}]},{"@type":"BreadcrumbList","@id":"https:\/\/www.ull.es\/portal\/noticias\/2007\/unas-jornadas-acercarn-la-docencia-de-ingeniera-tcnica-industrial-a-la-prctica-profesional\/#breadcrumb","itemListElement":[{"@type":"ListItem","position":1,"name":"Portada","item":"https:\/\/www.ull.es\/portal\/noticias\/"},{"@type":"ListItem","position":2,"name":"Unas jornadas acercar\u00e1n la docencia de ingenier\u00eda t\u00e9cnica industrial a la pr\u00e1ctica profesional"}]},{"@type":"WebSite","@id":"https:\/\/www.ull.es\/portal\/noticias\/#website","url":"https:\/\/www.ull.es\/portal\/noticias\/","name":"ULL - Noticias","description":"","potentialAction":[{"@type":"SearchAction","target":{"@type":"EntryPoint","urlTemplate":"https:\/\/www.ull.es\/portal\/noticias\/?s={search_term_string}"},"query-input":"required name=search_term_string"}],"inLanguage":"es"},{"@type":"Person","@id":"https:\/\/www.ull.es\/portal\/noticias\/#\/schema\/person\/c3b2aa857797592927a03740d6664376","name":"prensa2","image":{"@type":"ImageObject","inLanguage":"es","@id":"https:\/\/www.ull.es\/portal\/noticias\/#\/schema\/person\/image\/","url":"https:\/\/secure.gravatar.com\/avatar\/b58f310a5de5feb33d1e026d2493f23c?s=96&d=mm&r=g","contentUrl":"https:\/\/secure.gravatar.com\/avatar\/b58f310a5de5feb33d1e026d2493f23c?s=96&d=mm&r=g","caption":"prensa2"},"url":"https:\/\/www.ull.es\/portal\/noticias\/author\/prensa2\/"}]}},"primary_category":null,"featured_image_thumbnail_url":null,"_links":{"self":[{"href":"https:\/\/www.ull.es\/portal\/noticias\/wp-json\/wp\/v2\/posts\/13514"}],"collection":[{"href":"https:\/\/www.ull.es\/portal\/noticias\/wp-json\/wp\/v2\/posts"}],"about":[{"href":"https:\/\/www.ull.es\/portal\/noticias\/wp-json\/wp\/v2\/types\/post"}],"author":[{"embeddable":true,"href":"https:\/\/www.ull.es\/portal\/noticias\/wp-json\/wp\/v2\/users\/21"}],"replies":[{"embeddable":true,"href":"https:\/\/www.ull.es\/portal\/noticias\/wp-json\/wp\/v2\/comments?post=13514"}],"version-history":[{"count":0,"href":"https:\/\/www.ull.es\/portal\/noticias\/wp-json\/wp\/v2\/posts\/13514\/revisions"}],"wp:attachment":[{"href":"https:\/\/www.ull.es\/portal\/noticias\/wp-json\/wp\/v2\/media?parent=13514"}],"wp:term":[{"taxonomy":"category","embeddable":true,"href":"https:\/\/www.ull.es\/portal\/noticias\/wp-json\/wp\/v2\/categories?post=13514"},{"taxonomy":"post_tag","embeddable":true,"href":"https:\/\/www.ull.es\/portal\/noticias\/wp-json\/wp\/v2\/tags?post=13514"}],"curies":[{"name":"wp","href":"https:\/\/api.w.org\/{rel}","templated":true}]}}