{"id":13533,"date":"2007-11-30T00:00:00","date_gmt":"2007-11-30T00:00:00","guid":{"rendered":"http:\/\/ddigital.webs.ull.es\/la-facultad-de-derecho-celebrar-la-prxima-semana-sus-jornadas-sobre-la-constitucin\/"},"modified":"2007-11-30T00:00:00","modified_gmt":"2007-11-30T00:00:00","slug":"la-facultad-de-derecho-celebrar-la-prxima-semana-sus-jornadas-sobre-la-constitucin","status":"publish","type":"post","link":"https:\/\/www.ull.es\/portal\/noticias\/2007\/la-facultad-de-derecho-celebrar-la-prxima-semana-sus-jornadas-sobre-la-constitucin\/","title":{"rendered":"La Facultad de Derecho celebrar\u00e1 la pr\u00f3xima semana sus Jornadas sobre la Constituci\u00f3n"},"content":{"rendered":"<p><P align=\"justify\">Como cada a&ntilde;o, coincidiendo con el d&iacute;a de la Constituci&oacute;n, la Facultad de Derecho de la Universidad de La Laguna organiza unas jornadas de reflexi&oacute;n en torno a la Carta Magna, que se celebrar&aacute;n entre el 3 y el 5 de diciembre en el Aula Tom&aacute;s y Valiente del centro organizador. Las diferentes conferencias estar&aacute;n impartidas por docentes de la ULL, y la matr&iacute;cula para asistir es gratuita, y se podr&aacute; formalizar en la porter&iacute;a de la facultad. Las jornadas se celebrar&aacute;n a lo largo de todo el d&iacute;a, y tambi&eacute;n incluir&aacute;n debates entre los asistentes.<\/P><\/p>\n<p><P align=\"justify\">Este evento ser&aacute; inaugurado el lunes 3 de diciembre a las 9:50 horas, por el decano de la Facultad de Derecho de la ULL, Benito Rever&oacute;n Palenzuela. A las 10 se dictar&aacute; la primera conferencia, \u00abLa aplicaci&oacute;n constitucional preferente del Derecho Internacional\u00bb, a cargo de Eladio Arroyo Lara, catedr&aacute;tico de Derecho Internacional P&uacute;blico y Relaciones Internacionales. A las 11 horas intervendr&aacute; la profesora de Derecho Mercantil Lourdes Melero Bosch sobre \u00abLa tutela constitucional del consumidor insolvente\u00bb.<\/P><P align=\"justify\"><\/P><P align=\"justify\">Ya por la tarde, la profesora de Derecho del Trabajo Dulce Mar&iacute;a Cair&oacute;s Barreto disertar&aacute; a las 17 horas acerca de \u00abLa protecci&oacute;n del trabajo aut&oacute;nomo: viejos aspectos y nueva regulaci&oacute;n\u00bb, mientras que a las 18 horas M Asunci&oacute;n As&iacute;n Cabrera, profesora de Derecho Internacional Privado, hablar&aacute; sobre \u00abLa constituci&oacute;n espa&ntilde;ola y las relaciones de familia de car&aacute;cter multicultural\u00bb.<\/P><P align=\"justify\"><\/P><P align=\"justify\">El martes 4 de diciembre abrir&aacute; las jornadas la profesora de Derecho Civil M Ar&aacute;nzazu Calzadilla Medina con una conferencia en la que analizar&aacute; \u00abConstituci&oacute;n, medio ambiente y registro de la propiedad\u00bb. A las 11 horas le tocar&aacute; el turno a Antonio Dom&iacute;nguez Vila, profesor de Derecho Constitucional, quien profundizar&aacute; en \u00abLa reforma de la Constituci&oacute;n\u00bb.<\/P><P align=\"justify\"><\/P><P align=\"justify\">En las ponencias de tarde, el catedr&aacute;tico de Derecho Procesal Tom&aacute;s L&oacute;pez-Fragoso &aacute;lvarez disertar&aacute; sobre \u00abCiencia y proceso penal\u00bb, mientras que el docente de Derecho Administrativo Carlos de la Concha Bergillos intentar&aacute; responder a la pregunta \u00abEn qu&eacute; medida las administraciones p&uacute;blicas aplican y cumplen los principios constitucionales?\u00bb<\/P><P align=\"justify\"><\/P><P align=\"justify\">La ponencia que abrir&aacute; la tercera y &uacute;ltima jornada, el mi&eacute;rcoles 5 de diciembre, ser&aacute; \u00abDerecho a la intimidad y secreto profesional\u00bb, ofrecida por Judit Garc&iacute;a Sanz, especialista en Derecho Penal. A las 11 horas In&eacute;s Cobos S&aacute;enz de los Terrenos, profesora de Derecho Eclesi&aacute;stico del Estado, hablar&aacute; acerca de \u00abMujeres y credos religiosos en el sistema pol&iacute;tico\u00bb.<\/P><P align=\"justify\"><\/P><P align=\"justify\">Este curso se cerrar&aacute; con una intervenci&oacute;n a las 12.15 horas de Alberto de la Hera, catedr&aacute;tico de Historia de Am&eacute;rica de la Universidad Complutense de Madrid y ex director general de Asuntos Religiosos, cuya ponencia versar&aacute; sobre \u00abLa libertad religiosa en Espa&ntilde;a y en la Constituci&oacute;n de 1978\u00bb.<\/P><\/p>\n","protected":false},"excerpt":{"rendered":"<p>Como cada a&ntilde;o, coincidiendo con el d&iacute;a de la Constituci&oacute;n, la Facultad de Derecho de la Universidad de La Laguna&#8230;<\/p>\n","protected":false},"author":21,"featured_media":13485,"comment_status":"open","ping_status":"open","sticky":false,"template":"","format":"standard","meta":{"inline_featured_image":false,"footnotes":""},"categories":[346],"tags":[],"acf":[],"yoast_head":"<!-- This site is optimized with the Yoast SEO plugin v21.3 - https:\/\/yoast.com\/wordpress\/plugins\/seo\/ -->\n<title>La Facultad de Derecho celebrar\u00e1 la pr\u00f3xima semana sus Jornadas sobre la Constituci\u00f3n - ULL - Noticias<\/title>\n<meta name=\"robots\" content=\"index, follow, max-snippet:-1, max-image-preview:large, max-video-preview:-1\" \/>\n<link rel=\"canonical\" href=\"https:\/\/www.ull.es\/portal\/noticias\/2007\/la-facultad-de-derecho-celebrar-la-prxima-semana-sus-jornadas-sobre-la-constitucin\/\" \/>\n<meta property=\"og:locale\" content=\"es_ES\" \/>\n<meta property=\"og:type\" content=\"article\" \/>\n<meta property=\"og:title\" content=\"La Facultad de Derecho celebrar\u00e1 la pr\u00f3xima semana sus Jornadas sobre la Constituci\u00f3n - ULL - Noticias\" \/>\n<meta property=\"og:description\" content=\"Como cada a&ntilde;o, coincidiendo con el d&iacute;a de la Constituci&oacute;n, la Facultad de Derecho de la Universidad de La Laguna...\" \/>\n<meta property=\"og:url\" content=\"https:\/\/www.ull.es\/portal\/noticias\/2007\/la-facultad-de-derecho-celebrar-la-prxima-semana-sus-jornadas-sobre-la-constitucin\/\" \/>\n<meta property=\"og:site_name\" content=\"ULL - Noticias\" \/>\n<meta property=\"article:publisher\" content=\"https:\/\/www.facebook.com\/universidaddelalaguna\/\" \/>\n<meta property=\"article:published_time\" content=\"2007-11-30T00:00:00+00:00\" \/>\n<meta property=\"og:image\" content=\"https:\/\/www.ull.es\/portal\/noticias\/wp-content\/uploads\/sites\/13\/2015\/07\/derecho.jpg\" \/>\n\t<meta property=\"og:image:width\" content=\"800\" \/>\n\t<meta property=\"og:image:height\" content=\"569\" \/>\n\t<meta property=\"og:image:type\" content=\"image\/jpeg\" \/>\n<meta name=\"author\" content=\"prensa2\" \/>\n<meta name=\"twitter:card\" content=\"summary_large_image\" \/>\n<meta name=\"twitter:creator\" content=\"@CanalULL\" \/>\n<meta name=\"twitter:site\" content=\"@CanalULL\" \/>\n<meta name=\"twitter:label1\" content=\"Escrito por\" \/>\n\t<meta name=\"twitter:data1\" content=\"prensa2\" \/>\n\t<meta name=\"twitter:label2\" content=\"Tiempo de lectura\" \/>\n\t<meta name=\"twitter:data2\" content=\"3 minutos\" \/>\n<script type=\"application\/ld+json\" class=\"yoast-schema-graph\">{\"@context\":\"https:\/\/schema.org\",\"@graph\":[{\"@type\":\"WebPage\",\"@id\":\"https:\/\/www.ull.es\/portal\/noticias\/2007\/la-facultad-de-derecho-celebrar-la-prxima-semana-sus-jornadas-sobre-la-constitucin\/\",\"url\":\"https:\/\/www.ull.es\/portal\/noticias\/2007\/la-facultad-de-derecho-celebrar-la-prxima-semana-sus-jornadas-sobre-la-constitucin\/\",\"name\":\"La Facultad de Derecho celebrar\u00e1 la pr\u00f3xima semana sus Jornadas sobre la Constituci\u00f3n - ULL - Noticias\",\"isPartOf\":{\"@id\":\"https:\/\/www.ull.es\/portal\/noticias\/#website\"},\"datePublished\":\"2007-11-30T00:00:00+00:00\",\"dateModified\":\"2007-11-30T00:00:00+00:00\",\"author\":{\"@id\":\"https:\/\/www.ull.es\/portal\/noticias\/#\/schema\/person\/c3b2aa857797592927a03740d6664376\"},\"breadcrumb\":{\"@id\":\"https:\/\/www.ull.es\/portal\/noticias\/2007\/la-facultad-de-derecho-celebrar-la-prxima-semana-sus-jornadas-sobre-la-constitucin\/#breadcrumb\"},\"inLanguage\":\"es\",\"potentialAction\":[{\"@type\":\"ReadAction\",\"target\":[\"https:\/\/www.ull.es\/portal\/noticias\/2007\/la-facultad-de-derecho-celebrar-la-prxima-semana-sus-jornadas-sobre-la-constitucin\/\"]}]},{\"@type\":\"BreadcrumbList\",\"@id\":\"https:\/\/www.ull.es\/portal\/noticias\/2007\/la-facultad-de-derecho-celebrar-la-prxima-semana-sus-jornadas-sobre-la-constitucin\/#breadcrumb\",\"itemListElement\":[{\"@type\":\"ListItem\",\"position\":1,\"name\":\"Portada\",\"item\":\"https:\/\/www.ull.es\/portal\/noticias\/\"},{\"@type\":\"ListItem\",\"position\":2,\"name\":\"La Facultad de Derecho celebrar\u00e1 la pr\u00f3xima semana sus Jornadas sobre la Constituci\u00f3n\"}]},{\"@type\":\"WebSite\",\"@id\":\"https:\/\/www.ull.es\/portal\/noticias\/#website\",\"url\":\"https:\/\/www.ull.es\/portal\/noticias\/\",\"name\":\"ULL - Noticias\",\"description\":\"\",\"potentialAction\":[{\"@type\":\"SearchAction\",\"target\":{\"@type\":\"EntryPoint\",\"urlTemplate\":\"https:\/\/www.ull.es\/portal\/noticias\/?s={search_term_string}\"},\"query-input\":\"required name=search_term_string\"}],\"inLanguage\":\"es\"},{\"@type\":\"Person\",\"@id\":\"https:\/\/www.ull.es\/portal\/noticias\/#\/schema\/person\/c3b2aa857797592927a03740d6664376\",\"name\":\"prensa2\",\"image\":{\"@type\":\"ImageObject\",\"inLanguage\":\"es\",\"@id\":\"https:\/\/www.ull.es\/portal\/noticias\/#\/schema\/person\/image\/\",\"url\":\"https:\/\/secure.gravatar.com\/avatar\/b58f310a5de5feb33d1e026d2493f23c?s=96&d=mm&r=g\",\"contentUrl\":\"https:\/\/secure.gravatar.com\/avatar\/b58f310a5de5feb33d1e026d2493f23c?s=96&d=mm&r=g\",\"caption\":\"prensa2\"},\"url\":\"https:\/\/www.ull.es\/portal\/noticias\/author\/prensa2\/\"}]}<\/script>\n<!-- \/ Yoast SEO plugin. -->","yoast_head_json":{"title":"La Facultad de Derecho celebrar\u00e1 la pr\u00f3xima semana sus Jornadas sobre la Constituci\u00f3n - ULL - Noticias","robots":{"index":"index","follow":"follow","max-snippet":"max-snippet:-1","max-image-preview":"max-image-preview:large","max-video-preview":"max-video-preview:-1"},"canonical":"https:\/\/www.ull.es\/portal\/noticias\/2007\/la-facultad-de-derecho-celebrar-la-prxima-semana-sus-jornadas-sobre-la-constitucin\/","og_locale":"es_ES","og_type":"article","og_title":"La Facultad de Derecho celebrar\u00e1 la pr\u00f3xima semana sus Jornadas sobre la Constituci\u00f3n - ULL - Noticias","og_description":"Como cada a&ntilde;o, coincidiendo con el d&iacute;a de la Constituci&oacute;n, la Facultad de Derecho de la Universidad de La Laguna...","og_url":"https:\/\/www.ull.es\/portal\/noticias\/2007\/la-facultad-de-derecho-celebrar-la-prxima-semana-sus-jornadas-sobre-la-constitucin\/","og_site_name":"ULL - Noticias","article_publisher":"https:\/\/www.facebook.com\/universidaddelalaguna\/","article_published_time":"2007-11-30T00:00:00+00:00","og_image":[{"width":800,"height":569,"url":"https:\/\/www.ull.es\/portal\/noticias\/wp-content\/uploads\/sites\/13\/2015\/07\/derecho.jpg","type":"image\/jpeg"}],"author":"prensa2","twitter_card":"summary_large_image","twitter_creator":"@CanalULL","twitter_site":"@CanalULL","twitter_misc":{"Escrito por":"prensa2","Tiempo de lectura":"3 minutos"},"schema":{"@context":"https:\/\/schema.org","@graph":[{"@type":"WebPage","@id":"https:\/\/www.ull.es\/portal\/noticias\/2007\/la-facultad-de-derecho-celebrar-la-prxima-semana-sus-jornadas-sobre-la-constitucin\/","url":"https:\/\/www.ull.es\/portal\/noticias\/2007\/la-facultad-de-derecho-celebrar-la-prxima-semana-sus-jornadas-sobre-la-constitucin\/","name":"La Facultad de Derecho celebrar\u00e1 la pr\u00f3xima semana sus Jornadas sobre la Constituci\u00f3n - ULL - Noticias","isPartOf":{"@id":"https:\/\/www.ull.es\/portal\/noticias\/#website"},"datePublished":"2007-11-30T00:00:00+00:00","dateModified":"2007-11-30T00:00:00+00:00","author":{"@id":"https:\/\/www.ull.es\/portal\/noticias\/#\/schema\/person\/c3b2aa857797592927a03740d6664376"},"breadcrumb":{"@id":"https:\/\/www.ull.es\/portal\/noticias\/2007\/la-facultad-de-derecho-celebrar-la-prxima-semana-sus-jornadas-sobre-la-constitucin\/#breadcrumb"},"inLanguage":"es","potentialAction":[{"@type":"ReadAction","target":["https:\/\/www.ull.es\/portal\/noticias\/2007\/la-facultad-de-derecho-celebrar-la-prxima-semana-sus-jornadas-sobre-la-constitucin\/"]}]},{"@type":"BreadcrumbList","@id":"https:\/\/www.ull.es\/portal\/noticias\/2007\/la-facultad-de-derecho-celebrar-la-prxima-semana-sus-jornadas-sobre-la-constitucin\/#breadcrumb","itemListElement":[{"@type":"ListItem","position":1,"name":"Portada","item":"https:\/\/www.ull.es\/portal\/noticias\/"},{"@type":"ListItem","position":2,"name":"La Facultad de Derecho celebrar\u00e1 la pr\u00f3xima semana sus Jornadas sobre la Constituci\u00f3n"}]},{"@type":"WebSite","@id":"https:\/\/www.ull.es\/portal\/noticias\/#website","url":"https:\/\/www.ull.es\/portal\/noticias\/","name":"ULL - Noticias","description":"","potentialAction":[{"@type":"SearchAction","target":{"@type":"EntryPoint","urlTemplate":"https:\/\/www.ull.es\/portal\/noticias\/?s={search_term_string}"},"query-input":"required name=search_term_string"}],"inLanguage":"es"},{"@type":"Person","@id":"https:\/\/www.ull.es\/portal\/noticias\/#\/schema\/person\/c3b2aa857797592927a03740d6664376","name":"prensa2","image":{"@type":"ImageObject","inLanguage":"es","@id":"https:\/\/www.ull.es\/portal\/noticias\/#\/schema\/person\/image\/","url":"https:\/\/secure.gravatar.com\/avatar\/b58f310a5de5feb33d1e026d2493f23c?s=96&d=mm&r=g","contentUrl":"https:\/\/secure.gravatar.com\/avatar\/b58f310a5de5feb33d1e026d2493f23c?s=96&d=mm&r=g","caption":"prensa2"},"url":"https:\/\/www.ull.es\/portal\/noticias\/author\/prensa2\/"}]}},"primary_category":null,"featured_image_thumbnail_url":"https:\/\/www.ull.es\/portal\/noticias\/wp-content\/uploads\/sites\/13\/2015\/07\/derecho-300x213.jpg","_links":{"self":[{"href":"https:\/\/www.ull.es\/portal\/noticias\/wp-json\/wp\/v2\/posts\/13533"}],"collection":[{"href":"https:\/\/www.ull.es\/portal\/noticias\/wp-json\/wp\/v2\/posts"}],"about":[{"href":"https:\/\/www.ull.es\/portal\/noticias\/wp-json\/wp\/v2\/types\/post"}],"author":[{"embeddable":true,"href":"https:\/\/www.ull.es\/portal\/noticias\/wp-json\/wp\/v2\/users\/21"}],"replies":[{"embeddable":true,"href":"https:\/\/www.ull.es\/portal\/noticias\/wp-json\/wp\/v2\/comments?post=13533"}],"version-history":[{"count":0,"href":"https:\/\/www.ull.es\/portal\/noticias\/wp-json\/wp\/v2\/posts\/13533\/revisions"}],"wp:featuredmedia":[{"embeddable":true,"href":"https:\/\/www.ull.es\/portal\/noticias\/wp-json\/wp\/v2\/media\/13485"}],"wp:attachment":[{"href":"https:\/\/www.ull.es\/portal\/noticias\/wp-json\/wp\/v2\/media?parent=13533"}],"wp:term":[{"taxonomy":"category","embeddable":true,"href":"https:\/\/www.ull.es\/portal\/noticias\/wp-json\/wp\/v2\/categories?post=13533"},{"taxonomy":"post_tag","embeddable":true,"href":"https:\/\/www.ull.es\/portal\/noticias\/wp-json\/wp\/v2\/tags?post=13533"}],"curies":[{"name":"wp","href":"https:\/\/api.w.org\/{rel}","templated":true}]}}