{"id":13545,"date":"2008-02-18T00:00:00","date_gmt":"2008-02-18T00:00:00","guid":{"rendered":"http:\/\/ddigital.webs.ull.es\/psicologa-designa-la-comisin-que-disear-el-nuevo-grado-de-acuerdo-con-la-convergencia-europea\/"},"modified":"2008-02-18T00:00:00","modified_gmt":"2008-02-18T00:00:00","slug":"psicologa-designa-la-comisin-que-disear-el-nuevo-grado-de-acuerdo-con-la-convergencia-europea","status":"publish","type":"post","link":"https:\/\/www.ull.es\/portal\/noticias\/2008\/psicologa-designa-la-comisin-que-disear-el-nuevo-grado-de-acuerdo-con-la-convergencia-europea\/","title":{"rendered":"Psicolog\u00eda designa la comisi\u00f3n que dise\u00f1ar\u00e1 el nuevo grado de acuerdo con la convergencia europea"},"content":{"rendered":"<p>El pasado viernes, 15 de febrero de 2008, se constituy&oacute; en la Facultad de Psicolog&iacute;a de la Universidad de La Laguna la comisi&oacute;n t&eacute;cnica que se encargar&aacute; de dise&ntilde;ar el nuevo grado de Psicolog&iacute;a de acuerdo con las estipulaciones del proceso de convergencia europea de los estudios de educaci&oacute;n superior. El nuevo t&iacute;tulo de grado estar&aacute; inscrito en el &aacute;rea de Ciencias de la Salud y constar&aacute; de 240 cr&eacute;ditos europeos.<\/p>\n<p><P>La comisi&oacute;n t&eacute;cnica cumple las orientaciones establecidas en la normativa de la ULL para la convergencia europea, seg&uacute;n la cual se establece que en el dise&ntilde;o de los nuevos grados participen profesionales independientes de reconocido prestigio. De este modo, ha quedado constituida por las siguientes personas: Hip&oacute;lito Marrero Hern&aacute;ndez, decano de la Facultad de Psicolog&iacute;a, como presidente; Rosario Ortiz Gonz&aacute;lez, vicedecana del centro, como secretaria; Bernardo Hern&aacute;ndez Ruiz, Wenceslao Pe&ntilde;ate Castro y Ram&oacute;n Aciego de Mendoza Lugo, elegidos por la Junta de Facultad; Lorenzo Gil Hern&aacute;ndez y Francisco Javier S&aacute;nchez Eizaguirre, decanos de los colegios oficiales de Psic&oacute;logos de Santa Cruz de Tenerife y Las Palmas, respectivamente.<BR><BR>La comisi&oacute;n ser&aacute; responsable de la elaboraci&oacute;n del plan de estudios en una primera fase en la que se han de delimitar las materias formativas y los cr&eacute;ditos asignados a las mismas. En una segunda fase, ser&aacute; la Comisi&oacute;n de Planes de Estudio del centro la que terminar&iacute;a de configurarlo, especificando las asignaturas y su secuenciaci&oacute;n en los cursos, atendiendo a los requisitos de verificaci&oacute;n del t&iacute;tulo exigidos por la ANECA. <BR><BR>La convergencia Europea en la profesi&oacute;n de la Psicolog&iacute;a tiene como marco de referencia el diploma Europsy. La obtenci&oacute;n de dicho diploma ser&aacute; requisito para la inclusi&oacute;n en el Registro Europeo de Psic&oacute;logos, en el contexto de la directiva europea sobre el reconocimiento de las cualificaciones profesionales (COM, 2002-119). Su objetivo es que los psic&oacute;logos obtengan la cualificaci&oacute;n profesional necesaria para ejercer la pr&aacute;ctica de la Psicolog&iacute;a en cualquier pa&iacute;s miembro de la UE. <BR><BR>Para la obtenci&oacute;n del Diploma Europeo en Psicolog&iacute;a se exige una formaci&oacute;n universitaria en Psicolog&iacute;a con una duraci&oacute;n total de seis a&ntilde;os que incluye los cuatro a&ntilde;os de formaci&oacute;n de grado, un a&ntilde;o de master, m&aacute;s un a&ntilde;o de pr&aacute;ctica supervisada. El diploma requiere que el &uacute;ltimo a&ntilde;o de formaci&oacute;n universitaria recibida sea de especializaci&oacute;n y que prepare para la pr&aacute;ctica dentro de un &aacute;rea profesional particular de la psicolog&iacute;a, tal como a) Psicolog&iacute;a Cl&iacute;nica y de la Salud, b) Psicolog&iacute;a de la Educaci&oacute;n, c) Psicolog&iacute;a del Trabajo y de las Organizaciones y d) Psicolog&iacute;a de la Intervenci&oacute;n Social y Comunitaria. <BR><BR>En este contexto, los miembros de la Comisi&oacute;n T&eacute;cnica de dise&ntilde;o del grado de Psicolog&iacute;a coincidieron en se&ntilde;alar que el plan de estudios del nuevo grado ha de hacerse en coincidencia con la formaci&oacute;n de posgrado. En el contexto del Diploma EuroPsy, el ejercicio profesional no puede quedar vinculado a la formaci&oacute;n de grado (ahora de tipo generalista) de manera exclusiva. En este sentido, se tuvo en cuenta que la Facultad de Psicolog&iacute;a va a impartir en el curso 2008-09 cinco t&iacute;tulos de m&aacute;ster incorporados al sistema de cr&eacute;dito europeo: Psicolog&iacute;a Cl&iacute;nica y de la Salud, Mediaci&oacute;n e Intervenci&oacute;n Familiar, Neurociencia Cognitiva y Necesidades Educativas Espec&iacute;ficas, Psicolog&iacute;a de la Educaci&oacute;n e Intervenci&oacute;n Social y Comunitaria. En el curso 2009-10 est&aacute; prevista la impartici&oacute;n de un m&aacute;ster oficial en Recursos Humanos.<BR><BR>En esta primera sesi&oacute;n de trabajo de la Comisi&oacute;n T&eacute;cnica del dise&ntilde;o del grado de Psicolog&iacute;a se establecieron el calendario de trabajo, las directrices de funcionamiento de la comisi&oacute;n y la asignaci&oacute;n de 60 cr&eacute;ditos ECTS de materias formativas b&aacute;sicas del nuevo grado. El trabajo de esta comisi&oacute;n habr&aacute; de estar finalizado el 24 de marzo de este a&ntilde;o.<BR><BR>(Nota cedida)<\/P><\/p>\n","protected":false},"excerpt":{"rendered":"<p>El pasado viernes, 15 de febrero de 2008, se constituy&oacute; en la Facultad de Psicolog&iacute;a de la Universidad de La&#8230;<\/p>\n","protected":false},"author":21,"featured_media":13546,"comment_status":"open","ping_status":"open","sticky":false,"template":"","format":"standard","meta":{"inline_featured_image":false,"footnotes":""},"categories":[346],"tags":[],"acf":[],"yoast_head":"<!-- This site is optimized with the Yoast SEO plugin v21.3 - https:\/\/yoast.com\/wordpress\/plugins\/seo\/ -->\n<title>Psicolog\u00eda designa la comisi\u00f3n que dise\u00f1ar\u00e1 el nuevo grado de acuerdo con la convergencia europea - ULL - Noticias<\/title>\n<meta name=\"robots\" content=\"index, follow, max-snippet:-1, max-image-preview:large, max-video-preview:-1\" \/>\n<link rel=\"canonical\" href=\"https:\/\/www.ull.es\/portal\/noticias\/2008\/psicologa-designa-la-comisin-que-disear-el-nuevo-grado-de-acuerdo-con-la-convergencia-europea\/\" \/>\n<meta property=\"og:locale\" content=\"es_ES\" \/>\n<meta property=\"og:type\" content=\"article\" \/>\n<meta property=\"og:title\" content=\"Psicolog\u00eda designa la comisi\u00f3n que dise\u00f1ar\u00e1 el nuevo grado de acuerdo con la convergencia europea - ULL - Noticias\" \/>\n<meta property=\"og:description\" content=\"El pasado viernes, 15 de febrero de 2008, se constituy&oacute; en la Facultad de Psicolog&iacute;a de la Universidad de La...\" \/>\n<meta property=\"og:url\" content=\"https:\/\/www.ull.es\/portal\/noticias\/2008\/psicologa-designa-la-comisin-que-disear-el-nuevo-grado-de-acuerdo-con-la-convergencia-europea\/\" \/>\n<meta property=\"og:site_name\" content=\"ULL - Noticias\" \/>\n<meta property=\"article:publisher\" content=\"https:\/\/www.facebook.com\/universidaddelalaguna\/\" \/>\n<meta property=\"article:published_time\" content=\"2008-02-18T00:00:00+00:00\" \/>\n<meta property=\"og:image\" content=\"https:\/\/www.ull.es\/portal\/noticias\/wp-content\/uploads\/sites\/13\/2015\/07\/grado_psicologia.jpg\" \/>\n\t<meta property=\"og:image:width\" content=\"800\" \/>\n\t<meta property=\"og:image:height\" content=\"534\" \/>\n\t<meta property=\"og:image:type\" content=\"image\/jpeg\" \/>\n<meta name=\"author\" content=\"prensa2\" \/>\n<meta name=\"twitter:card\" content=\"summary_large_image\" \/>\n<meta name=\"twitter:creator\" content=\"@CanalULL\" \/>\n<meta name=\"twitter:site\" content=\"@CanalULL\" \/>\n<meta name=\"twitter:label1\" content=\"Escrito por\" \/>\n\t<meta name=\"twitter:data1\" content=\"prensa2\" \/>\n\t<meta name=\"twitter:label2\" content=\"Tiempo de lectura\" \/>\n\t<meta name=\"twitter:data2\" content=\"4 minutos\" \/>\n<script type=\"application\/ld+json\" class=\"yoast-schema-graph\">{\"@context\":\"https:\/\/schema.org\",\"@graph\":[{\"@type\":\"WebPage\",\"@id\":\"https:\/\/www.ull.es\/portal\/noticias\/2008\/psicologa-designa-la-comisin-que-disear-el-nuevo-grado-de-acuerdo-con-la-convergencia-europea\/\",\"url\":\"https:\/\/www.ull.es\/portal\/noticias\/2008\/psicologa-designa-la-comisin-que-disear-el-nuevo-grado-de-acuerdo-con-la-convergencia-europea\/\",\"name\":\"Psicolog\u00eda designa la comisi\u00f3n que dise\u00f1ar\u00e1 el nuevo grado de acuerdo con la convergencia europea - ULL - Noticias\",\"isPartOf\":{\"@id\":\"https:\/\/www.ull.es\/portal\/noticias\/#website\"},\"datePublished\":\"2008-02-18T00:00:00+00:00\",\"dateModified\":\"2008-02-18T00:00:00+00:00\",\"author\":{\"@id\":\"https:\/\/www.ull.es\/portal\/noticias\/#\/schema\/person\/c3b2aa857797592927a03740d6664376\"},\"breadcrumb\":{\"@id\":\"https:\/\/www.ull.es\/portal\/noticias\/2008\/psicologa-designa-la-comisin-que-disear-el-nuevo-grado-de-acuerdo-con-la-convergencia-europea\/#breadcrumb\"},\"inLanguage\":\"es\",\"potentialAction\":[{\"@type\":\"ReadAction\",\"target\":[\"https:\/\/www.ull.es\/portal\/noticias\/2008\/psicologa-designa-la-comisin-que-disear-el-nuevo-grado-de-acuerdo-con-la-convergencia-europea\/\"]}]},{\"@type\":\"BreadcrumbList\",\"@id\":\"https:\/\/www.ull.es\/portal\/noticias\/2008\/psicologa-designa-la-comisin-que-disear-el-nuevo-grado-de-acuerdo-con-la-convergencia-europea\/#breadcrumb\",\"itemListElement\":[{\"@type\":\"ListItem\",\"position\":1,\"name\":\"Portada\",\"item\":\"https:\/\/www.ull.es\/portal\/noticias\/\"},{\"@type\":\"ListItem\",\"position\":2,\"name\":\"Psicolog\u00eda designa la comisi\u00f3n que dise\u00f1ar\u00e1 el nuevo grado de acuerdo con la convergencia europea\"}]},{\"@type\":\"WebSite\",\"@id\":\"https:\/\/www.ull.es\/portal\/noticias\/#website\",\"url\":\"https:\/\/www.ull.es\/portal\/noticias\/\",\"name\":\"ULL - Noticias\",\"description\":\"\",\"potentialAction\":[{\"@type\":\"SearchAction\",\"target\":{\"@type\":\"EntryPoint\",\"urlTemplate\":\"https:\/\/www.ull.es\/portal\/noticias\/?s={search_term_string}\"},\"query-input\":\"required name=search_term_string\"}],\"inLanguage\":\"es\"},{\"@type\":\"Person\",\"@id\":\"https:\/\/www.ull.es\/portal\/noticias\/#\/schema\/person\/c3b2aa857797592927a03740d6664376\",\"name\":\"prensa2\",\"image\":{\"@type\":\"ImageObject\",\"inLanguage\":\"es\",\"@id\":\"https:\/\/www.ull.es\/portal\/noticias\/#\/schema\/person\/image\/\",\"url\":\"https:\/\/secure.gravatar.com\/avatar\/b58f310a5de5feb33d1e026d2493f23c?s=96&d=mm&r=g\",\"contentUrl\":\"https:\/\/secure.gravatar.com\/avatar\/b58f310a5de5feb33d1e026d2493f23c?s=96&d=mm&r=g\",\"caption\":\"prensa2\"},\"url\":\"https:\/\/www.ull.es\/portal\/noticias\/author\/prensa2\/\"}]}<\/script>\n<!-- \/ Yoast SEO plugin. -->","yoast_head_json":{"title":"Psicolog\u00eda designa la comisi\u00f3n que dise\u00f1ar\u00e1 el nuevo grado de acuerdo con la convergencia europea - ULL - Noticias","robots":{"index":"index","follow":"follow","max-snippet":"max-snippet:-1","max-image-preview":"max-image-preview:large","max-video-preview":"max-video-preview:-1"},"canonical":"https:\/\/www.ull.es\/portal\/noticias\/2008\/psicologa-designa-la-comisin-que-disear-el-nuevo-grado-de-acuerdo-con-la-convergencia-europea\/","og_locale":"es_ES","og_type":"article","og_title":"Psicolog\u00eda designa la comisi\u00f3n que dise\u00f1ar\u00e1 el nuevo grado de acuerdo con la convergencia europea - ULL - Noticias","og_description":"El pasado viernes, 15 de febrero de 2008, se constituy&oacute; en la Facultad de Psicolog&iacute;a de la Universidad de La...","og_url":"https:\/\/www.ull.es\/portal\/noticias\/2008\/psicologa-designa-la-comisin-que-disear-el-nuevo-grado-de-acuerdo-con-la-convergencia-europea\/","og_site_name":"ULL - Noticias","article_publisher":"https:\/\/www.facebook.com\/universidaddelalaguna\/","article_published_time":"2008-02-18T00:00:00+00:00","og_image":[{"width":800,"height":534,"url":"https:\/\/www.ull.es\/portal\/noticias\/wp-content\/uploads\/sites\/13\/2015\/07\/grado_psicologia.jpg","type":"image\/jpeg"}],"author":"prensa2","twitter_card":"summary_large_image","twitter_creator":"@CanalULL","twitter_site":"@CanalULL","twitter_misc":{"Escrito por":"prensa2","Tiempo de lectura":"4 minutos"},"schema":{"@context":"https:\/\/schema.org","@graph":[{"@type":"WebPage","@id":"https:\/\/www.ull.es\/portal\/noticias\/2008\/psicologa-designa-la-comisin-que-disear-el-nuevo-grado-de-acuerdo-con-la-convergencia-europea\/","url":"https:\/\/www.ull.es\/portal\/noticias\/2008\/psicologa-designa-la-comisin-que-disear-el-nuevo-grado-de-acuerdo-con-la-convergencia-europea\/","name":"Psicolog\u00eda designa la comisi\u00f3n que dise\u00f1ar\u00e1 el nuevo grado de acuerdo con la convergencia europea - ULL - Noticias","isPartOf":{"@id":"https:\/\/www.ull.es\/portal\/noticias\/#website"},"datePublished":"2008-02-18T00:00:00+00:00","dateModified":"2008-02-18T00:00:00+00:00","author":{"@id":"https:\/\/www.ull.es\/portal\/noticias\/#\/schema\/person\/c3b2aa857797592927a03740d6664376"},"breadcrumb":{"@id":"https:\/\/www.ull.es\/portal\/noticias\/2008\/psicologa-designa-la-comisin-que-disear-el-nuevo-grado-de-acuerdo-con-la-convergencia-europea\/#breadcrumb"},"inLanguage":"es","potentialAction":[{"@type":"ReadAction","target":["https:\/\/www.ull.es\/portal\/noticias\/2008\/psicologa-designa-la-comisin-que-disear-el-nuevo-grado-de-acuerdo-con-la-convergencia-europea\/"]}]},{"@type":"BreadcrumbList","@id":"https:\/\/www.ull.es\/portal\/noticias\/2008\/psicologa-designa-la-comisin-que-disear-el-nuevo-grado-de-acuerdo-con-la-convergencia-europea\/#breadcrumb","itemListElement":[{"@type":"ListItem","position":1,"name":"Portada","item":"https:\/\/www.ull.es\/portal\/noticias\/"},{"@type":"ListItem","position":2,"name":"Psicolog\u00eda designa la comisi\u00f3n que dise\u00f1ar\u00e1 el nuevo grado de acuerdo con la convergencia europea"}]},{"@type":"WebSite","@id":"https:\/\/www.ull.es\/portal\/noticias\/#website","url":"https:\/\/www.ull.es\/portal\/noticias\/","name":"ULL - Noticias","description":"","potentialAction":[{"@type":"SearchAction","target":{"@type":"EntryPoint","urlTemplate":"https:\/\/www.ull.es\/portal\/noticias\/?s={search_term_string}"},"query-input":"required name=search_term_string"}],"inLanguage":"es"},{"@type":"Person","@id":"https:\/\/www.ull.es\/portal\/noticias\/#\/schema\/person\/c3b2aa857797592927a03740d6664376","name":"prensa2","image":{"@type":"ImageObject","inLanguage":"es","@id":"https:\/\/www.ull.es\/portal\/noticias\/#\/schema\/person\/image\/","url":"https:\/\/secure.gravatar.com\/avatar\/b58f310a5de5feb33d1e026d2493f23c?s=96&d=mm&r=g","contentUrl":"https:\/\/secure.gravatar.com\/avatar\/b58f310a5de5feb33d1e026d2493f23c?s=96&d=mm&r=g","caption":"prensa2"},"url":"https:\/\/www.ull.es\/portal\/noticias\/author\/prensa2\/"}]}},"primary_category":null,"featured_image_thumbnail_url":"https:\/\/www.ull.es\/portal\/noticias\/wp-content\/uploads\/sites\/13\/2015\/07\/grado_psicologia-300x200.jpg","_links":{"self":[{"href":"https:\/\/www.ull.es\/portal\/noticias\/wp-json\/wp\/v2\/posts\/13545"}],"collection":[{"href":"https:\/\/www.ull.es\/portal\/noticias\/wp-json\/wp\/v2\/posts"}],"about":[{"href":"https:\/\/www.ull.es\/portal\/noticias\/wp-json\/wp\/v2\/types\/post"}],"author":[{"embeddable":true,"href":"https:\/\/www.ull.es\/portal\/noticias\/wp-json\/wp\/v2\/users\/21"}],"replies":[{"embeddable":true,"href":"https:\/\/www.ull.es\/portal\/noticias\/wp-json\/wp\/v2\/comments?post=13545"}],"version-history":[{"count":0,"href":"https:\/\/www.ull.es\/portal\/noticias\/wp-json\/wp\/v2\/posts\/13545\/revisions"}],"wp:featuredmedia":[{"embeddable":true,"href":"https:\/\/www.ull.es\/portal\/noticias\/wp-json\/wp\/v2\/media\/13546"}],"wp:attachment":[{"href":"https:\/\/www.ull.es\/portal\/noticias\/wp-json\/wp\/v2\/media?parent=13545"}],"wp:term":[{"taxonomy":"category","embeddable":true,"href":"https:\/\/www.ull.es\/portal\/noticias\/wp-json\/wp\/v2\/categories?post=13545"},{"taxonomy":"post_tag","embeddable":true,"href":"https:\/\/www.ull.es\/portal\/noticias\/wp-json\/wp\/v2\/tags?post=13545"}],"curies":[{"name":"wp","href":"https:\/\/api.w.org\/{rel}","templated":true}]}}