{"id":13549,"date":"2008-02-29T00:00:00","date_gmt":"2008-02-29T00:00:00","guid":{"rendered":"http:\/\/ddigital.webs.ull.es\/la-facultad-de-psicologa-celebra-la-semana-del-patrn-con-conferencias-sobre-la-carrera-y-la-profesin\/"},"modified":"2008-02-29T00:00:00","modified_gmt":"2008-02-29T00:00:00","slug":"la-facultad-de-psicologa-celebra-la-semana-del-patrn-con-conferencias-sobre-la-carrera-y-la-profesin","status":"publish","type":"post","link":"https:\/\/www.ull.es\/portal\/noticias\/2008\/la-facultad-de-psicologa-celebra-la-semana-del-patrn-con-conferencias-sobre-la-carrera-y-la-profesin\/","title":{"rendered":"La Facultad de Psicolog\u00eda celebra la semana del patr\u00f3n con conferencias sobre la carrera y la profesi\u00f3n"},"content":{"rendered":"<p><P>El pr&oacute;ximo lunes 3 de marzo la Facultad de Psicolog&iacute;a iniciar&aacute; su semana del patr&oacute;n, Juan Huarte de San Juan. Este gran renacentista fue el autor del libro Examen de ingenios para las ciencias, considerado como el primer manual de Psicolog&iacute;a Diferencial conocido en el mundo. <\/P><\/p>\n<p><P align=\"justify\">Destaca el hecho de que la Facultad de Psicolog&iacute;a haya elegido como su patr&oacute;n a un autor espa&ntilde;ol que no figura en el santoral, lo que no es habitual en otras facultades y disciplinas. Este hecho no es casual, en opini&oacute;n del decano, Hip&oacute;lito Marrero, ya que se ha querido enfatizar con ello que la psicolog&iacute;a se apoya en el m&eacute;todo cient&iacute;fico, lo que la aleja de aquella concepci&oacute;n que la defin&iacute;a como \u00abtratado del alma\u00bb. Hoy en d&iacute;a, sin embargo, la espiritualidad forma parte de los aspectos del ser humano cuya investigaci&oacute;n interesa a la psicolog&iacute;a.<\/P><P align=\"justify\">Las actividades programadas se extienden a lo largo de la semana del 3 al 9 de marzo, a la que se a&ntilde;ade el d&iacute;a 6 de mayo, y contienen actos acad&eacute;micos y l&uacute;dicos. Entre los primeros habr&aacute; un conjunto variado de conferencias impartidas por profesores e investigadores, y que abordan tem&aacute;ticas relevantes para la formaci&oacute;n del estudiantado: el empleo, la importancia de la investigaci&oacute;n psicol&oacute;gica basada en el cerebro que se realiza en la Universidad de La Laguna, las aplicaciones de la investigaci&oacute;n logop&eacute;dica y psicol&oacute;gica, la importancia del cine para el estudio de la conducta humana y la formaci&oacute;n del psic&oacute;logo. <\/P><P align=\"justify\">A ello se une la celebraci&oacute;n de una mesa redonda en la que participar&aacute;n los decanos en la historia de la facultad que debatir&aacute;n sobre el pasado, presente y futuro del centro docente. Estos actos tienen una finalidad divulgativa, por lo que la Facultad de Psicolog&iacute;a anima e invita a las personas interesadas a su asistencia.<\/P><P align=\"justify\"><\/P><B><P align=\"justify\">PROGRAMA<\/P><P align=\"justify\">Lunes, 3 de marzo <\/P><\/B><P align=\"justify\">13 horas. Mesa redonda: <I>Reflexiones en torno a la facultad de Psicolog&iacute;a: pasado, presente y futuro. <\/I>Decanos en la historia de la Facultad de Psicolog&iacute;a. Coordina: Alberto Dom&iacute;nguez Mart&iacute;nez, vicedecano. <\/P><P align=\"justify\">19.00 horas. Conferencia: <I>El ni&ntilde;o sordo: una visi&oacute;n multidisciplinar, <\/I>por Juan Jos&eacute; Barajas Prat. Audi&oacute;logo. Universidad de La Laguna.<\/P><B><P align=\"justify\">Martes, 4 de marzo<\/P><\/B><P align=\"justify\">12 horas<B>. <\/B>Conferencia: <I>Situaci&oacute;n actual de la Psicolog&iacute;a Cl&iacute;nica en Espa&ntilde;a y perspectivas profesionales para el futuro<\/I>, por Gualberto Buela Casal, catedr&aacute;tico de Psicolog&iacute;a de la Universidad de Granada.<\/P><P align=\"justify\">19 horas. Conferencia: <I>D&oacute;nde trabajamos los psic&oacute;logos? Analizando la empleabilidad<\/I>, por Luis Garc&iacute;a Garc&iacute;a, catedr&aacute;tico de Psicolog&iacute;a de la Universidad de La Laguna.<\/P><B><P align=\"justify\">Mi&eacute;rcoles, 5 de marzo<\/P><\/B><P align=\"justify\">12 horas. Conferencia: <I>La investigaci&oacute;n neurocient&iacute;fica en la ULL: Una oportunidad para la Psicolog&iacute;a<\/I>, por Jos&eacute; Luis Gonz&aacute;lez Mora, coordinador de la Unidad Multidisciplinar de Estudios del Cerebro Humano de la Universidad de La Laguna.<\/P><B><P align=\"justify\">Jueves, 6 de marzo<\/P><\/B><P align=\"justify\">12 horas. Conferencia: <I>Atracci&oacute;n de las caras emocionales: El poder de una sonrisa<\/I>, por Manuel Guti&eacute;rrez Calvo, catedr&aacute;tico de Psicolog&iacute;a de la Universidad de La Laguna.<\/P><P align=\"justify\">19 horas. Presentaci&oacute;n de la Cinemateca Psicolog&iacute;a: <FONT face=\"Helvetica\">Informaci&oacute;n y actividades.<\/FONT><I> <\/I>Conferencia: <I>Cine y Psicolog&iacute;a: una relaci&oacute;n &iacute;ntima<\/I>, por Javier Casta&ntilde;eda Garc&iacute;a (Coordinador Cinemateca Psicolog&iacute;a) y Elena G&aacute;mez Armas, de la Universidad de La Laguna.<\/P><B><P align=\"justify\">Martes, 6 de mayo<\/P><\/B><P align=\"justify\">12 horas. Conferencia: <I>Psicooncolog&iacute;a: Supervivientes del c&aacute;ncer<\/I>, por Luis Montesinos, de la Universidad Estatal de Montclair, en Estados Unidos.<\/P><P align=\"justify\"><\/P><P align=\"justify\">Para m&aacute;s informaci&oacute;n puede consultarse el programa de actividades en la p&aacute;gina web de la Facultad de Psicolog&iacute;a: <U><FONT color=\"#ffff00\"><a href=\"http:\/\/www.psicologia.ull.es\" target=\"_blank\" rel=\"noopener\">www.psicologia.ull.es<\/A><\/U><\/FONT><B><FONT face=\"Helvetica\"><\/P><\/B><\/FONT><\/p>\n","protected":false},"excerpt":{"rendered":"<p>El pr&oacute;ximo lunes 3 de marzo la Facultad de Psicolog&iacute;a iniciar&aacute; su semana del patr&oacute;n, Juan Huarte de San Juan&#8230;.<\/p>\n","protected":false},"author":21,"featured_media":13472,"comment_status":"open","ping_status":"open","sticky":false,"template":"","format":"standard","meta":{"inline_featured_image":false,"footnotes":""},"categories":[346],"tags":[],"acf":[],"yoast_head":"<!-- This site is optimized with the Yoast SEO plugin v21.3 - https:\/\/yoast.com\/wordpress\/plugins\/seo\/ -->\n<title>La Facultad de Psicolog\u00eda celebra la semana del patr\u00f3n con conferencias sobre la carrera y la profesi\u00f3n - ULL - Noticias<\/title>\n<meta name=\"robots\" content=\"index, follow, max-snippet:-1, max-image-preview:large, max-video-preview:-1\" \/>\n<link rel=\"canonical\" href=\"https:\/\/www.ull.es\/portal\/noticias\/2008\/la-facultad-de-psicologa-celebra-la-semana-del-patrn-con-conferencias-sobre-la-carrera-y-la-profesin\/\" \/>\n<meta property=\"og:locale\" content=\"es_ES\" \/>\n<meta property=\"og:type\" content=\"article\" \/>\n<meta property=\"og:title\" content=\"La Facultad de Psicolog\u00eda celebra la semana del patr\u00f3n con conferencias sobre la carrera y la profesi\u00f3n - ULL - Noticias\" \/>\n<meta property=\"og:description\" content=\"El pr&oacute;ximo lunes 3 de marzo la Facultad de Psicolog&iacute;a iniciar&aacute; su semana del patr&oacute;n, Juan Huarte de San Juan....\" \/>\n<meta property=\"og:url\" content=\"https:\/\/www.ull.es\/portal\/noticias\/2008\/la-facultad-de-psicologa-celebra-la-semana-del-patrn-con-conferencias-sobre-la-carrera-y-la-profesin\/\" \/>\n<meta property=\"og:site_name\" content=\"ULL - Noticias\" \/>\n<meta property=\"article:publisher\" content=\"https:\/\/www.facebook.com\/universidaddelalaguna\/\" \/>\n<meta property=\"article:published_time\" content=\"2008-02-29T00:00:00+00:00\" \/>\n<meta property=\"og:image\" content=\"https:\/\/www.ull.es\/portal\/noticias\/wp-content\/uploads\/sites\/13\/2015\/07\/psicologia.jpg\" \/>\n\t<meta property=\"og:image:width\" content=\"533\" \/>\n\t<meta property=\"og:image:height\" content=\"800\" \/>\n\t<meta property=\"og:image:type\" content=\"image\/jpeg\" \/>\n<meta name=\"author\" content=\"prensa2\" \/>\n<meta name=\"twitter:card\" content=\"summary_large_image\" \/>\n<meta name=\"twitter:creator\" content=\"@CanalULL\" \/>\n<meta name=\"twitter:site\" content=\"@CanalULL\" \/>\n<meta name=\"twitter:label1\" content=\"Escrito por\" \/>\n\t<meta name=\"twitter:data1\" content=\"prensa2\" \/>\n\t<meta name=\"twitter:label2\" content=\"Tiempo de lectura\" \/>\n\t<meta name=\"twitter:data2\" content=\"4 minutos\" \/>\n<script type=\"application\/ld+json\" class=\"yoast-schema-graph\">{\"@context\":\"https:\/\/schema.org\",\"@graph\":[{\"@type\":\"WebPage\",\"@id\":\"https:\/\/www.ull.es\/portal\/noticias\/2008\/la-facultad-de-psicologa-celebra-la-semana-del-patrn-con-conferencias-sobre-la-carrera-y-la-profesin\/\",\"url\":\"https:\/\/www.ull.es\/portal\/noticias\/2008\/la-facultad-de-psicologa-celebra-la-semana-del-patrn-con-conferencias-sobre-la-carrera-y-la-profesin\/\",\"name\":\"La Facultad de Psicolog\u00eda celebra la semana del patr\u00f3n con conferencias sobre la carrera y la profesi\u00f3n - ULL - Noticias\",\"isPartOf\":{\"@id\":\"https:\/\/www.ull.es\/portal\/noticias\/#website\"},\"datePublished\":\"2008-02-29T00:00:00+00:00\",\"dateModified\":\"2008-02-29T00:00:00+00:00\",\"author\":{\"@id\":\"https:\/\/www.ull.es\/portal\/noticias\/#\/schema\/person\/c3b2aa857797592927a03740d6664376\"},\"breadcrumb\":{\"@id\":\"https:\/\/www.ull.es\/portal\/noticias\/2008\/la-facultad-de-psicologa-celebra-la-semana-del-patrn-con-conferencias-sobre-la-carrera-y-la-profesin\/#breadcrumb\"},\"inLanguage\":\"es\",\"potentialAction\":[{\"@type\":\"ReadAction\",\"target\":[\"https:\/\/www.ull.es\/portal\/noticias\/2008\/la-facultad-de-psicologa-celebra-la-semana-del-patrn-con-conferencias-sobre-la-carrera-y-la-profesin\/\"]}]},{\"@type\":\"BreadcrumbList\",\"@id\":\"https:\/\/www.ull.es\/portal\/noticias\/2008\/la-facultad-de-psicologa-celebra-la-semana-del-patrn-con-conferencias-sobre-la-carrera-y-la-profesin\/#breadcrumb\",\"itemListElement\":[{\"@type\":\"ListItem\",\"position\":1,\"name\":\"Portada\",\"item\":\"https:\/\/www.ull.es\/portal\/noticias\/\"},{\"@type\":\"ListItem\",\"position\":2,\"name\":\"La Facultad de Psicolog\u00eda celebra la semana del patr\u00f3n con conferencias sobre la carrera y la profesi\u00f3n\"}]},{\"@type\":\"WebSite\",\"@id\":\"https:\/\/www.ull.es\/portal\/noticias\/#website\",\"url\":\"https:\/\/www.ull.es\/portal\/noticias\/\",\"name\":\"ULL - Noticias\",\"description\":\"\",\"potentialAction\":[{\"@type\":\"SearchAction\",\"target\":{\"@type\":\"EntryPoint\",\"urlTemplate\":\"https:\/\/www.ull.es\/portal\/noticias\/?s={search_term_string}\"},\"query-input\":\"required name=search_term_string\"}],\"inLanguage\":\"es\"},{\"@type\":\"Person\",\"@id\":\"https:\/\/www.ull.es\/portal\/noticias\/#\/schema\/person\/c3b2aa857797592927a03740d6664376\",\"name\":\"prensa2\",\"image\":{\"@type\":\"ImageObject\",\"inLanguage\":\"es\",\"@id\":\"https:\/\/www.ull.es\/portal\/noticias\/#\/schema\/person\/image\/\",\"url\":\"https:\/\/secure.gravatar.com\/avatar\/b58f310a5de5feb33d1e026d2493f23c?s=96&d=mm&r=g\",\"contentUrl\":\"https:\/\/secure.gravatar.com\/avatar\/b58f310a5de5feb33d1e026d2493f23c?s=96&d=mm&r=g\",\"caption\":\"prensa2\"},\"url\":\"https:\/\/www.ull.es\/portal\/noticias\/author\/prensa2\/\"}]}<\/script>\n<!-- \/ Yoast SEO plugin. -->","yoast_head_json":{"title":"La Facultad de Psicolog\u00eda celebra la semana del patr\u00f3n con conferencias sobre la carrera y la profesi\u00f3n - ULL - Noticias","robots":{"index":"index","follow":"follow","max-snippet":"max-snippet:-1","max-image-preview":"max-image-preview:large","max-video-preview":"max-video-preview:-1"},"canonical":"https:\/\/www.ull.es\/portal\/noticias\/2008\/la-facultad-de-psicologa-celebra-la-semana-del-patrn-con-conferencias-sobre-la-carrera-y-la-profesin\/","og_locale":"es_ES","og_type":"article","og_title":"La Facultad de Psicolog\u00eda celebra la semana del patr\u00f3n con conferencias sobre la carrera y la profesi\u00f3n - ULL - Noticias","og_description":"El pr&oacute;ximo lunes 3 de marzo la Facultad de Psicolog&iacute;a iniciar&aacute; su semana del patr&oacute;n, Juan Huarte de San Juan....","og_url":"https:\/\/www.ull.es\/portal\/noticias\/2008\/la-facultad-de-psicologa-celebra-la-semana-del-patrn-con-conferencias-sobre-la-carrera-y-la-profesin\/","og_site_name":"ULL - Noticias","article_publisher":"https:\/\/www.facebook.com\/universidaddelalaguna\/","article_published_time":"2008-02-29T00:00:00+00:00","og_image":[{"width":533,"height":800,"url":"https:\/\/www.ull.es\/portal\/noticias\/wp-content\/uploads\/sites\/13\/2015\/07\/psicologia.jpg","type":"image\/jpeg"}],"author":"prensa2","twitter_card":"summary_large_image","twitter_creator":"@CanalULL","twitter_site":"@CanalULL","twitter_misc":{"Escrito por":"prensa2","Tiempo de lectura":"4 minutos"},"schema":{"@context":"https:\/\/schema.org","@graph":[{"@type":"WebPage","@id":"https:\/\/www.ull.es\/portal\/noticias\/2008\/la-facultad-de-psicologa-celebra-la-semana-del-patrn-con-conferencias-sobre-la-carrera-y-la-profesin\/","url":"https:\/\/www.ull.es\/portal\/noticias\/2008\/la-facultad-de-psicologa-celebra-la-semana-del-patrn-con-conferencias-sobre-la-carrera-y-la-profesin\/","name":"La Facultad de Psicolog\u00eda celebra la semana del patr\u00f3n con conferencias sobre la carrera y la profesi\u00f3n - ULL - Noticias","isPartOf":{"@id":"https:\/\/www.ull.es\/portal\/noticias\/#website"},"datePublished":"2008-02-29T00:00:00+00:00","dateModified":"2008-02-29T00:00:00+00:00","author":{"@id":"https:\/\/www.ull.es\/portal\/noticias\/#\/schema\/person\/c3b2aa857797592927a03740d6664376"},"breadcrumb":{"@id":"https:\/\/www.ull.es\/portal\/noticias\/2008\/la-facultad-de-psicologa-celebra-la-semana-del-patrn-con-conferencias-sobre-la-carrera-y-la-profesin\/#breadcrumb"},"inLanguage":"es","potentialAction":[{"@type":"ReadAction","target":["https:\/\/www.ull.es\/portal\/noticias\/2008\/la-facultad-de-psicologa-celebra-la-semana-del-patrn-con-conferencias-sobre-la-carrera-y-la-profesin\/"]}]},{"@type":"BreadcrumbList","@id":"https:\/\/www.ull.es\/portal\/noticias\/2008\/la-facultad-de-psicologa-celebra-la-semana-del-patrn-con-conferencias-sobre-la-carrera-y-la-profesin\/#breadcrumb","itemListElement":[{"@type":"ListItem","position":1,"name":"Portada","item":"https:\/\/www.ull.es\/portal\/noticias\/"},{"@type":"ListItem","position":2,"name":"La Facultad de Psicolog\u00eda celebra la semana del patr\u00f3n con conferencias sobre la carrera y la profesi\u00f3n"}]},{"@type":"WebSite","@id":"https:\/\/www.ull.es\/portal\/noticias\/#website","url":"https:\/\/www.ull.es\/portal\/noticias\/","name":"ULL - Noticias","description":"","potentialAction":[{"@type":"SearchAction","target":{"@type":"EntryPoint","urlTemplate":"https:\/\/www.ull.es\/portal\/noticias\/?s={search_term_string}"},"query-input":"required name=search_term_string"}],"inLanguage":"es"},{"@type":"Person","@id":"https:\/\/www.ull.es\/portal\/noticias\/#\/schema\/person\/c3b2aa857797592927a03740d6664376","name":"prensa2","image":{"@type":"ImageObject","inLanguage":"es","@id":"https:\/\/www.ull.es\/portal\/noticias\/#\/schema\/person\/image\/","url":"https:\/\/secure.gravatar.com\/avatar\/b58f310a5de5feb33d1e026d2493f23c?s=96&d=mm&r=g","contentUrl":"https:\/\/secure.gravatar.com\/avatar\/b58f310a5de5feb33d1e026d2493f23c?s=96&d=mm&r=g","caption":"prensa2"},"url":"https:\/\/www.ull.es\/portal\/noticias\/author\/prensa2\/"}]}},"primary_category":null,"featured_image_thumbnail_url":"https:\/\/www.ull.es\/portal\/noticias\/wp-content\/uploads\/sites\/13\/2015\/07\/psicologia-200x300.jpg","_links":{"self":[{"href":"https:\/\/www.ull.es\/portal\/noticias\/wp-json\/wp\/v2\/posts\/13549"}],"collection":[{"href":"https:\/\/www.ull.es\/portal\/noticias\/wp-json\/wp\/v2\/posts"}],"about":[{"href":"https:\/\/www.ull.es\/portal\/noticias\/wp-json\/wp\/v2\/types\/post"}],"author":[{"embeddable":true,"href":"https:\/\/www.ull.es\/portal\/noticias\/wp-json\/wp\/v2\/users\/21"}],"replies":[{"embeddable":true,"href":"https:\/\/www.ull.es\/portal\/noticias\/wp-json\/wp\/v2\/comments?post=13549"}],"version-history":[{"count":0,"href":"https:\/\/www.ull.es\/portal\/noticias\/wp-json\/wp\/v2\/posts\/13549\/revisions"}],"wp:featuredmedia":[{"embeddable":true,"href":"https:\/\/www.ull.es\/portal\/noticias\/wp-json\/wp\/v2\/media\/13472"}],"wp:attachment":[{"href":"https:\/\/www.ull.es\/portal\/noticias\/wp-json\/wp\/v2\/media?parent=13549"}],"wp:term":[{"taxonomy":"category","embeddable":true,"href":"https:\/\/www.ull.es\/portal\/noticias\/wp-json\/wp\/v2\/categories?post=13549"},{"taxonomy":"post_tag","embeddable":true,"href":"https:\/\/www.ull.es\/portal\/noticias\/wp-json\/wp\/v2\/tags?post=13549"}],"curies":[{"name":"wp","href":"https:\/\/api.w.org\/{rel}","templated":true}]}}