{"id":13568,"date":"2008-03-14T00:00:00","date_gmt":"2008-03-14T00:00:00","guid":{"rendered":"http:\/\/ddigital.webs.ull.es\/finaliza-la-primera-promocin-del-ciclo-sobre-gestin-de-empresas-agroalimentarias-que-la-ull-imparti-en-agadir\/"},"modified":"2008-03-14T00:00:00","modified_gmt":"2008-03-14T00:00:00","slug":"finaliza-la-primera-promocin-del-ciclo-sobre-gestin-de-empresas-agroalimentarias-que-la-ull-imparti-en-agadir","status":"publish","type":"post","link":"https:\/\/www.ull.es\/portal\/noticias\/2008\/finaliza-la-primera-promocin-del-ciclo-sobre-gestin-de-empresas-agroalimentarias-que-la-ull-imparti-en-agadir\/","title":{"rendered":"Finaliza la primera promoci\u00f3n del ciclo sobre gesti\u00f3n de empresas agroalimentarias que la ULL imparti\u00f3 en Agadir"},"content":{"rendered":"<p>La Universidad de La Laguna ha impartido durante 2007 el I Ciclo de Formaci&oacute;n en Gesti&oacute;n de Empresas Agroalimentarias en Agadir (Marruecos), en colaboraci&oacute;n con la C&aacute;mara de Comercio, Industria y Servicios de la ciudad norteafricana. Este programa fue clausurado la pasada semana con la entrega de los respectivos diplomas al alumnado del curso, a la cual asistieron el Vicerrector de Investigaci&oacute;n, Desarrollo e Innovaci&oacute;n de la ULL, Lorenzo Moreno Ru&iacute;z, y el coordinador de este plan docente, el profesor del departamento de Historia e Instituciones Econ&oacute;micas C&aacute;ndido Rom&aacute;n Cervantes.<\/p>\n<p><P>En esta edici&oacute;n se han impartido dos m&oacute;dulos, uno sobre gesti&oacute;n de empresas agroindustriales y otros sobre gesti&oacute;n de empresas tur&iacute;sticas. En total, participaron 32 alumnos, repartidos casi por igual entre los dos m&oacute;dulos, los cuales eran en su totalidad licenciados o graduados con cargos de responsabilidad en empresas: subdirectores, gerentes de cooperativas agr&iacute;colas, jefes de producci&oacute;n e ingenieros. Por ello, los cursos de impart&iacute;an por la tarde en varios fines de semana para que sus destinatarios pudieran compatibilizarlos con sus obligaciones laborales.<\/P><P>Esta convocatoria estuvo financiada por el Gobierno de Canarias, y organizada por PROEXCA y la Fundaci&oacute;n Empresa-Universidad de La Laguna. El &eacute;xito de esta convocatoria queda plasmado en el hecho de que la C&aacute;mara de Comercio de A&ntilde;adir ha solicitado a la ULL la organizaci&oacute;n para 2008 de los mismos cursos del a&ntilde;o pasado, incorporando dos nuevos m&oacute;dulos, uno sobre las normas de calidad ISO 22000, y otro sobre la log&iacute;stica aplicada a los transportes. <\/P><P>Actualmente se est&aacute;n iniciando los contactos con la Direcci&oacute;n General de &aacute;frica en busca de la financiaci&oacute;n necesaria para impartir este nuevo proyecto, que se denominar&aacute; II Plan de Formaci&oacute;n y Cooperaci&oacute;n al Desarrollo, &aacute;frica 2008 el cual, en caso de aprobarse, por primera vez se incorporar&iacute;a la ciudad de San Luis (Senegal) con cursos dedicados al aprovechamiento de los recursos pesqueros.<\/P><P>Los cursos de 2007 fueron impartidos por varios docentes de la ULL, como Luis Gonz&aacute;lez Mendoza y Valerio Guti&eacute;rrez Afonso, del departamento de Ingenier&iacute;a Qu&iacute;mica y Tecnolog&iacute;a Farmac&eacute;utica; y Michael Gourion, colaborador del Instituto Universitario de la Empresa (IUDE).<\/P><\/p>\n","protected":false},"excerpt":{"rendered":"<p>La Universidad de La Laguna ha impartido durante 2007 el I Ciclo de Formaci&oacute;n en Gesti&oacute;n de Empresas Agroalimentarias en&#8230;<\/p>\n","protected":false},"author":21,"featured_media":13569,"comment_status":"open","ping_status":"open","sticky":false,"template":"","format":"standard","meta":{"inline_featured_image":false,"footnotes":""},"categories":[346],"tags":[],"acf":[],"yoast_head":"<!-- This site is optimized with the Yoast SEO plugin v21.3 - https:\/\/yoast.com\/wordpress\/plugins\/seo\/ -->\n<title>Finaliza la primera promoci\u00f3n del ciclo sobre gesti\u00f3n de empresas agroalimentarias que la ULL imparti\u00f3 en Agadir - ULL - Noticias<\/title>\n<meta name=\"robots\" content=\"index, follow, max-snippet:-1, max-image-preview:large, max-video-preview:-1\" \/>\n<link rel=\"canonical\" href=\"https:\/\/www.ull.es\/portal\/noticias\/2008\/finaliza-la-primera-promocin-del-ciclo-sobre-gestin-de-empresas-agroalimentarias-que-la-ull-imparti-en-agadir\/\" \/>\n<meta property=\"og:locale\" content=\"es_ES\" \/>\n<meta property=\"og:type\" content=\"article\" \/>\n<meta property=\"og:title\" content=\"Finaliza la primera promoci\u00f3n del ciclo sobre gesti\u00f3n de empresas agroalimentarias que la ULL imparti\u00f3 en Agadir - ULL - Noticias\" \/>\n<meta property=\"og:description\" content=\"La Universidad de La Laguna ha impartido durante 2007 el I Ciclo de Formaci&oacute;n en Gesti&oacute;n de Empresas Agroalimentarias en...\" \/>\n<meta property=\"og:url\" content=\"https:\/\/www.ull.es\/portal\/noticias\/2008\/finaliza-la-primera-promocin-del-ciclo-sobre-gestin-de-empresas-agroalimentarias-que-la-ull-imparti-en-agadir\/\" \/>\n<meta property=\"og:site_name\" content=\"ULL - Noticias\" \/>\n<meta property=\"article:publisher\" content=\"https:\/\/www.facebook.com\/universidaddelalaguna\/\" \/>\n<meta property=\"article:published_time\" content=\"2008-03-14T00:00:00+00:00\" \/>\n<meta property=\"og:image\" content=\"https:\/\/www.ull.es\/portal\/noticias\/wp-content\/uploads\/sites\/13\/2015\/07\/agadir.jpg\" \/>\n\t<meta property=\"og:image:width\" content=\"800\" \/>\n\t<meta property=\"og:image:height\" content=\"547\" \/>\n\t<meta property=\"og:image:type\" content=\"image\/jpeg\" \/>\n<meta name=\"author\" content=\"prensa2\" \/>\n<meta name=\"twitter:card\" content=\"summary_large_image\" \/>\n<meta name=\"twitter:creator\" content=\"@CanalULL\" \/>\n<meta name=\"twitter:site\" content=\"@CanalULL\" \/>\n<meta name=\"twitter:label1\" content=\"Escrito por\" \/>\n\t<meta name=\"twitter:data1\" content=\"prensa2\" \/>\n\t<meta name=\"twitter:label2\" content=\"Tiempo de lectura\" \/>\n\t<meta name=\"twitter:data2\" content=\"2 minutos\" \/>\n<script type=\"application\/ld+json\" class=\"yoast-schema-graph\">{\"@context\":\"https:\/\/schema.org\",\"@graph\":[{\"@type\":\"WebPage\",\"@id\":\"https:\/\/www.ull.es\/portal\/noticias\/2008\/finaliza-la-primera-promocin-del-ciclo-sobre-gestin-de-empresas-agroalimentarias-que-la-ull-imparti-en-agadir\/\",\"url\":\"https:\/\/www.ull.es\/portal\/noticias\/2008\/finaliza-la-primera-promocin-del-ciclo-sobre-gestin-de-empresas-agroalimentarias-que-la-ull-imparti-en-agadir\/\",\"name\":\"Finaliza la primera promoci\u00f3n del ciclo sobre gesti\u00f3n de empresas agroalimentarias que la ULL imparti\u00f3 en Agadir - ULL - Noticias\",\"isPartOf\":{\"@id\":\"https:\/\/www.ull.es\/portal\/noticias\/#website\"},\"datePublished\":\"2008-03-14T00:00:00+00:00\",\"dateModified\":\"2008-03-14T00:00:00+00:00\",\"author\":{\"@id\":\"https:\/\/www.ull.es\/portal\/noticias\/#\/schema\/person\/c3b2aa857797592927a03740d6664376\"},\"breadcrumb\":{\"@id\":\"https:\/\/www.ull.es\/portal\/noticias\/2008\/finaliza-la-primera-promocin-del-ciclo-sobre-gestin-de-empresas-agroalimentarias-que-la-ull-imparti-en-agadir\/#breadcrumb\"},\"inLanguage\":\"es\",\"potentialAction\":[{\"@type\":\"ReadAction\",\"target\":[\"https:\/\/www.ull.es\/portal\/noticias\/2008\/finaliza-la-primera-promocin-del-ciclo-sobre-gestin-de-empresas-agroalimentarias-que-la-ull-imparti-en-agadir\/\"]}]},{\"@type\":\"BreadcrumbList\",\"@id\":\"https:\/\/www.ull.es\/portal\/noticias\/2008\/finaliza-la-primera-promocin-del-ciclo-sobre-gestin-de-empresas-agroalimentarias-que-la-ull-imparti-en-agadir\/#breadcrumb\",\"itemListElement\":[{\"@type\":\"ListItem\",\"position\":1,\"name\":\"Portada\",\"item\":\"https:\/\/www.ull.es\/portal\/noticias\/\"},{\"@type\":\"ListItem\",\"position\":2,\"name\":\"Finaliza la primera promoci\u00f3n del ciclo sobre gesti\u00f3n de empresas agroalimentarias que la ULL imparti\u00f3 en Agadir\"}]},{\"@type\":\"WebSite\",\"@id\":\"https:\/\/www.ull.es\/portal\/noticias\/#website\",\"url\":\"https:\/\/www.ull.es\/portal\/noticias\/\",\"name\":\"ULL - Noticias\",\"description\":\"\",\"potentialAction\":[{\"@type\":\"SearchAction\",\"target\":{\"@type\":\"EntryPoint\",\"urlTemplate\":\"https:\/\/www.ull.es\/portal\/noticias\/?s={search_term_string}\"},\"query-input\":\"required name=search_term_string\"}],\"inLanguage\":\"es\"},{\"@type\":\"Person\",\"@id\":\"https:\/\/www.ull.es\/portal\/noticias\/#\/schema\/person\/c3b2aa857797592927a03740d6664376\",\"name\":\"prensa2\",\"image\":{\"@type\":\"ImageObject\",\"inLanguage\":\"es\",\"@id\":\"https:\/\/www.ull.es\/portal\/noticias\/#\/schema\/person\/image\/\",\"url\":\"https:\/\/secure.gravatar.com\/avatar\/b58f310a5de5feb33d1e026d2493f23c?s=96&d=mm&r=g\",\"contentUrl\":\"https:\/\/secure.gravatar.com\/avatar\/b58f310a5de5feb33d1e026d2493f23c?s=96&d=mm&r=g\",\"caption\":\"prensa2\"},\"url\":\"https:\/\/www.ull.es\/portal\/noticias\/author\/prensa2\/\"}]}<\/script>\n<!-- \/ Yoast SEO plugin. -->","yoast_head_json":{"title":"Finaliza la primera promoci\u00f3n del ciclo sobre gesti\u00f3n de empresas agroalimentarias que la ULL imparti\u00f3 en Agadir - ULL - Noticias","robots":{"index":"index","follow":"follow","max-snippet":"max-snippet:-1","max-image-preview":"max-image-preview:large","max-video-preview":"max-video-preview:-1"},"canonical":"https:\/\/www.ull.es\/portal\/noticias\/2008\/finaliza-la-primera-promocin-del-ciclo-sobre-gestin-de-empresas-agroalimentarias-que-la-ull-imparti-en-agadir\/","og_locale":"es_ES","og_type":"article","og_title":"Finaliza la primera promoci\u00f3n del ciclo sobre gesti\u00f3n de empresas agroalimentarias que la ULL imparti\u00f3 en Agadir - ULL - Noticias","og_description":"La Universidad de La Laguna ha impartido durante 2007 el I Ciclo de Formaci&oacute;n en Gesti&oacute;n de Empresas Agroalimentarias en...","og_url":"https:\/\/www.ull.es\/portal\/noticias\/2008\/finaliza-la-primera-promocin-del-ciclo-sobre-gestin-de-empresas-agroalimentarias-que-la-ull-imparti-en-agadir\/","og_site_name":"ULL - Noticias","article_publisher":"https:\/\/www.facebook.com\/universidaddelalaguna\/","article_published_time":"2008-03-14T00:00:00+00:00","og_image":[{"width":800,"height":547,"url":"https:\/\/www.ull.es\/portal\/noticias\/wp-content\/uploads\/sites\/13\/2015\/07\/agadir.jpg","type":"image\/jpeg"}],"author":"prensa2","twitter_card":"summary_large_image","twitter_creator":"@CanalULL","twitter_site":"@CanalULL","twitter_misc":{"Escrito por":"prensa2","Tiempo de lectura":"2 minutos"},"schema":{"@context":"https:\/\/schema.org","@graph":[{"@type":"WebPage","@id":"https:\/\/www.ull.es\/portal\/noticias\/2008\/finaliza-la-primera-promocin-del-ciclo-sobre-gestin-de-empresas-agroalimentarias-que-la-ull-imparti-en-agadir\/","url":"https:\/\/www.ull.es\/portal\/noticias\/2008\/finaliza-la-primera-promocin-del-ciclo-sobre-gestin-de-empresas-agroalimentarias-que-la-ull-imparti-en-agadir\/","name":"Finaliza la primera promoci\u00f3n del ciclo sobre gesti\u00f3n de empresas agroalimentarias que la ULL imparti\u00f3 en Agadir - ULL - Noticias","isPartOf":{"@id":"https:\/\/www.ull.es\/portal\/noticias\/#website"},"datePublished":"2008-03-14T00:00:00+00:00","dateModified":"2008-03-14T00:00:00+00:00","author":{"@id":"https:\/\/www.ull.es\/portal\/noticias\/#\/schema\/person\/c3b2aa857797592927a03740d6664376"},"breadcrumb":{"@id":"https:\/\/www.ull.es\/portal\/noticias\/2008\/finaliza-la-primera-promocin-del-ciclo-sobre-gestin-de-empresas-agroalimentarias-que-la-ull-imparti-en-agadir\/#breadcrumb"},"inLanguage":"es","potentialAction":[{"@type":"ReadAction","target":["https:\/\/www.ull.es\/portal\/noticias\/2008\/finaliza-la-primera-promocin-del-ciclo-sobre-gestin-de-empresas-agroalimentarias-que-la-ull-imparti-en-agadir\/"]}]},{"@type":"BreadcrumbList","@id":"https:\/\/www.ull.es\/portal\/noticias\/2008\/finaliza-la-primera-promocin-del-ciclo-sobre-gestin-de-empresas-agroalimentarias-que-la-ull-imparti-en-agadir\/#breadcrumb","itemListElement":[{"@type":"ListItem","position":1,"name":"Portada","item":"https:\/\/www.ull.es\/portal\/noticias\/"},{"@type":"ListItem","position":2,"name":"Finaliza la primera promoci\u00f3n del ciclo sobre gesti\u00f3n de empresas agroalimentarias que la ULL imparti\u00f3 en Agadir"}]},{"@type":"WebSite","@id":"https:\/\/www.ull.es\/portal\/noticias\/#website","url":"https:\/\/www.ull.es\/portal\/noticias\/","name":"ULL - Noticias","description":"","potentialAction":[{"@type":"SearchAction","target":{"@type":"EntryPoint","urlTemplate":"https:\/\/www.ull.es\/portal\/noticias\/?s={search_term_string}"},"query-input":"required name=search_term_string"}],"inLanguage":"es"},{"@type":"Person","@id":"https:\/\/www.ull.es\/portal\/noticias\/#\/schema\/person\/c3b2aa857797592927a03740d6664376","name":"prensa2","image":{"@type":"ImageObject","inLanguage":"es","@id":"https:\/\/www.ull.es\/portal\/noticias\/#\/schema\/person\/image\/","url":"https:\/\/secure.gravatar.com\/avatar\/b58f310a5de5feb33d1e026d2493f23c?s=96&d=mm&r=g","contentUrl":"https:\/\/secure.gravatar.com\/avatar\/b58f310a5de5feb33d1e026d2493f23c?s=96&d=mm&r=g","caption":"prensa2"},"url":"https:\/\/www.ull.es\/portal\/noticias\/author\/prensa2\/"}]}},"primary_category":null,"featured_image_thumbnail_url":"https:\/\/www.ull.es\/portal\/noticias\/wp-content\/uploads\/sites\/13\/2015\/07\/agadir-300x205.jpg","_links":{"self":[{"href":"https:\/\/www.ull.es\/portal\/noticias\/wp-json\/wp\/v2\/posts\/13568"}],"collection":[{"href":"https:\/\/www.ull.es\/portal\/noticias\/wp-json\/wp\/v2\/posts"}],"about":[{"href":"https:\/\/www.ull.es\/portal\/noticias\/wp-json\/wp\/v2\/types\/post"}],"author":[{"embeddable":true,"href":"https:\/\/www.ull.es\/portal\/noticias\/wp-json\/wp\/v2\/users\/21"}],"replies":[{"embeddable":true,"href":"https:\/\/www.ull.es\/portal\/noticias\/wp-json\/wp\/v2\/comments?post=13568"}],"version-history":[{"count":0,"href":"https:\/\/www.ull.es\/portal\/noticias\/wp-json\/wp\/v2\/posts\/13568\/revisions"}],"wp:featuredmedia":[{"embeddable":true,"href":"https:\/\/www.ull.es\/portal\/noticias\/wp-json\/wp\/v2\/media\/13569"}],"wp:attachment":[{"href":"https:\/\/www.ull.es\/portal\/noticias\/wp-json\/wp\/v2\/media?parent=13568"}],"wp:term":[{"taxonomy":"category","embeddable":true,"href":"https:\/\/www.ull.es\/portal\/noticias\/wp-json\/wp\/v2\/categories?post=13568"},{"taxonomy":"post_tag","embeddable":true,"href":"https:\/\/www.ull.es\/portal\/noticias\/wp-json\/wp\/v2\/tags?post=13568"}],"curies":[{"name":"wp","href":"https:\/\/api.w.org\/{rel}","templated":true}]}}