{"id":13589,"date":"2008-06-24T00:00:00","date_gmt":"2008-06-24T00:00:00","guid":{"rendered":"http:\/\/ddigital.webs.ull.es\/la-asociacin-de-gegrafos-espaoles-abordar-en-la-laguna-el-desarrollo-local\/"},"modified":"2008-06-24T00:00:00","modified_gmt":"2008-06-24T00:00:00","slug":"la-asociacin-de-gegrafos-espaoles-abordar-en-la-laguna-el-desarrollo-local","status":"publish","type":"post","link":"https:\/\/www.ull.es\/portal\/noticias\/2008\/la-asociacin-de-gegrafos-espaoles-abordar-en-la-laguna-el-desarrollo-local\/","title":{"rendered":"La Asociaci\u00f3n de Ge\u00f3grafos Espa\u00f1oles abordar\u00e1 en La Laguna el desarrollo local"},"content":{"rendered":"<p>Un grupo de trabajo de la Asociaci&oacute;n de Ge&oacute;grafos Espa&ntilde;oles (AGE) desarrollar&aacute; en La Laguna su VII Coloquio de Desarrollo Local, organizado en colaboraci&oacute;n con el departamento de Geograf&iacute;a de la Universidad de La Laguna. Esta reuni&oacute;n se celebrar&aacute; entre el jueves 26 y el viernes 27 de junio en el convento de Santo Domingo, e incluye una salida de campo a la isla de La Gomera el s&aacute;bado 28 del mismo mes.<\/p>\n<p>La reuni&oacute;n, que lleva por t&iacute;tulo La organizaci&oacute;n territorial del Desarrollo Local en Espa&ntilde;a, abordar&aacute; las estructuras organizativas, las redes de cooperaci&oacute;n y las estrategias del desarrollo local constituidas en la etapa reciente en las diferentes regiones espa&ntilde;olas. Se tratar&aacute; de descubrir coincidencias y divergencias metodol&oacute;gicas, puntos fuertes y debilidades; y tambi&eacute;n analizar los logros profesionales de los ge&oacute;grafos en dicho campo. Tambi&eacute;n habr&aacute; tiempo para debatir la adecuaci&oacute;n de la formaci&oacute;n acad&eacute;mica propiciada por los actuales planes de estudio de la licenciatura de Geograf&iacute;a.<BR><BR>Con este encuentro, se pretenden paliar algunas deficiencias formativas que experimentan los ge&oacute;grafos para abordar los nuevos retos que se le han planteado. Y es que en las dos &uacute;ltimas d&eacute;cadas a los profesionales de esta disciplina se le han presentado una serie de actividades relacionadas con el uso y la gesti&oacute;n de la informaci&oacute;n geogr&aacute;fica, el medio ambiente, el urbanismo, la ordenaci&oacute;n del territorio y el desarrollo local, entre otras, lo cual les obliga a ampliar sus conocimientos y t&eacute;cnicas de trabajo.<BR><BR>La conferencia inaugural de este coloquio correr&aacute; a cargo de Francisco Amarillo Doblado, ex director general de Desarrollo Rural del Ministerio de Medio Ambiente, Medio Rural y Marino. El programa se estructura en torno a sesiones tem&aacute;ticas de ponencias. El primero de ellos se titula Del desarrollo local al desarrollo territorial, y centrar&aacute; le debate sobre el componente de atracci&oacute;n econ&oacute;mica y la territorialidad en el desarrollo de los lugares), y estar&aacute; coordinado por Jos&eacute;-Le&oacute;n Garc&iacute;a Rodr&iacute;guez, profesor titular de Geograf&iacute;a Humana de la ULL. <BR><BR>El segundo, Estructuras organizativas y componentes del desarrollo local, contar&aacute; con la coordinaci&oacute;n de Vicente Zapata, profesor titular de Geograf&iacute;a Humana de la ULL, mientras que el tercero, Geograf&iacute;a y desarrollo local estar&aacute; supervisado por Miguel Francisco Febles Ram&iacute;rez, presidente de la delegaci&oacute;n territorial del Colegio de Ge&oacute;grafos en Canarias.<BR><BR>Toda la informaci&oacute;n sobre los ponentes y el programa de actividades podr&aacute; consultarse en la p&aacute;gina web <a href=\"http:\/\/www.coloquiodedesarrollolocal.es\/\" target=\"_blank\" rel=\"noopener\">http:\/\/www.coloquiodedesarrollolocal.es\/<\/A>.<BR><\/p>\n","protected":false},"excerpt":{"rendered":"<p>Un grupo de trabajo de la Asociaci&oacute;n de Ge&oacute;grafos Espa&ntilde;oles (AGE) desarrollar&aacute; en La Laguna su VII Coloquio de Desarrollo&#8230;<\/p>\n","protected":false},"author":21,"featured_media":0,"comment_status":"open","ping_status":"open","sticky":false,"template":"","format":"standard","meta":{"inline_featured_image":false,"footnotes":""},"categories":[346],"tags":[],"acf":[],"yoast_head":"<!-- This site is optimized with the Yoast SEO plugin v21.3 - https:\/\/yoast.com\/wordpress\/plugins\/seo\/ -->\n<title>La Asociaci\u00f3n de Ge\u00f3grafos Espa\u00f1oles abordar\u00e1 en La Laguna el desarrollo local - ULL - Noticias<\/title>\n<meta name=\"robots\" content=\"index, follow, max-snippet:-1, max-image-preview:large, max-video-preview:-1\" \/>\n<link rel=\"canonical\" href=\"https:\/\/www.ull.es\/portal\/noticias\/2008\/la-asociacin-de-gegrafos-espaoles-abordar-en-la-laguna-el-desarrollo-local\/\" \/>\n<meta property=\"og:locale\" content=\"es_ES\" \/>\n<meta property=\"og:type\" content=\"article\" \/>\n<meta property=\"og:title\" content=\"La Asociaci\u00f3n de Ge\u00f3grafos Espa\u00f1oles abordar\u00e1 en La Laguna el desarrollo local - ULL - Noticias\" \/>\n<meta property=\"og:description\" content=\"Un grupo de trabajo de la Asociaci&oacute;n de Ge&oacute;grafos Espa&ntilde;oles (AGE) desarrollar&aacute; en La Laguna su VII Coloquio de Desarrollo...\" \/>\n<meta property=\"og:url\" content=\"https:\/\/www.ull.es\/portal\/noticias\/2008\/la-asociacin-de-gegrafos-espaoles-abordar-en-la-laguna-el-desarrollo-local\/\" \/>\n<meta property=\"og:site_name\" content=\"ULL - Noticias\" \/>\n<meta property=\"article:publisher\" content=\"https:\/\/www.facebook.com\/universidaddelalaguna\/\" \/>\n<meta property=\"article:published_time\" content=\"2008-06-24T00:00:00+00:00\" \/>\n<meta property=\"og:image\" content=\"https:\/\/www.ull.es\/portal\/noticias\/wp-content\/uploads\/sites\/13\/2023\/06\/logo-redimensionado.png\" \/>\n\t<meta property=\"og:image:width\" content=\"1200\" \/>\n\t<meta property=\"og:image:height\" content=\"630\" \/>\n\t<meta property=\"og:image:type\" content=\"image\/png\" \/>\n<meta name=\"author\" content=\"prensa2\" \/>\n<meta name=\"twitter:card\" content=\"summary_large_image\" \/>\n<meta name=\"twitter:creator\" content=\"@CanalULL\" \/>\n<meta name=\"twitter:site\" content=\"@CanalULL\" \/>\n<meta name=\"twitter:label1\" content=\"Escrito por\" \/>\n\t<meta name=\"twitter:data1\" content=\"prensa2\" \/>\n\t<meta name=\"twitter:label2\" content=\"Tiempo de lectura\" \/>\n\t<meta name=\"twitter:data2\" content=\"2 minutos\" \/>\n<script type=\"application\/ld+json\" class=\"yoast-schema-graph\">{\"@context\":\"https:\/\/schema.org\",\"@graph\":[{\"@type\":\"WebPage\",\"@id\":\"https:\/\/www.ull.es\/portal\/noticias\/2008\/la-asociacin-de-gegrafos-espaoles-abordar-en-la-laguna-el-desarrollo-local\/\",\"url\":\"https:\/\/www.ull.es\/portal\/noticias\/2008\/la-asociacin-de-gegrafos-espaoles-abordar-en-la-laguna-el-desarrollo-local\/\",\"name\":\"La Asociaci\u00f3n de Ge\u00f3grafos Espa\u00f1oles abordar\u00e1 en La Laguna el desarrollo local - ULL - Noticias\",\"isPartOf\":{\"@id\":\"https:\/\/www.ull.es\/portal\/noticias\/#website\"},\"datePublished\":\"2008-06-24T00:00:00+00:00\",\"dateModified\":\"2008-06-24T00:00:00+00:00\",\"author\":{\"@id\":\"https:\/\/www.ull.es\/portal\/noticias\/#\/schema\/person\/c3b2aa857797592927a03740d6664376\"},\"breadcrumb\":{\"@id\":\"https:\/\/www.ull.es\/portal\/noticias\/2008\/la-asociacin-de-gegrafos-espaoles-abordar-en-la-laguna-el-desarrollo-local\/#breadcrumb\"},\"inLanguage\":\"es\",\"potentialAction\":[{\"@type\":\"ReadAction\",\"target\":[\"https:\/\/www.ull.es\/portal\/noticias\/2008\/la-asociacin-de-gegrafos-espaoles-abordar-en-la-laguna-el-desarrollo-local\/\"]}]},{\"@type\":\"BreadcrumbList\",\"@id\":\"https:\/\/www.ull.es\/portal\/noticias\/2008\/la-asociacin-de-gegrafos-espaoles-abordar-en-la-laguna-el-desarrollo-local\/#breadcrumb\",\"itemListElement\":[{\"@type\":\"ListItem\",\"position\":1,\"name\":\"Portada\",\"item\":\"https:\/\/www.ull.es\/portal\/noticias\/\"},{\"@type\":\"ListItem\",\"position\":2,\"name\":\"La Asociaci\u00f3n de Ge\u00f3grafos Espa\u00f1oles abordar\u00e1 en La Laguna el desarrollo local\"}]},{\"@type\":\"WebSite\",\"@id\":\"https:\/\/www.ull.es\/portal\/noticias\/#website\",\"url\":\"https:\/\/www.ull.es\/portal\/noticias\/\",\"name\":\"ULL - Noticias\",\"description\":\"\",\"potentialAction\":[{\"@type\":\"SearchAction\",\"target\":{\"@type\":\"EntryPoint\",\"urlTemplate\":\"https:\/\/www.ull.es\/portal\/noticias\/?s={search_term_string}\"},\"query-input\":\"required name=search_term_string\"}],\"inLanguage\":\"es\"},{\"@type\":\"Person\",\"@id\":\"https:\/\/www.ull.es\/portal\/noticias\/#\/schema\/person\/c3b2aa857797592927a03740d6664376\",\"name\":\"prensa2\",\"image\":{\"@type\":\"ImageObject\",\"inLanguage\":\"es\",\"@id\":\"https:\/\/www.ull.es\/portal\/noticias\/#\/schema\/person\/image\/\",\"url\":\"https:\/\/secure.gravatar.com\/avatar\/b58f310a5de5feb33d1e026d2493f23c?s=96&d=mm&r=g\",\"contentUrl\":\"https:\/\/secure.gravatar.com\/avatar\/b58f310a5de5feb33d1e026d2493f23c?s=96&d=mm&r=g\",\"caption\":\"prensa2\"},\"url\":\"https:\/\/www.ull.es\/portal\/noticias\/author\/prensa2\/\"}]}<\/script>\n<!-- \/ Yoast SEO plugin. -->","yoast_head_json":{"title":"La Asociaci\u00f3n de Ge\u00f3grafos Espa\u00f1oles abordar\u00e1 en La Laguna el desarrollo local - ULL - Noticias","robots":{"index":"index","follow":"follow","max-snippet":"max-snippet:-1","max-image-preview":"max-image-preview:large","max-video-preview":"max-video-preview:-1"},"canonical":"https:\/\/www.ull.es\/portal\/noticias\/2008\/la-asociacin-de-gegrafos-espaoles-abordar-en-la-laguna-el-desarrollo-local\/","og_locale":"es_ES","og_type":"article","og_title":"La Asociaci\u00f3n de Ge\u00f3grafos Espa\u00f1oles abordar\u00e1 en La Laguna el desarrollo local - ULL - Noticias","og_description":"Un grupo de trabajo de la Asociaci&oacute;n de Ge&oacute;grafos Espa&ntilde;oles (AGE) desarrollar&aacute; en La Laguna su VII Coloquio de Desarrollo...","og_url":"https:\/\/www.ull.es\/portal\/noticias\/2008\/la-asociacin-de-gegrafos-espaoles-abordar-en-la-laguna-el-desarrollo-local\/","og_site_name":"ULL - Noticias","article_publisher":"https:\/\/www.facebook.com\/universidaddelalaguna\/","article_published_time":"2008-06-24T00:00:00+00:00","og_image":[{"width":1200,"height":630,"url":"https:\/\/www.ull.es\/portal\/noticias\/wp-content\/uploads\/sites\/13\/2023\/06\/logo-redimensionado.png","type":"image\/png"}],"author":"prensa2","twitter_card":"summary_large_image","twitter_creator":"@CanalULL","twitter_site":"@CanalULL","twitter_misc":{"Escrito por":"prensa2","Tiempo de lectura":"2 minutos"},"schema":{"@context":"https:\/\/schema.org","@graph":[{"@type":"WebPage","@id":"https:\/\/www.ull.es\/portal\/noticias\/2008\/la-asociacin-de-gegrafos-espaoles-abordar-en-la-laguna-el-desarrollo-local\/","url":"https:\/\/www.ull.es\/portal\/noticias\/2008\/la-asociacin-de-gegrafos-espaoles-abordar-en-la-laguna-el-desarrollo-local\/","name":"La Asociaci\u00f3n de Ge\u00f3grafos Espa\u00f1oles abordar\u00e1 en La Laguna el desarrollo local - ULL - Noticias","isPartOf":{"@id":"https:\/\/www.ull.es\/portal\/noticias\/#website"},"datePublished":"2008-06-24T00:00:00+00:00","dateModified":"2008-06-24T00:00:00+00:00","author":{"@id":"https:\/\/www.ull.es\/portal\/noticias\/#\/schema\/person\/c3b2aa857797592927a03740d6664376"},"breadcrumb":{"@id":"https:\/\/www.ull.es\/portal\/noticias\/2008\/la-asociacin-de-gegrafos-espaoles-abordar-en-la-laguna-el-desarrollo-local\/#breadcrumb"},"inLanguage":"es","potentialAction":[{"@type":"ReadAction","target":["https:\/\/www.ull.es\/portal\/noticias\/2008\/la-asociacin-de-gegrafos-espaoles-abordar-en-la-laguna-el-desarrollo-local\/"]}]},{"@type":"BreadcrumbList","@id":"https:\/\/www.ull.es\/portal\/noticias\/2008\/la-asociacin-de-gegrafos-espaoles-abordar-en-la-laguna-el-desarrollo-local\/#breadcrumb","itemListElement":[{"@type":"ListItem","position":1,"name":"Portada","item":"https:\/\/www.ull.es\/portal\/noticias\/"},{"@type":"ListItem","position":2,"name":"La Asociaci\u00f3n de Ge\u00f3grafos Espa\u00f1oles abordar\u00e1 en La Laguna el desarrollo local"}]},{"@type":"WebSite","@id":"https:\/\/www.ull.es\/portal\/noticias\/#website","url":"https:\/\/www.ull.es\/portal\/noticias\/","name":"ULL - Noticias","description":"","potentialAction":[{"@type":"SearchAction","target":{"@type":"EntryPoint","urlTemplate":"https:\/\/www.ull.es\/portal\/noticias\/?s={search_term_string}"},"query-input":"required name=search_term_string"}],"inLanguage":"es"},{"@type":"Person","@id":"https:\/\/www.ull.es\/portal\/noticias\/#\/schema\/person\/c3b2aa857797592927a03740d6664376","name":"prensa2","image":{"@type":"ImageObject","inLanguage":"es","@id":"https:\/\/www.ull.es\/portal\/noticias\/#\/schema\/person\/image\/","url":"https:\/\/secure.gravatar.com\/avatar\/b58f310a5de5feb33d1e026d2493f23c?s=96&d=mm&r=g","contentUrl":"https:\/\/secure.gravatar.com\/avatar\/b58f310a5de5feb33d1e026d2493f23c?s=96&d=mm&r=g","caption":"prensa2"},"url":"https:\/\/www.ull.es\/portal\/noticias\/author\/prensa2\/"}]}},"primary_category":null,"featured_image_thumbnail_url":null,"_links":{"self":[{"href":"https:\/\/www.ull.es\/portal\/noticias\/wp-json\/wp\/v2\/posts\/13589"}],"collection":[{"href":"https:\/\/www.ull.es\/portal\/noticias\/wp-json\/wp\/v2\/posts"}],"about":[{"href":"https:\/\/www.ull.es\/portal\/noticias\/wp-json\/wp\/v2\/types\/post"}],"author":[{"embeddable":true,"href":"https:\/\/www.ull.es\/portal\/noticias\/wp-json\/wp\/v2\/users\/21"}],"replies":[{"embeddable":true,"href":"https:\/\/www.ull.es\/portal\/noticias\/wp-json\/wp\/v2\/comments?post=13589"}],"version-history":[{"count":0,"href":"https:\/\/www.ull.es\/portal\/noticias\/wp-json\/wp\/v2\/posts\/13589\/revisions"}],"wp:attachment":[{"href":"https:\/\/www.ull.es\/portal\/noticias\/wp-json\/wp\/v2\/media?parent=13589"}],"wp:term":[{"taxonomy":"category","embeddable":true,"href":"https:\/\/www.ull.es\/portal\/noticias\/wp-json\/wp\/v2\/categories?post=13589"},{"taxonomy":"post_tag","embeddable":true,"href":"https:\/\/www.ull.es\/portal\/noticias\/wp-json\/wp\/v2\/tags?post=13589"}],"curies":[{"name":"wp","href":"https:\/\/api.w.org\/{rel}","templated":true}]}}